{"id":10413,"date":"2021-12-08T13:24:15","date_gmt":"2021-12-08T13:24:15","guid":{"rendered":"https:\/\/www.photoweb.fr\/espaces\/magazine\/?p=10413"},"modified":"2022-06-22T13:32:56","modified_gmt":"2022-06-22T13:32:56","slug":"calendrier-carre-2022-lapp-myphotoweb","status":"publish","type":"post","link":"https:\/\/www.photoweb.fr\/espaces\/magazine\/calendrier-carre-2022-lapp-myphotoweb\/","title":{"rendered":"Calendrier carr\u00e9 2022 sur l&rsquo;app myPhotoweb"},"content":{"rendered":"<p>D\u00e9couvrez le tout nouveau <strong>calendrier photo carr\u00e9<\/strong> disponible uniquement sur votre application myPhotoweb. C&rsquo;est surement le <strong>cadeau le plus facile \u00e0 r\u00e9aliser<\/strong> depuis votre smartphone et qui fait plaisir \u00e0 coup s\u00fbr !<\/p>\n<p>Importez les <strong>12 plus belles photos<\/strong> de votre smartphone et hop le tour est jou\u00e9 !<\/p>\n<p>Avec son format carr\u00e9 21x21cm, accrochez ce calendrier photo partout dans la maison. Il est temps de faire votre calendrier avec les photos de votre dernier voyage ou avec de jolis portraits de famille \ud83d\ude09<\/p>\n<p><img loading=\"lazy\" decoding=\"async\" title=\"produit-cal-2022-hiver-4\" src=\"https:\/\/www.photoweb.fr\/espaces\/magazine\/wp-content\/uploads\/2021\/12\/produit-cal-2022-hiver-4.jpg\" alt=\"calendrier photo 2022\" width=\"1080\" height=\"1080\" \/><br \/>\n<img loading=\"lazy\" decoding=\"async\" title=\"calendrier personnalise\" src=\"https:\/\/www.photoweb.fr\/espaces\/magazine\/wp-content\/uploads\/2021\/12\/produit-cal-2022-1.jpg\" alt=\"calendrier personnalise\" width=\"1080\" height=\"1080\" \/><br \/>\n<img loading=\"lazy\" decoding=\"async\" title=\"produit-cal-2022-hiver-2\" src=\"https:\/\/www.photoweb.fr\/espaces\/magazine\/wp-content\/uploads\/2021\/12\/produit-cal-2022-hiver-2.jpg\" alt=\"calendrier photo 2022\" width=\"1069\" height=\"1069\" \/><br \/>\n<a href=\"https:\/\/play.google.com\/store\/apps\/details?id=com.photoweb.appmobile&amp;hl=fr\"><br \/>\nJe cr\u00e9e sur Android !<\/a><br \/>\n<a href=\"https:\/\/apps.apple.com\/us\/app\/photoweb\/id1046857606?l=fr&amp;ls=1\"><br \/>\nJe cr\u00e9e sur iPhone !<\/a><\/p>\n<h3>Comment personnaliser le calendrier photo sur l&rsquo;app MyPhotoweb ?<\/h3>\n<ul>\n<li><strong>S\u00c9LECTIONNEZ<\/strong> vos 12 plus belles photos stock\u00e9es sur votre t\u00e9l\u00e9phone<\/li>\n<li><strong>PERSONNALISEZ<\/strong> facilement vos clich\u00e9s en ajoutant des filtres et options<\/li>\n<li><strong>PARTAGEZ<\/strong> vos cr\u00e9ations avec vos proches pour recr\u00e9er l&rsquo;instant !<\/li>\n<\/ul>\n<p>1.2.3.<br \/>\nimprimez\u202f!<\/p>\n<p><img loading=\"lazy\" decoding=\"async\" title=\"Livre photo \u00e9l\u00e9gance No\u00ebl\" src=\"https:\/\/www.photoweb.fr\/espaces\/magazine\/wp-content\/uploads\/2021\/12\/livre-photo-graphik-nuit-magique-2021-2.jpg\" alt=\"Livre photo \u00e9l\u00e9gance No\u00ebl\" width=\"574\" height=\"574\" \/><br \/>\n<a href=\"https:\/\/www.photoweb.fr\/livre-photo\/listing\" target=\"_blank\" rel=\"noopener\"><br \/>\nCr\u00e9er mon livre photo<\/a><br \/>\n<img loading=\"lazy\" decoding=\"async\" title=\"Bo\u00eete \u00e0 tirages vintage for\u00eat enchant\u00e9e\" src=\"https:\/\/www.photoweb.fr\/espaces\/magazine\/wp-content\/uploads\/2021\/12\/2021-BOITE-TV-2-NOEL-1-600x600.jpg\" alt=\"Bo\u00eete \u00e0 tirages vintage for\u00eat enchant\u00e9e\" width=\"600\" height=\"600\" \/><br \/>\n<a href=\"https:\/\/www.photoweb.fr\/produits\/objet-photo\" target=\"_blank\" rel=\"noopener\"><br \/>\nCr\u00e9er mes tirages vintage<\/a><br \/>\n<img loading=\"lazy\" decoding=\"async\" title=\"Posters encadr\u00e9s\" src=\"https:\/\/www.photoweb.fr\/espaces\/magazine\/wp-content\/uploads\/2021\/12\/photoweb-posters-encadres-600x600.jpg\" alt=\"Posters encadr\u00e9s\" width=\"600\" height=\"600\" \/><br \/>\n<a href=\"https:\/\/www.photoweb.fr\/decoration-murale\/listing\" target=\"_blank\" rel=\"noopener\"><br \/>\nCr\u00e9er mon poster encadr\u00e9<\/a><\/p>\n","protected":false},"excerpt":{"rendered":"<p>D\u00e9couvrez le tout nouveau calendrier photo carr\u00e9 disponible uniquement sur votre application myPhotoweb. C&rsquo;est surement le cadeau le plus facile \u00e0 r\u00e9aliser depuis votre smartphone et qui fait plaisir \u00e0 coup s\u00fbr ! Importez les 12 plus belles photos de votre smartphone et hop le tour est jou\u00e9 ! Avec son format carr\u00e9 21x21cm, accrochez&hellip;<\/p>\n","protected":false},"author":1,"featured_media":10415,"comment_status":"open","ping_status":"open","sticky":false,"template":"single-standard.php","format":"standard","meta":{"footnotes":""},"categories":[91],"tags":[],"class_list":["post-10413","post","type-post","status-publish","format-standard","has-post-thumbnail","hentry","category-aide"],"yoast_head":"<!-- This site is optimized with the Yoast SEO plugin v20.3 - https:\/\/yoast.com\/wordpress\/plugins\/seo\/ -->\n<title>Calendrier carr\u00e9 2022 sur l&#039;app myPhotoweb<\/title>\n<meta name=\"description\" content=\"D\u00e9couvrez le tout nouveau calendrier photo carr\u00e9 disponible uniquement sur votre application myPhotoweb. C&#039;est surement le cadeau le plus facile \u00e0\" \/>\n<meta name=\"robots\" content=\"index, follow, max-snippet:-1, max-image-preview:large, max-video-preview:-1\" \/>\n<link rel=\"canonical\" href=\"https:\/\/www.photoweb.fr\/espaces\/magazine\/calendrier-carre-2022-lapp-myphotoweb\/\" \/>\n<meta property=\"og:locale\" content=\"fr_FR\" \/>\n<meta property=\"og:type\" content=\"article\" \/>\n<meta property=\"og:title\" content=\"Calendrier carr\u00e9 2022 sur l&#039;app myPhotoweb\" \/>\n<meta property=\"og:description\" content=\"D\u00e9couvrez le tout nouveau calendrier photo carr\u00e9 disponible uniquement sur votre application myPhotoweb. C&#039;est surement le cadeau le plus facile \u00e0\" \/>\n<meta property=\"og:url\" content=\"https:\/\/www.photoweb.fr\/espaces\/magazine\/calendrier-carre-2022-lapp-myphotoweb\/\" \/>\n<meta property=\"og:site_name\" content=\"Photoweb, le mag\" \/>\n<meta property=\"article:publisher\" content=\"https:\/\/fr-fr.facebook.com\/Photoweb.fr\/\" \/>\n<meta property=\"article:published_time\" content=\"2021-12-08T13:24:15+00:00\" \/>\n<meta property=\"article:modified_time\" content=\"2022-06-22T13:32:56+00:00\" \/>\n<meta property=\"og:image\" content=\"https:\/\/www.photoweb.fr\/espaces\/magazine\/wp-content\/uploads\/2021\/12\/home-cal-2022-hiver.jpg\" \/>\n\t<meta property=\"og:image:width\" content=\"1011\" \/>\n\t<meta property=\"og:image:height\" content=\"840\" \/>\n\t<meta property=\"og:image:type\" content=\"image\/jpeg\" \/>\n<meta name=\"author\" content=\"admin-photoweb\" \/>\n<meta name=\"twitter:card\" content=\"summary_large_image\" \/>\n<meta name=\"twitter:creator\" content=\"@Photoweb_fr\" \/>\n<meta name=\"twitter:site\" content=\"@Photoweb_fr\" \/>\n<meta name=\"twitter:label1\" content=\"\u00c9crit par\" \/>\n\t<meta name=\"twitter:data1\" content=\"admin-photoweb\" \/>\n\t<meta name=\"twitter:label2\" content=\"Dur\u00e9e de lecture estim\u00e9e\" \/>\n\t<meta name=\"twitter:data2\" content=\"1 minute\" \/>\n<script type=\"application\/ld+json\" class=\"yoast-schema-graph\">{\"@context\":\"https:\/\/schema.org\",\"@graph\":[{\"@type\":\"Article\",\"@id\":\"https:\/\/www.photoweb.fr\/espaces\/magazine\/calendrier-carre-2022-lapp-myphotoweb\/#article\",\"isPartOf\":{\"@id\":\"https:\/\/www.photoweb.fr\/espaces\/magazine\/calendrier-carre-2022-lapp-myphotoweb\/\"},\"author\":{\"name\":\"admin-photoweb\",\"@id\":\"https:\/\/www.photoweb.fr\/espaces\/magazine\/#\/schema\/person\/9e5908a4ddf51b8d8dad388bf38fc3dc\"},\"headline\":\"Calendrier carr\u00e9 2022 sur l&rsquo;app myPhotoweb\",\"datePublished\":\"2021-12-08T13:24:15+00:00\",\"dateModified\":\"2022-06-22T13:32:56+00:00\",\"mainEntityOfPage\":{\"@id\":\"https:\/\/www.photoweb.fr\/espaces\/magazine\/calendrier-carre-2022-lapp-myphotoweb\/\"},\"wordCount\":156,\"commentCount\":0,\"publisher\":{\"@id\":\"https:\/\/www.photoweb.fr\/espaces\/magazine\/#organization\"},\"articleSection\":[\"Aide\"],\"inLanguage\":\"fr-FR\",\"potentialAction\":[{\"@type\":\"CommentAction\",\"name\":\"Comment\",\"target\":[\"https:\/\/www.photoweb.fr\/espaces\/magazine\/calendrier-carre-2022-lapp-myphotoweb\/#respond\"]}]},{\"@type\":\"WebPage\",\"@id\":\"https:\/\/www.photoweb.fr\/espaces\/magazine\/calendrier-carre-2022-lapp-myphotoweb\/\",\"url\":\"https:\/\/www.photoweb.fr\/espaces\/magazine\/calendrier-carre-2022-lapp-myphotoweb\/\",\"name\":\"Calendrier carr\u00e9 2022 sur l'app myPhotoweb\",\"isPartOf\":{\"@id\":\"https:\/\/www.photoweb.fr\/espaces\/magazine\/#website\"},\"datePublished\":\"2021-12-08T13:24:15+00:00\",\"dateModified\":\"2022-06-22T13:32:56+00:00\",\"description\":\"D\u00e9couvrez le tout nouveau calendrier photo carr\u00e9 disponible uniquement sur votre application myPhotoweb. C'est surement le cadeau le plus facile \u00e0\",\"breadcrumb\":{\"@id\":\"https:\/\/www.photoweb.fr\/espaces\/magazine\/calendrier-carre-2022-lapp-myphotoweb\/#breadcrumb\"},\"inLanguage\":\"fr-FR\",\"potentialAction\":[{\"@type\":\"ReadAction\",\"target\":[\"https:\/\/www.photoweb.fr\/espaces\/magazine\/calendrier-carre-2022-lapp-myphotoweb\/\"]}]},{\"@type\":\"BreadcrumbList\",\"@id\":\"https:\/\/www.photoweb.fr\/espaces\/magazine\/calendrier-carre-2022-lapp-myphotoweb\/#breadcrumb\",\"itemListElement\":[{\"@type\":\"ListItem\",\"position\":1,\"name\":\"Accueil\",\"item\":\"https:\/\/www.photoweb.fr\/espaces\/magazine\/\"},{\"@type\":\"ListItem\",\"position\":2,\"name\":\"Aide\",\"item\":\"https:\/\/www.photoweb.fr\/espaces\/magazine\/aide\/\"},{\"@type\":\"ListItem\",\"position\":3,\"name\":\"Calendrier carr\u00e9 2022 sur l&rsquo;app myPhotoweb\"}]},{\"@type\":\"WebSite\",\"@id\":\"https:\/\/www.photoweb.fr\/espaces\/magazine\/#website\",\"url\":\"https:\/\/www.photoweb.fr\/espaces\/magazine\/\",\"name\":\"Photoweb, le mag\",\"description\":\"Le magazine de Photoweb\",\"publisher\":{\"@id\":\"https:\/\/www.photoweb.fr\/espaces\/magazine\/#organization\"},\"potentialAction\":[{\"@type\":\"SearchAction\",\"target\":{\"@type\":\"EntryPoint\",\"urlTemplate\":\"https:\/\/www.photoweb.fr\/espaces\/magazine\/?s={search_term_string}\"},\"query-input\":\"required name=search_term_string\"}],\"inLanguage\":\"fr-FR\"},{\"@type\":\"Organization\",\"@id\":\"https:\/\/www.photoweb.fr\/espaces\/magazine\/#organization\",\"name\":\"Photoweb\",\"url\":\"https:\/\/www.photoweb.fr\/espaces\/magazine\/\",\"logo\":{\"@type\":\"ImageObject\",\"inLanguage\":\"fr-FR\",\"@id\":\"https:\/\/www.photoweb.fr\/espaces\/magazine\/#\/schema\/logo\/image\/\",\"url\":\"https:\/\/www.photoweb.fr\/espaces\/magazine\/wp-content\/uploads\/2021\/02\/Logo-Photoweb.jpg\",\"contentUrl\":\"https:\/\/www.photoweb.fr\/espaces\/magazine\/wp-content\/uploads\/2021\/02\/Logo-Photoweb.jpg\",\"width\":780,\"height\":456,\"caption\":\"Photoweb\"},\"image\":{\"@id\":\"https:\/\/www.photoweb.fr\/espaces\/magazine\/#\/schema\/logo\/image\/\"},\"sameAs\":[\"https:\/\/fr-fr.facebook.com\/Photoweb.fr\/\",\"https:\/\/twitter.com\/Photoweb_fr\",\"https:\/\/www.instagram.com\/photowebfr\/\",\"https:\/\/www.linkedin.com\/company\/347094\/\",\"https:\/\/www.pinterest.fr\/inspirationsphotoweb\/_created\/\",\"https:\/\/www.youtube.com\/channel\/UCtcVmTvkAzKQLVkiwfOm8sg\"]},{\"@type\":\"Person\",\"@id\":\"https:\/\/www.photoweb.fr\/espaces\/magazine\/#\/schema\/person\/9e5908a4ddf51b8d8dad388bf38fc3dc\",\"name\":\"admin-photoweb\"}]}<\/script>\n<!-- \/ Yoast SEO plugin. -->","yoast_head_json":{"title":"Calendrier carr\u00e9 2022 sur l'app myPhotoweb","description":"D\u00e9couvrez le tout nouveau calendrier photo carr\u00e9 disponible uniquement sur votre application myPhotoweb. C'est surement le cadeau le plus facile \u00e0","robots":{"index":"index","follow":"follow","max-snippet":"max-snippet:-1","max-image-preview":"max-image-preview:large","max-video-preview":"max-video-preview:-1"},"canonical":"https:\/\/www.photoweb.fr\/espaces\/magazine\/calendrier-carre-2022-lapp-myphotoweb\/","og_locale":"fr_FR","og_type":"article","og_title":"Calendrier carr\u00e9 2022 sur l'app myPhotoweb","og_description":"D\u00e9couvrez le tout nouveau calendrier photo carr\u00e9 disponible uniquement sur votre application myPhotoweb. C'est surement le cadeau le plus facile \u00e0","og_url":"https:\/\/www.photoweb.fr\/espaces\/magazine\/calendrier-carre-2022-lapp-myphotoweb\/","og_site_name":"Photoweb, le mag","article_publisher":"https:\/\/fr-fr.facebook.com\/Photoweb.fr\/","article_published_time":"2021-12-08T13:24:15+00:00","article_modified_time":"2022-06-22T13:32:56+00:00","og_image":[{"width":1011,"height":840,"url":"https:\/\/www.photoweb.fr\/espaces\/magazine\/wp-content\/uploads\/2021\/12\/home-cal-2022-hiver.jpg","type":"image\/jpeg"}],"author":"admin-photoweb","twitter_card":"summary_large_image","twitter_creator":"@Photoweb_fr","twitter_site":"@Photoweb_fr","twitter_misc":{"\u00c9crit par":"admin-photoweb","Dur\u00e9e de lecture estim\u00e9e":"1 minute"},"schema":{"@context":"https:\/\/schema.org","@graph":[{"@type":"Article","@id":"https:\/\/www.photoweb.fr\/espaces\/magazine\/calendrier-carre-2022-lapp-myphotoweb\/#article","isPartOf":{"@id":"https:\/\/www.photoweb.fr\/espaces\/magazine\/calendrier-carre-2022-lapp-myphotoweb\/"},"author":{"name":"admin-photoweb","@id":"https:\/\/www.photoweb.fr\/espaces\/magazine\/#\/schema\/person\/9e5908a4ddf51b8d8dad388bf38fc3dc"},"headline":"Calendrier carr\u00e9 2022 sur l&rsquo;app myPhotoweb","datePublished":"2021-12-08T13:24:15+00:00","dateModified":"2022-06-22T13:32:56+00:00","mainEntityOfPage":{"@id":"https:\/\/www.photoweb.fr\/espaces\/magazine\/calendrier-carre-2022-lapp-myphotoweb\/"},"wordCount":156,"commentCount":0,"publisher":{"@id":"https:\/\/www.photoweb.fr\/espaces\/magazine\/#organization"},"articleSection":["Aide"],"inLanguage":"fr-FR","potentialAction":[{"@type":"CommentAction","name":"Comment","target":["https:\/\/www.photoweb.fr\/espaces\/magazine\/calendrier-carre-2022-lapp-myphotoweb\/#respond"]}]},{"@type":"WebPage","@id":"https:\/\/www.photoweb.fr\/espaces\/magazine\/calendrier-carre-2022-lapp-myphotoweb\/","url":"https:\/\/www.photoweb.fr\/espaces\/magazine\/calendrier-carre-2022-lapp-myphotoweb\/","name":"Calendrier carr\u00e9 2022 sur l'app myPhotoweb","isPartOf":{"@id":"https:\/\/www.photoweb.fr\/espaces\/magazine\/#website"},"datePublished":"2021-12-08T13:24:15+00:00","dateModified":"2022-06-22T13:32:56+00:00","description":"D\u00e9couvrez le tout nouveau calendrier photo carr\u00e9 disponible uniquement sur votre application myPhotoweb. C'est surement le cadeau le plus facile \u00e0","breadcrumb":{"@id":"https:\/\/www.photoweb.fr\/espaces\/magazine\/calendrier-carre-2022-lapp-myphotoweb\/#breadcrumb"},"inLanguage":"fr-FR","potentialAction":[{"@type":"ReadAction","target":["https:\/\/www.photoweb.fr\/espaces\/magazine\/calendrier-carre-2022-lapp-myphotoweb\/"]}]},{"@type":"BreadcrumbList","@id":"https:\/\/www.photoweb.fr\/espaces\/magazine\/calendrier-carre-2022-lapp-myphotoweb\/#breadcrumb","itemListElement":[{"@type":"ListItem","position":1,"name":"Accueil","item":"https:\/\/www.photoweb.fr\/espaces\/magazine\/"},{"@type":"ListItem","position":2,"name":"Aide","item":"https:\/\/www.photoweb.fr\/espaces\/magazine\/aide\/"},{"@type":"ListItem","position":3,"name":"Calendrier carr\u00e9 2022 sur l&rsquo;app myPhotoweb"}]},{"@type":"WebSite","@id":"https:\/\/www.photoweb.fr\/espaces\/magazine\/#website","url":"https:\/\/www.photoweb.fr\/espaces\/magazine\/","name":"Photoweb, le mag","description":"Le magazine de Photoweb","publisher":{"@id":"https:\/\/www.photoweb.fr\/espaces\/magazine\/#organization"},"potentialAction":[{"@type":"SearchAction","target":{"@type":"EntryPoint","urlTemplate":"https:\/\/www.photoweb.fr\/espaces\/magazine\/?s={search_term_string}"},"query-input":"required name=search_term_string"}],"inLanguage":"fr-FR"},{"@type":"Organization","@id":"https:\/\/www.photoweb.fr\/espaces\/magazine\/#organization","name":"Photoweb","url":"https:\/\/www.photoweb.fr\/espaces\/magazine\/","logo":{"@type":"ImageObject","inLanguage":"fr-FR","@id":"https:\/\/www.photoweb.fr\/espaces\/magazine\/#\/schema\/logo\/image\/","url":"https:\/\/www.photoweb.fr\/espaces\/magazine\/wp-content\/uploads\/2021\/02\/Logo-Photoweb.jpg","contentUrl":"https:\/\/www.photoweb.fr\/espaces\/magazine\/wp-content\/uploads\/2021\/02\/Logo-Photoweb.jpg","width":780,"height":456,"caption":"Photoweb"},"image":{"@id":"https:\/\/www.photoweb.fr\/espaces\/magazine\/#\/schema\/logo\/image\/"},"sameAs":["https:\/\/fr-fr.facebook.com\/Photoweb.fr\/","https:\/\/twitter.com\/Photoweb_fr","https:\/\/www.instagram.com\/photowebfr\/","https:\/\/www.linkedin.com\/company\/347094\/","https:\/\/www.pinterest.fr\/inspirationsphotoweb\/_created\/","https:\/\/www.youtube.com\/channel\/UCtcVmTvkAzKQLVkiwfOm8sg"]},{"@type":"Person","@id":"https:\/\/www.photoweb.fr\/espaces\/magazine\/#\/schema\/person\/9e5908a4ddf51b8d8dad388bf38fc3dc","name":"admin-photoweb"}]}},"acf":[],"_links":{"self":[{"href":"https:\/\/www.photoweb.fr\/espaces\/magazine\/wp-json\/wp\/v2\/posts\/10413","targetHints":{"allow":["GET"]}}],"collection":[{"href":"https:\/\/www.photoweb.fr\/espaces\/magazine\/wp-json\/wp\/v2\/posts"}],"about":[{"href":"https:\/\/www.photoweb.fr\/espaces\/magazine\/wp-json\/wp\/v2\/types\/post"}],"author":[{"embeddable":true,"href":"https:\/\/www.photoweb.fr\/espaces\/magazine\/wp-json\/wp\/v2\/users\/1"}],"replies":[{"embeddable":true,"href":"https:\/\/www.photoweb.fr\/espaces\/magazine\/wp-json\/wp\/v2\/comments?post=10413"}],"version-history":[{"count":1,"href":"https:\/\/www.photoweb.fr\/espaces\/magazine\/wp-json\/wp\/v2\/posts\/10413\/revisions"}],"predecessor-version":[{"id":11465,"href":"https:\/\/www.photoweb.fr\/espaces\/magazine\/wp-json\/wp\/v2\/posts\/10413\/revisions\/11465"}],"wp:featuredmedia":[{"embeddable":true,"href":"https:\/\/www.photoweb.fr\/espaces\/magazine\/wp-json\/wp\/v2\/media\/10415"}],"wp:attachment":[{"href":"https:\/\/www.photoweb.fr\/espaces\/magazine\/wp-json\/wp\/v2\/media?parent=10413"}],"wp:term":[{"taxonomy":"category","embeddable":true,"href":"https:\/\/www.photoweb.fr\/espaces\/magazine\/wp-json\/wp\/v2\/categories?post=10413"},{"taxonomy":"post_tag","embeddable":true,"href":"https:\/\/www.photoweb.fr\/espaces\/magazine\/wp-json\/wp\/v2\/tags?post=10413"}],"curies":[{"name":"wp","href":"https:\/\/api.w.org\/{rel}","templated":true}]}}