{"id":10531,"date":"2022-01-21T09:14:46","date_gmt":"2022-01-21T09:14:46","guid":{"rendered":"https:\/\/www.photoweb.fr\/espaces\/magazine\/?p=10531"},"modified":"2022-06-22T13:30:53","modified_gmt":"2022-06-22T13:30:53","slug":"design-saint-valentin","status":"publish","type":"post","link":"https:\/\/www.photoweb.fr\/espaces\/magazine\/design-saint-valentin\/","title":{"rendered":"Th\u00e8mes Saint Valentin"},"content":{"rendered":"<p>Maintenant que les f\u00eates sont pass\u00e9es et que la consommation de galettes des rois a atteint son pic, il est l&rsquo;heure de f\u00eater l&rsquo;amour ! On vous pr\u00e9sente toutes nos nouveaut\u00e9s 100% LOVE \u00e0 offrir aux personnes qui comptent le plus dans vos c\u0153urs <img decoding=\"async\" draggable=\"false\" src=\"https:\/\/s.w.org\/images\/core\/emoji\/11\/svg\/2764.svg\" alt=\"\u2764\ufe0f\" \/><\/p>\n<p>&nbsp;<\/p>\n<p>La <strong>Saint-Valentin<\/strong> c&rsquo;est la f\u00eate des amoureux, mais parce qu&rsquo;on peut \u00eatre aussi sans Valentin(e), on vous incite \u00e0 faire votre d\u00e9claration \u00e0 vos proches, amoureux ou non.<\/p>\n<p>Notre studio graphique a souhait\u00e9 cr\u00e9\u00e9 un maximum de nouveaut\u00e9s pour que vous puissiez d\u00e9clarer votre flamme, votre amour, votre amiti\u00e9 aux personnes qui illuminent votre quotidien.<\/p>\n<p><img loading=\"lazy\" decoding=\"async\" title=\"2022-LPP-Paysage-St-Val-IMG_2895\" src=\"https:\/\/www.photoweb.fr\/espaces\/magazine\/wp-content\/uploads\/2022\/01\/2022-LPP-Paysage-St-Val-IMG_2895.jpg\" alt=\"2022-LPP-Paysage-St-Val-IMG_2895\" width=\"1244\" height=\"829\" \/><br \/>\n<img loading=\"lazy\" decoding=\"async\" title=\"2022-LPP-Paysage-StVal-IMG_2931\" src=\"https:\/\/www.photoweb.fr\/espaces\/magazine\/wp-content\/uploads\/2022\/01\/2022-LPP-Paysage-StVal-IMG_2931.jpg\" alt=\"2022-LPP-Paysage-StVal-IMG_2931\" width=\"1113\" height=\"742\" \/><\/p>\n<h2>Les th\u00e8mes de livres Aquarelle &amp; Petit c\u0153ur<\/h2>\n<p><strong>Cr\u00e9\u00e9s avec <img decoding=\"async\" draggable=\"false\" src=\"https:\/\/s.w.org\/images\/core\/emoji\/11\/svg\/2764.svg\" alt=\"\u2764\ufe0f\" \/><\/strong><strong> par Cindy &amp; Lisa<\/strong><\/p>\n<p>2 nouveaut\u00e9s viennent enrichir la collection de th\u00e8mes de livres :<\/p>\n<p>D&rsquo;un c\u00f4t\u00e9 <strong>Aquarelle<\/strong>, un th\u00e8me pastel, vaporeux qui mettra en page vos plus beaux moments en apportant beaucoup de douceur.<\/p>\n<p>De l&rsquo;autre<strong> Petit c\u0153ur<\/strong>, un th\u00e8me aux motifs discrets et plein de charme pour des pages qui respirent l&rsquo;amour.<\/p>\n<h2><strong>Les designs sp\u00e9cial Saint-Valentin<\/strong><\/h2>\n<p><strong>Cr\u00e9\u00e9s avec \u2764\ufe0f<\/strong><strong> par Justine<\/strong><\/p>\n<p>Justine a concoct\u00e9 un design pour mettre en avant la <strong>date marquante<\/strong> de votre choix : la Saint-Valentin, un anniversaire de mariage, une rencontre&#8230; tant de dates importantes \u00e0 c\u00e9l\u00e9brer !<\/p>\n<p>Et bien s\u00fbr le design <strong>Be my Valentine<\/strong>, l&rsquo;incontournable pour d\u00e9clarer votre flamme \u00e0 votre moiti\u00e9(e) !<\/p>\n<p><img loading=\"lazy\" decoding=\"async\" title=\"2022-visuels-boutique-st-val-Tablier\" src=\"https:\/\/www.photoweb.fr\/espaces\/magazine\/wp-content\/uploads\/2022\/01\/2022-visuels-boutique-st-val-Tablier.jpg\" alt=\"2022-visuels-boutique-st-val-Tablier\" width=\"526\" height=\"347\" \/><br \/>\n<img loading=\"lazy\" decoding=\"async\" title=\"2022-Mugs-StVal-IMG_2759\" src=\"https:\/\/www.photoweb.fr\/espaces\/magazine\/wp-content\/uploads\/2022\/01\/2022-Mugs-StVal-IMG_2759.jpg\" alt=\"2022-Mugs-StVal-IMG_2759\" width=\"812\" height=\"541\" \/><br \/>\n<img loading=\"lazy\" decoding=\"async\" title=\"2022-LPP-Paysage-StVal-IMG_2908\" src=\"https:\/\/www.photoweb.fr\/espaces\/magazine\/wp-content\/uploads\/2022\/01\/2022-LPP-Paysage-StVal-IMG_2908.jpg\" alt=\"2022-LPP-Paysage-StVal-IMG_2908\" width=\"1244\" height=\"829\" \/><\/p>\n<h2><strong>L&rsquo;amour est partout !<\/strong><\/h2>\n<p>Des <strong>designs Saint-Valentin<\/strong> sur les tapis de souris aux <strong>photo cabine en forme de c\u0153ur<\/strong> en passant par l&rsquo;ajout de <strong>+ de 40 illustrations<\/strong> \u00ab\u00a0Amour\u00a0\u00bb sur l&rsquo;interface de cr\u00e9ation&#8230; une chose est s\u00fbre, l&rsquo;amour est partout !<\/p>\n<h4>On est curieux, pour cette Saint-Valentin \u00e0 qui allez-vous d\u00e9clarer votre amour ?<\/h4>\n<p>1.2.3.<\/p>\n<p>aimez\u202f!<\/p>\n<p><a href=\"https:\/\/www.photoweb.fr\/deco-maison\/mug\" target=\"_blank\" rel=\"noopener\"><br \/>\n<img loading=\"lazy\" decoding=\"async\" title=\"2022-Mugs-StVal-IMG_2759\" src=\"https:\/\/www.photoweb.fr\/espaces\/magazine\/wp-content\/uploads\/2022\/01\/2022-Mugs-StVal-IMG_2759.jpg\" alt=\"2022-Mugs-StVal-IMG_2759\" width=\"812\" height=\"541\" \/><br \/>\n<\/a><br \/>\n<a href=\"https:\/\/www.photoweb.fr\/deco-maison\/mug\" target=\"_blank\" rel=\"noopener\"><br \/>\nCr\u00e9er votre mug <\/a><br \/>\n<a href=\"https:\/\/www.photoweb.fr\/livre-photo\/prestige-paysage\" target=\"_blank\" rel=\"noopener\"><br \/>\n<img loading=\"lazy\" decoding=\"async\" title=\"2022-visuels-boutique-st-val-LPP-Paysage-2\" src=\"https:\/\/www.photoweb.fr\/espaces\/magazine\/wp-content\/uploads\/2022\/01\/2022-visuels-boutique-st-val-LPP-Paysage-2.jpg\" alt=\"2022-visuels-boutique-st-val-LPP-Paysage-2\" width=\"526\" height=\"347\" \/><br \/>\n<\/a><br \/>\n<a href=\"https:\/\/www.photoweb.fr\/livre-photo\/prestige-paysage\" target=\"_blank\" rel=\"noopener\"><br \/>\nCr\u00e9er votre livre photo<\/a><br \/>\n<a href=\"https:\/\/www.photoweb.fr\/deco-maison\/tablier-personnalise\" target=\"_blank\" rel=\"noopener\"><br \/>\n<img loading=\"lazy\" decoding=\"async\" title=\"2022-visuels-boutique-st-val-Tablier\" src=\"https:\/\/www.photoweb.fr\/espaces\/magazine\/wp-content\/uploads\/2022\/01\/2022-visuels-boutique-st-val-Tablier.jpg\" alt=\"2022-visuels-boutique-st-val-Tablier\" width=\"526\" height=\"347\" \/><br \/>\n<\/a><br \/>\n<a href=\"https:\/\/www.photoweb.fr\/deco-maison\/tablier-personnalise\" target=\"_blank\" rel=\"noopener\"><br \/>\nCr\u00e9er votre tablier<\/a><br \/>\n<a href=\"https:\/\/www.photoweb.fr\/tirage-photo\/cabine\" target=\"_blank\" rel=\"noopener\"><br \/>\n<img loading=\"lazy\" decoding=\"async\" title=\"2022-IMG_9493\" src=\"https:\/\/www.photoweb.fr\/espaces\/magazine\/wp-content\/uploads\/2022\/01\/2022-IMG_9493.jpg\" alt=\"2022-IMG_9493\" width=\"1920\" height=\"1280\" \/><br \/>\n<\/a><br \/>\n<a href=\"https:\/\/www.photoweb.fr\/tirage-photo\/cabine\" target=\"_blank\" rel=\"noopener\"><br \/>\nCr\u00e9er votre tirage cabine<\/a><\/p>\n","protected":false},"excerpt":{"rendered":"<p>Maintenant que les f\u00eates sont pass\u00e9es et que la consommation de galettes des rois a atteint son pic, il est l&rsquo;heure de f\u00eater l&rsquo;amour ! On vous pr\u00e9sente toutes nos nouveaut\u00e9s 100% LOVE \u00e0 offrir aux personnes qui comptent le plus dans vos c\u0153urs &nbsp; La Saint-Valentin c&rsquo;est la f\u00eate des amoureux, mais parce qu&rsquo;on&hellip;<\/p>\n","protected":false},"author":24,"featured_media":10547,"comment_status":"open","ping_status":"open","sticky":false,"template":"single-standard.php","format":"standard","meta":{"footnotes":""},"categories":[30],"tags":[],"class_list":["post-10531","post","type-post","status-publish","format-standard","has-post-thumbnail","hentry","category-coulisses"],"yoast_head":"<!-- This site is optimized with the Yoast SEO plugin v20.3 - https:\/\/yoast.com\/wordpress\/plugins\/seo\/ -->\n<title>Th\u00e8mes Saint Valentin<\/title>\n<meta name=\"description\" content=\"Maintenant que les f\u00eates sont pass\u00e9es et que la consommation de galettes des rois a atteint son pic, il est l&#039;heure de f\u00eater l&#039;amour ! On vous pr\u00e9sente\" \/>\n<meta name=\"robots\" content=\"index, follow, max-snippet:-1, max-image-preview:large, max-video-preview:-1\" \/>\n<link rel=\"canonical\" href=\"https:\/\/www.photoweb.fr\/espaces\/magazine\/design-saint-valentin\/\" \/>\n<meta property=\"og:locale\" content=\"fr_FR\" \/>\n<meta property=\"og:type\" content=\"article\" \/>\n<meta property=\"og:title\" content=\"Th\u00e8mes Saint Valentin\" \/>\n<meta property=\"og:description\" content=\"Maintenant que les f\u00eates sont pass\u00e9es et que la consommation de galettes des rois a atteint son pic, il est l&#039;heure de f\u00eater l&#039;amour ! On vous pr\u00e9sente\" \/>\n<meta property=\"og:url\" content=\"https:\/\/www.photoweb.fr\/espaces\/magazine\/design-saint-valentin\/\" \/>\n<meta property=\"og:site_name\" content=\"Photoweb, le mag\" \/>\n<meta property=\"article:publisher\" content=\"https:\/\/fr-fr.facebook.com\/Photoweb.fr\/\" \/>\n<meta property=\"article:published_time\" content=\"2022-01-21T09:14:46+00:00\" \/>\n<meta property=\"article:modified_time\" content=\"2022-06-22T13:30:53+00:00\" \/>\n<meta property=\"og:image\" content=\"https:\/\/www.photoweb.fr\/espaces\/magazine\/wp-content\/uploads\/2022\/01\/2022-LPP-Paysage-IMG_2872_1.jpg\" \/>\n\t<meta property=\"og:image:width\" content=\"800\" \/>\n\t<meta property=\"og:image:height\" content=\"600\" \/>\n\t<meta property=\"og:image:type\" content=\"image\/jpeg\" \/>\n<meta name=\"author\" content=\"Marine\" \/>\n<meta name=\"twitter:card\" content=\"summary_large_image\" \/>\n<meta name=\"twitter:creator\" content=\"@Photoweb_fr\" \/>\n<meta name=\"twitter:site\" content=\"@Photoweb_fr\" \/>\n<meta name=\"twitter:label1\" content=\"\u00c9crit par\" \/>\n\t<meta name=\"twitter:data1\" content=\"Marine\" \/>\n\t<meta name=\"twitter:label2\" content=\"Dur\u00e9e de lecture estim\u00e9e\" \/>\n\t<meta name=\"twitter:data2\" content=\"2 minutes\" \/>\n<script type=\"application\/ld+json\" class=\"yoast-schema-graph\">{\"@context\":\"https:\/\/schema.org\",\"@graph\":[{\"@type\":\"Article\",\"@id\":\"https:\/\/www.photoweb.fr\/espaces\/magazine\/design-saint-valentin\/#article\",\"isPartOf\":{\"@id\":\"https:\/\/www.photoweb.fr\/espaces\/magazine\/design-saint-valentin\/\"},\"author\":{\"name\":\"Marine\",\"@id\":\"https:\/\/www.photoweb.fr\/espaces\/magazine\/#\/schema\/person\/4727c85ed0eb8e8a65d58fa49658d95e\"},\"headline\":\"Th\u00e8mes Saint Valentin\",\"datePublished\":\"2022-01-21T09:14:46+00:00\",\"dateModified\":\"2022-06-22T13:30:53+00:00\",\"mainEntityOfPage\":{\"@id\":\"https:\/\/www.photoweb.fr\/espaces\/magazine\/design-saint-valentin\/\"},\"wordCount\":310,\"commentCount\":0,\"publisher\":{\"@id\":\"https:\/\/www.photoweb.fr\/espaces\/magazine\/#organization\"},\"articleSection\":[\"Coulisses\"],\"inLanguage\":\"fr-FR\",\"potentialAction\":[{\"@type\":\"CommentAction\",\"name\":\"Comment\",\"target\":[\"https:\/\/www.photoweb.fr\/espaces\/magazine\/design-saint-valentin\/#respond\"]}]},{\"@type\":\"WebPage\",\"@id\":\"https:\/\/www.photoweb.fr\/espaces\/magazine\/design-saint-valentin\/\",\"url\":\"https:\/\/www.photoweb.fr\/espaces\/magazine\/design-saint-valentin\/\",\"name\":\"Th\u00e8mes Saint Valentin\",\"isPartOf\":{\"@id\":\"https:\/\/www.photoweb.fr\/espaces\/magazine\/#website\"},\"datePublished\":\"2022-01-21T09:14:46+00:00\",\"dateModified\":\"2022-06-22T13:30:53+00:00\",\"description\":\"Maintenant que les f\u00eates sont pass\u00e9es et que la consommation de galettes des rois a atteint son pic, il est l'heure de f\u00eater l'amour ! On vous pr\u00e9sente\",\"breadcrumb\":{\"@id\":\"https:\/\/www.photoweb.fr\/espaces\/magazine\/design-saint-valentin\/#breadcrumb\"},\"inLanguage\":\"fr-FR\",\"potentialAction\":[{\"@type\":\"ReadAction\",\"target\":[\"https:\/\/www.photoweb.fr\/espaces\/magazine\/design-saint-valentin\/\"]}]},{\"@type\":\"BreadcrumbList\",\"@id\":\"https:\/\/www.photoweb.fr\/espaces\/magazine\/design-saint-valentin\/#breadcrumb\",\"itemListElement\":[{\"@type\":\"ListItem\",\"position\":1,\"name\":\"Accueil\",\"item\":\"https:\/\/www.photoweb.fr\/espaces\/magazine\/\"},{\"@type\":\"ListItem\",\"position\":2,\"name\":\"Coulisses\",\"item\":\"https:\/\/www.photoweb.fr\/espaces\/magazine\/coulisses\/\"},{\"@type\":\"ListItem\",\"position\":3,\"name\":\"Th\u00e8mes Saint Valentin\"}]},{\"@type\":\"WebSite\",\"@id\":\"https:\/\/www.photoweb.fr\/espaces\/magazine\/#website\",\"url\":\"https:\/\/www.photoweb.fr\/espaces\/magazine\/\",\"name\":\"Photoweb, le mag\",\"description\":\"Le magazine de Photoweb\",\"publisher\":{\"@id\":\"https:\/\/www.photoweb.fr\/espaces\/magazine\/#organization\"},\"potentialAction\":[{\"@type\":\"SearchAction\",\"target\":{\"@type\":\"EntryPoint\",\"urlTemplate\":\"https:\/\/www.photoweb.fr\/espaces\/magazine\/?s={search_term_string}\"},\"query-input\":\"required name=search_term_string\"}],\"inLanguage\":\"fr-FR\"},{\"@type\":\"Organization\",\"@id\":\"https:\/\/www.photoweb.fr\/espaces\/magazine\/#organization\",\"name\":\"Photoweb\",\"url\":\"https:\/\/www.photoweb.fr\/espaces\/magazine\/\",\"logo\":{\"@type\":\"ImageObject\",\"inLanguage\":\"fr-FR\",\"@id\":\"https:\/\/www.photoweb.fr\/espaces\/magazine\/#\/schema\/logo\/image\/\",\"url\":\"https:\/\/www.photoweb.fr\/espaces\/magazine\/wp-content\/uploads\/2021\/02\/Logo-Photoweb.jpg\",\"contentUrl\":\"https:\/\/www.photoweb.fr\/espaces\/magazine\/wp-content\/uploads\/2021\/02\/Logo-Photoweb.jpg\",\"width\":780,\"height\":456,\"caption\":\"Photoweb\"},\"image\":{\"@id\":\"https:\/\/www.photoweb.fr\/espaces\/magazine\/#\/schema\/logo\/image\/\"},\"sameAs\":[\"https:\/\/fr-fr.facebook.com\/Photoweb.fr\/\",\"https:\/\/twitter.com\/Photoweb_fr\",\"https:\/\/www.instagram.com\/photowebfr\/\",\"https:\/\/www.linkedin.com\/company\/347094\/\",\"https:\/\/www.pinterest.fr\/inspirationsphotoweb\/_created\/\",\"https:\/\/www.youtube.com\/channel\/UCtcVmTvkAzKQLVkiwfOm8sg\"]},{\"@type\":\"Person\",\"@id\":\"https:\/\/www.photoweb.fr\/espaces\/magazine\/#\/schema\/person\/4727c85ed0eb8e8a65d58fa49658d95e\",\"name\":\"Marine\"}]}<\/script>\n<!-- \/ Yoast SEO plugin. -->","yoast_head_json":{"title":"Th\u00e8mes Saint Valentin","description":"Maintenant que les f\u00eates sont pass\u00e9es et que la consommation de galettes des rois a atteint son pic, il est l'heure de f\u00eater l'amour ! On vous pr\u00e9sente","robots":{"index":"index","follow":"follow","max-snippet":"max-snippet:-1","max-image-preview":"max-image-preview:large","max-video-preview":"max-video-preview:-1"},"canonical":"https:\/\/www.photoweb.fr\/espaces\/magazine\/design-saint-valentin\/","og_locale":"fr_FR","og_type":"article","og_title":"Th\u00e8mes Saint Valentin","og_description":"Maintenant que les f\u00eates sont pass\u00e9es et que la consommation de galettes des rois a atteint son pic, il est l'heure de f\u00eater l'amour ! On vous pr\u00e9sente","og_url":"https:\/\/www.photoweb.fr\/espaces\/magazine\/design-saint-valentin\/","og_site_name":"Photoweb, le mag","article_publisher":"https:\/\/fr-fr.facebook.com\/Photoweb.fr\/","article_published_time":"2022-01-21T09:14:46+00:00","article_modified_time":"2022-06-22T13:30:53+00:00","og_image":[{"width":800,"height":600,"url":"https:\/\/www.photoweb.fr\/espaces\/magazine\/wp-content\/uploads\/2022\/01\/2022-LPP-Paysage-IMG_2872_1.jpg","type":"image\/jpeg"}],"author":"Marine","twitter_card":"summary_large_image","twitter_creator":"@Photoweb_fr","twitter_site":"@Photoweb_fr","twitter_misc":{"\u00c9crit par":"Marine","Dur\u00e9e de lecture estim\u00e9e":"2 minutes"},"schema":{"@context":"https:\/\/schema.org","@graph":[{"@type":"Article","@id":"https:\/\/www.photoweb.fr\/espaces\/magazine\/design-saint-valentin\/#article","isPartOf":{"@id":"https:\/\/www.photoweb.fr\/espaces\/magazine\/design-saint-valentin\/"},"author":{"name":"Marine","@id":"https:\/\/www.photoweb.fr\/espaces\/magazine\/#\/schema\/person\/4727c85ed0eb8e8a65d58fa49658d95e"},"headline":"Th\u00e8mes Saint Valentin","datePublished":"2022-01-21T09:14:46+00:00","dateModified":"2022-06-22T13:30:53+00:00","mainEntityOfPage":{"@id":"https:\/\/www.photoweb.fr\/espaces\/magazine\/design-saint-valentin\/"},"wordCount":310,"commentCount":0,"publisher":{"@id":"https:\/\/www.photoweb.fr\/espaces\/magazine\/#organization"},"articleSection":["Coulisses"],"inLanguage":"fr-FR","potentialAction":[{"@type":"CommentAction","name":"Comment","target":["https:\/\/www.photoweb.fr\/espaces\/magazine\/design-saint-valentin\/#respond"]}]},{"@type":"WebPage","@id":"https:\/\/www.photoweb.fr\/espaces\/magazine\/design-saint-valentin\/","url":"https:\/\/www.photoweb.fr\/espaces\/magazine\/design-saint-valentin\/","name":"Th\u00e8mes Saint Valentin","isPartOf":{"@id":"https:\/\/www.photoweb.fr\/espaces\/magazine\/#website"},"datePublished":"2022-01-21T09:14:46+00:00","dateModified":"2022-06-22T13:30:53+00:00","description":"Maintenant que les f\u00eates sont pass\u00e9es et que la consommation de galettes des rois a atteint son pic, il est l'heure de f\u00eater l'amour ! On vous pr\u00e9sente","breadcrumb":{"@id":"https:\/\/www.photoweb.fr\/espaces\/magazine\/design-saint-valentin\/#breadcrumb"},"inLanguage":"fr-FR","potentialAction":[{"@type":"ReadAction","target":["https:\/\/www.photoweb.fr\/espaces\/magazine\/design-saint-valentin\/"]}]},{"@type":"BreadcrumbList","@id":"https:\/\/www.photoweb.fr\/espaces\/magazine\/design-saint-valentin\/#breadcrumb","itemListElement":[{"@type":"ListItem","position":1,"name":"Accueil","item":"https:\/\/www.photoweb.fr\/espaces\/magazine\/"},{"@type":"ListItem","position":2,"name":"Coulisses","item":"https:\/\/www.photoweb.fr\/espaces\/magazine\/coulisses\/"},{"@type":"ListItem","position":3,"name":"Th\u00e8mes Saint Valentin"}]},{"@type":"WebSite","@id":"https:\/\/www.photoweb.fr\/espaces\/magazine\/#website","url":"https:\/\/www.photoweb.fr\/espaces\/magazine\/","name":"Photoweb, le mag","description":"Le magazine de Photoweb","publisher":{"@id":"https:\/\/www.photoweb.fr\/espaces\/magazine\/#organization"},"potentialAction":[{"@type":"SearchAction","target":{"@type":"EntryPoint","urlTemplate":"https:\/\/www.photoweb.fr\/espaces\/magazine\/?s={search_term_string}"},"query-input":"required name=search_term_string"}],"inLanguage":"fr-FR"},{"@type":"Organization","@id":"https:\/\/www.photoweb.fr\/espaces\/magazine\/#organization","name":"Photoweb","url":"https:\/\/www.photoweb.fr\/espaces\/magazine\/","logo":{"@type":"ImageObject","inLanguage":"fr-FR","@id":"https:\/\/www.photoweb.fr\/espaces\/magazine\/#\/schema\/logo\/image\/","url":"https:\/\/www.photoweb.fr\/espaces\/magazine\/wp-content\/uploads\/2021\/02\/Logo-Photoweb.jpg","contentUrl":"https:\/\/www.photoweb.fr\/espaces\/magazine\/wp-content\/uploads\/2021\/02\/Logo-Photoweb.jpg","width":780,"height":456,"caption":"Photoweb"},"image":{"@id":"https:\/\/www.photoweb.fr\/espaces\/magazine\/#\/schema\/logo\/image\/"},"sameAs":["https:\/\/fr-fr.facebook.com\/Photoweb.fr\/","https:\/\/twitter.com\/Photoweb_fr","https:\/\/www.instagram.com\/photowebfr\/","https:\/\/www.linkedin.com\/company\/347094\/","https:\/\/www.pinterest.fr\/inspirationsphotoweb\/_created\/","https:\/\/www.youtube.com\/channel\/UCtcVmTvkAzKQLVkiwfOm8sg"]},{"@type":"Person","@id":"https:\/\/www.photoweb.fr\/espaces\/magazine\/#\/schema\/person\/4727c85ed0eb8e8a65d58fa49658d95e","name":"Marine"}]}},"acf":[],"_links":{"self":[{"href":"https:\/\/www.photoweb.fr\/espaces\/magazine\/wp-json\/wp\/v2\/posts\/10531","targetHints":{"allow":["GET"]}}],"collection":[{"href":"https:\/\/www.photoweb.fr\/espaces\/magazine\/wp-json\/wp\/v2\/posts"}],"about":[{"href":"https:\/\/www.photoweb.fr\/espaces\/magazine\/wp-json\/wp\/v2\/types\/post"}],"author":[{"embeddable":true,"href":"https:\/\/www.photoweb.fr\/espaces\/magazine\/wp-json\/wp\/v2\/users\/24"}],"replies":[{"embeddable":true,"href":"https:\/\/www.photoweb.fr\/espaces\/magazine\/wp-json\/wp\/v2\/comments?post=10531"}],"version-history":[{"count":1,"href":"https:\/\/www.photoweb.fr\/espaces\/magazine\/wp-json\/wp\/v2\/posts\/10531\/revisions"}],"predecessor-version":[{"id":11462,"href":"https:\/\/www.photoweb.fr\/espaces\/magazine\/wp-json\/wp\/v2\/posts\/10531\/revisions\/11462"}],"wp:featuredmedia":[{"embeddable":true,"href":"https:\/\/www.photoweb.fr\/espaces\/magazine\/wp-json\/wp\/v2\/media\/10547"}],"wp:attachment":[{"href":"https:\/\/www.photoweb.fr\/espaces\/magazine\/wp-json\/wp\/v2\/media?parent=10531"}],"wp:term":[{"taxonomy":"category","embeddable":true,"href":"https:\/\/www.photoweb.fr\/espaces\/magazine\/wp-json\/wp\/v2\/categories?post=10531"},{"taxonomy":"post_tag","embeddable":true,"href":"https:\/\/www.photoweb.fr\/espaces\/magazine\/wp-json\/wp\/v2\/tags?post=10531"}],"curies":[{"name":"wp","href":"https:\/\/api.w.org\/{rel}","templated":true}]}}