{"id":1069,"date":"2017-08-14T08:37:39","date_gmt":"2017-08-14T08:37:39","guid":{"rendered":"https:\/\/www.photoweb.fr\/espaces\/magazine\/magazine\/?p=1069"},"modified":"2022-05-24T14:13:07","modified_gmt":"2022-05-24T14:13:07","slug":"album-photo-la-famille-reunie","status":"publish","type":"post","link":"https:\/\/www.photoweb.fr\/espaces\/magazine\/album-photo-la-famille-reunie\/","title":{"rendered":"Faire son album photo : les membres de la famille r\u00e9unis"},"content":{"rendered":"<p>&nbsp;<\/p>\n<p style=\"text-align: center\">Si on pouvait r\u00e9sumer la famille en quelques mots, ce seraient de nombreux moments pass\u00e9s avec les personnes que l\u2019on aime. Le temps passe et les histoires se multiplient. Il est alors opportun de faire son <a href=\"https:\/\/www.photoweb.fr\/livre-photo\/album-photo-prestige\/listing\" target=\"_blank\" rel=\"noopener\"><strong>album photo<\/strong><\/a> dans lequel les membres les plus chers de notre famille seraient r\u00e9unis. Les souvenirs comptent et m\u00e9ritent d\u2019\u00eatre partag\u00e9s avec les g\u00e9n\u00e9rations actuelles et futures.<\/p>\n<h2><strong>Album photo : de multiples occasions familiales<\/strong><\/h2>\n<p>Pour <a href=\"https:\/\/www.photoweb.fr\/livre-photo\/elegance\/listing\">cr\u00e9er un album photo<\/a>, il faut d\u2019abord recenser les moments clef partag\u00e9s en famille. Ces derniers ne manquent pas \u00e0 l\u2019appel : f\u00eates de fin d\u2019ann\u00e9e, repas de famille, anniversaires, mariages, naissances, cousinades, fian\u00e7ailles, bapt\u00eames\u2026 Tant d\u2019occasions qui viendront alimenter joyeusement votre album photo familial. A vous de s\u00e9lectionner les \u00e9v\u00e9nements les plus importants \u00e0 vos yeux.<\/p>\n<p><img loading=\"lazy\" decoding=\"async\" src=\"https:\/\/www.photoweb.fr\/espaces\/magazine\/wp-content\/uploads\/2017\/08\/anniversaire-famille.jpg\" alt=\"cr\u00e9ez un album photo\" width=\"1280\" height=\"960\" \/><\/p>\n<h2><strong>On s\u2019organise pour faire son album photo<\/strong><\/h2>\n<p>Fini le temps des albums o\u00f9 les photos se d\u00e9collent facilement, o\u00f9 les styles sont peu nombreux et les mises en page limit\u00e9es. Place \u00e0 pr\u00e9sent \u00e0 l\u2019album photo <strong>100% personnalisable en ligne<\/strong>. Faire son album photo demande alors une certaine organisation quant au choix des photos, \u00e9tape la plus importante au niveau du tri et de la s\u00e9lection des meilleurs clich\u00e9s.<\/p>\n<p>Vous avez deux possibilit\u00e9s : soit les photos ont \u00e9t\u00e9 d\u00e9velopp\u00e9es il y a longtemps, dans ce cas, sortez votre scanner, soit les photos sont minutieusement enregistr\u00e9es sur un appareil et donc au format num\u00e9rique, pr\u00eates \u00e0 l\u2019emploi. Libre \u00e0 vous ensuite de les retoucher. Pr\u00eats ? Prochaine \u00e9tape.<\/p>\n<p>\u201c<\/p>\n<p style=\"text-align: center\">\u00ab La famille, c&rsquo;est l\u00e0 o\u00f9 la vie commence et o\u00f9 l&rsquo;amour ne finit jamais. \u00bb<\/p>\n<p>\u201c<\/p>\n<h2><strong>Un album photo personnalis\u00e9 en ligne ? OUI ! <\/strong><\/h2>\n<p>Vous \u00eates plut\u00f4t cr\u00e9atif et inspir\u00e9 ? Personnalisez alors votre <a href=\"https:\/\/www.photoweb.fr\/livre-photo\/retro\/listing\">album photo en ligne<\/a> de A \u00e0 Z : choix du format, des emplacements photos, des couleurs, du style, etc. Une infinit\u00e9 de combinaisons est possible, il suffit simplement de trancher et le tour est jou\u00e9.<\/p>\n<p>Si vous n\u2019\u00eates pas d\u2019humeur cr\u00e9ative, vous pouvez vous laisser guider par les nombreux th\u00e8mes en remplissant uniquement les espaces d\u00e9di\u00e9s des photographies que vous avez s\u00e9lectionn\u00e9 et des commentaires de votre choix. <strong>C\u2019est simple, intuitif et rapide !<\/strong><\/p>\n<h2><strong>Album photo : un cadeau id\u00e9al<\/strong><\/h2>\n<p>Un album photo qui retrace les plus beaux souvenirs de famille m\u00e9rite d\u2019\u00eatre partag\u00e9 avec son entourage. Quand on est grand-parent par exemple, l\u2019offrir \u00e0 ses petits-enfants est un moyen de se souvenir des membres de la famille qui comptent et qui ont compt\u00e9. Parce que oui, avoir une trace \u00e9crite de ses anc\u00eatres est une belle fa\u00e7on de leur rendre hommage.<\/p>\n<p>Enfin, regarder l\u2019album photo en famille est synonyme de partage et d\u2019\u00e9motions. Vous ne vous lasserez jamais de le feuilleter et prendrez plaisir \u00e0 l\u2019ouvrir encore et encore\u2026<\/p>\n<p style=\"text-align: center\">La petite astuce<\/p>\n<p>Gardez l&rsquo;appareil photo proche de vous lors des \u00e9v\u00e9nements familiaux. Ce sera un gain de temps non n\u00e9gligeable pour faire votre album photo, plus besoin de r\u00e9cup\u00e9rer les clich\u00e9s de telle ou telle personne ! \ud83d\ude09<\/p>\n<p>1.2.3.<br \/>\nimprimez\u202f!<\/p>\n<p><a href=\"https:\/\/www.photoweb.fr\/livre-photo\/listing\" target=\"_blank\" rel=\"noopener\"><br \/>\n<img loading=\"lazy\" decoding=\"async\" src=\"https:\/\/www.photoweb.fr\/espaces\/magazine\/wp-content\/uploads\/2017\/06\/Livre-photo-prestige-paysage-photoweb.jpg\" alt=\"Livre photo format prestige paysage photoweb\" width=\"600\" height=\"600\" \/><br \/>\n<\/a><br \/>\n<a href=\"https:\/\/www.photoweb.fr\/livre-photo\/listing\"><br \/>\ncr\u00e9er mon livre photo<\/a><\/p>\n","protected":false},"excerpt":{"rendered":"<p>Si on pouvait r\u00e9sumer la famille en quelques mots, ce seraient de nombreux moments pass\u00e9s avec les personnes que l\u2019on aime. Le temps passe et les histoires se multiplient. Il est alors opportun de faire son album photo dans lequel les membres les plus chers de notre famille seraient r\u00e9unis.<br \/>\nPour cela, il faut d\u2019abord recenser les moments clef partag\u00e9s en famille. Ces derniers ne manquent pas \u00e0 l\u2019appel : f\u00eates de fin d\u2019ann\u00e9e, repas de famille, anniversaires, mariages, naissances, cousinades, fian\u00e7ailles, bapt\u00eames\u2026 Tant d\u2019occasions qui viendront alimenter joyeusement votre album photo familial. A vous de s\u00e9lectionner les \u00e9v\u00e9nements les plus importants \u00e0 vos yeux.<br \/>\nBeaucoup de formats d&rsquo;album photo sont disponibles pour immortaliser tous ces moments : format carr\u00e9, format paysage, format portrait. A vous de choisir celui qui vous convient le mieux en fonction de la fa\u00e7on dont vous souhaitez agencer votre livre photo.<br \/>\nAujourd&rsquo;hui les logiciels qui permettent de cr\u00e9er son album photo sont suffisamment intuitifs et vous permettent de r\u00e9aliser de tr\u00e8s beaux livres. Pour tout savoir, c&rsquo;est par ici !<\/p>\n","protected":false},"author":21,"featured_media":1070,"comment_status":"open","ping_status":"open","sticky":false,"template":"single-standard.php","format":"standard","meta":{"footnotes":""},"categories":[31],"tags":[48,26,27,88],"class_list":["post-1069","post","type-post","status-publish","format-standard","has-post-thumbnail","hentry","category-instants-de-vie","tag-album-photo","tag-album-photo-en-ligne","tag-album-photo-personnalise","tag-faire-album-photo"],"yoast_head":"<!-- This site is optimized with the Yoast SEO plugin v20.3 - https:\/\/yoast.com\/wordpress\/plugins\/seo\/ -->\n<title>Faire son album photo : les membres de la famille r\u00e9unis<\/title>\n<meta name=\"description\" content=\"Album photo de naissance, de voyage, de mariage\u2026 Il existe aussi l\u2019album photo de famille qui permet de retracer les meilleurs moments pass\u00e9s ensemble.\" \/>\n<meta name=\"robots\" content=\"index, follow, max-snippet:-1, max-image-preview:large, max-video-preview:-1\" \/>\n<link rel=\"canonical\" href=\"https:\/\/www.photoweb.fr\/espaces\/magazine\/album-photo-la-famille-reunie\/\" \/>\n<meta property=\"og:locale\" content=\"fr_FR\" \/>\n<meta property=\"og:type\" content=\"article\" \/>\n<meta property=\"og:title\" content=\"Faire son album photo : les membres de la famille r\u00e9unis\" \/>\n<meta property=\"og:description\" content=\"Album photo de naissance, de voyage, de mariage\u2026 Il existe aussi l\u2019album photo de famille qui permet de retracer les meilleurs moments pass\u00e9s ensemble.\" \/>\n<meta property=\"og:url\" content=\"https:\/\/www.photoweb.fr\/espaces\/magazine\/album-photo-la-famille-reunie\/\" \/>\n<meta property=\"og:site_name\" content=\"Photoweb, le mag\" \/>\n<meta property=\"article:publisher\" content=\"https:\/\/fr-fr.facebook.com\/Photoweb.fr\/\" \/>\n<meta property=\"article:published_time\" content=\"2017-08-14T08:37:39+00:00\" \/>\n<meta property=\"article:modified_time\" content=\"2022-05-24T14:13:07+00:00\" \/>\n<meta property=\"og:image\" content=\"https:\/\/www.photoweb.fr\/espaces\/magazine\/wp-content\/uploads\/2017\/08\/album-photo-famille.jpg\" \/>\n\t<meta property=\"og:image:width\" content=\"1280\" \/>\n\t<meta property=\"og:image:height\" content=\"960\" \/>\n\t<meta property=\"og:image:type\" content=\"image\/jpeg\" \/>\n<meta name=\"author\" content=\"melanie\" \/>\n<meta name=\"twitter:card\" content=\"summary_large_image\" \/>\n<meta name=\"twitter:creator\" content=\"@Photoweb_fr\" \/>\n<meta name=\"twitter:site\" content=\"@Photoweb_fr\" \/>\n<meta name=\"twitter:label1\" content=\"\u00c9crit par\" \/>\n\t<meta name=\"twitter:data1\" content=\"melanie\" \/>\n\t<meta name=\"twitter:label2\" content=\"Dur\u00e9e de lecture estim\u00e9e\" \/>\n\t<meta name=\"twitter:data2\" content=\"3 minutes\" \/>\n<script type=\"application\/ld+json\" class=\"yoast-schema-graph\">{\"@context\":\"https:\/\/schema.org\",\"@graph\":[{\"@type\":\"Article\",\"@id\":\"https:\/\/www.photoweb.fr\/espaces\/magazine\/album-photo-la-famille-reunie\/#article\",\"isPartOf\":{\"@id\":\"https:\/\/www.photoweb.fr\/espaces\/magazine\/album-photo-la-famille-reunie\/\"},\"author\":{\"name\":\"melanie\",\"@id\":\"https:\/\/www.photoweb.fr\/espaces\/magazine\/#\/schema\/person\/111451a615bb7cbe790bf8b1d6b24391\"},\"headline\":\"Faire son album photo : les membres de la famille r\u00e9unis\",\"datePublished\":\"2017-08-14T08:37:39+00:00\",\"dateModified\":\"2022-05-24T14:13:07+00:00\",\"mainEntityOfPage\":{\"@id\":\"https:\/\/www.photoweb.fr\/espaces\/magazine\/album-photo-la-famille-reunie\/\"},\"wordCount\":546,\"commentCount\":1,\"publisher\":{\"@id\":\"https:\/\/www.photoweb.fr\/espaces\/magazine\/#organization\"},\"keywords\":[\"album photo\",\"album photo en ligne\",\"album photo personnalis\u00e9\",\"Faire un album photo\"],\"articleSection\":[\"Instants de vie\"],\"inLanguage\":\"fr-FR\",\"potentialAction\":[{\"@type\":\"CommentAction\",\"name\":\"Comment\",\"target\":[\"https:\/\/www.photoweb.fr\/espaces\/magazine\/album-photo-la-famille-reunie\/#respond\"]}]},{\"@type\":\"WebPage\",\"@id\":\"https:\/\/www.photoweb.fr\/espaces\/magazine\/album-photo-la-famille-reunie\/\",\"url\":\"https:\/\/www.photoweb.fr\/espaces\/magazine\/album-photo-la-famille-reunie\/\",\"name\":\"Faire son album photo : les membres de la famille r\u00e9unis\",\"isPartOf\":{\"@id\":\"https:\/\/www.photoweb.fr\/espaces\/magazine\/#website\"},\"datePublished\":\"2017-08-14T08:37:39+00:00\",\"dateModified\":\"2022-05-24T14:13:07+00:00\",\"description\":\"Album photo de naissance, de voyage, de mariage\u2026 Il existe aussi l\u2019album photo de famille qui permet de retracer les meilleurs moments pass\u00e9s ensemble.\",\"breadcrumb\":{\"@id\":\"https:\/\/www.photoweb.fr\/espaces\/magazine\/album-photo-la-famille-reunie\/#breadcrumb\"},\"inLanguage\":\"fr-FR\",\"potentialAction\":[{\"@type\":\"ReadAction\",\"target\":[\"https:\/\/www.photoweb.fr\/espaces\/magazine\/album-photo-la-famille-reunie\/\"]}]},{\"@type\":\"BreadcrumbList\",\"@id\":\"https:\/\/www.photoweb.fr\/espaces\/magazine\/album-photo-la-famille-reunie\/#breadcrumb\",\"itemListElement\":[{\"@type\":\"ListItem\",\"position\":1,\"name\":\"Accueil\",\"item\":\"https:\/\/www.photoweb.fr\/espaces\/magazine\/\"},{\"@type\":\"ListItem\",\"position\":2,\"name\":\"Instants de vie\",\"item\":\"https:\/\/www.photoweb.fr\/espaces\/magazine\/instants-de-vie\/\"},{\"@type\":\"ListItem\",\"position\":3,\"name\":\"Faire son album photo : les membres de la famille r\u00e9unis\"}]},{\"@type\":\"WebSite\",\"@id\":\"https:\/\/www.photoweb.fr\/espaces\/magazine\/#website\",\"url\":\"https:\/\/www.photoweb.fr\/espaces\/magazine\/\",\"name\":\"Photoweb, le mag\",\"description\":\"Le magazine de Photoweb\",\"publisher\":{\"@id\":\"https:\/\/www.photoweb.fr\/espaces\/magazine\/#organization\"},\"potentialAction\":[{\"@type\":\"SearchAction\",\"target\":{\"@type\":\"EntryPoint\",\"urlTemplate\":\"https:\/\/www.photoweb.fr\/espaces\/magazine\/?s={search_term_string}\"},\"query-input\":\"required name=search_term_string\"}],\"inLanguage\":\"fr-FR\"},{\"@type\":\"Organization\",\"@id\":\"https:\/\/www.photoweb.fr\/espaces\/magazine\/#organization\",\"name\":\"Photoweb\",\"url\":\"https:\/\/www.photoweb.fr\/espaces\/magazine\/\",\"logo\":{\"@type\":\"ImageObject\",\"inLanguage\":\"fr-FR\",\"@id\":\"https:\/\/www.photoweb.fr\/espaces\/magazine\/#\/schema\/logo\/image\/\",\"url\":\"https:\/\/www.photoweb.fr\/espaces\/magazine\/wp-content\/uploads\/2021\/02\/Logo-Photoweb.jpg\",\"contentUrl\":\"https:\/\/www.photoweb.fr\/espaces\/magazine\/wp-content\/uploads\/2021\/02\/Logo-Photoweb.jpg\",\"width\":780,\"height\":456,\"caption\":\"Photoweb\"},\"image\":{\"@id\":\"https:\/\/www.photoweb.fr\/espaces\/magazine\/#\/schema\/logo\/image\/\"},\"sameAs\":[\"https:\/\/fr-fr.facebook.com\/Photoweb.fr\/\",\"https:\/\/twitter.com\/Photoweb_fr\",\"https:\/\/www.instagram.com\/photowebfr\/\",\"https:\/\/www.linkedin.com\/company\/347094\/\",\"https:\/\/www.pinterest.fr\/inspirationsphotoweb\/_created\/\",\"https:\/\/www.youtube.com\/channel\/UCtcVmTvkAzKQLVkiwfOm8sg\"]},{\"@type\":\"Person\",\"@id\":\"https:\/\/www.photoweb.fr\/espaces\/magazine\/#\/schema\/person\/111451a615bb7cbe790bf8b1d6b24391\",\"name\":\"melanie\"}]}<\/script>\n<!-- \/ Yoast SEO plugin. -->","yoast_head_json":{"title":"Faire son album photo : les membres de la famille r\u00e9unis","description":"Album photo de naissance, de voyage, de mariage\u2026 Il existe aussi l\u2019album photo de famille qui permet de retracer les meilleurs moments pass\u00e9s ensemble.","robots":{"index":"index","follow":"follow","max-snippet":"max-snippet:-1","max-image-preview":"max-image-preview:large","max-video-preview":"max-video-preview:-1"},"canonical":"https:\/\/www.photoweb.fr\/espaces\/magazine\/album-photo-la-famille-reunie\/","og_locale":"fr_FR","og_type":"article","og_title":"Faire son album photo : les membres de la famille r\u00e9unis","og_description":"Album photo de naissance, de voyage, de mariage\u2026 Il existe aussi l\u2019album photo de famille qui permet de retracer les meilleurs moments pass\u00e9s ensemble.","og_url":"https:\/\/www.photoweb.fr\/espaces\/magazine\/album-photo-la-famille-reunie\/","og_site_name":"Photoweb, le mag","article_publisher":"https:\/\/fr-fr.facebook.com\/Photoweb.fr\/","article_published_time":"2017-08-14T08:37:39+00:00","article_modified_time":"2022-05-24T14:13:07+00:00","og_image":[{"width":1280,"height":960,"url":"https:\/\/www.photoweb.fr\/espaces\/magazine\/wp-content\/uploads\/2017\/08\/album-photo-famille.jpg","type":"image\/jpeg"}],"author":"melanie","twitter_card":"summary_large_image","twitter_creator":"@Photoweb_fr","twitter_site":"@Photoweb_fr","twitter_misc":{"\u00c9crit par":"melanie","Dur\u00e9e de lecture estim\u00e9e":"3 minutes"},"schema":{"@context":"https:\/\/schema.org","@graph":[{"@type":"Article","@id":"https:\/\/www.photoweb.fr\/espaces\/magazine\/album-photo-la-famille-reunie\/#article","isPartOf":{"@id":"https:\/\/www.photoweb.fr\/espaces\/magazine\/album-photo-la-famille-reunie\/"},"author":{"name":"melanie","@id":"https:\/\/www.photoweb.fr\/espaces\/magazine\/#\/schema\/person\/111451a615bb7cbe790bf8b1d6b24391"},"headline":"Faire son album photo : les membres de la famille r\u00e9unis","datePublished":"2017-08-14T08:37:39+00:00","dateModified":"2022-05-24T14:13:07+00:00","mainEntityOfPage":{"@id":"https:\/\/www.photoweb.fr\/espaces\/magazine\/album-photo-la-famille-reunie\/"},"wordCount":546,"commentCount":1,"publisher":{"@id":"https:\/\/www.photoweb.fr\/espaces\/magazine\/#organization"},"keywords":["album photo","album photo en ligne","album photo personnalis\u00e9","Faire un album photo"],"articleSection":["Instants de vie"],"inLanguage":"fr-FR","potentialAction":[{"@type":"CommentAction","name":"Comment","target":["https:\/\/www.photoweb.fr\/espaces\/magazine\/album-photo-la-famille-reunie\/#respond"]}]},{"@type":"WebPage","@id":"https:\/\/www.photoweb.fr\/espaces\/magazine\/album-photo-la-famille-reunie\/","url":"https:\/\/www.photoweb.fr\/espaces\/magazine\/album-photo-la-famille-reunie\/","name":"Faire son album photo : les membres de la famille r\u00e9unis","isPartOf":{"@id":"https:\/\/www.photoweb.fr\/espaces\/magazine\/#website"},"datePublished":"2017-08-14T08:37:39+00:00","dateModified":"2022-05-24T14:13:07+00:00","description":"Album photo de naissance, de voyage, de mariage\u2026 Il existe aussi l\u2019album photo de famille qui permet de retracer les meilleurs moments pass\u00e9s ensemble.","breadcrumb":{"@id":"https:\/\/www.photoweb.fr\/espaces\/magazine\/album-photo-la-famille-reunie\/#breadcrumb"},"inLanguage":"fr-FR","potentialAction":[{"@type":"ReadAction","target":["https:\/\/www.photoweb.fr\/espaces\/magazine\/album-photo-la-famille-reunie\/"]}]},{"@type":"BreadcrumbList","@id":"https:\/\/www.photoweb.fr\/espaces\/magazine\/album-photo-la-famille-reunie\/#breadcrumb","itemListElement":[{"@type":"ListItem","position":1,"name":"Accueil","item":"https:\/\/www.photoweb.fr\/espaces\/magazine\/"},{"@type":"ListItem","position":2,"name":"Instants de vie","item":"https:\/\/www.photoweb.fr\/espaces\/magazine\/instants-de-vie\/"},{"@type":"ListItem","position":3,"name":"Faire son album photo : les membres de la famille r\u00e9unis"}]},{"@type":"WebSite","@id":"https:\/\/www.photoweb.fr\/espaces\/magazine\/#website","url":"https:\/\/www.photoweb.fr\/espaces\/magazine\/","name":"Photoweb, le mag","description":"Le magazine de Photoweb","publisher":{"@id":"https:\/\/www.photoweb.fr\/espaces\/magazine\/#organization"},"potentialAction":[{"@type":"SearchAction","target":{"@type":"EntryPoint","urlTemplate":"https:\/\/www.photoweb.fr\/espaces\/magazine\/?s={search_term_string}"},"query-input":"required name=search_term_string"}],"inLanguage":"fr-FR"},{"@type":"Organization","@id":"https:\/\/www.photoweb.fr\/espaces\/magazine\/#organization","name":"Photoweb","url":"https:\/\/www.photoweb.fr\/espaces\/magazine\/","logo":{"@type":"ImageObject","inLanguage":"fr-FR","@id":"https:\/\/www.photoweb.fr\/espaces\/magazine\/#\/schema\/logo\/image\/","url":"https:\/\/www.photoweb.fr\/espaces\/magazine\/wp-content\/uploads\/2021\/02\/Logo-Photoweb.jpg","contentUrl":"https:\/\/www.photoweb.fr\/espaces\/magazine\/wp-content\/uploads\/2021\/02\/Logo-Photoweb.jpg","width":780,"height":456,"caption":"Photoweb"},"image":{"@id":"https:\/\/www.photoweb.fr\/espaces\/magazine\/#\/schema\/logo\/image\/"},"sameAs":["https:\/\/fr-fr.facebook.com\/Photoweb.fr\/","https:\/\/twitter.com\/Photoweb_fr","https:\/\/www.instagram.com\/photowebfr\/","https:\/\/www.linkedin.com\/company\/347094\/","https:\/\/www.pinterest.fr\/inspirationsphotoweb\/_created\/","https:\/\/www.youtube.com\/channel\/UCtcVmTvkAzKQLVkiwfOm8sg"]},{"@type":"Person","@id":"https:\/\/www.photoweb.fr\/espaces\/magazine\/#\/schema\/person\/111451a615bb7cbe790bf8b1d6b24391","name":"melanie"}]}},"acf":[],"_links":{"self":[{"href":"https:\/\/www.photoweb.fr\/espaces\/magazine\/wp-json\/wp\/v2\/posts\/1069","targetHints":{"allow":["GET"]}}],"collection":[{"href":"https:\/\/www.photoweb.fr\/espaces\/magazine\/wp-json\/wp\/v2\/posts"}],"about":[{"href":"https:\/\/www.photoweb.fr\/espaces\/magazine\/wp-json\/wp\/v2\/types\/post"}],"author":[{"embeddable":true,"href":"https:\/\/www.photoweb.fr\/espaces\/magazine\/wp-json\/wp\/v2\/users\/21"}],"replies":[{"embeddable":true,"href":"https:\/\/www.photoweb.fr\/espaces\/magazine\/wp-json\/wp\/v2\/comments?post=1069"}],"version-history":[{"count":1,"href":"https:\/\/www.photoweb.fr\/espaces\/magazine\/wp-json\/wp\/v2\/posts\/1069\/revisions"}],"predecessor-version":[{"id":11145,"href":"https:\/\/www.photoweb.fr\/espaces\/magazine\/wp-json\/wp\/v2\/posts\/1069\/revisions\/11145"}],"wp:featuredmedia":[{"embeddable":true,"href":"https:\/\/www.photoweb.fr\/espaces\/magazine\/wp-json\/wp\/v2\/media\/1070"}],"wp:attachment":[{"href":"https:\/\/www.photoweb.fr\/espaces\/magazine\/wp-json\/wp\/v2\/media?parent=1069"}],"wp:term":[{"taxonomy":"category","embeddable":true,"href":"https:\/\/www.photoweb.fr\/espaces\/magazine\/wp-json\/wp\/v2\/categories?post=1069"},{"taxonomy":"post_tag","embeddable":true,"href":"https:\/\/www.photoweb.fr\/espaces\/magazine\/wp-json\/wp\/v2\/tags?post=1069"}],"curies":[{"name":"wp","href":"https:\/\/api.w.org\/{rel}","templated":true}]}}