{"id":1110,"date":"2017-08-07T12:54:23","date_gmt":"2017-08-07T12:54:23","guid":{"rendered":"https:\/\/www.photoweb.fr\/espaces\/magazine\/magazine\/?p=1110"},"modified":"2022-05-24T14:13:47","modified_gmt":"2022-05-24T14:13:47","slug":"livre-photo-compact-un-livre-photo-pas-cher","status":"publish","type":"post","link":"https:\/\/www.photoweb.fr\/espaces\/magazine\/livre-photo-compact-un-livre-photo-pas-cher\/","title":{"rendered":"Livre photo pas cher : Faire un album photo \u00e0 petit prix"},"content":{"rendered":"<p>Bien d\u00e9cider \u00e0 en finir avec les immenses <a href=\"https:\/\/www.photoweb.fr\/livre-photo\/album-photo-prestige\/listing\">albums photos<\/a> qui prennent la poussi\u00e8re sur votre \u00e9tag\u00e8re, vous \u00eates bien d\u00e9cid\u00e9 \u00e0 opter pour une solution plus pratique ?<\/p>\n<p>Si comme nous, vous trouvez que les photos papier sont toujours ind\u00e9tr\u00f4nables pour partager de bons moments avec ses proches ou les exposer fi\u00e8rement chez soi, vous devez vous demander s&rsquo;il existe une solution \u00e9conomique qui permette de gagner de la place. Et oui, prot\u00e9ger et ranger ses photos de mani\u00e8re pratique est maintenant possible gr\u00e2ce \u00e0 un <a href=\"https:\/\/www.photoweb.fr\/livre-photo\/retro\/listing\">album photo en ligne<\/a>. Qu&rsquo;est-ce qu&rsquo;un livre photo compact ? \u00c0 quoi sert-il ? Voici quelques informations pr\u00e9cieuses sur ces petits objets indispensables pour ranger vos souvenirs.<\/p>\n<h2><strong>Le livre photo pas cher, une solution \u00e9conomique<\/strong><\/h2>\n<p>Les grands album photos sont souvent chers tandis que les carnets transparents du march\u00e9 sont souvent peu esth\u00e9tiques. Le <a href=\"https:\/\/www.photoweb.fr\/livre-photo\/livre-photo-pas-cher\/listing\" target=\"_blank\" rel=\"noopener\">livre photo pas cher<\/a> est une solution \u00e9conomique et moderne pour montrer fi\u00e8rement ses photos de week-end ou de vacances \u00e0 ses amis, sa famille ou ses coll\u00e8gues de bureau. Bien moins cher qu&rsquo;un album photo classique, adoptez le livre photo pas cher comme solution efficace et design pour prot\u00e9ger vos photos et vos <strong>\u00e9conomies<\/strong>.<\/p>\n<h2><strong>Le format compact, un album photo toujours \u00e0 port\u00e9e de main<\/strong><\/h2>\n<p>En plus de respecter votre budget, <a href=\"https:\/\/www.photoweb.fr\/livre-photo\/album-photo-pas-cher\/listing\">l&rsquo;album photo pas cher<\/a> propose une solution pratique pour transporter vos photos et toujours les avoir \u00e0 port\u00e9e de main. Avec une solution aussi compacte qu&rsquo;un petit <strong>album photo<\/strong>, vous pouvez toujours avoir vos photos sur vous et les partager lors d&rsquo;une pause-d\u00e9jeuner ou d&rsquo;une visite chez des amis. Dans votre sac \u00e0 dos, votre sac \u00e0 main ou votre voiture, un mini livre est l&rsquo;astuce pratique \u00e0 conna\u00eetre pour d\u00e9gainer ses photos rapidement tout en les prot\u00e9geant.<\/p>\n<h2><strong>Facile \u00e0 ranger\u2026<\/strong><\/h2>\n<p>Autre avantage pratique, le <strong>livre photo <\/strong>pas cher est une solution facile \u00e0 ranger. L\u00e0 o\u00f9 nos anciens albums photos prenaient plusieurs \u00e9tag\u00e8res de la biblioth\u00e8que, les albums photos compacts s&rsquo;entreposent facilement dans un tiroir de votre bureau ou dans la table de chevet de votre chambre. Ainsi, il est plus facile de les consulter et de les remettre en place. C&rsquo;est le produit parfait pour pouvoir jeter un coup d&rsquo;\u0153il rapide \u00e0 ses photos au cours de la journ\u00e9e, d\u00e8s que l&rsquo;envie s&rsquo;en fait ressentir.<\/p>\n<p>\t\t\t\t<img loading=\"lazy\" decoding=\"async\" src=\"https:\/\/www.photoweb.fr\/espaces\/magazine\/wp-content\/uploads\/2017\/08\/livre-photo-style-photoweb..jpg\" alt=\"faire album photo pas cher\" itemprop=\"image\" height=\"960\" width=\"1280\" title=\"faire album photo pas cher\"  \/><\/p>\n<h2><strong>L&rsquo;album photo compact, une id\u00e9e cadeau originale !<\/strong><\/h2>\n<p>Voici une id\u00e9e sympa et originale qui plaira aux amateurs de photos. L&rsquo;album photo de poche est un cadeau qui s\u00e9duira avec son look moderne et la possibilit\u00e9 d&rsquo;imprimer ses photos, de les conserver efficacement et de les avoir toujours sur soi. Astuce pratique : pour immortaliser un voyage ou un souvenir entre amis, pourquoi ne pas s\u00e9lectionner les meilleurs clich\u00e9s de ces instants, les imprimer et les offrir \u00e0 vos amis dans un de <strong>ces albums de poche<\/strong>. Voici une occasion de faire un cadeau vraiment personnalis\u00e9 et sans se ruiner.<\/p>\n<p>Le <strong>livre photo au format compact<\/strong> est la solution parfaite pour conserver vos photos et les partager. \u00c9conomique, pratique et pr\u00eat \u00e0 se ranger partout, c&rsquo;est aussi le cadeau id\u00e9al et sympa pour les personnes qui comptent pour vous.<\/p>\n<p>\t\t\t\t<img loading=\"lazy\" decoding=\"async\" src=\"https:\/\/www.photoweb.fr\/espaces\/magazine\/wp-content\/uploads\/2017\/08\/album-de-poche-fantaisie.jpg\" alt=\"cr\u00e9er album photo pas cher\" itemprop=\"image\" height=\"960\" width=\"1280\" title=\"cr\u00e9er album photo pas cher\"  \/><\/p>\n<p>1.2.3.<br \/>\n<\/br>imprimez&#8239;!<\/p>\n<p>\t\t\t\t<a href=\"https:\/\/www.photoweb.fr\/livre-photo\/listing\" target=\"_blank\" rel=\"noopener\" itemprop=\"url\"><br \/>\n\t\t\t\t<img loading=\"lazy\" decoding=\"async\" src=\"https:\/\/www.photoweb.fr\/espaces\/magazine\/wp-content\/uploads\/2017\/06\/Livre-photo-prestige-paysage-photoweb.jpg\" alt=\"Livre photo format prestige paysage photoweb\" itemprop=\"image\" height=\"600\" width=\"600\" title=\"Livre photo format prestige paysage photoweb\"  \/><br \/>\n\t\t\t\t<\/a><br \/>\n\t<a href=\"https:\/\/www.photoweb.fr\/livre-photo\/listing\"><br \/>\ncr\u00e9er mon livre photo<\/a><br \/>\n\t\t\t\t<a href=\"https:\/\/www.photoweb.fr\/livre-photo\/album-poche\" target=\"_blank\" rel=\"noopener\" itemprop=\"url\"><br \/>\n\t\t\t\t<img loading=\"lazy\" decoding=\"async\" src=\"https:\/\/www.photoweb.fr\/espaces\/magazine\/wp-content\/uploads\/2017\/08\/album-de-poche-photoweb.jpg\" alt=\"album photos pas cher\" itemprop=\"image\" height=\"600\" width=\"600\" title=\"album photos pas cher\"  \/><br \/>\n\t\t\t\t<\/a><br \/>\n\t<a href=\"https:\/\/www.photoweb.fr\/livre-photo\/album-poche\"><br \/>\ncr\u00e9er mon album de poche<\/a><\/p>\n","protected":false},"excerpt":{"rendered":"<p>Bien d\u00e9cider \u00e0 en finir avec les immenses albums photos qui prennent la poussi\u00e8re sur votre \u00e9tag\u00e8re, vous \u00eates bien d\u00e9cid\u00e9 \u00e0 opter pour une solution plus pratique ? Si comme nous, vous trouvez que les photos papier sont toujours ind\u00e9tr\u00f4nables pour partager de bons moments avec ses proches ou les exposer fi\u00e8rement chez soi, vous devez vous demander s&rsquo;il existe une solution \u00e9conomique qui permette de gagner de la place\u2026 Et il en existe une !<br \/>\nGr\u00e2ce aux livres photo, il est d\u00e9sormais simple et pratique de conserver toutes ses photos sous format papier, dans un livre permettant un gain de place important. Personnalisables et pas chers, il est facile de confectionner un album qui nous ressemble, en rassemblant tous nos souvenirs\u2026 Taille, format, couleur, filtre ou illustration, tout est possible afin de cr\u00e9er un livre photo original, unique et pas cher ! <\/p>\n","protected":false},"author":21,"featured_media":1118,"comment_status":"open","ping_status":"open","sticky":false,"template":"single-standard.php","format":"standard","meta":{"footnotes":""},"categories":[5],"tags":[27,28],"class_list":["post-1110","post","type-post","status-publish","format-standard","has-post-thumbnail","hentry","category-carnet-de-tendances","tag-album-photo-personnalise","tag-livre-photo-pas-cher"],"yoast_head":"<!-- This site is optimized with the Yoast SEO plugin v20.3 - https:\/\/yoast.com\/wordpress\/plugins\/seo\/ -->\n<title>Livre photo pas cher : Faire un album photo \u00e0 petit prix<\/title>\n<meta name=\"description\" content=\"Le livre photo compact est une solution id\u00e9ale pour ranger ses photos dans un livre photo pas cher et pratique\" \/>\n<meta name=\"robots\" content=\"index, follow, max-snippet:-1, max-image-preview:large, max-video-preview:-1\" \/>\n<link rel=\"canonical\" href=\"https:\/\/www.photoweb.fr\/espaces\/magazine\/livre-photo-compact-un-livre-photo-pas-cher\/\" \/>\n<meta property=\"og:locale\" content=\"fr_FR\" \/>\n<meta property=\"og:type\" content=\"article\" \/>\n<meta property=\"og:title\" content=\"Livre photo pas cher : Faire un album photo \u00e0 petit prix\" \/>\n<meta property=\"og:description\" content=\"Le livre photo compact est une solution id\u00e9ale pour ranger ses photos dans un livre photo pas cher et pratique\" \/>\n<meta property=\"og:url\" content=\"https:\/\/www.photoweb.fr\/espaces\/magazine\/livre-photo-compact-un-livre-photo-pas-cher\/\" \/>\n<meta property=\"og:site_name\" content=\"Photoweb, le mag\" \/>\n<meta property=\"article:publisher\" content=\"https:\/\/fr-fr.facebook.com\/Photoweb.fr\/\" \/>\n<meta property=\"article:published_time\" content=\"2017-08-07T12:54:23+00:00\" \/>\n<meta property=\"article:modified_time\" content=\"2022-05-24T14:13:47+00:00\" \/>\n<meta property=\"og:image\" content=\"https:\/\/www.photoweb.fr\/espaces\/magazine\/wp-content\/uploads\/2017\/08\/livre-photo-moderne-photoweb.jpg\" \/>\n\t<meta property=\"og:image:width\" content=\"1280\" \/>\n\t<meta property=\"og:image:height\" content=\"960\" \/>\n\t<meta property=\"og:image:type\" content=\"image\/jpeg\" \/>\n<meta name=\"author\" content=\"melanie\" \/>\n<meta name=\"twitter:card\" content=\"summary_large_image\" \/>\n<meta name=\"twitter:creator\" content=\"@Photoweb_fr\" \/>\n<meta name=\"twitter:site\" content=\"@Photoweb_fr\" \/>\n<meta name=\"twitter:label1\" content=\"\u00c9crit par\" \/>\n\t<meta name=\"twitter:data1\" content=\"melanie\" \/>\n\t<meta name=\"twitter:label2\" content=\"Dur\u00e9e de lecture estim\u00e9e\" \/>\n\t<meta name=\"twitter:data2\" content=\"3 minutes\" \/>\n<script type=\"application\/ld+json\" class=\"yoast-schema-graph\">{\"@context\":\"https:\/\/schema.org\",\"@graph\":[{\"@type\":\"Article\",\"@id\":\"https:\/\/www.photoweb.fr\/espaces\/magazine\/livre-photo-compact-un-livre-photo-pas-cher\/#article\",\"isPartOf\":{\"@id\":\"https:\/\/www.photoweb.fr\/espaces\/magazine\/livre-photo-compact-un-livre-photo-pas-cher\/\"},\"author\":{\"name\":\"melanie\",\"@id\":\"https:\/\/www.photoweb.fr\/espaces\/magazine\/#\/schema\/person\/111451a615bb7cbe790bf8b1d6b24391\"},\"headline\":\"Livre photo pas cher : Faire un album photo \u00e0 petit prix\",\"datePublished\":\"2017-08-07T12:54:23+00:00\",\"dateModified\":\"2022-05-24T14:13:47+00:00\",\"mainEntityOfPage\":{\"@id\":\"https:\/\/www.photoweb.fr\/espaces\/magazine\/livre-photo-compact-un-livre-photo-pas-cher\/\"},\"wordCount\":554,\"commentCount\":0,\"publisher\":{\"@id\":\"https:\/\/www.photoweb.fr\/espaces\/magazine\/#organization\"},\"keywords\":[\"album photo personnalis\u00e9\",\"livre photo pas cher\"],\"articleSection\":[\"Carnet de tendance\"],\"inLanguage\":\"fr-FR\",\"potentialAction\":[{\"@type\":\"CommentAction\",\"name\":\"Comment\",\"target\":[\"https:\/\/www.photoweb.fr\/espaces\/magazine\/livre-photo-compact-un-livre-photo-pas-cher\/#respond\"]}]},{\"@type\":\"WebPage\",\"@id\":\"https:\/\/www.photoweb.fr\/espaces\/magazine\/livre-photo-compact-un-livre-photo-pas-cher\/\",\"url\":\"https:\/\/www.photoweb.fr\/espaces\/magazine\/livre-photo-compact-un-livre-photo-pas-cher\/\",\"name\":\"Livre photo pas cher : Faire un album photo \u00e0 petit prix\",\"isPartOf\":{\"@id\":\"https:\/\/www.photoweb.fr\/espaces\/magazine\/#website\"},\"datePublished\":\"2017-08-07T12:54:23+00:00\",\"dateModified\":\"2022-05-24T14:13:47+00:00\",\"description\":\"Le livre photo compact est une solution id\u00e9ale pour ranger ses photos dans un livre photo pas cher et pratique\",\"breadcrumb\":{\"@id\":\"https:\/\/www.photoweb.fr\/espaces\/magazine\/livre-photo-compact-un-livre-photo-pas-cher\/#breadcrumb\"},\"inLanguage\":\"fr-FR\",\"potentialAction\":[{\"@type\":\"ReadAction\",\"target\":[\"https:\/\/www.photoweb.fr\/espaces\/magazine\/livre-photo-compact-un-livre-photo-pas-cher\/\"]}]},{\"@type\":\"BreadcrumbList\",\"@id\":\"https:\/\/www.photoweb.fr\/espaces\/magazine\/livre-photo-compact-un-livre-photo-pas-cher\/#breadcrumb\",\"itemListElement\":[{\"@type\":\"ListItem\",\"position\":1,\"name\":\"Accueil\",\"item\":\"https:\/\/www.photoweb.fr\/espaces\/magazine\/\"},{\"@type\":\"ListItem\",\"position\":2,\"name\":\"Carnet de tendance\",\"item\":\"https:\/\/www.photoweb.fr\/espaces\/magazine\/carnet-de-tendances\/\"},{\"@type\":\"ListItem\",\"position\":3,\"name\":\"Livre photo pas cher : Faire un album photo \u00e0 petit prix\"}]},{\"@type\":\"WebSite\",\"@id\":\"https:\/\/www.photoweb.fr\/espaces\/magazine\/#website\",\"url\":\"https:\/\/www.photoweb.fr\/espaces\/magazine\/\",\"name\":\"Photoweb, le mag\",\"description\":\"Le magazine de Photoweb\",\"publisher\":{\"@id\":\"https:\/\/www.photoweb.fr\/espaces\/magazine\/#organization\"},\"potentialAction\":[{\"@type\":\"SearchAction\",\"target\":{\"@type\":\"EntryPoint\",\"urlTemplate\":\"https:\/\/www.photoweb.fr\/espaces\/magazine\/?s={search_term_string}\"},\"query-input\":\"required name=search_term_string\"}],\"inLanguage\":\"fr-FR\"},{\"@type\":\"Organization\",\"@id\":\"https:\/\/www.photoweb.fr\/espaces\/magazine\/#organization\",\"name\":\"Photoweb\",\"url\":\"https:\/\/www.photoweb.fr\/espaces\/magazine\/\",\"logo\":{\"@type\":\"ImageObject\",\"inLanguage\":\"fr-FR\",\"@id\":\"https:\/\/www.photoweb.fr\/espaces\/magazine\/#\/schema\/logo\/image\/\",\"url\":\"https:\/\/www.photoweb.fr\/espaces\/magazine\/wp-content\/uploads\/2021\/02\/Logo-Photoweb.jpg\",\"contentUrl\":\"https:\/\/www.photoweb.fr\/espaces\/magazine\/wp-content\/uploads\/2021\/02\/Logo-Photoweb.jpg\",\"width\":780,\"height\":456,\"caption\":\"Photoweb\"},\"image\":{\"@id\":\"https:\/\/www.photoweb.fr\/espaces\/magazine\/#\/schema\/logo\/image\/\"},\"sameAs\":[\"https:\/\/fr-fr.facebook.com\/Photoweb.fr\/\",\"https:\/\/twitter.com\/Photoweb_fr\",\"https:\/\/www.instagram.com\/photowebfr\/\",\"https:\/\/www.linkedin.com\/company\/347094\/\",\"https:\/\/www.pinterest.fr\/inspirationsphotoweb\/_created\/\",\"https:\/\/www.youtube.com\/channel\/UCtcVmTvkAzKQLVkiwfOm8sg\"]},{\"@type\":\"Person\",\"@id\":\"https:\/\/www.photoweb.fr\/espaces\/magazine\/#\/schema\/person\/111451a615bb7cbe790bf8b1d6b24391\",\"name\":\"melanie\"}]}<\/script>\n<!-- \/ Yoast SEO plugin. -->","yoast_head_json":{"title":"Livre photo pas cher : Faire un album photo \u00e0 petit prix","description":"Le livre photo compact est une solution id\u00e9ale pour ranger ses photos dans un livre photo pas cher et pratique","robots":{"index":"index","follow":"follow","max-snippet":"max-snippet:-1","max-image-preview":"max-image-preview:large","max-video-preview":"max-video-preview:-1"},"canonical":"https:\/\/www.photoweb.fr\/espaces\/magazine\/livre-photo-compact-un-livre-photo-pas-cher\/","og_locale":"fr_FR","og_type":"article","og_title":"Livre photo pas cher : Faire un album photo \u00e0 petit prix","og_description":"Le livre photo compact est une solution id\u00e9ale pour ranger ses photos dans un livre photo pas cher et pratique","og_url":"https:\/\/www.photoweb.fr\/espaces\/magazine\/livre-photo-compact-un-livre-photo-pas-cher\/","og_site_name":"Photoweb, le mag","article_publisher":"https:\/\/fr-fr.facebook.com\/Photoweb.fr\/","article_published_time":"2017-08-07T12:54:23+00:00","article_modified_time":"2022-05-24T14:13:47+00:00","og_image":[{"width":1280,"height":960,"url":"https:\/\/www.photoweb.fr\/espaces\/magazine\/wp-content\/uploads\/2017\/08\/livre-photo-moderne-photoweb.jpg","type":"image\/jpeg"}],"author":"melanie","twitter_card":"summary_large_image","twitter_creator":"@Photoweb_fr","twitter_site":"@Photoweb_fr","twitter_misc":{"\u00c9crit par":"melanie","Dur\u00e9e de lecture estim\u00e9e":"3 minutes"},"schema":{"@context":"https:\/\/schema.org","@graph":[{"@type":"Article","@id":"https:\/\/www.photoweb.fr\/espaces\/magazine\/livre-photo-compact-un-livre-photo-pas-cher\/#article","isPartOf":{"@id":"https:\/\/www.photoweb.fr\/espaces\/magazine\/livre-photo-compact-un-livre-photo-pas-cher\/"},"author":{"name":"melanie","@id":"https:\/\/www.photoweb.fr\/espaces\/magazine\/#\/schema\/person\/111451a615bb7cbe790bf8b1d6b24391"},"headline":"Livre photo pas cher : Faire un album photo \u00e0 petit prix","datePublished":"2017-08-07T12:54:23+00:00","dateModified":"2022-05-24T14:13:47+00:00","mainEntityOfPage":{"@id":"https:\/\/www.photoweb.fr\/espaces\/magazine\/livre-photo-compact-un-livre-photo-pas-cher\/"},"wordCount":554,"commentCount":0,"publisher":{"@id":"https:\/\/www.photoweb.fr\/espaces\/magazine\/#organization"},"keywords":["album photo personnalis\u00e9","livre photo pas cher"],"articleSection":["Carnet de tendance"],"inLanguage":"fr-FR","potentialAction":[{"@type":"CommentAction","name":"Comment","target":["https:\/\/www.photoweb.fr\/espaces\/magazine\/livre-photo-compact-un-livre-photo-pas-cher\/#respond"]}]},{"@type":"WebPage","@id":"https:\/\/www.photoweb.fr\/espaces\/magazine\/livre-photo-compact-un-livre-photo-pas-cher\/","url":"https:\/\/www.photoweb.fr\/espaces\/magazine\/livre-photo-compact-un-livre-photo-pas-cher\/","name":"Livre photo pas cher : Faire un album photo \u00e0 petit prix","isPartOf":{"@id":"https:\/\/www.photoweb.fr\/espaces\/magazine\/#website"},"datePublished":"2017-08-07T12:54:23+00:00","dateModified":"2022-05-24T14:13:47+00:00","description":"Le livre photo compact est une solution id\u00e9ale pour ranger ses photos dans un livre photo pas cher et pratique","breadcrumb":{"@id":"https:\/\/www.photoweb.fr\/espaces\/magazine\/livre-photo-compact-un-livre-photo-pas-cher\/#breadcrumb"},"inLanguage":"fr-FR","potentialAction":[{"@type":"ReadAction","target":["https:\/\/www.photoweb.fr\/espaces\/magazine\/livre-photo-compact-un-livre-photo-pas-cher\/"]}]},{"@type":"BreadcrumbList","@id":"https:\/\/www.photoweb.fr\/espaces\/magazine\/livre-photo-compact-un-livre-photo-pas-cher\/#breadcrumb","itemListElement":[{"@type":"ListItem","position":1,"name":"Accueil","item":"https:\/\/www.photoweb.fr\/espaces\/magazine\/"},{"@type":"ListItem","position":2,"name":"Carnet de tendance","item":"https:\/\/www.photoweb.fr\/espaces\/magazine\/carnet-de-tendances\/"},{"@type":"ListItem","position":3,"name":"Livre photo pas cher : Faire un album photo \u00e0 petit prix"}]},{"@type":"WebSite","@id":"https:\/\/www.photoweb.fr\/espaces\/magazine\/#website","url":"https:\/\/www.photoweb.fr\/espaces\/magazine\/","name":"Photoweb, le mag","description":"Le magazine de Photoweb","publisher":{"@id":"https:\/\/www.photoweb.fr\/espaces\/magazine\/#organization"},"potentialAction":[{"@type":"SearchAction","target":{"@type":"EntryPoint","urlTemplate":"https:\/\/www.photoweb.fr\/espaces\/magazine\/?s={search_term_string}"},"query-input":"required name=search_term_string"}],"inLanguage":"fr-FR"},{"@type":"Organization","@id":"https:\/\/www.photoweb.fr\/espaces\/magazine\/#organization","name":"Photoweb","url":"https:\/\/www.photoweb.fr\/espaces\/magazine\/","logo":{"@type":"ImageObject","inLanguage":"fr-FR","@id":"https:\/\/www.photoweb.fr\/espaces\/magazine\/#\/schema\/logo\/image\/","url":"https:\/\/www.photoweb.fr\/espaces\/magazine\/wp-content\/uploads\/2021\/02\/Logo-Photoweb.jpg","contentUrl":"https:\/\/www.photoweb.fr\/espaces\/magazine\/wp-content\/uploads\/2021\/02\/Logo-Photoweb.jpg","width":780,"height":456,"caption":"Photoweb"},"image":{"@id":"https:\/\/www.photoweb.fr\/espaces\/magazine\/#\/schema\/logo\/image\/"},"sameAs":["https:\/\/fr-fr.facebook.com\/Photoweb.fr\/","https:\/\/twitter.com\/Photoweb_fr","https:\/\/www.instagram.com\/photowebfr\/","https:\/\/www.linkedin.com\/company\/347094\/","https:\/\/www.pinterest.fr\/inspirationsphotoweb\/_created\/","https:\/\/www.youtube.com\/channel\/UCtcVmTvkAzKQLVkiwfOm8sg"]},{"@type":"Person","@id":"https:\/\/www.photoweb.fr\/espaces\/magazine\/#\/schema\/person\/111451a615bb7cbe790bf8b1d6b24391","name":"melanie"}]}},"acf":[],"_links":{"self":[{"href":"https:\/\/www.photoweb.fr\/espaces\/magazine\/wp-json\/wp\/v2\/posts\/1110","targetHints":{"allow":["GET"]}}],"collection":[{"href":"https:\/\/www.photoweb.fr\/espaces\/magazine\/wp-json\/wp\/v2\/posts"}],"about":[{"href":"https:\/\/www.photoweb.fr\/espaces\/magazine\/wp-json\/wp\/v2\/types\/post"}],"author":[{"embeddable":true,"href":"https:\/\/www.photoweb.fr\/espaces\/magazine\/wp-json\/wp\/v2\/users\/21"}],"replies":[{"embeddable":true,"href":"https:\/\/www.photoweb.fr\/espaces\/magazine\/wp-json\/wp\/v2\/comments?post=1110"}],"version-history":[{"count":1,"href":"https:\/\/www.photoweb.fr\/espaces\/magazine\/wp-json\/wp\/v2\/posts\/1110\/revisions"}],"predecessor-version":[{"id":11148,"href":"https:\/\/www.photoweb.fr\/espaces\/magazine\/wp-json\/wp\/v2\/posts\/1110\/revisions\/11148"}],"wp:featuredmedia":[{"embeddable":true,"href":"https:\/\/www.photoweb.fr\/espaces\/magazine\/wp-json\/wp\/v2\/media\/1118"}],"wp:attachment":[{"href":"https:\/\/www.photoweb.fr\/espaces\/magazine\/wp-json\/wp\/v2\/media?parent=1110"}],"wp:term":[{"taxonomy":"category","embeddable":true,"href":"https:\/\/www.photoweb.fr\/espaces\/magazine\/wp-json\/wp\/v2\/categories?post=1110"},{"taxonomy":"post_tag","embeddable":true,"href":"https:\/\/www.photoweb.fr\/espaces\/magazine\/wp-json\/wp\/v2\/tags?post=1110"}],"curies":[{"name":"wp","href":"https:\/\/api.w.org\/{rel}","templated":true}]}}