{"id":1129,"date":"2017-08-14T09:31:50","date_gmt":"2017-08-14T09:31:50","guid":{"rendered":"https:\/\/www.photoweb.fr\/espaces\/magazine\/magazine\/?p=1129"},"modified":"2024-04-18T11:58:27","modified_gmt":"2024-04-18T09:58:27","slug":"album-photo-mariage-d-exception","status":"publish","type":"post","link":"https:\/\/www.photoweb.fr\/espaces\/magazine\/album-photo-mariage-d-exception\/","title":{"rendered":"Album photo mariage : cr\u00e9er un album photo d\u2019exception"},"content":{"rendered":"\n\n\t<p>Le mariage est un moment privil\u00e9gi\u00e9 qui c\u00e9l\u00e8bre l&rsquo;amour entre deux \u00eatres, mais aussi les retrouvailles et les rencontres des personnes qui sont ch\u00e8res \u00e0 chacun. Un <a href=\"https:\/\/www.photoweb.fr\/livre-photo\/elegance-amour\"><strong>album photo mariage<\/strong><\/a> permet quant \u00e0 lui de garder en souvenir les instants de joie uniques et pr\u00e9cieux, puis de les partager avec ses proches.<\/p>\n\t<h2><strong>Pour quelles occasions faire un album photo mariage ?<\/strong><\/h2>\n<p>La r\u00e9ponse \u00e0 cette question vous para\u00eet sans nul doute \u00e9vidente, mais sachez qu&rsquo;un <a href=\"https:\/\/www.photoweb.fr\/livre-photo\/elegance-amour\">livre photo mariage<\/a> se pr\u00eate aussi aux fian\u00e7ailles pour les familles les plus traditionnelles. Viennent ensuite les anniversaires de mariage qui, pour chaque dizaine d&rsquo;ann\u00e9es, en temps de c\u00e9l\u00e9brations, peuvent faire l&rsquo;objet d&rsquo;un album.<\/p>\n<p>Vous trouverez par ailleurs les albums photos de couple qui se distinguent des albums de mariage. A ne pas confondre donc. Ils mettent en lumi\u00e8re les instants amoureux du quotidien : week-ends \u00e0 deux, d\u00eeners romantiques, sorties&#8230; Un super cadeau pour la Saint Valentin si vous \u00eates \u00e0 court d&rsquo;id\u00e9es !<\/p>\n\t<h2><strong>Pourquoi choisir un photographe professionnel pour son album photo de mariage ?<\/strong><\/h2>\n<p>Peut-\u00eatre aviez-vous pens\u00e9 \u00e0 faire appel \u00e0 un ami \u00e0 vous pour le<strong> shooting photo le jour J<\/strong>. Voici cependant quelques raisons de choisir un professionnel pour les clich\u00e9s qui figureront sur votre <a href=\"https:\/\/www.photoweb.fr\/livre-photo\/listing\">album photo<\/a> de mariage :<\/p>\n<ol>\n<li>Il poss\u00e8de le mat\u00e9riel ad\u00e9quate pour faire face \u00e0 toutes les situations et produire des photos de qualit\u00e9 professionnelle : nettes, bien cadr\u00e9es, sublim\u00e9es, bien expos\u00e9es&#8230;<\/li>\n<li>Il a de l&rsquo;exp\u00e9rience et saura vous conseiller sur l&rsquo;organisation \u00e0 adopter pour la journ\u00e9e en termes de poses, de sc\u00e9narios cr\u00e9atifs et orignaux&#8230;<\/li>\n<li>Les clich\u00e9s seront les seuls souvenirs que vous aurez de ce moment magique. M\u00eame si vous n&rsquo;\u00eates pas fan de photos, vous appr\u00e9cierez sans doute d&rsquo;en avoir quelques-unes de tr\u00e8s bonne qualit\u00e9 pour vous rem\u00e9morer de temps en temps la plus belle journ\u00e9e de votre vie.<\/li>\n<\/ol>\n\t\t\t\t<img loading=\"lazy\" decoding=\"async\" src=\"https:\/\/www.photoweb.fr\/espaces\/magazine\/wp-content\/uploads\/2017\/08\/bouquet-fleurs-mariage.jpg\" alt=\"livre photo mariage\" itemprop=\"image\" height=\"960\" width=\"1280\" title=\"livre photo mariage\" onerror=\"this.style.display='none'\"  \/>\n\t\u00a0\u00bb \n\t<p>\u00ab Le mariage est la volont\u00e9 \u00e0 deux<\/p>\n<p>de cr\u00e9er l&rsquo;unique. \u00bb<\/p>\n<p>Friedrich Nietzsche<\/p>\n\t\u00a0\u00bb \n\t<h2><strong>Id\u00e9es de prises de vue pour un album photo r\u00e9ussi<\/strong><\/h2>\nComme indiqu\u00e9 plus haut, le photographe pourra vous conseiller sur les prises de vue qui feront de votre album; un <a href=\"https:\/\/www.photoweb.fr\/livre-photo\/tres-grand\/listing\n\">album photo original<\/a> : photos en amoureux avec ou sans th\u00e9matique, photos de groupe (avec la famille, les amis), zooms sur les d\u00e9tails de la d\u00e9coration, du lieu, des costumes, des robes&#8230;\n\t<h2><strong>Album de mariage : un rendu professionnel en un clic<\/strong><\/h2>\n<p>Que ce soit via le site ou l&rsquo;application mobile <strong>Photoweb.fr,<\/strong> cr\u00e9ez votre album photo mariage d&rsquo;exception de qualit\u00e9 professionnelle gr\u00e2ce notamment :<\/p>\n<ul>\n<li>Aux mat\u00e9riaux de qualit\u00e9 premium : le papier photo mat, brillant ou vernis s\u00e9lectif saura sublimer les couleurs et contrastes de vos photos,<\/li>\n<li>A l&rsquo;option de retouche qui permet d&rsquo;optimiser la qualit\u00e9 et le rendu de vos images,<\/li>\n<li>Aux designs et fonds graphiques qui vous proposent une multitude de mod\u00e8les.<\/li>\n<\/ul>\n\t<p>Parce qu&rsquo;il serait dommage de ne pas profiter de vos magnifiques photos, sublimez-les dans un <strong><a href=\"https:\/\/www.photoweb.fr\/livre-photo\/album-photo-prestige\/listing\">album photo<\/a><\/strong> en ligne. C&rsquo;est facile, rapide et amusant !<\/p>\n\t<p>Pour r\u00e9aliser un <a href=\"https:\/\/www.photoweb.fr\/espaces\/magazine\/magazine\/livre-d-or-mariage-personnalise\/\">livre d&rsquo;or de mariage<\/a> personnalis\u00e9, consultez cet article.<\/p>\n\t1.2.3.\nimprimez&#8239;!\n\t\t\t\t<a href=\"https:\/\/www.photoweb.fr\/livre-photo\/listing\" target=\"_blank\" rel=\"noopener\" itemprop=\"url\">\n\t\t\t\t<img loading=\"lazy\" decoding=\"async\" src=\"https:\/\/www.photoweb.fr\/espaces\/magazine\/wp-content\/uploads\/2017\/06\/Livre-photo-prestige-paysage-photoweb.jpg\" alt=\"Livre photo format prestige paysage photoweb\" itemprop=\"image\" height=\"600\" width=\"600\" title=\"Livre photo format prestige paysage photoweb\" onerror=\"this.style.display='none'\"  \/>\n\t\t\t\t<\/a>\n\t<a href=\"https:\/\/www.photoweb.fr\/livre-photo\/listing\">\ncr\u00e9er mon livre photo<\/a>\n\n","protected":false},"excerpt":{"rendered":"<p>Parce que l&rsquo;album photo de votre mariage se doit d&rsquo;\u00eatre aussi exceptionnel que le jour de votre union, nous avons choisi de vous livrer tous nos conseils pour des photos de mariage r\u00e9ussies !<\/p>\n","protected":false},"author":21,"featured_media":1133,"comment_status":"open","ping_status":"open","sticky":false,"template":"single-standard.php","format":"standard","meta":{"footnotes":""},"categories":[31],"tags":[48,26,27],"class_list":["post-1129","post","type-post","status-publish","format-standard","has-post-thumbnail","hentry","category-instants-de-vie","tag-album-photo","tag-album-photo-en-ligne","tag-album-photo-personnalise"],"yoast_head":"<!-- This site is optimized with the Yoast SEO plugin v20.3 - https:\/\/yoast.com\/wordpress\/plugins\/seo\/ -->\n<title>Album photo mariage : cr\u00e9er un album photo d\u2019exception<\/title>\n<meta name=\"description\" content=\"Le mariage est un jour d\u2019exception pour tous les couples amoureux. Un album photo mariage se doit donc d\u2019\u00eatre aussi exceptionnel !\" \/>\n<meta name=\"robots\" content=\"index, follow, max-snippet:-1, max-image-preview:large, max-video-preview:-1\" \/>\n<link rel=\"canonical\" href=\"https:\/\/www.photoweb.fr\/espaces\/magazine\/album-photo-mariage-d-exception\/\" \/>\n<meta property=\"og:locale\" content=\"fr_FR\" \/>\n<meta property=\"og:type\" content=\"article\" \/>\n<meta property=\"og:title\" content=\"Album photo mariage : cr\u00e9er un album photo d\u2019exception\" \/>\n<meta property=\"og:description\" content=\"Le mariage est un jour d\u2019exception pour tous les couples amoureux. Un album photo mariage se doit donc d\u2019\u00eatre aussi exceptionnel !\" \/>\n<meta property=\"og:url\" content=\"https:\/\/www.photoweb.fr\/espaces\/magazine\/album-photo-mariage-d-exception\/\" \/>\n<meta property=\"og:site_name\" content=\"Photoweb, le mag\" \/>\n<meta property=\"article:publisher\" content=\"https:\/\/fr-fr.facebook.com\/Photoweb.fr\/\" \/>\n<meta property=\"article:published_time\" content=\"2017-08-14T09:31:50+00:00\" \/>\n<meta property=\"article:modified_time\" content=\"2024-04-18T09:58:27+00:00\" \/>\n<meta property=\"og:image\" content=\"https:\/\/www.photoweb.fr\/espaces\/magazine\/wp-content\/uploads\/2017\/08\/mariage-maries.jpg\" \/>\n\t<meta property=\"og:image:width\" content=\"1280\" \/>\n\t<meta property=\"og:image:height\" content=\"960\" \/>\n\t<meta property=\"og:image:type\" content=\"image\/jpeg\" \/>\n<meta name=\"author\" content=\"melanie\" \/>\n<meta name=\"twitter:card\" content=\"summary_large_image\" \/>\n<meta name=\"twitter:creator\" content=\"@Photoweb_fr\" \/>\n<meta name=\"twitter:site\" content=\"@Photoweb_fr\" \/>\n<meta name=\"twitter:label1\" content=\"\u00c9crit par\" \/>\n\t<meta name=\"twitter:data1\" content=\"melanie\" \/>\n\t<meta name=\"twitter:label2\" content=\"Dur\u00e9e de lecture estim\u00e9e\" \/>\n\t<meta name=\"twitter:data2\" content=\"3 minutes\" \/>\n<script type=\"application\/ld+json\" class=\"yoast-schema-graph\">{\"@context\":\"https:\/\/schema.org\",\"@graph\":[{\"@type\":\"Article\",\"@id\":\"https:\/\/www.photoweb.fr\/espaces\/magazine\/album-photo-mariage-d-exception\/#article\",\"isPartOf\":{\"@id\":\"https:\/\/www.photoweb.fr\/espaces\/magazine\/album-photo-mariage-d-exception\/\"},\"author\":{\"name\":\"melanie\",\"@id\":\"https:\/\/www.photoweb.fr\/espaces\/magazine\/#\/schema\/person\/111451a615bb7cbe790bf8b1d6b24391\"},\"headline\":\"Album photo mariage : cr\u00e9er un album photo d\u2019exception\",\"datePublished\":\"2017-08-14T09:31:50+00:00\",\"dateModified\":\"2024-04-18T09:58:27+00:00\",\"mainEntityOfPage\":{\"@id\":\"https:\/\/www.photoweb.fr\/espaces\/magazine\/album-photo-mariage-d-exception\/\"},\"wordCount\":539,\"commentCount\":2,\"publisher\":{\"@id\":\"https:\/\/www.photoweb.fr\/espaces\/magazine\/#organization\"},\"keywords\":[\"album photo\",\"album photo en ligne\",\"album photo personnalis\u00e9\"],\"articleSection\":[\"Instants de vie\"],\"inLanguage\":\"fr-FR\",\"potentialAction\":[{\"@type\":\"CommentAction\",\"name\":\"Comment\",\"target\":[\"https:\/\/www.photoweb.fr\/espaces\/magazine\/album-photo-mariage-d-exception\/#respond\"]}]},{\"@type\":\"WebPage\",\"@id\":\"https:\/\/www.photoweb.fr\/espaces\/magazine\/album-photo-mariage-d-exception\/\",\"url\":\"https:\/\/www.photoweb.fr\/espaces\/magazine\/album-photo-mariage-d-exception\/\",\"name\":\"Album photo mariage : cr\u00e9er un album photo d\u2019exception\",\"isPartOf\":{\"@id\":\"https:\/\/www.photoweb.fr\/espaces\/magazine\/#website\"},\"datePublished\":\"2017-08-14T09:31:50+00:00\",\"dateModified\":\"2024-04-18T09:58:27+00:00\",\"description\":\"Le mariage est un jour d\u2019exception pour tous les couples amoureux. Un album photo mariage se doit donc d\u2019\u00eatre aussi exceptionnel !\",\"breadcrumb\":{\"@id\":\"https:\/\/www.photoweb.fr\/espaces\/magazine\/album-photo-mariage-d-exception\/#breadcrumb\"},\"inLanguage\":\"fr-FR\",\"potentialAction\":[{\"@type\":\"ReadAction\",\"target\":[\"https:\/\/www.photoweb.fr\/espaces\/magazine\/album-photo-mariage-d-exception\/\"]}]},{\"@type\":\"BreadcrumbList\",\"@id\":\"https:\/\/www.photoweb.fr\/espaces\/magazine\/album-photo-mariage-d-exception\/#breadcrumb\",\"itemListElement\":[{\"@type\":\"ListItem\",\"position\":1,\"name\":\"Accueil\",\"item\":\"https:\/\/www.photoweb.fr\/espaces\/magazine\/\"},{\"@type\":\"ListItem\",\"position\":2,\"name\":\"Instants de vie\",\"item\":\"https:\/\/www.photoweb.fr\/espaces\/magazine\/instants-de-vie\/\"},{\"@type\":\"ListItem\",\"position\":3,\"name\":\"Album photo mariage : cr\u00e9er un album photo d\u2019exception\"}]},{\"@type\":\"WebSite\",\"@id\":\"https:\/\/www.photoweb.fr\/espaces\/magazine\/#website\",\"url\":\"https:\/\/www.photoweb.fr\/espaces\/magazine\/\",\"name\":\"Photoweb, le mag\",\"description\":\"Le magazine de Photoweb\",\"publisher\":{\"@id\":\"https:\/\/www.photoweb.fr\/espaces\/magazine\/#organization\"},\"potentialAction\":[{\"@type\":\"SearchAction\",\"target\":{\"@type\":\"EntryPoint\",\"urlTemplate\":\"https:\/\/www.photoweb.fr\/espaces\/magazine\/?s={search_term_string}\"},\"query-input\":\"required name=search_term_string\"}],\"inLanguage\":\"fr-FR\"},{\"@type\":\"Organization\",\"@id\":\"https:\/\/www.photoweb.fr\/espaces\/magazine\/#organization\",\"name\":\"Photoweb\",\"url\":\"https:\/\/www.photoweb.fr\/espaces\/magazine\/\",\"logo\":{\"@type\":\"ImageObject\",\"inLanguage\":\"fr-FR\",\"@id\":\"https:\/\/www.photoweb.fr\/espaces\/magazine\/#\/schema\/logo\/image\/\",\"url\":\"https:\/\/www.photoweb.fr\/espaces\/magazine\/wp-content\/uploads\/2021\/02\/Logo-Photoweb.jpg\",\"contentUrl\":\"https:\/\/www.photoweb.fr\/espaces\/magazine\/wp-content\/uploads\/2021\/02\/Logo-Photoweb.jpg\",\"width\":780,\"height\":456,\"caption\":\"Photoweb\"},\"image\":{\"@id\":\"https:\/\/www.photoweb.fr\/espaces\/magazine\/#\/schema\/logo\/image\/\"},\"sameAs\":[\"https:\/\/fr-fr.facebook.com\/Photoweb.fr\/\",\"https:\/\/twitter.com\/Photoweb_fr\",\"https:\/\/www.instagram.com\/photowebfr\/\",\"https:\/\/www.linkedin.com\/company\/347094\/\",\"https:\/\/www.pinterest.fr\/inspirationsphotoweb\/_created\/\",\"https:\/\/www.youtube.com\/channel\/UCtcVmTvkAzKQLVkiwfOm8sg\"]},{\"@type\":\"Person\",\"@id\":\"https:\/\/www.photoweb.fr\/espaces\/magazine\/#\/schema\/person\/111451a615bb7cbe790bf8b1d6b24391\",\"name\":\"melanie\"}]}<\/script>\n<!-- \/ Yoast SEO plugin. -->","yoast_head_json":{"title":"Album photo mariage : cr\u00e9er un album photo d\u2019exception","description":"Le mariage est un jour d\u2019exception pour tous les couples amoureux. Un album photo mariage se doit donc d\u2019\u00eatre aussi exceptionnel !","robots":{"index":"index","follow":"follow","max-snippet":"max-snippet:-1","max-image-preview":"max-image-preview:large","max-video-preview":"max-video-preview:-1"},"canonical":"https:\/\/www.photoweb.fr\/espaces\/magazine\/album-photo-mariage-d-exception\/","og_locale":"fr_FR","og_type":"article","og_title":"Album photo mariage : cr\u00e9er un album photo d\u2019exception","og_description":"Le mariage est un jour d\u2019exception pour tous les couples amoureux. Un album photo mariage se doit donc d\u2019\u00eatre aussi exceptionnel !","og_url":"https:\/\/www.photoweb.fr\/espaces\/magazine\/album-photo-mariage-d-exception\/","og_site_name":"Photoweb, le mag","article_publisher":"https:\/\/fr-fr.facebook.com\/Photoweb.fr\/","article_published_time":"2017-08-14T09:31:50+00:00","article_modified_time":"2024-04-18T09:58:27+00:00","og_image":[{"width":1280,"height":960,"url":"https:\/\/www.photoweb.fr\/espaces\/magazine\/wp-content\/uploads\/2017\/08\/mariage-maries.jpg","type":"image\/jpeg"}],"author":"melanie","twitter_card":"summary_large_image","twitter_creator":"@Photoweb_fr","twitter_site":"@Photoweb_fr","twitter_misc":{"\u00c9crit par":"melanie","Dur\u00e9e de lecture estim\u00e9e":"3 minutes"},"schema":{"@context":"https:\/\/schema.org","@graph":[{"@type":"Article","@id":"https:\/\/www.photoweb.fr\/espaces\/magazine\/album-photo-mariage-d-exception\/#article","isPartOf":{"@id":"https:\/\/www.photoweb.fr\/espaces\/magazine\/album-photo-mariage-d-exception\/"},"author":{"name":"melanie","@id":"https:\/\/www.photoweb.fr\/espaces\/magazine\/#\/schema\/person\/111451a615bb7cbe790bf8b1d6b24391"},"headline":"Album photo mariage : cr\u00e9er un album photo d\u2019exception","datePublished":"2017-08-14T09:31:50+00:00","dateModified":"2024-04-18T09:58:27+00:00","mainEntityOfPage":{"@id":"https:\/\/www.photoweb.fr\/espaces\/magazine\/album-photo-mariage-d-exception\/"},"wordCount":539,"commentCount":2,"publisher":{"@id":"https:\/\/www.photoweb.fr\/espaces\/magazine\/#organization"},"keywords":["album photo","album photo en ligne","album photo personnalis\u00e9"],"articleSection":["Instants de vie"],"inLanguage":"fr-FR","potentialAction":[{"@type":"CommentAction","name":"Comment","target":["https:\/\/www.photoweb.fr\/espaces\/magazine\/album-photo-mariage-d-exception\/#respond"]}]},{"@type":"WebPage","@id":"https:\/\/www.photoweb.fr\/espaces\/magazine\/album-photo-mariage-d-exception\/","url":"https:\/\/www.photoweb.fr\/espaces\/magazine\/album-photo-mariage-d-exception\/","name":"Album photo mariage : cr\u00e9er un album photo d\u2019exception","isPartOf":{"@id":"https:\/\/www.photoweb.fr\/espaces\/magazine\/#website"},"datePublished":"2017-08-14T09:31:50+00:00","dateModified":"2024-04-18T09:58:27+00:00","description":"Le mariage est un jour d\u2019exception pour tous les couples amoureux. Un album photo mariage se doit donc d\u2019\u00eatre aussi exceptionnel !","breadcrumb":{"@id":"https:\/\/www.photoweb.fr\/espaces\/magazine\/album-photo-mariage-d-exception\/#breadcrumb"},"inLanguage":"fr-FR","potentialAction":[{"@type":"ReadAction","target":["https:\/\/www.photoweb.fr\/espaces\/magazine\/album-photo-mariage-d-exception\/"]}]},{"@type":"BreadcrumbList","@id":"https:\/\/www.photoweb.fr\/espaces\/magazine\/album-photo-mariage-d-exception\/#breadcrumb","itemListElement":[{"@type":"ListItem","position":1,"name":"Accueil","item":"https:\/\/www.photoweb.fr\/espaces\/magazine\/"},{"@type":"ListItem","position":2,"name":"Instants de vie","item":"https:\/\/www.photoweb.fr\/espaces\/magazine\/instants-de-vie\/"},{"@type":"ListItem","position":3,"name":"Album photo mariage : cr\u00e9er un album photo d\u2019exception"}]},{"@type":"WebSite","@id":"https:\/\/www.photoweb.fr\/espaces\/magazine\/#website","url":"https:\/\/www.photoweb.fr\/espaces\/magazine\/","name":"Photoweb, le mag","description":"Le magazine de Photoweb","publisher":{"@id":"https:\/\/www.photoweb.fr\/espaces\/magazine\/#organization"},"potentialAction":[{"@type":"SearchAction","target":{"@type":"EntryPoint","urlTemplate":"https:\/\/www.photoweb.fr\/espaces\/magazine\/?s={search_term_string}"},"query-input":"required name=search_term_string"}],"inLanguage":"fr-FR"},{"@type":"Organization","@id":"https:\/\/www.photoweb.fr\/espaces\/magazine\/#organization","name":"Photoweb","url":"https:\/\/www.photoweb.fr\/espaces\/magazine\/","logo":{"@type":"ImageObject","inLanguage":"fr-FR","@id":"https:\/\/www.photoweb.fr\/espaces\/magazine\/#\/schema\/logo\/image\/","url":"https:\/\/www.photoweb.fr\/espaces\/magazine\/wp-content\/uploads\/2021\/02\/Logo-Photoweb.jpg","contentUrl":"https:\/\/www.photoweb.fr\/espaces\/magazine\/wp-content\/uploads\/2021\/02\/Logo-Photoweb.jpg","width":780,"height":456,"caption":"Photoweb"},"image":{"@id":"https:\/\/www.photoweb.fr\/espaces\/magazine\/#\/schema\/logo\/image\/"},"sameAs":["https:\/\/fr-fr.facebook.com\/Photoweb.fr\/","https:\/\/twitter.com\/Photoweb_fr","https:\/\/www.instagram.com\/photowebfr\/","https:\/\/www.linkedin.com\/company\/347094\/","https:\/\/www.pinterest.fr\/inspirationsphotoweb\/_created\/","https:\/\/www.youtube.com\/channel\/UCtcVmTvkAzKQLVkiwfOm8sg"]},{"@type":"Person","@id":"https:\/\/www.photoweb.fr\/espaces\/magazine\/#\/schema\/person\/111451a615bb7cbe790bf8b1d6b24391","name":"melanie"}]}},"acf":[],"_links":{"self":[{"href":"https:\/\/www.photoweb.fr\/espaces\/magazine\/wp-json\/wp\/v2\/posts\/1129","targetHints":{"allow":["GET"]}}],"collection":[{"href":"https:\/\/www.photoweb.fr\/espaces\/magazine\/wp-json\/wp\/v2\/posts"}],"about":[{"href":"https:\/\/www.photoweb.fr\/espaces\/magazine\/wp-json\/wp\/v2\/types\/post"}],"author":[{"embeddable":true,"href":"https:\/\/www.photoweb.fr\/espaces\/magazine\/wp-json\/wp\/v2\/users\/21"}],"replies":[{"embeddable":true,"href":"https:\/\/www.photoweb.fr\/espaces\/magazine\/wp-json\/wp\/v2\/comments?post=1129"}],"version-history":[{"count":3,"href":"https:\/\/www.photoweb.fr\/espaces\/magazine\/wp-json\/wp\/v2\/posts\/1129\/revisions"}],"predecessor-version":[{"id":12870,"href":"https:\/\/www.photoweb.fr\/espaces\/magazine\/wp-json\/wp\/v2\/posts\/1129\/revisions\/12870"}],"wp:featuredmedia":[{"embeddable":true,"href":"https:\/\/www.photoweb.fr\/espaces\/magazine\/wp-json\/wp\/v2\/media\/1133"}],"wp:attachment":[{"href":"https:\/\/www.photoweb.fr\/espaces\/magazine\/wp-json\/wp\/v2\/media?parent=1129"}],"wp:term":[{"taxonomy":"category","embeddable":true,"href":"https:\/\/www.photoweb.fr\/espaces\/magazine\/wp-json\/wp\/v2\/categories?post=1129"},{"taxonomy":"post_tag","embeddable":true,"href":"https:\/\/www.photoweb.fr\/espaces\/magazine\/wp-json\/wp\/v2\/tags?post=1129"}],"curies":[{"name":"wp","href":"https:\/\/api.w.org\/{rel}","templated":true}]}}