{"id":12454,"date":"2023-11-28T16:49:53","date_gmt":"2023-11-28T14:49:53","guid":{"rendered":"https:\/\/www.photoweb.fr\/espaces\/magazine\/?p=12454"},"modified":"2024-02-21T11:46:13","modified_gmt":"2024-02-21T09:46:13","slug":"podcast-noel-responsable","status":"publish","type":"post","link":"https:\/\/www.photoweb.fr\/espaces\/magazine\/podcast-noel-responsable\/","title":{"rendered":"Nos inspis podcast pour un No\u00ebl plus responsable"},"content":{"rendered":"\r\n\r\n\t<p>Cl\u00e9ment, notre responsable RSE nous a conseill\u00e9 3 \u00e9pisodes de podcast sur la th\u00e9matique des f\u00eates plus responsables. On vous partage ses trouvailles pour retrouver le vrai sens de No\u00ebl.<\/p>\r\n\t<h2><strong>\u00ab\u00a0Un No\u00ebl responsable \u00e7a veut dire quoi ?\u00a0\u00bb<\/strong><\/h2>\r\n<p><strong>France Bleu<\/strong> avec <em>Eveline Bouillon<\/em><\/p>\r\n<br \/>\r\n<a href=\"https:\/\/www.radiofrance.fr\/francebleu\/podcasts\/le-laboratoire-du-bonheur\/un-noel-responsable-ca-veut-dire-quoi-par-eveline-bouillon-1924913\" target=\"_blank\" rel=\"noopener\">\u00c9couter le podcast<\/a><strong><img decoding=\"async\" role=\"img\" draggable=\"false\" src=\"https:\/\/s.w.org\/images\/core\/emoji\/14.0.0\/svg\/1f399.svg\" alt=\"\ud83c\udf99\" \/><\/strong>\r\n<p>D\u00e9corer son int\u00e9rieur avec des objets naturels ou recycl\u00e9s, faire des cadeaux de seconde main, opter pour des emballages cadeaux r\u00e9utilisables&#8230; En quelques minutes, Eveline Bouillon vous donne des pistes pour passer des f\u00eates plus responsables.<\/p>\r\n<p><strong>Ce qui nous a inspir\u00e9<\/strong> <img decoding=\"async\" role=\"img\" draggable=\"false\" src=\"https:\/\/s.w.org\/images\/core\/emoji\/14.0.0\/svg\/1f49a.svg\" alt=\"\ud83d\udc9a\" \/> : Les ateliers d\u00e9co, cadeaux et emballages DIY (faits main) o\u00f9 toute la famille met la main \u00e0 la p\u00e2te. De quoi occuper tout le monde avec le froid qui s&rsquo;installe !<\/p>\r\n<p>&nbsp;<\/p>\r\n<h2><strong>\u00ab\u00a0Le No\u00ebl durable des tout-petits\u00a0\u00bb<\/strong><\/h2>\r\n<p><strong>Basilic Podcast<\/strong> avec <em>@lananasblonde<\/em><\/p>\r\n<br \/>\r\n<a href=\"https:\/\/basilicpodcast.com\/noel-bebes-cadeaux-ethiques\/\" target=\"_blank\" rel=\"noopener\">\u00c9couter le podcast<\/a><strong><img decoding=\"async\" role=\"img\" draggable=\"false\" src=\"https:\/\/s.w.org\/images\/core\/emoji\/14.0.0\/svg\/1f399.svg\" alt=\"\ud83c\udf99\" \/><\/strong> \r\n<p>Que seraient les f\u00eates sans le mythe du P\u00e8re No\u00ebl et les cadeaux re\u00e7us par les enfants ?<\/p>\r\n<p>Pauline de L&rsquo;ananas Blonde partage ses id\u00e9es cadeaux \u00e9thiques et green pour les tout-petits dans sa <a href=\"https:\/\/lananasblonde.com\/cadeaux-ethiques-green-bebe\/\">s\u00e9lection No\u00ebl<\/a>.<\/p>\r\n<p><strong>Ce qui nous a inspir\u00e9<\/strong> <img decoding=\"async\" role=\"img\" draggable=\"false\" src=\"https:\/\/s.w.org\/images\/core\/emoji\/14.0.0\/svg\/1f49a.svg\" alt=\"\ud83d\udc9a\" \/> : Avoir une discussion avec ses proches et les inciter \u00e0 se limiter \u00e0 un seul cadeau par enfant. Ils sont d\u00e9j\u00e0 bien assez \u00e9merveill\u00e9s par la magie de No\u00ebl, pas besoin de crouler sous les jouets !<\/p>\r\n<p>&nbsp;<\/p>\r\n<h2><strong>\u00ab\u00a0Et si on f\u00eatait No\u00ebl autrement ?\u00a0\u00bb<\/strong><\/h2>\r\n<p><strong>Reporterre<\/strong> avec<em> Flore Berlingen, Laura Morosini, et Nadine Cretin<\/em><\/p>\r\n<br \/>\r\n<a href=\"https:\/\/reporterre.net\/PODCAST-Et-si-on-fetait-Noel-autrement\" target=\"_blank\" rel=\"noopener\">\u00c9couter le podcast<\/a><strong><img decoding=\"async\" role=\"img\" draggable=\"false\" src=\"https:\/\/s.w.org\/images\/core\/emoji\/14.0.0\/svg\/1f399.svg\" alt=\"\ud83c\udf99\" \/><\/strong> \r\n<p>No\u00ebl n&rsquo;a pas toujours \u00e9t\u00e9 synonyme de surconsommation<small>\u00a0<\/small>! Comment f\u00eater No\u00ebl autrement, en retrouvant le sens profond de cette f\u00eate du solstice d&rsquo;hiver et c\u00e9l\u00e9brant le retour de la lumi\u00e8re<small> ?<\/small><\/p>\r\n<p><strong>Ce qui nous a inspir\u00e9<\/strong> <img decoding=\"async\" role=\"img\" draggable=\"false\" src=\"https:\/\/s.w.org\/images\/core\/emoji\/14.0.0\/svg\/1f49a.svg\" alt=\"\ud83d\udc9a\" \/> : L&rsquo;id\u00e9e d&rsquo;offrir des cadeaux DIY (faits main). On va offrir tout le temps pass\u00e9 \u00e0 cr\u00e9er un cadeau avec beaucoup d&rsquo;amour et ces moments de partage rappellent bien l&rsquo;esprit de No\u00ebl !<\/p>\r\n\r\n\r\n<p>&nbsp;<\/p>\r\n\r\n<p><strong>Et vous, qu&rsquo;est-ce qui vous a inspir\u00e9 dans ces 3 \u00e9pisodes ?<\/strong><\/p>\r\n\t\t\t\t<a href=\"https:\/\/www.photoweb.fr\/cadeau-personnalise\/produit-reutilisable\/listing\" target=\"_self\" itemprop=\"url\" rel=\"noopener\">\r\n\t\t\t\t<img loading=\"lazy\" decoding=\"async\" src=\"https:\/\/www.photoweb.fr\/espaces\/magazine\/wp-content\/uploads\/2023\/11\/test-marine-bandeau.jpg\" alt=\"cadeaux personnalis\u00e9s photo\" itemprop=\"image\" height=\"398\" width=\"1920\" title=\"cadeaux personnalis\u00e9s photo\" onerror=\"this.style.display='none'\"  \/>\r\n\t\t\t\t<\/a>\r\n\t1.2.3.\r\nimprimez&#8239;!\r\n\t\t\t\t<a href=\"https:\/\/www.photoweb.fr\/tirage-photo\/listing\" target=\"_blank\" rel=\"noopener\" itemprop=\"url\">\r\n\t\t\t\t<img loading=\"lazy\" decoding=\"async\" src=\"https:\/\/www.photoweb.fr\/espaces\/magazine\/wp-content\/uploads\/2017\/06\/Tirages-classiques-photoweb.jpg\" alt=\"Tirages premium\" itemprop=\"image\" height=\"600\" width=\"600\" title=\"Tirages premium\" onerror=\"this.style.display='none'\"  \/>\r\n\t\t\t\t<\/a>\r\n\t<a target=\"_blank\" href=\"https:\/\/www.photoweb.fr\/tirage-photo\/listing\" rel=\"noopener\">\r\nCr\u00e9er vos tirages<\/a>\r\n\t\t\t\t<a href=\"https:\/\/www.photoweb.fr\/livre-photo\/listing\" target=\"_blank\" rel=\"noopener\" itemprop=\"url\">\r\n\t\t\t\t<img loading=\"lazy\" decoding=\"async\" src=\"https:\/\/www.photoweb.fr\/espaces\/magazine\/wp-content\/uploads\/2017\/06\/Livre-photo-prestige-paysage-photoweb.jpg\" alt=\"Livre photo format prestige paysage photoweb\" itemprop=\"image\" height=\"600\" width=\"600\" title=\"Livre photo format prestige paysage photoweb\" onerror=\"this.style.display='none'\"  \/>\r\n\t\t\t\t<\/a>\r\n\t<a target=\"_blank\" href=\"https:\/\/www.photoweb.fr\/livre-photo\/listing\" rel=\"noopener\">\r\nCr\u00e9er votre livre photo<\/a>\r\n\t\t\t\t<a href=\"https:\/\/www.photoweb.fr\/produits\/faire-part\" target=\"_blank\" rel=\"noopener\" itemprop=\"url\">\r\n\t\t\t\t<img loading=\"lazy\" decoding=\"async\" src=\"https:\/\/www.photoweb.fr\/espaces\/magazine\/wp-content\/uploads\/2017\/11\/carte-faire-part-photoweb.jpg\" alt=\"carte de voeux 2019\" itemprop=\"image\" height=\"600\" width=\"600\" title=\"carte-faire-part-photoweb\" onerror=\"this.style.display='none'\"  \/>\r\n\t\t\t\t<\/a>\r\n\t<a target=\"_blank\" href=\"https:\/\/www.photoweb.fr\/produits\/faire-part\" rel=\"noopener\">\r\nCr\u00e9er votre faire-part<\/a>\r\n\r\n","protected":false},"excerpt":{"rendered":"<p>Cl\u00e9ment, notre responsable RSE nous a conseill\u00e9 3 \u00e9pisodes de podcast sur la th\u00e9matique des f\u00eates plus responsables. On vous partage ses trouvailles pour retrouver le vrai sens de No\u00ebl. \u00ab\u00a0Un No\u00ebl responsable \u00e7a veut dire quoi ?\u00a0\u00bb France Bleu avec Eveline Bouillon \u00c9couter le podcast D\u00e9corer son int\u00e9rieur avec des objets naturels ou recycl\u00e9s,&hellip;<\/p>\n","protected":false},"author":24,"featured_media":12486,"comment_status":"open","ping_status":"open","sticky":false,"template":"single-standard.php","format":"standard","meta":{"footnotes":""},"categories":[5],"tags":[],"class_list":["post-12454","post","type-post","status-publish","format-standard","has-post-thumbnail","hentry","category-carnet-de-tendances"],"yoast_head":"<!-- This site is optimized with the Yoast SEO plugin v20.3 - https:\/\/yoast.com\/wordpress\/plugins\/seo\/ -->\n<title>Nos inspis podcast pour un No\u00ebl plus responsable<\/title>\n<meta name=\"description\" content=\"Cl\u00e9ment, notre responsable RSE nous a conseill\u00e9 3 \u00e9pisodes de podcast sur la th\u00e9matique des f\u00eates plus responsables. On vous partage ses trouvailles pour\" \/>\n<meta name=\"robots\" content=\"index, follow, max-snippet:-1, max-image-preview:large, max-video-preview:-1\" \/>\n<link rel=\"canonical\" href=\"https:\/\/www.photoweb.fr\/espaces\/magazine\/podcast-noel-responsable\/\" \/>\n<meta property=\"og:locale\" content=\"fr_FR\" \/>\n<meta property=\"og:type\" content=\"article\" \/>\n<meta property=\"og:title\" content=\"Nos inspis podcast pour un No\u00ebl plus responsable\" \/>\n<meta property=\"og:description\" content=\"Cl\u00e9ment, notre responsable RSE nous a conseill\u00e9 3 \u00e9pisodes de podcast sur la th\u00e9matique des f\u00eates plus responsables. On vous partage ses trouvailles pour\" \/>\n<meta property=\"og:url\" content=\"https:\/\/www.photoweb.fr\/espaces\/magazine\/podcast-noel-responsable\/\" \/>\n<meta property=\"og:site_name\" content=\"Photoweb, le mag\" \/>\n<meta property=\"article:publisher\" content=\"https:\/\/fr-fr.facebook.com\/Photoweb.fr\/\" \/>\n<meta property=\"article:published_time\" content=\"2023-11-28T14:49:53+00:00\" \/>\n<meta property=\"article:modified_time\" content=\"2024-02-21T09:46:13+00:00\" \/>\n<meta property=\"og:image\" content=\"https:\/\/www.photoweb.fr\/espaces\/magazine\/wp-content\/uploads\/2023\/11\/visuel-mag.jpg\" \/>\n\t<meta property=\"og:image:width\" content=\"800\" \/>\n\t<meta property=\"og:image:height\" content=\"600\" \/>\n\t<meta property=\"og:image:type\" content=\"image\/jpeg\" \/>\n<meta name=\"author\" content=\"Marine\" \/>\n<meta name=\"twitter:card\" content=\"summary_large_image\" \/>\n<meta name=\"twitter:creator\" content=\"@Photoweb_fr\" \/>\n<meta name=\"twitter:site\" content=\"@Photoweb_fr\" \/>\n<meta name=\"twitter:label1\" content=\"\u00c9crit par\" \/>\n\t<meta name=\"twitter:data1\" content=\"Marine\" \/>\n\t<meta name=\"twitter:label2\" content=\"Dur\u00e9e de lecture estim\u00e9e\" \/>\n\t<meta name=\"twitter:data2\" content=\"4 minutes\" \/>\n<script type=\"application\/ld+json\" class=\"yoast-schema-graph\">{\"@context\":\"https:\/\/schema.org\",\"@graph\":[{\"@type\":\"Article\",\"@id\":\"https:\/\/www.photoweb.fr\/espaces\/magazine\/podcast-noel-responsable\/#article\",\"isPartOf\":{\"@id\":\"https:\/\/www.photoweb.fr\/espaces\/magazine\/podcast-noel-responsable\/\"},\"author\":{\"name\":\"Marine\",\"@id\":\"https:\/\/www.photoweb.fr\/espaces\/magazine\/#\/schema\/person\/4727c85ed0eb8e8a65d58fa49658d95e\"},\"headline\":\"Nos inspis podcast pour un No\u00ebl plus responsable\",\"datePublished\":\"2023-11-28T14:49:53+00:00\",\"dateModified\":\"2024-02-21T09:46:13+00:00\",\"mainEntityOfPage\":{\"@id\":\"https:\/\/www.photoweb.fr\/espaces\/magazine\/podcast-noel-responsable\/\"},\"wordCount\":354,\"commentCount\":0,\"publisher\":{\"@id\":\"https:\/\/www.photoweb.fr\/espaces\/magazine\/#organization\"},\"articleSection\":[\"Carnet de tendance\"],\"inLanguage\":\"fr-FR\",\"potentialAction\":[{\"@type\":\"CommentAction\",\"name\":\"Comment\",\"target\":[\"https:\/\/www.photoweb.fr\/espaces\/magazine\/podcast-noel-responsable\/#respond\"]}]},{\"@type\":\"WebPage\",\"@id\":\"https:\/\/www.photoweb.fr\/espaces\/magazine\/podcast-noel-responsable\/\",\"url\":\"https:\/\/www.photoweb.fr\/espaces\/magazine\/podcast-noel-responsable\/\",\"name\":\"Nos inspis podcast pour un No\u00ebl plus responsable\",\"isPartOf\":{\"@id\":\"https:\/\/www.photoweb.fr\/espaces\/magazine\/#website\"},\"datePublished\":\"2023-11-28T14:49:53+00:00\",\"dateModified\":\"2024-02-21T09:46:13+00:00\",\"description\":\"Cl\u00e9ment, notre responsable RSE nous a conseill\u00e9 3 \u00e9pisodes de podcast sur la th\u00e9matique des f\u00eates plus responsables. On vous partage ses trouvailles pour\",\"breadcrumb\":{\"@id\":\"https:\/\/www.photoweb.fr\/espaces\/magazine\/podcast-noel-responsable\/#breadcrumb\"},\"inLanguage\":\"fr-FR\",\"potentialAction\":[{\"@type\":\"ReadAction\",\"target\":[\"https:\/\/www.photoweb.fr\/espaces\/magazine\/podcast-noel-responsable\/\"]}]},{\"@type\":\"BreadcrumbList\",\"@id\":\"https:\/\/www.photoweb.fr\/espaces\/magazine\/podcast-noel-responsable\/#breadcrumb\",\"itemListElement\":[{\"@type\":\"ListItem\",\"position\":1,\"name\":\"Accueil\",\"item\":\"https:\/\/www.photoweb.fr\/espaces\/magazine\/\"},{\"@type\":\"ListItem\",\"position\":2,\"name\":\"Carnet de tendance\",\"item\":\"https:\/\/www.photoweb.fr\/espaces\/magazine\/carnet-de-tendances\/\"},{\"@type\":\"ListItem\",\"position\":3,\"name\":\"Nos inspis podcast pour un No\u00ebl plus responsable\"}]},{\"@type\":\"WebSite\",\"@id\":\"https:\/\/www.photoweb.fr\/espaces\/magazine\/#website\",\"url\":\"https:\/\/www.photoweb.fr\/espaces\/magazine\/\",\"name\":\"Photoweb, le mag\",\"description\":\"Le magazine de Photoweb\",\"publisher\":{\"@id\":\"https:\/\/www.photoweb.fr\/espaces\/magazine\/#organization\"},\"potentialAction\":[{\"@type\":\"SearchAction\",\"target\":{\"@type\":\"EntryPoint\",\"urlTemplate\":\"https:\/\/www.photoweb.fr\/espaces\/magazine\/?s={search_term_string}\"},\"query-input\":\"required name=search_term_string\"}],\"inLanguage\":\"fr-FR\"},{\"@type\":\"Organization\",\"@id\":\"https:\/\/www.photoweb.fr\/espaces\/magazine\/#organization\",\"name\":\"Photoweb\",\"url\":\"https:\/\/www.photoweb.fr\/espaces\/magazine\/\",\"logo\":{\"@type\":\"ImageObject\",\"inLanguage\":\"fr-FR\",\"@id\":\"https:\/\/www.photoweb.fr\/espaces\/magazine\/#\/schema\/logo\/image\/\",\"url\":\"https:\/\/www.photoweb.fr\/espaces\/magazine\/wp-content\/uploads\/2021\/02\/Logo-Photoweb.jpg\",\"contentUrl\":\"https:\/\/www.photoweb.fr\/espaces\/magazine\/wp-content\/uploads\/2021\/02\/Logo-Photoweb.jpg\",\"width\":780,\"height\":456,\"caption\":\"Photoweb\"},\"image\":{\"@id\":\"https:\/\/www.photoweb.fr\/espaces\/magazine\/#\/schema\/logo\/image\/\"},\"sameAs\":[\"https:\/\/fr-fr.facebook.com\/Photoweb.fr\/\",\"https:\/\/twitter.com\/Photoweb_fr\",\"https:\/\/www.instagram.com\/photowebfr\/\",\"https:\/\/www.linkedin.com\/company\/347094\/\",\"https:\/\/www.pinterest.fr\/inspirationsphotoweb\/_created\/\",\"https:\/\/www.youtube.com\/channel\/UCtcVmTvkAzKQLVkiwfOm8sg\"]},{\"@type\":\"Person\",\"@id\":\"https:\/\/www.photoweb.fr\/espaces\/magazine\/#\/schema\/person\/4727c85ed0eb8e8a65d58fa49658d95e\",\"name\":\"Marine\"}]}<\/script>\n<!-- \/ Yoast SEO plugin. -->","yoast_head_json":{"title":"Nos inspis podcast pour un No\u00ebl plus responsable","description":"Cl\u00e9ment, notre responsable RSE nous a conseill\u00e9 3 \u00e9pisodes de podcast sur la th\u00e9matique des f\u00eates plus responsables. On vous partage ses trouvailles pour","robots":{"index":"index","follow":"follow","max-snippet":"max-snippet:-1","max-image-preview":"max-image-preview:large","max-video-preview":"max-video-preview:-1"},"canonical":"https:\/\/www.photoweb.fr\/espaces\/magazine\/podcast-noel-responsable\/","og_locale":"fr_FR","og_type":"article","og_title":"Nos inspis podcast pour un No\u00ebl plus responsable","og_description":"Cl\u00e9ment, notre responsable RSE nous a conseill\u00e9 3 \u00e9pisodes de podcast sur la th\u00e9matique des f\u00eates plus responsables. On vous partage ses trouvailles pour","og_url":"https:\/\/www.photoweb.fr\/espaces\/magazine\/podcast-noel-responsable\/","og_site_name":"Photoweb, le mag","article_publisher":"https:\/\/fr-fr.facebook.com\/Photoweb.fr\/","article_published_time":"2023-11-28T14:49:53+00:00","article_modified_time":"2024-02-21T09:46:13+00:00","og_image":[{"width":800,"height":600,"url":"https:\/\/www.photoweb.fr\/espaces\/magazine\/wp-content\/uploads\/2023\/11\/visuel-mag.jpg","type":"image\/jpeg"}],"author":"Marine","twitter_card":"summary_large_image","twitter_creator":"@Photoweb_fr","twitter_site":"@Photoweb_fr","twitter_misc":{"\u00c9crit par":"Marine","Dur\u00e9e de lecture estim\u00e9e":"4 minutes"},"schema":{"@context":"https:\/\/schema.org","@graph":[{"@type":"Article","@id":"https:\/\/www.photoweb.fr\/espaces\/magazine\/podcast-noel-responsable\/#article","isPartOf":{"@id":"https:\/\/www.photoweb.fr\/espaces\/magazine\/podcast-noel-responsable\/"},"author":{"name":"Marine","@id":"https:\/\/www.photoweb.fr\/espaces\/magazine\/#\/schema\/person\/4727c85ed0eb8e8a65d58fa49658d95e"},"headline":"Nos inspis podcast pour un No\u00ebl plus responsable","datePublished":"2023-11-28T14:49:53+00:00","dateModified":"2024-02-21T09:46:13+00:00","mainEntityOfPage":{"@id":"https:\/\/www.photoweb.fr\/espaces\/magazine\/podcast-noel-responsable\/"},"wordCount":354,"commentCount":0,"publisher":{"@id":"https:\/\/www.photoweb.fr\/espaces\/magazine\/#organization"},"articleSection":["Carnet de tendance"],"inLanguage":"fr-FR","potentialAction":[{"@type":"CommentAction","name":"Comment","target":["https:\/\/www.photoweb.fr\/espaces\/magazine\/podcast-noel-responsable\/#respond"]}]},{"@type":"WebPage","@id":"https:\/\/www.photoweb.fr\/espaces\/magazine\/podcast-noel-responsable\/","url":"https:\/\/www.photoweb.fr\/espaces\/magazine\/podcast-noel-responsable\/","name":"Nos inspis podcast pour un No\u00ebl plus responsable","isPartOf":{"@id":"https:\/\/www.photoweb.fr\/espaces\/magazine\/#website"},"datePublished":"2023-11-28T14:49:53+00:00","dateModified":"2024-02-21T09:46:13+00:00","description":"Cl\u00e9ment, notre responsable RSE nous a conseill\u00e9 3 \u00e9pisodes de podcast sur la th\u00e9matique des f\u00eates plus responsables. On vous partage ses trouvailles pour","breadcrumb":{"@id":"https:\/\/www.photoweb.fr\/espaces\/magazine\/podcast-noel-responsable\/#breadcrumb"},"inLanguage":"fr-FR","potentialAction":[{"@type":"ReadAction","target":["https:\/\/www.photoweb.fr\/espaces\/magazine\/podcast-noel-responsable\/"]}]},{"@type":"BreadcrumbList","@id":"https:\/\/www.photoweb.fr\/espaces\/magazine\/podcast-noel-responsable\/#breadcrumb","itemListElement":[{"@type":"ListItem","position":1,"name":"Accueil","item":"https:\/\/www.photoweb.fr\/espaces\/magazine\/"},{"@type":"ListItem","position":2,"name":"Carnet de tendance","item":"https:\/\/www.photoweb.fr\/espaces\/magazine\/carnet-de-tendances\/"},{"@type":"ListItem","position":3,"name":"Nos inspis podcast pour un No\u00ebl plus responsable"}]},{"@type":"WebSite","@id":"https:\/\/www.photoweb.fr\/espaces\/magazine\/#website","url":"https:\/\/www.photoweb.fr\/espaces\/magazine\/","name":"Photoweb, le mag","description":"Le magazine de Photoweb","publisher":{"@id":"https:\/\/www.photoweb.fr\/espaces\/magazine\/#organization"},"potentialAction":[{"@type":"SearchAction","target":{"@type":"EntryPoint","urlTemplate":"https:\/\/www.photoweb.fr\/espaces\/magazine\/?s={search_term_string}"},"query-input":"required name=search_term_string"}],"inLanguage":"fr-FR"},{"@type":"Organization","@id":"https:\/\/www.photoweb.fr\/espaces\/magazine\/#organization","name":"Photoweb","url":"https:\/\/www.photoweb.fr\/espaces\/magazine\/","logo":{"@type":"ImageObject","inLanguage":"fr-FR","@id":"https:\/\/www.photoweb.fr\/espaces\/magazine\/#\/schema\/logo\/image\/","url":"https:\/\/www.photoweb.fr\/espaces\/magazine\/wp-content\/uploads\/2021\/02\/Logo-Photoweb.jpg","contentUrl":"https:\/\/www.photoweb.fr\/espaces\/magazine\/wp-content\/uploads\/2021\/02\/Logo-Photoweb.jpg","width":780,"height":456,"caption":"Photoweb"},"image":{"@id":"https:\/\/www.photoweb.fr\/espaces\/magazine\/#\/schema\/logo\/image\/"},"sameAs":["https:\/\/fr-fr.facebook.com\/Photoweb.fr\/","https:\/\/twitter.com\/Photoweb_fr","https:\/\/www.instagram.com\/photowebfr\/","https:\/\/www.linkedin.com\/company\/347094\/","https:\/\/www.pinterest.fr\/inspirationsphotoweb\/_created\/","https:\/\/www.youtube.com\/channel\/UCtcVmTvkAzKQLVkiwfOm8sg"]},{"@type":"Person","@id":"https:\/\/www.photoweb.fr\/espaces\/magazine\/#\/schema\/person\/4727c85ed0eb8e8a65d58fa49658d95e","name":"Marine"}]}},"acf":[],"_links":{"self":[{"href":"https:\/\/www.photoweb.fr\/espaces\/magazine\/wp-json\/wp\/v2\/posts\/12454","targetHints":{"allow":["GET"]}}],"collection":[{"href":"https:\/\/www.photoweb.fr\/espaces\/magazine\/wp-json\/wp\/v2\/posts"}],"about":[{"href":"https:\/\/www.photoweb.fr\/espaces\/magazine\/wp-json\/wp\/v2\/types\/post"}],"author":[{"embeddable":true,"href":"https:\/\/www.photoweb.fr\/espaces\/magazine\/wp-json\/wp\/v2\/users\/24"}],"replies":[{"embeddable":true,"href":"https:\/\/www.photoweb.fr\/espaces\/magazine\/wp-json\/wp\/v2\/comments?post=12454"}],"version-history":[{"count":10,"href":"https:\/\/www.photoweb.fr\/espaces\/magazine\/wp-json\/wp\/v2\/posts\/12454\/revisions"}],"predecessor-version":[{"id":12503,"href":"https:\/\/www.photoweb.fr\/espaces\/magazine\/wp-json\/wp\/v2\/posts\/12454\/revisions\/12503"}],"wp:featuredmedia":[{"embeddable":true,"href":"https:\/\/www.photoweb.fr\/espaces\/magazine\/wp-json\/wp\/v2\/media\/12486"}],"wp:attachment":[{"href":"https:\/\/www.photoweb.fr\/espaces\/magazine\/wp-json\/wp\/v2\/media?parent=12454"}],"wp:term":[{"taxonomy":"category","embeddable":true,"href":"https:\/\/www.photoweb.fr\/espaces\/magazine\/wp-json\/wp\/v2\/categories?post=12454"},{"taxonomy":"post_tag","embeddable":true,"href":"https:\/\/www.photoweb.fr\/espaces\/magazine\/wp-json\/wp\/v2\/tags?post=12454"}],"curies":[{"name":"wp","href":"https:\/\/api.w.org\/{rel}","templated":true}]}}