{"id":1263,"date":"2017-08-29T09:28:57","date_gmt":"2017-08-29T09:28:57","guid":{"rendered":"https:\/\/www.photoweb.fr\/espaces\/magazine\/magazine\/?p=1263"},"modified":"2024-03-26T15:23:43","modified_gmt":"2024-03-26T13:23:43","slug":"developpement-photo-vintage","status":"publish","type":"post","link":"https:\/\/www.photoweb.fr\/espaces\/magazine\/developpement-photo-vintage\/","title":{"rendered":"D\u00e9veloppement photo vintage : tout ce qu\u2019il faut savoir"},"content":{"rendered":"\n\n\t<p>Tr\u00e8s \u00e0 la mode ces derni\u00e8res ann\u00e9es, le style \u00ab vintage \u00bb ou \u00ab r\u00e9tro \u00bb s&rsquo;est appropri\u00e9 tous les domaines du possible : d\u00e9coration, photographie, automobile, technologie, musique, etc. On le retrouve partout, pour le plus grand plaisir des fans. Qu&rsquo;en est-il du <a href=\"https:\/\/www.photoweb.fr\/tirage-photo\/listing\" target=\"_blank\" rel=\"noopener\"><strong>d\u00e9veloppement photo<\/strong><\/a> vintage ou r\u00e9tro ?<\/p>\n\t<h2>D\u00e9veloppement photo : qu&rsquo;est-ce que le style Vintage ?<\/h2>\n<p>Le mot \u00ab vintage \u00bb est un terme anglo-saxon qui renvoie initialement \u00e0 l&rsquo;\u0153nologie pour d\u00e9signer le mill\u00e9sime des vins ou spiritueux.<\/p>\n<p>Plus largement, il d\u00e9signe tout objet ancien dit \u00ab rare \u00bb ou \u00ab de collection \u00bb datant d&rsquo;avant les ann\u00e9es 80&rsquo;s.<\/p>\n<p>Aujourd&rsquo;hui, ce terme s&rsquo;est tr\u00e8s nettement \u00e9largie \u00e0 la mode, la d\u00e9coration et bien d&rsquo;autres univers&#8230; Pour au final se retrouver dans celui de la photographie avec les d\u00e9veloppement <a href=\"https:\/\/www.photoweb.fr\/box\/tirage-vintage\" target=\"_blank\" rel=\"noopener\">photo vintage .<\/a><\/p>\n<h2>Quand le d\u00e9veloppement photo vintage s&rsquo;inspire du Polaroid<\/h2>\n<p>Le polaroid a pour beaucoup berc\u00e9 nos souvenirs&#8230; Devenu aujourd&rsquo;hui un incontournable des objets photo vintage, il se fait plus rare \u00e0 la maison, remplac\u00e9 par les appareils num\u00e9riques et t\u00e9l\u00e9phones portables. Quel dommage, n&rsquo;est-ce pas ?<\/p>\n<p>Le d\u00e9veloppement photo en instantan\u00e9 tend \u00e0 se perdre, \u00e0 moins que vous ne poss\u00e9diez un polaroid ou une imprimante pour Smartphone (et oui \u00e7a existe).<\/p>\n<p>Ne perdons cependant pas espoir : il est aujourd&rsquo;hui possible de d\u00e9velopper des photos num\u00e9riques dans ce format avec Photoweb.<\/p>\n<p>Mais qu&rsquo;entend-on par format vintage ?<\/p>\n\t\t\t\t<img loading=\"lazy\" decoding=\"async\" src=\"https:\/\/www.photoweb.fr\/espaces\/magazine\/wp-content\/uploads\/2017\/08\/developpement-photo-retro.jpg\" alt=\"d\u00e9veloppement photo vintage\" itemprop=\"image\" height=\"960\" width=\"1280\" title=\"d\u00e9veloppement photo vintage\" onerror=\"this.style.display='none'\"  \/>\n\t<h2>D\u00e9veloppement photo vintage : un format bien adapt\u00e9<\/h2>\n<p>Unique en son genre, quasiment tout le monde conna\u00eet le format du d\u00e9veloppement photo r\u00e9tro.<\/p>\n<p>On le reconna\u00eet gr\u00e2ce \u00e0 ses bordures traditionnellement blanches, celle du bas \u00e9tant plus large que les 3 autres.<\/p>\n<p>Il s&rsquo;agit d&rsquo;un petit format de 10 x 9 cm, o\u00f9 la photo est d\u00e9velopp\u00e9e au format carr\u00e9, g\u00e9n\u00e9ralement autour de 8 x 8 cm.<\/p>\n<h2>D\u00e9velopper vos photos au format r\u00e9tro<\/h2>\n<p>Et si on vous disait qu&rsquo;il est aujourd&rsquo;hui possible d&rsquo;imprimer vos photos num\u00e9riques au <strong><a href=\"https:\/\/www.photoweb.fr\/box\/tirage-vintage\" target=\"_blank\" rel=\"noopener\">format vintage<\/a><\/strong>? Oui, celles qui tra\u00eenent dans vos disques durs et que vous ne pensez plus \u00e0 regarder&#8230; Donnez vie \u00e0 tous vos souvenirs de mani\u00e8re originale avec la bo\u00eete \u00e0 photo Vintage au look soign\u00e9.<\/p>\n<p>Plut\u00f4t traditionnel ? Restez sur un <a href=\"https:\/\/www.photoweb.fr\/tirage-photo\/listing\" target=\"_blank\" rel=\"noopener\">d\u00e9veloppement photo<\/a> simple sur fond blanc.<\/p>\n<p>Envie de personnaliser vos photos \u00ab vintage \u00bb ? Pas de soucis, une dizaine de fonds de couleurs unis et plus de 40 fonds cr\u00e9atifs vous permettront d&rsquo;\u00e9gayer vos photos pr\u00e9f\u00e9r\u00e9es en plus des nombreuses polices d&rsquo;\u00e9criture pour ajouter du texte.<\/p>\n<p>Alors, quelles sont vos envies du moment ?<\/p>\n<p>Id\u00e9e cadeau !<\/p>\n<ul>\n<li>D\u00e9velopper des photos<\/li>\n<li>Pr\u00e9parer un joli paquet cadeau<\/li>\n<li>L&rsquo;offrir \u00e0 un(e) ami(e) !<\/li>\n<\/ul>\n<p>&nbsp;<\/p>\n\t1.2.3.\nimprimez&#8239;!\n\t\t\t\t<a href=\"https:\/\/www.photoweb.fr\/tirage-photo\/carre\" target=\"_blank\" rel=\"noopener\" itemprop=\"url\">\n\t\t\t\t<img loading=\"lazy\" decoding=\"async\" src=\"https:\/\/www.photoweb.fr\/espaces\/magazine\/wp-content\/uploads\/2017\/06\/tirages-carre-photoweb.jpg\" alt=\"tirages carre photoweb\" itemprop=\"image\" height=\"600\" width=\"600\" title=\"tirages carre photoweb\" onerror=\"this.style.display='none'\"  \/>\n\t\t\t\t<\/a>\n\t<a target=\"_blank\" href=\"https:\/\/www.photoweb.fr\/tirage-photo\/carre\" rel=\"noopener\">\nCr\u00e9er mes tirages Carr\u00e9<\/a>\n\t\t\t\t<a href=\"https:\/\/www.photoweb.fr\/box\/tirage-vintage\" target=\"_blank\" rel=\"noopener\" itemprop=\"url\">\n\t\t\t\t<img loading=\"lazy\" decoding=\"async\" src=\"https:\/\/www.photoweb.fr\/espaces\/magazine\/wp-content\/uploads\/2017\/06\/tirages-vintage-photoweb.jpg\" alt=\"tirage retro\" itemprop=\"image\" height=\"600\" width=\"600\" title=\"tirages-vintage-photoweb\" onerror=\"this.style.display='none'\"  \/>\n\t\t\t\t<\/a>\n\t<a target=\"_blank\" href=\"https:\/\/www.photoweb.fr\/box\/tirage-vintage\" rel=\"noopener\">\nCr\u00e9er mes tirages Vintage<\/a>\n\n","protected":false},"excerpt":{"rendered":"<p>Style vintage, classique, r\u00e9tro\u2026 Il existe une multitude de format, de taille, de r\u00e9solution, de filtre pour constituer nos d\u00e9veloppements photo ! Tr\u00e8s en vogue aujourd\u2019hui, le format vintage\/r\u00e9tro ne cesse de faire de plus en plus d\u2019\u00e9mules\u2026.<br \/>\nAncien + tendance = Vintage ? La d\u00e9finition du vintage \u00e0 bien chang\u00e9e depuis sa premi\u00e8re utilisation\u2026 A l\u2019origine utilis\u00e9 dans le domaine de l\u2019\u0153nologie, puis dans la mode, ce terme est devenu tr\u00e8s commun qualifiant tout objet neuf ou ancien appartenant \u00e0 un certain style relatif \u00e0 une \u00e9poque pr\u00e9cise. Comment donner \u00e0 nos photos un effet vintage ? Pourquoi le style vintage est-il si \u00e0 la mode ? On vous dit tout\u2026<\/p>\n","protected":false},"author":21,"featured_media":1267,"comment_status":"open","ping_status":"open","sticky":false,"template":"single-standard.php","format":"standard","meta":{"footnotes":""},"categories":[5],"tags":[6],"class_list":["post-1263","post","type-post","status-publish","format-standard","has-post-thumbnail","hentry","category-carnet-de-tendances","tag-developper-photo"],"yoast_head":"<!-- This site is optimized with the Yoast SEO plugin v20.3 - https:\/\/yoast.com\/wordpress\/plugins\/seo\/ -->\n<title>D\u00e9veloppement photo vintage : tout ce qu\u2019il faut savoir<\/title>\n<meta name=\"description\" content=\"Qu\u2019il s\u2019agisse de d\u00e9veloppement photo r\u00e9tro ou vintage, c\u2019est un style bien \u00e0 la mode qui s\u2019inspire des tirages photo r\u00e9tro.\" \/>\n<meta name=\"robots\" content=\"index, follow, max-snippet:-1, max-image-preview:large, max-video-preview:-1\" \/>\n<link rel=\"canonical\" href=\"https:\/\/www.photoweb.fr\/espaces\/magazine\/developpement-photo-vintage\/\" \/>\n<meta property=\"og:locale\" content=\"fr_FR\" \/>\n<meta property=\"og:type\" content=\"article\" \/>\n<meta property=\"og:title\" content=\"D\u00e9veloppement photo vintage : tout ce qu\u2019il faut savoir\" \/>\n<meta property=\"og:description\" content=\"Qu\u2019il s\u2019agisse de d\u00e9veloppement photo r\u00e9tro ou vintage, c\u2019est un style bien \u00e0 la mode qui s\u2019inspire des tirages photo r\u00e9tro.\" \/>\n<meta property=\"og:url\" content=\"https:\/\/www.photoweb.fr\/espaces\/magazine\/developpement-photo-vintage\/\" \/>\n<meta property=\"og:site_name\" content=\"Photoweb, le mag\" \/>\n<meta property=\"article:publisher\" content=\"https:\/\/fr-fr.facebook.com\/Photoweb.fr\/\" \/>\n<meta property=\"article:published_time\" content=\"2017-08-29T09:28:57+00:00\" \/>\n<meta property=\"article:modified_time\" content=\"2024-03-26T13:23:43+00:00\" \/>\n<meta property=\"og:image\" content=\"https:\/\/www.photoweb.fr\/espaces\/magazine\/wp-content\/uploads\/2017\/08\/developpement-photo-vintage.jpg\" \/>\n\t<meta property=\"og:image:width\" content=\"1280\" \/>\n\t<meta property=\"og:image:height\" content=\"960\" \/>\n\t<meta property=\"og:image:type\" content=\"image\/jpeg\" \/>\n<meta name=\"author\" content=\"melanie\" \/>\n<meta name=\"twitter:card\" content=\"summary_large_image\" \/>\n<meta name=\"twitter:creator\" content=\"@Photoweb_fr\" \/>\n<meta name=\"twitter:site\" content=\"@Photoweb_fr\" \/>\n<meta name=\"twitter:label1\" content=\"\u00c9crit par\" \/>\n\t<meta name=\"twitter:data1\" content=\"melanie\" \/>\n\t<meta name=\"twitter:label2\" content=\"Dur\u00e9e de lecture estim\u00e9e\" \/>\n\t<meta name=\"twitter:data2\" content=\"3 minutes\" \/>\n<script type=\"application\/ld+json\" class=\"yoast-schema-graph\">{\"@context\":\"https:\/\/schema.org\",\"@graph\":[{\"@type\":\"Article\",\"@id\":\"https:\/\/www.photoweb.fr\/espaces\/magazine\/developpement-photo-vintage\/#article\",\"isPartOf\":{\"@id\":\"https:\/\/www.photoweb.fr\/espaces\/magazine\/developpement-photo-vintage\/\"},\"author\":{\"name\":\"melanie\",\"@id\":\"https:\/\/www.photoweb.fr\/espaces\/magazine\/#\/schema\/person\/111451a615bb7cbe790bf8b1d6b24391\"},\"headline\":\"D\u00e9veloppement photo vintage : tout ce qu\u2019il faut savoir\",\"datePublished\":\"2017-08-29T09:28:57+00:00\",\"dateModified\":\"2024-03-26T13:23:43+00:00\",\"mainEntityOfPage\":{\"@id\":\"https:\/\/www.photoweb.fr\/espaces\/magazine\/developpement-photo-vintage\/\"},\"wordCount\":463,\"commentCount\":2,\"publisher\":{\"@id\":\"https:\/\/www.photoweb.fr\/espaces\/magazine\/#organization\"},\"keywords\":[\"developper photo\"],\"articleSection\":[\"Carnet de tendance\"],\"inLanguage\":\"fr-FR\",\"potentialAction\":[{\"@type\":\"CommentAction\",\"name\":\"Comment\",\"target\":[\"https:\/\/www.photoweb.fr\/espaces\/magazine\/developpement-photo-vintage\/#respond\"]}]},{\"@type\":\"WebPage\",\"@id\":\"https:\/\/www.photoweb.fr\/espaces\/magazine\/developpement-photo-vintage\/\",\"url\":\"https:\/\/www.photoweb.fr\/espaces\/magazine\/developpement-photo-vintage\/\",\"name\":\"D\u00e9veloppement photo vintage : tout ce qu\u2019il faut savoir\",\"isPartOf\":{\"@id\":\"https:\/\/www.photoweb.fr\/espaces\/magazine\/#website\"},\"datePublished\":\"2017-08-29T09:28:57+00:00\",\"dateModified\":\"2024-03-26T13:23:43+00:00\",\"description\":\"Qu\u2019il s\u2019agisse de d\u00e9veloppement photo r\u00e9tro ou vintage, c\u2019est un style bien \u00e0 la mode qui s\u2019inspire des tirages photo r\u00e9tro.\",\"breadcrumb\":{\"@id\":\"https:\/\/www.photoweb.fr\/espaces\/magazine\/developpement-photo-vintage\/#breadcrumb\"},\"inLanguage\":\"fr-FR\",\"potentialAction\":[{\"@type\":\"ReadAction\",\"target\":[\"https:\/\/www.photoweb.fr\/espaces\/magazine\/developpement-photo-vintage\/\"]}]},{\"@type\":\"BreadcrumbList\",\"@id\":\"https:\/\/www.photoweb.fr\/espaces\/magazine\/developpement-photo-vintage\/#breadcrumb\",\"itemListElement\":[{\"@type\":\"ListItem\",\"position\":1,\"name\":\"Accueil\",\"item\":\"https:\/\/www.photoweb.fr\/espaces\/magazine\/\"},{\"@type\":\"ListItem\",\"position\":2,\"name\":\"Carnet de tendance\",\"item\":\"https:\/\/www.photoweb.fr\/espaces\/magazine\/carnet-de-tendances\/\"},{\"@type\":\"ListItem\",\"position\":3,\"name\":\"D\u00e9veloppement photo vintage : tout ce qu\u2019il faut savoir\"}]},{\"@type\":\"WebSite\",\"@id\":\"https:\/\/www.photoweb.fr\/espaces\/magazine\/#website\",\"url\":\"https:\/\/www.photoweb.fr\/espaces\/magazine\/\",\"name\":\"Photoweb, le mag\",\"description\":\"Le magazine de Photoweb\",\"publisher\":{\"@id\":\"https:\/\/www.photoweb.fr\/espaces\/magazine\/#organization\"},\"potentialAction\":[{\"@type\":\"SearchAction\",\"target\":{\"@type\":\"EntryPoint\",\"urlTemplate\":\"https:\/\/www.photoweb.fr\/espaces\/magazine\/?s={search_term_string}\"},\"query-input\":\"required name=search_term_string\"}],\"inLanguage\":\"fr-FR\"},{\"@type\":\"Organization\",\"@id\":\"https:\/\/www.photoweb.fr\/espaces\/magazine\/#organization\",\"name\":\"Photoweb\",\"url\":\"https:\/\/www.photoweb.fr\/espaces\/magazine\/\",\"logo\":{\"@type\":\"ImageObject\",\"inLanguage\":\"fr-FR\",\"@id\":\"https:\/\/www.photoweb.fr\/espaces\/magazine\/#\/schema\/logo\/image\/\",\"url\":\"https:\/\/www.photoweb.fr\/espaces\/magazine\/wp-content\/uploads\/2021\/02\/Logo-Photoweb.jpg\",\"contentUrl\":\"https:\/\/www.photoweb.fr\/espaces\/magazine\/wp-content\/uploads\/2021\/02\/Logo-Photoweb.jpg\",\"width\":780,\"height\":456,\"caption\":\"Photoweb\"},\"image\":{\"@id\":\"https:\/\/www.photoweb.fr\/espaces\/magazine\/#\/schema\/logo\/image\/\"},\"sameAs\":[\"https:\/\/fr-fr.facebook.com\/Photoweb.fr\/\",\"https:\/\/twitter.com\/Photoweb_fr\",\"https:\/\/www.instagram.com\/photowebfr\/\",\"https:\/\/www.linkedin.com\/company\/347094\/\",\"https:\/\/www.pinterest.fr\/inspirationsphotoweb\/_created\/\",\"https:\/\/www.youtube.com\/channel\/UCtcVmTvkAzKQLVkiwfOm8sg\"]},{\"@type\":\"Person\",\"@id\":\"https:\/\/www.photoweb.fr\/espaces\/magazine\/#\/schema\/person\/111451a615bb7cbe790bf8b1d6b24391\",\"name\":\"melanie\"}]}<\/script>\n<!-- \/ Yoast SEO plugin. -->","yoast_head_json":{"title":"D\u00e9veloppement photo vintage : tout ce qu\u2019il faut savoir","description":"Qu\u2019il s\u2019agisse de d\u00e9veloppement photo r\u00e9tro ou vintage, c\u2019est un style bien \u00e0 la mode qui s\u2019inspire des tirages photo r\u00e9tro.","robots":{"index":"index","follow":"follow","max-snippet":"max-snippet:-1","max-image-preview":"max-image-preview:large","max-video-preview":"max-video-preview:-1"},"canonical":"https:\/\/www.photoweb.fr\/espaces\/magazine\/developpement-photo-vintage\/","og_locale":"fr_FR","og_type":"article","og_title":"D\u00e9veloppement photo vintage : tout ce qu\u2019il faut savoir","og_description":"Qu\u2019il s\u2019agisse de d\u00e9veloppement photo r\u00e9tro ou vintage, c\u2019est un style bien \u00e0 la mode qui s\u2019inspire des tirages photo r\u00e9tro.","og_url":"https:\/\/www.photoweb.fr\/espaces\/magazine\/developpement-photo-vintage\/","og_site_name":"Photoweb, le mag","article_publisher":"https:\/\/fr-fr.facebook.com\/Photoweb.fr\/","article_published_time":"2017-08-29T09:28:57+00:00","article_modified_time":"2024-03-26T13:23:43+00:00","og_image":[{"width":1280,"height":960,"url":"https:\/\/www.photoweb.fr\/espaces\/magazine\/wp-content\/uploads\/2017\/08\/developpement-photo-vintage.jpg","type":"image\/jpeg"}],"author":"melanie","twitter_card":"summary_large_image","twitter_creator":"@Photoweb_fr","twitter_site":"@Photoweb_fr","twitter_misc":{"\u00c9crit par":"melanie","Dur\u00e9e de lecture estim\u00e9e":"3 minutes"},"schema":{"@context":"https:\/\/schema.org","@graph":[{"@type":"Article","@id":"https:\/\/www.photoweb.fr\/espaces\/magazine\/developpement-photo-vintage\/#article","isPartOf":{"@id":"https:\/\/www.photoweb.fr\/espaces\/magazine\/developpement-photo-vintage\/"},"author":{"name":"melanie","@id":"https:\/\/www.photoweb.fr\/espaces\/magazine\/#\/schema\/person\/111451a615bb7cbe790bf8b1d6b24391"},"headline":"D\u00e9veloppement photo vintage : tout ce qu\u2019il faut savoir","datePublished":"2017-08-29T09:28:57+00:00","dateModified":"2024-03-26T13:23:43+00:00","mainEntityOfPage":{"@id":"https:\/\/www.photoweb.fr\/espaces\/magazine\/developpement-photo-vintage\/"},"wordCount":463,"commentCount":2,"publisher":{"@id":"https:\/\/www.photoweb.fr\/espaces\/magazine\/#organization"},"keywords":["developper photo"],"articleSection":["Carnet de tendance"],"inLanguage":"fr-FR","potentialAction":[{"@type":"CommentAction","name":"Comment","target":["https:\/\/www.photoweb.fr\/espaces\/magazine\/developpement-photo-vintage\/#respond"]}]},{"@type":"WebPage","@id":"https:\/\/www.photoweb.fr\/espaces\/magazine\/developpement-photo-vintage\/","url":"https:\/\/www.photoweb.fr\/espaces\/magazine\/developpement-photo-vintage\/","name":"D\u00e9veloppement photo vintage : tout ce qu\u2019il faut savoir","isPartOf":{"@id":"https:\/\/www.photoweb.fr\/espaces\/magazine\/#website"},"datePublished":"2017-08-29T09:28:57+00:00","dateModified":"2024-03-26T13:23:43+00:00","description":"Qu\u2019il s\u2019agisse de d\u00e9veloppement photo r\u00e9tro ou vintage, c\u2019est un style bien \u00e0 la mode qui s\u2019inspire des tirages photo r\u00e9tro.","breadcrumb":{"@id":"https:\/\/www.photoweb.fr\/espaces\/magazine\/developpement-photo-vintage\/#breadcrumb"},"inLanguage":"fr-FR","potentialAction":[{"@type":"ReadAction","target":["https:\/\/www.photoweb.fr\/espaces\/magazine\/developpement-photo-vintage\/"]}]},{"@type":"BreadcrumbList","@id":"https:\/\/www.photoweb.fr\/espaces\/magazine\/developpement-photo-vintage\/#breadcrumb","itemListElement":[{"@type":"ListItem","position":1,"name":"Accueil","item":"https:\/\/www.photoweb.fr\/espaces\/magazine\/"},{"@type":"ListItem","position":2,"name":"Carnet de tendance","item":"https:\/\/www.photoweb.fr\/espaces\/magazine\/carnet-de-tendances\/"},{"@type":"ListItem","position":3,"name":"D\u00e9veloppement photo vintage : tout ce qu\u2019il faut savoir"}]},{"@type":"WebSite","@id":"https:\/\/www.photoweb.fr\/espaces\/magazine\/#website","url":"https:\/\/www.photoweb.fr\/espaces\/magazine\/","name":"Photoweb, le mag","description":"Le magazine de Photoweb","publisher":{"@id":"https:\/\/www.photoweb.fr\/espaces\/magazine\/#organization"},"potentialAction":[{"@type":"SearchAction","target":{"@type":"EntryPoint","urlTemplate":"https:\/\/www.photoweb.fr\/espaces\/magazine\/?s={search_term_string}"},"query-input":"required name=search_term_string"}],"inLanguage":"fr-FR"},{"@type":"Organization","@id":"https:\/\/www.photoweb.fr\/espaces\/magazine\/#organization","name":"Photoweb","url":"https:\/\/www.photoweb.fr\/espaces\/magazine\/","logo":{"@type":"ImageObject","inLanguage":"fr-FR","@id":"https:\/\/www.photoweb.fr\/espaces\/magazine\/#\/schema\/logo\/image\/","url":"https:\/\/www.photoweb.fr\/espaces\/magazine\/wp-content\/uploads\/2021\/02\/Logo-Photoweb.jpg","contentUrl":"https:\/\/www.photoweb.fr\/espaces\/magazine\/wp-content\/uploads\/2021\/02\/Logo-Photoweb.jpg","width":780,"height":456,"caption":"Photoweb"},"image":{"@id":"https:\/\/www.photoweb.fr\/espaces\/magazine\/#\/schema\/logo\/image\/"},"sameAs":["https:\/\/fr-fr.facebook.com\/Photoweb.fr\/","https:\/\/twitter.com\/Photoweb_fr","https:\/\/www.instagram.com\/photowebfr\/","https:\/\/www.linkedin.com\/company\/347094\/","https:\/\/www.pinterest.fr\/inspirationsphotoweb\/_created\/","https:\/\/www.youtube.com\/channel\/UCtcVmTvkAzKQLVkiwfOm8sg"]},{"@type":"Person","@id":"https:\/\/www.photoweb.fr\/espaces\/magazine\/#\/schema\/person\/111451a615bb7cbe790bf8b1d6b24391","name":"melanie"}]}},"acf":[],"_links":{"self":[{"href":"https:\/\/www.photoweb.fr\/espaces\/magazine\/wp-json\/wp\/v2\/posts\/1263","targetHints":{"allow":["GET"]}}],"collection":[{"href":"https:\/\/www.photoweb.fr\/espaces\/magazine\/wp-json\/wp\/v2\/posts"}],"about":[{"href":"https:\/\/www.photoweb.fr\/espaces\/magazine\/wp-json\/wp\/v2\/types\/post"}],"author":[{"embeddable":true,"href":"https:\/\/www.photoweb.fr\/espaces\/magazine\/wp-json\/wp\/v2\/users\/21"}],"replies":[{"embeddable":true,"href":"https:\/\/www.photoweb.fr\/espaces\/magazine\/wp-json\/wp\/v2\/comments?post=1263"}],"version-history":[{"count":10,"href":"https:\/\/www.photoweb.fr\/espaces\/magazine\/wp-json\/wp\/v2\/posts\/1263\/revisions"}],"predecessor-version":[{"id":12713,"href":"https:\/\/www.photoweb.fr\/espaces\/magazine\/wp-json\/wp\/v2\/posts\/1263\/revisions\/12713"}],"wp:featuredmedia":[{"embeddable":true,"href":"https:\/\/www.photoweb.fr\/espaces\/magazine\/wp-json\/wp\/v2\/media\/1267"}],"wp:attachment":[{"href":"https:\/\/www.photoweb.fr\/espaces\/magazine\/wp-json\/wp\/v2\/media?parent=1263"}],"wp:term":[{"taxonomy":"category","embeddable":true,"href":"https:\/\/www.photoweb.fr\/espaces\/magazine\/wp-json\/wp\/v2\/categories?post=1263"},{"taxonomy":"post_tag","embeddable":true,"href":"https:\/\/www.photoweb.fr\/espaces\/magazine\/wp-json\/wp\/v2\/tags?post=1263"}],"curies":[{"name":"wp","href":"https:\/\/api.w.org\/{rel}","templated":true}]}}