{"id":12769,"date":"2024-07-31T08:59:56","date_gmt":"2024-07-31T06:59:56","guid":{"rendered":"https:\/\/www.photoweb.fr\/espaces\/magazine\/?p=12769"},"modified":"2024-11-19T09:46:16","modified_gmt":"2024-11-19T07:46:16","slug":"definition-ecoconception","status":"publish","type":"post","link":"https:\/\/www.photoweb.fr\/espaces\/magazine\/definition-ecoconception\/","title":{"rendered":"L&rsquo;\u00e9co-conception, c&rsquo;est quoi au juste ?"},"content":{"rendered":"\n\n\t<p>Soyez rassur\u00e9s, l&rsquo;\u00e9co-conception n&rsquo;est pas un \u00e9ni\u00e8me concept \u00e9cologique incompr\u00e9hensible. C&rsquo;est au contraire tr\u00e8s concret et vous serez m\u00eame capable de l&rsquo;expliquer avec pr\u00e9cision apr\u00e8s lecture de cet article.<\/p>\n\t<p>Ce n&rsquo;est maintenant plus un secret, notre plan\u00e8te s&rsquo;essouffle \u00e0 cause des activit\u00e9s humaines et pour am\u00e9liorer les choses, nous avons la possibilit\u00e9 d&rsquo;agir \u00e0 l&rsquo;\u00e9chelle de l&rsquo;individu, des entreprises et des \u00c9tats. En tant qu&rsquo;entreprise justement, nous avons diff\u00e9rents moyens de nous am\u00e9liorer, et notamment en travaillant directement sur les produits que nous fabriquons. C&rsquo;est l\u00e0 qu&rsquo;intervient <strong>l&rsquo;\u00e9co-conception.<\/strong><\/p>\n\t<h2>D\u00e9finition<strong> de l&rsquo;\u00e9co-conception<\/strong><\/h2>\n<p>L&rsquo;\u00e9co-conception, c&rsquo;est une d\u00e9marche qui vise \u00e0 int\u00e9grer les <strong>enjeux environnementaux<\/strong> d\u00e8s la phase de conception d&rsquo;un produit, d&rsquo;un service ou m\u00eame d&rsquo;un processus (mais restons sur les produits, c&rsquo;est plus simple <img decoding=\"async\" role=\"img\" draggable=\"false\" src=\"https:\/\/s.w.org\/images\/core\/emoji\/14.0.0\/svg\/1f609.svg\" alt=\"\ud83d\ude09\" \/>) . L&rsquo;objectif principal est de r\u00e9duire l&rsquo;impact \u00e9cologique tout au long du cycle de vie du produit, en tenant compte de son extraction, de sa fabrication, de son utilisation et de sa fin de vie.<\/p>\n\t\t\t\t<img loading=\"lazy\" decoding=\"async\" src=\"https:\/\/www.photoweb.fr\/espaces\/magazine\/wp-content\/uploads\/2024\/04\/Ecoconception_schema.webp\" alt=\"Schema_ecoconception\" itemprop=\"image\" height=\"1088\" width=\"1200\" title=\"Schema_ecoconception\" onerror=\"this.style.display='none'\"  \/>\n\t\tIllustration : P\u00f4le eco-conception\n\t<p>Concr\u00e8tement, cela signifie prendre en consid\u00e9ration les mat\u00e9riaux utilis\u00e9s, les m\u00e9thodes de production, la consommation d&rsquo;\u00e9nergie, la recyclabilit\u00e9 et la durabilit\u00e9 du produit fini d\u00e8s sa conception.<\/p>\n<p>Mais pour savoir comment s&rsquo;am\u00e9liorer, encore faut-il savoir o\u00f9 on se situe, quel est l&rsquo;impact de nos produits. C&rsquo;est l\u00e0 qu&rsquo;intervient l&rsquo;Analyse de Cycle de Vie (ACV). C&rsquo;est une m\u00e9thode d&rsquo;\u00e9valuation qui permet de quantifier les impacts environnementaux d&rsquo;un service ou d&rsquo;un produit tout au long de son cycle de vie (d\u00e9crit dans le sch\u00e9ma juste au-dessus <img decoding=\"async\" role=\"img\" draggable=\"false\" src=\"https:\/\/s.w.org\/images\/core\/emoji\/14.0.0\/svg\/2b06.svg\" alt=\"\u2b06\" \/>).<\/p>\n<p><strong>Et pour bien comprendre ce que c&rsquo;est, rien de tel qu&rsquo;un exemple !<\/strong><\/p>\n<p>Lorsque que vous sortez dehors, vous mettez des chaussures \u00e0 vos pieds n&rsquo;est-ce pas ? Regardons ces chaussures d&rsquo;un peu plus pr\u00e8s. Elle comportent diff\u00e9rents mat\u00e9riaux (cuir, caoutchouc, plastique&#8230;), diff\u00e9rentes \u00e9tapes de fabrication, des phases de transports, des phases de recyclage (ou non)&#8230;etc. En fait, vos chaussures ont d\u00e9j\u00e0 sacr\u00e9ment v\u00e9cu avant de vous rencontrer ! Et toutes ces \u00e9tapes avant leur vente peuvent avoir un fort impact sur la plan\u00e8te.<\/p>\n<p>C&rsquo;est l\u00e0 qu&rsquo;intervient l&rsquo;\u00e9co-conception, avec une question simple : <strong>comment r\u00e9duire l&rsquo;impact d&rsquo;un produit, depuis l&rsquo;extraction des mati\u00e8res premi\u00e8res n\u00e9cessaires \u00e0 sa fabrication jusqu&rsquo;\u00e0 sa fin de vie ?<\/strong><\/p>\n\t<h2>Quelles pistes pour am\u00e9liorer un produit<\/h2>\n<p>Selon si vous \u00eates un vendeur de pi\u00e8ces automobiles, une boutique de chaussettes ou le n\u00b02 de l&rsquo;impression de produits photo personnalis\u00e9s en France (<img decoding=\"async\" role=\"img\" draggable=\"false\" src=\"https:\/\/s.w.org\/images\/core\/emoji\/14.0.0\/svg\/1f648.svg\" alt=\"\ud83d\ude48\" \/>), il y a diff\u00e9rentes mani\u00e8res de s&rsquo;am\u00e9liorer ! En voici quelques-unes :<\/p>\n<h3>\n\t\tChoisir des mat\u00e9riaux durables et \u00e9cologiques :\n\t<\/h3>\n\t<p>Opter pour des mat\u00e9riaux renouvelables, recycl\u00e9s ou biod\u00e9gradables permet de r\u00e9duire l&#8217;empreinte \u00e9cologique d&rsquo;un produit. Il est \u00e9galement important de privil\u00e9gier des mat\u00e9riaux ayant une faible intensit\u00e9 carbone et provenant de sources responsables.<\/p>\n\t\t\t\t<img loading=\"lazy\" decoding=\"async\" src=\"https:\/\/www.photoweb.fr\/espaces\/magazine\/wp-content\/uploads\/2024\/04\/AdobeStock_64302949-scaled.webp\" alt=\"mat\u00e9riaux recycl\u00e9s\" itemprop=\"image\" height=\"1365\" width=\"2048\" title=\"mat\u00e9riaux recycl\u00e9s\" onerror=\"this.style.display='none'\"  \/>\n<h3>\n\t\tMa\u00eetriser l&rsquo;utilisation des ressources\u00a0 :\n\t<\/h3>\n\t\t\t\t<img loading=\"lazy\" decoding=\"async\" src=\"https:\/\/www.photoweb.fr\/espaces\/magazine\/wp-content\/uploads\/2024\/04\/AdobeStock_448542714-min-scaled.webp\" alt=\"usine imprimante\" itemprop=\"image\" height=\"1365\" width=\"2048\" title=\"usine imprimante\" onerror=\"this.style.display='none'\"  \/>\n\t<p>R\u00e9duire la consommation de mati\u00e8res premi\u00e8res, d&rsquo;\u00e9nergie et d&rsquo;eau tout au long du processus de fabrication est essentiel pour minimiser l&rsquo;impact environnemental. L&rsquo;optimisation des processus de production et l&rsquo;adoption de technologies plus efficaces peuvent contribuer \u00e0 cette d\u00e9marche.<\/p>\n<h3>\n\t\tAdopter l&rsquo;\u00e9conomie circulaire :\n\t<\/h3>\n\t<p>Int\u00e9grer l&rsquo;\u00e9conomie circulaire dans la conception des produits permet de favoriser leur r\u00e9utilisation, leur r\u00e9paration et leur recyclage. La conception pour le recyclage, par exemple, consiste \u00e0 choisir des mat\u00e9riaux facilement recyclables et \u00e0 concevoir les produits de mani\u00e8re \u00e0 faciliter leur d\u00e9mant\u00e8lement en fin de vie. En favorisant l&rsquo;\u00e9conomie circulaire, on r\u00e9duit la quantit\u00e9 de d\u00e9chets.<\/p>\n\t\t\t\t<img loading=\"lazy\" decoding=\"async\" src=\"https:\/\/www.photoweb.fr\/espaces\/magazine\/wp-content\/uploads\/2024\/04\/AdobeStock_414759285-min-scaled.webp\" alt=\"papier recycl\u00e9 \u00e9conomie circulaire\" itemprop=\"image\" height=\"1365\" width=\"2048\" title=\"papier recycl\u00e9 \u00e9conomie circulaire\" onerror=\"this.style.display='none'\"  \/>\n<h3>\n\t\tOptimiser la logistique :\n\t<\/h3>\n\t\t\t\t<img loading=\"lazy\" decoding=\"async\" src=\"https:\/\/www.photoweb.fr\/espaces\/magazine\/wp-content\/uploads\/2024\/04\/AdobeStock_317001231-min-scaled.webp\" alt=\"colis\" itemprop=\"image\" height=\"1367\" width=\"2048\" title=\"colis\" onerror=\"this.style.display='none'\"  \/>\n\t<p>Que ce soit sur le type ou la quantit\u00e9 d&#8217;emballage, le mode de transport ou simplement le trajet que doit parcourir le produit avant d&rsquo;arriver \u00e0 destination, les axes d&rsquo;am\u00e9lioration sont nombreux pour r\u00e9duire l&rsquo;impact sur la logistique. Il est par exemple possible de regrouper les commandes dans un m\u00eame colis.<\/p>\n\t\t\t\t<img loading=\"lazy\" decoding=\"async\" src=\"https:\/\/www.photoweb.fr\/espaces\/magazine\/wp-content\/uploads\/2024\/02\/Favicon.png\" alt=\"Favicon\" itemprop=\"image\" height=\"512\" width=\"512\" title=\"Favicon\" onerror=\"this.style.display='none'\"  \/>\n\t<p>En Photoweb dans tout \u00e7a ? Dans le cadre de nos engagement d&rsquo;Innover pour imaginer nos futurs souvenirs, nous avons pour objectif d&rsquo;avoir un <a href=\"https:\/\/www.photoweb.fr\/\">catalogue produit<\/a> 100% \u00e9co-con\u00e7u d&rsquo;ici 2030. D&rsquo;ici-l\u00e0, nous voulons sortir notre premier produit \u00e9co-con\u00e7u avant fin 2024.<\/p>\nD\u00e9couvrer l&rsquo;ensemble de nos engagements ici :<br \/>\n<a href=\"https:\/\/corporate.photoweb.fr\/nos-engagements\/\"><strong>Les engagements Photoweb<\/strong><\/a>\n\t1.2.3.\nimprimez&#8239;!\n\t\t\t\t<a href=\"https:\/\/www.photoweb.fr\/tirage-photo\/listing\" target=\"_blank\" rel=\"noopener\" itemprop=\"url\">\n\t\t\t\t<img loading=\"lazy\" decoding=\"async\" src=\"https:\/\/www.photoweb.fr\/espaces\/magazine\/wp-content\/uploads\/2024\/11\/Sans-titre-600-x-600-px2.png\" alt=\"Tirages photo no\u00ebl\" itemprop=\"image\" height=\"600\" width=\"600\" title=\"tirages-photo-no\u00ebl\" onerror=\"this.style.display='none'\"  \/>\n\t\t\t\t<\/a>\n\t<a target=\"_blank\" href=\"https:\/\/www.photoweb.fr\/tirage-photo\/listing\" rel=\"noopener\">\nCr\u00e9er vos tirages<\/a>\n\t\t\t\t<a href=\"https:\/\/www.photoweb.fr\/livre-photo\/listing\" target=\"_blank\" rel=\"noopener\" itemprop=\"url\">\n\t\t\t\t<img loading=\"lazy\" decoding=\"async\" src=\"https:\/\/www.photoweb.fr\/espaces\/magazine\/wp-content\/uploads\/2024\/11\/Sans-titre-600-x-600-px1.png\" alt=\"album-photo-no\u00ebl\" itemprop=\"image\" height=\"600\" width=\"600\" title=\"album-photo-no\u00ebl\" onerror=\"this.style.display='none'\"  \/>\n\t\t\t\t<\/a>\n\t<a target=\"_blank\" href=\"https:\/\/www.photoweb.fr\/livre-photo\/listing\" rel=\"noopener\">\nCr\u00e9er votre livre photo<\/a>\n\t\t\t\t<a href=\"https:\/\/www.photoweb.fr\/calendrier-photo\/listing\" target=\"_blank\" rel=\"noopener\" itemprop=\"url\">\n\t\t\t\t<img loading=\"lazy\" decoding=\"async\" src=\"https:\/\/www.photoweb.fr\/espaces\/magazine\/wp-content\/uploads\/2024\/11\/Sans-titre-600-x-600-px3.png\" alt=\"calendriers\" itemprop=\"image\" height=\"600\" width=\"600\" title=\"calendriers\" onerror=\"this.style.display='none'\"  \/>\n\t\t\t\t<\/a>\n\t<a target=\"_blank\" href=\"https:\/\/www.photoweb.fr\/calendrier-photo\/listing\" rel=\"noopener\">\nCr\u00e9er votre calendrier<\/a>\n\n","protected":false},"excerpt":{"rendered":"<p>Soyez rassur\u00e9s, l&rsquo;\u00e9co-conception n&rsquo;est pas un \u00e9ni\u00e8me concept \u00e9cologique incompr\u00e9hensible. C&rsquo;est au contraire tr\u00e8s concret et vous serez m\u00eame capable de l&rsquo;expliquer avec pr\u00e9cision apr\u00e8s lecture de cet article. Ce n&rsquo;est maintenant plus un secret, notre plan\u00e8te s&rsquo;essouffle \u00e0 cause des activit\u00e9s humaines et pour am\u00e9liorer les choses, nous avons la possibilit\u00e9 d&rsquo;agir \u00e0 l&rsquo;\u00e9chelle&hellip;<\/p>\n","protected":false},"author":34,"featured_media":12790,"comment_status":"open","ping_status":"open","sticky":false,"template":"single-standard.php","format":"standard","meta":{"footnotes":""},"categories":[31],"tags":[],"class_list":["post-12769","post","type-post","status-publish","format-standard","has-post-thumbnail","hentry","category-instants-de-vie"],"yoast_head":"<!-- This site is optimized with the Yoast SEO plugin v20.3 - https:\/\/yoast.com\/wordpress\/plugins\/seo\/ -->\n<title>L&#039;\u00e9co-conception, c&#039;est quoi au juste ?<\/title>\n<meta name=\"description\" content=\"Soyez rassur\u00e9s, l&#039;\u00e9co-conception n&#039;est pas un \u00e9ni\u00e8me concept \u00e9cologique incompr\u00e9hensible. C&#039;est au contraire tr\u00e8s concret et vous serez m\u00eame capable de\" \/>\n<meta name=\"robots\" content=\"index, follow, max-snippet:-1, max-image-preview:large, max-video-preview:-1\" \/>\n<link rel=\"canonical\" href=\"https:\/\/www.photoweb.fr\/espaces\/magazine\/definition-ecoconception\/\" \/>\n<meta property=\"og:locale\" content=\"fr_FR\" \/>\n<meta property=\"og:type\" content=\"article\" \/>\n<meta property=\"og:title\" content=\"L&#039;\u00e9co-conception, c&#039;est quoi au juste ?\" \/>\n<meta property=\"og:description\" content=\"Soyez rassur\u00e9s, l&#039;\u00e9co-conception n&#039;est pas un \u00e9ni\u00e8me concept \u00e9cologique incompr\u00e9hensible. C&#039;est au contraire tr\u00e8s concret et vous serez m\u00eame capable de\" \/>\n<meta property=\"og:url\" content=\"https:\/\/www.photoweb.fr\/espaces\/magazine\/definition-ecoconception\/\" \/>\n<meta property=\"og:site_name\" content=\"Photoweb, le mag\" \/>\n<meta property=\"article:publisher\" content=\"https:\/\/fr-fr.facebook.com\/Photoweb.fr\/\" \/>\n<meta property=\"article:published_time\" content=\"2024-07-31T06:59:56+00:00\" \/>\n<meta property=\"article:modified_time\" content=\"2024-11-19T07:46:16+00:00\" \/>\n<meta property=\"og:image\" content=\"https:\/\/www.photoweb.fr\/espaces\/magazine\/wp-content\/uploads\/2024\/04\/AdobeStock_566940449-min-scaled.webp\" \/>\n\t<meta property=\"og:image:width\" content=\"2048\" \/>\n\t<meta property=\"og:image:height\" content=\"1152\" \/>\n\t<meta property=\"og:image:type\" content=\"image\/webp\" \/>\n<meta name=\"author\" content=\"Victor\" \/>\n<meta name=\"twitter:card\" content=\"summary_large_image\" \/>\n<meta name=\"twitter:creator\" content=\"@Photoweb_fr\" \/>\n<meta name=\"twitter:site\" content=\"@Photoweb_fr\" \/>\n<meta name=\"twitter:label1\" content=\"\u00c9crit par\" \/>\n\t<meta name=\"twitter:data1\" content=\"Victor\" \/>\n\t<meta name=\"twitter:label2\" content=\"Dur\u00e9e de lecture estim\u00e9e\" \/>\n\t<meta name=\"twitter:data2\" content=\"6 minutes\" \/>\n<script type=\"application\/ld+json\" class=\"yoast-schema-graph\">{\"@context\":\"https:\/\/schema.org\",\"@graph\":[{\"@type\":\"Article\",\"@id\":\"https:\/\/www.photoweb.fr\/espaces\/magazine\/definition-ecoconception\/#article\",\"isPartOf\":{\"@id\":\"https:\/\/www.photoweb.fr\/espaces\/magazine\/definition-ecoconception\/\"},\"author\":{\"name\":\"Victor\",\"@id\":\"https:\/\/www.photoweb.fr\/espaces\/magazine\/#\/schema\/person\/285cd6607d64bbfcf9cd965f3d672dd8\"},\"headline\":\"L&rsquo;\u00e9co-conception, c&rsquo;est quoi au juste ?\",\"datePublished\":\"2024-07-31T06:59:56+00:00\",\"dateModified\":\"2024-11-19T07:46:16+00:00\",\"mainEntityOfPage\":{\"@id\":\"https:\/\/www.photoweb.fr\/espaces\/magazine\/definition-ecoconception\/\"},\"wordCount\":730,\"commentCount\":1,\"publisher\":{\"@id\":\"https:\/\/www.photoweb.fr\/espaces\/magazine\/#organization\"},\"articleSection\":[\"Instants de vie\"],\"inLanguage\":\"fr-FR\",\"potentialAction\":[{\"@type\":\"CommentAction\",\"name\":\"Comment\",\"target\":[\"https:\/\/www.photoweb.fr\/espaces\/magazine\/definition-ecoconception\/#respond\"]}]},{\"@type\":\"WebPage\",\"@id\":\"https:\/\/www.photoweb.fr\/espaces\/magazine\/definition-ecoconception\/\",\"url\":\"https:\/\/www.photoweb.fr\/espaces\/magazine\/definition-ecoconception\/\",\"name\":\"L'\u00e9co-conception, c'est quoi au juste ?\",\"isPartOf\":{\"@id\":\"https:\/\/www.photoweb.fr\/espaces\/magazine\/#website\"},\"datePublished\":\"2024-07-31T06:59:56+00:00\",\"dateModified\":\"2024-11-19T07:46:16+00:00\",\"description\":\"Soyez rassur\u00e9s, l'\u00e9co-conception n'est pas un \u00e9ni\u00e8me concept \u00e9cologique incompr\u00e9hensible. C'est au contraire tr\u00e8s concret et vous serez m\u00eame capable de\",\"breadcrumb\":{\"@id\":\"https:\/\/www.photoweb.fr\/espaces\/magazine\/definition-ecoconception\/#breadcrumb\"},\"inLanguage\":\"fr-FR\",\"potentialAction\":[{\"@type\":\"ReadAction\",\"target\":[\"https:\/\/www.photoweb.fr\/espaces\/magazine\/definition-ecoconception\/\"]}]},{\"@type\":\"BreadcrumbList\",\"@id\":\"https:\/\/www.photoweb.fr\/espaces\/magazine\/definition-ecoconception\/#breadcrumb\",\"itemListElement\":[{\"@type\":\"ListItem\",\"position\":1,\"name\":\"Accueil\",\"item\":\"https:\/\/www.photoweb.fr\/espaces\/magazine\/\"},{\"@type\":\"ListItem\",\"position\":2,\"name\":\"Instants de vie\",\"item\":\"https:\/\/www.photoweb.fr\/espaces\/magazine\/instants-de-vie\/\"},{\"@type\":\"ListItem\",\"position\":3,\"name\":\"L&rsquo;\u00e9co-conception, c&rsquo;est quoi au juste ?\"}]},{\"@type\":\"WebSite\",\"@id\":\"https:\/\/www.photoweb.fr\/espaces\/magazine\/#website\",\"url\":\"https:\/\/www.photoweb.fr\/espaces\/magazine\/\",\"name\":\"Photoweb, le mag\",\"description\":\"Le magazine de Photoweb\",\"publisher\":{\"@id\":\"https:\/\/www.photoweb.fr\/espaces\/magazine\/#organization\"},\"potentialAction\":[{\"@type\":\"SearchAction\",\"target\":{\"@type\":\"EntryPoint\",\"urlTemplate\":\"https:\/\/www.photoweb.fr\/espaces\/magazine\/?s={search_term_string}\"},\"query-input\":\"required name=search_term_string\"}],\"inLanguage\":\"fr-FR\"},{\"@type\":\"Organization\",\"@id\":\"https:\/\/www.photoweb.fr\/espaces\/magazine\/#organization\",\"name\":\"Photoweb\",\"url\":\"https:\/\/www.photoweb.fr\/espaces\/magazine\/\",\"logo\":{\"@type\":\"ImageObject\",\"inLanguage\":\"fr-FR\",\"@id\":\"https:\/\/www.photoweb.fr\/espaces\/magazine\/#\/schema\/logo\/image\/\",\"url\":\"https:\/\/www.photoweb.fr\/espaces\/magazine\/wp-content\/uploads\/2021\/02\/Logo-Photoweb.jpg\",\"contentUrl\":\"https:\/\/www.photoweb.fr\/espaces\/magazine\/wp-content\/uploads\/2021\/02\/Logo-Photoweb.jpg\",\"width\":780,\"height\":456,\"caption\":\"Photoweb\"},\"image\":{\"@id\":\"https:\/\/www.photoweb.fr\/espaces\/magazine\/#\/schema\/logo\/image\/\"},\"sameAs\":[\"https:\/\/fr-fr.facebook.com\/Photoweb.fr\/\",\"https:\/\/twitter.com\/Photoweb_fr\",\"https:\/\/www.instagram.com\/photowebfr\/\",\"https:\/\/www.linkedin.com\/company\/347094\/\",\"https:\/\/www.pinterest.fr\/inspirationsphotoweb\/_created\/\",\"https:\/\/www.youtube.com\/channel\/UCtcVmTvkAzKQLVkiwfOm8sg\"]},{\"@type\":\"Person\",\"@id\":\"https:\/\/www.photoweb.fr\/espaces\/magazine\/#\/schema\/person\/285cd6607d64bbfcf9cd965f3d672dd8\",\"name\":\"Victor\"}]}<\/script>\n<!-- \/ Yoast SEO plugin. -->","yoast_head_json":{"title":"L'\u00e9co-conception, c'est quoi au juste ?","description":"Soyez rassur\u00e9s, l'\u00e9co-conception n'est pas un \u00e9ni\u00e8me concept \u00e9cologique incompr\u00e9hensible. C'est au contraire tr\u00e8s concret et vous serez m\u00eame capable de","robots":{"index":"index","follow":"follow","max-snippet":"max-snippet:-1","max-image-preview":"max-image-preview:large","max-video-preview":"max-video-preview:-1"},"canonical":"https:\/\/www.photoweb.fr\/espaces\/magazine\/definition-ecoconception\/","og_locale":"fr_FR","og_type":"article","og_title":"L'\u00e9co-conception, c'est quoi au juste ?","og_description":"Soyez rassur\u00e9s, l'\u00e9co-conception n'est pas un \u00e9ni\u00e8me concept \u00e9cologique incompr\u00e9hensible. C'est au contraire tr\u00e8s concret et vous serez m\u00eame capable de","og_url":"https:\/\/www.photoweb.fr\/espaces\/magazine\/definition-ecoconception\/","og_site_name":"Photoweb, le mag","article_publisher":"https:\/\/fr-fr.facebook.com\/Photoweb.fr\/","article_published_time":"2024-07-31T06:59:56+00:00","article_modified_time":"2024-11-19T07:46:16+00:00","og_image":[{"width":2048,"height":1152,"url":"https:\/\/www.photoweb.fr\/espaces\/magazine\/wp-content\/uploads\/2024\/04\/AdobeStock_566940449-min-scaled.webp","type":"image\/webp"}],"author":"Victor","twitter_card":"summary_large_image","twitter_creator":"@Photoweb_fr","twitter_site":"@Photoweb_fr","twitter_misc":{"\u00c9crit par":"Victor","Dur\u00e9e de lecture estim\u00e9e":"6 minutes"},"schema":{"@context":"https:\/\/schema.org","@graph":[{"@type":"Article","@id":"https:\/\/www.photoweb.fr\/espaces\/magazine\/definition-ecoconception\/#article","isPartOf":{"@id":"https:\/\/www.photoweb.fr\/espaces\/magazine\/definition-ecoconception\/"},"author":{"name":"Victor","@id":"https:\/\/www.photoweb.fr\/espaces\/magazine\/#\/schema\/person\/285cd6607d64bbfcf9cd965f3d672dd8"},"headline":"L&rsquo;\u00e9co-conception, c&rsquo;est quoi au juste ?","datePublished":"2024-07-31T06:59:56+00:00","dateModified":"2024-11-19T07:46:16+00:00","mainEntityOfPage":{"@id":"https:\/\/www.photoweb.fr\/espaces\/magazine\/definition-ecoconception\/"},"wordCount":730,"commentCount":1,"publisher":{"@id":"https:\/\/www.photoweb.fr\/espaces\/magazine\/#organization"},"articleSection":["Instants de vie"],"inLanguage":"fr-FR","potentialAction":[{"@type":"CommentAction","name":"Comment","target":["https:\/\/www.photoweb.fr\/espaces\/magazine\/definition-ecoconception\/#respond"]}]},{"@type":"WebPage","@id":"https:\/\/www.photoweb.fr\/espaces\/magazine\/definition-ecoconception\/","url":"https:\/\/www.photoweb.fr\/espaces\/magazine\/definition-ecoconception\/","name":"L'\u00e9co-conception, c'est quoi au juste ?","isPartOf":{"@id":"https:\/\/www.photoweb.fr\/espaces\/magazine\/#website"},"datePublished":"2024-07-31T06:59:56+00:00","dateModified":"2024-11-19T07:46:16+00:00","description":"Soyez rassur\u00e9s, l'\u00e9co-conception n'est pas un \u00e9ni\u00e8me concept \u00e9cologique incompr\u00e9hensible. C'est au contraire tr\u00e8s concret et vous serez m\u00eame capable de","breadcrumb":{"@id":"https:\/\/www.photoweb.fr\/espaces\/magazine\/definition-ecoconception\/#breadcrumb"},"inLanguage":"fr-FR","potentialAction":[{"@type":"ReadAction","target":["https:\/\/www.photoweb.fr\/espaces\/magazine\/definition-ecoconception\/"]}]},{"@type":"BreadcrumbList","@id":"https:\/\/www.photoweb.fr\/espaces\/magazine\/definition-ecoconception\/#breadcrumb","itemListElement":[{"@type":"ListItem","position":1,"name":"Accueil","item":"https:\/\/www.photoweb.fr\/espaces\/magazine\/"},{"@type":"ListItem","position":2,"name":"Instants de vie","item":"https:\/\/www.photoweb.fr\/espaces\/magazine\/instants-de-vie\/"},{"@type":"ListItem","position":3,"name":"L&rsquo;\u00e9co-conception, c&rsquo;est quoi au juste ?"}]},{"@type":"WebSite","@id":"https:\/\/www.photoweb.fr\/espaces\/magazine\/#website","url":"https:\/\/www.photoweb.fr\/espaces\/magazine\/","name":"Photoweb, le mag","description":"Le magazine de Photoweb","publisher":{"@id":"https:\/\/www.photoweb.fr\/espaces\/magazine\/#organization"},"potentialAction":[{"@type":"SearchAction","target":{"@type":"EntryPoint","urlTemplate":"https:\/\/www.photoweb.fr\/espaces\/magazine\/?s={search_term_string}"},"query-input":"required name=search_term_string"}],"inLanguage":"fr-FR"},{"@type":"Organization","@id":"https:\/\/www.photoweb.fr\/espaces\/magazine\/#organization","name":"Photoweb","url":"https:\/\/www.photoweb.fr\/espaces\/magazine\/","logo":{"@type":"ImageObject","inLanguage":"fr-FR","@id":"https:\/\/www.photoweb.fr\/espaces\/magazine\/#\/schema\/logo\/image\/","url":"https:\/\/www.photoweb.fr\/espaces\/magazine\/wp-content\/uploads\/2021\/02\/Logo-Photoweb.jpg","contentUrl":"https:\/\/www.photoweb.fr\/espaces\/magazine\/wp-content\/uploads\/2021\/02\/Logo-Photoweb.jpg","width":780,"height":456,"caption":"Photoweb"},"image":{"@id":"https:\/\/www.photoweb.fr\/espaces\/magazine\/#\/schema\/logo\/image\/"},"sameAs":["https:\/\/fr-fr.facebook.com\/Photoweb.fr\/","https:\/\/twitter.com\/Photoweb_fr","https:\/\/www.instagram.com\/photowebfr\/","https:\/\/www.linkedin.com\/company\/347094\/","https:\/\/www.pinterest.fr\/inspirationsphotoweb\/_created\/","https:\/\/www.youtube.com\/channel\/UCtcVmTvkAzKQLVkiwfOm8sg"]},{"@type":"Person","@id":"https:\/\/www.photoweb.fr\/espaces\/magazine\/#\/schema\/person\/285cd6607d64bbfcf9cd965f3d672dd8","name":"Victor"}]}},"acf":[],"_links":{"self":[{"href":"https:\/\/www.photoweb.fr\/espaces\/magazine\/wp-json\/wp\/v2\/posts\/12769","targetHints":{"allow":["GET"]}}],"collection":[{"href":"https:\/\/www.photoweb.fr\/espaces\/magazine\/wp-json\/wp\/v2\/posts"}],"about":[{"href":"https:\/\/www.photoweb.fr\/espaces\/magazine\/wp-json\/wp\/v2\/types\/post"}],"author":[{"embeddable":true,"href":"https:\/\/www.photoweb.fr\/espaces\/magazine\/wp-json\/wp\/v2\/users\/34"}],"replies":[{"embeddable":true,"href":"https:\/\/www.photoweb.fr\/espaces\/magazine\/wp-json\/wp\/v2\/comments?post=12769"}],"version-history":[{"count":10,"href":"https:\/\/www.photoweb.fr\/espaces\/magazine\/wp-json\/wp\/v2\/posts\/12769\/revisions"}],"predecessor-version":[{"id":13718,"href":"https:\/\/www.photoweb.fr\/espaces\/magazine\/wp-json\/wp\/v2\/posts\/12769\/revisions\/13718"}],"wp:featuredmedia":[{"embeddable":true,"href":"https:\/\/www.photoweb.fr\/espaces\/magazine\/wp-json\/wp\/v2\/media\/12790"}],"wp:attachment":[{"href":"https:\/\/www.photoweb.fr\/espaces\/magazine\/wp-json\/wp\/v2\/media?parent=12769"}],"wp:term":[{"taxonomy":"category","embeddable":true,"href":"https:\/\/www.photoweb.fr\/espaces\/magazine\/wp-json\/wp\/v2\/categories?post=12769"},{"taxonomy":"post_tag","embeddable":true,"href":"https:\/\/www.photoweb.fr\/espaces\/magazine\/wp-json\/wp\/v2\/tags?post=12769"}],"curies":[{"name":"wp","href":"https:\/\/api.w.org\/{rel}","templated":true}]}}