{"id":12829,"date":"2024-04-18T09:31:15","date_gmt":"2024-04-18T07:31:15","guid":{"rendered":"https:\/\/www.photoweb.fr\/espaces\/magazine\/?p=12829"},"modified":"2024-10-31T11:32:02","modified_gmt":"2024-10-31T09:32:02","slug":"coulisses-fabrication-livre-photoweb","status":"publish","type":"post","link":"https:\/\/www.photoweb.fr\/espaces\/magazine\/coulisses-fabrication-livre-photoweb\/","title":{"rendered":"Plongez dans les coulisses de la fabrication d&rsquo;un album photo"},"content":{"rendered":"\r\n\r\n\t<p>Fabriqu\u00e9s en France dans nos propres ateliers, nos albums photos traversent une multitude d&rsquo;\u00e9tapes diff\u00e9rentes avant de devenir votre recueil de souvenirs. Si vous vous \u00eates d\u00e9j\u00e0 demand\u00e9 <strong>comment est fabriqu\u00e9 un livre photo<\/strong> personnalis\u00e9, vous \u00eates au bon endroit.<\/p>\r\n\t<h2>Les \u00e9tapes de cr\u00e9ation d&rsquo;un livre photo<\/h2>\r\n<p>Une fois que vous avez cliqu\u00e9 sur \u00ab\u00a0Commander\u00a0\u00bb apr\u00e8s votre travail de cr\u00e9ation, c&rsquo;est l\u00e0 que d\u00e9marre le processus de fabrication de votre livre photo dans nos ateliers situ\u00e9s au c\u0153ur des Alpes, \u00e0 c\u00f4t\u00e9 de Grenoble. Chaque \u00e9tape est r\u00e9alis\u00e9e avec soin pour vous garantir un <strong>produit de qualit\u00e9<\/strong>, avec comme objectif pour nos \u00e9quipes de faire leur maximum pour sublimer vos souvenirs photos.<\/p>\r\n<h3>\r\n\t\tImpression du bloc (corps du livre)\r\n\t<\/h3>\r\n\t\t\t\t<img loading=\"lazy\" decoding=\"async\" src=\"https:\/\/www.photoweb.fr\/espaces\/magazine\/wp-content\/uploads\/2024\/04\/20240416_114613-scaled-e1713419372571.webp\" alt=\"impression bloc livre photo production\" itemprop=\"image\" height=\"1510\" width=\"1536\" title=\"impression bloc livre photo production\" onerror=\"this.style.display='none'\"  \/>\r\n\t<p>L&rsquo;impression du texte et des images qui constitueront le contenu interne du livre est la premi\u00e8re \u00e9tape physique du processus. <\/p>\r\n<p>Et oui, votre livre est fabriqu\u00e9 en 2 parties, d&rsquo;abord l&rsquo;int\u00e9rieur (<strong>le bloc<\/strong>) et l&rsquo;ext\u00e9rieur (<strong>la couverture<\/strong>). Ce n&rsquo;est qu&rsquo;\u00e0 la fin du processus de fabrication que les 2 seront r\u00e9unis.<\/p>\r\n<h3>\r\n\t\tFinition du bloc\r\n\t<\/h3>\r\n\t<p>Si vous avez choisi l&rsquo;option de <strong>vernissage<\/strong>, c&rsquo;est \u00e0 ce moment que vos pages sont vernies pour une protection et une finition suppl\u00e9mentaire.<\/p>\r\n<p>Sans vernissage, les pages sont directement d\u00e9coup\u00e9es au massicot pour obtenir le bon format n\u00e9cessaire \u00e0 la suite des op\u00e9rations.<\/p>\r\n\t\t\t\t<img loading=\"lazy\" decoding=\"async\" src=\"https:\/\/www.photoweb.fr\/espaces\/magazine\/wp-content\/uploads\/2024\/04\/Finition-du-bloc_MODIFIED-min-scaled-e1713534418852.webp\" alt=\"Finition bloc fabrication livre photo massicot d\u00e9coupe\" itemprop=\"image\" height=\"1203\" width=\"1536\" title=\"Finition bloc fabrication livre photo massicot d\u00e9coupe\" onerror=\"this.style.display='none'\"  \/>\r\n<h3>\r\n\t\tAssemblage du bloc\r\n\t<\/h3>\r\n\t\t\t\t<img loading=\"lazy\" decoding=\"async\" src=\"https:\/\/www.photoweb.fr\/espaces\/magazine\/wp-content\/uploads\/2024\/04\/20240416_111700-scaled-e1713421896164.webp\" alt=\"assemblage bloc fabrication livre photo\" itemprop=\"image\" height=\"1244\" width=\"1486\" title=\"assemblage bloc fabrication livre photo\" onerror=\"this.style.display='none'\"  \/>\r\n\t<p>Apr\u00e8s assemblage, le bloc n\u00e9cessite 2 heures de <strong>s\u00e9chage<\/strong> pour que la colle r\u00e9ticule (passage de l&rsquo;\u00e9tat p\u00e2teux \u00e0 l&rsquo;\u00e9tat solide) et solidifie l&rsquo;ensemble. Pendant cette \u00e9tape, les livres sont entrepos\u00e9s dans une zone ferm\u00e9e o\u00f9 la temp\u00e9rature et l&rsquo;humidit\u00e9 sont contr\u00f4l\u00e9es pour garantir un r\u00e9sultat optimal. Un test est r\u00e9alis\u00e9 \u00e0 l&rsquo;issue des 2 heures pour v\u00e9rifier que les pages sont bien coll\u00e9es.<\/p>\r\n\t<p>Le bloc d\u00e9coup\u00e9 est ensuite assembl\u00e9 \u00e0 l&rsquo;aide d&rsquo;une machine, o\u00f9 la colle est appliqu\u00e9e pour <strong>relier les pages<\/strong>. Il est ensuite recoup\u00e9 au bon format une derni\u00e8re fois par l&rsquo;Infinitrim, une autre machine (<em>oui, les noms de nos machines ressemblent \u00e0 des sorts d&rsquo;Harry Potter <img decoding=\"async\" role=\"img\" draggable=\"false\" src=\"https:\/\/s.w.org\/images\/core\/emoji\/14.0.0\/svg\/1fa84.svg\" alt=\"\ud83e\ude84\" \/><\/em>).<\/p>\r\n\t\t\t\t<img loading=\"lazy\" decoding=\"async\" src=\"https:\/\/www.photoweb.fr\/espaces\/magazine\/wp-content\/uploads\/2024\/04\/Sechage-assemblage-min-scaled-e1713420245153.webp\" alt=\"s\u00e9chage livre photo fabrication\" itemprop=\"image\" height=\"1013\" width=\"1536\" title=\"s\u00e9chage livre photo fabrication\" onerror=\"this.style.display='none'\"  \/>\r\n<h3>\r\n\t\tPr\u00e9paration de la couverture\r\n\t<\/h3>\r\n\t<p>Nous avons parl\u00e9 de l&rsquo;int\u00e9rieur de votre livre, parlons maintenant de l&rsquo;ext\u00e9rieur ! C&rsquo;est une \u00e9tape importante, une belle couverture donne envie d&rsquo;ouvrir et de parcourir le livre.<\/p>\r\n<p>D\u00e8s que le bloc est coup\u00e9 au massicot, la couverture est imprim\u00e9e. Elle peut \u00eatre <strong>pellicul\u00e9e<\/strong> (mat ou brillant) selon l&rsquo;option choisie, puis d\u00e9coup\u00e9e au massicot et par une machine \u00e0 d\u00e9coupe d&rsquo;angle pour lui permettre d&rsquo;\u00eatre fa\u00e7onn\u00e9e.<\/p>\r\n\t\t\t\t<img loading=\"lazy\" decoding=\"async\" src=\"https:\/\/www.photoweb.fr\/espaces\/magazine\/wp-content\/uploads\/2024\/04\/20240416_112552-scaled-e1713421356929.webp\" alt=\"assemblage couverture fabrication livre photo photo\" itemprop=\"image\" height=\"1372\" width=\"1536\" title=\"assemblage couverture fabrication livre photo photo\" onerror=\"this.style.display='none'\"  \/>\r\n\t\t\t\t<img loading=\"lazy\" decoding=\"async\" src=\"https:\/\/www.photoweb.fr\/espaces\/magazine\/wp-content\/uploads\/2024\/04\/20240416_112115-scaled-e1713421579842.webp\" alt=\"pelliculage fabrication livre photo\" itemprop=\"image\" height=\"1203\" width=\"1536\" title=\"pelliculage fabrication livre photo\" onerror=\"this.style.display='none'\"  \/>\r\n\t<p>Elle passe ensuite dans une autre machine qui va donner \u00e0 la <strong>couverture<\/strong> sa forme finale par l&rsquo;ajout de cartons et d&rsquo;une baguette, la rendant rigide et pr\u00eate \u00e0 \u00eatre assembl\u00e9e au bloc.<\/p>\r\n<h3>\r\n\t\t\u00c9tape suppl\u00e9mentaire pour les livres \u00e0 fen\u00eatre\r\n\t<\/h3>\r\n\t<p>Photoweb propose une gamme compl\u00e8te de livres photos. Parmi elle, le <a href=\"https:\/\/www.photoweb.fr\/livre-photo\/elegance\/listing\"><strong>livre \u00e0 fen\u00eatre<\/strong><\/a> est un bon choix pour un r\u00e9sultat cr\u00e9atif. Pour la fabrication, une \u00e9tape suppl\u00e9mentaire d&#8217;emboutissage (<em>ou d\u00e9coupe, pour les moins techniques d&rsquo;entre nous<\/em>) est ajout\u00e9e sur la couverture et la garde du livre.<\/p>\r\n\t\t\t\t<img loading=\"lazy\" decoding=\"async\" src=\"https:\/\/www.photoweb.fr\/espaces\/magazine\/wp-content\/uploads\/2024\/04\/20240418_085824-scaled-e1713426682254.webp\" alt=\"emboutissage LPE fabrication livres photo\" itemprop=\"image\" height=\"1313\" width=\"1536\" title=\"emboutissage LPE fabrication livres photo\" onerror=\"this.style.display='none'\"  \/>\r\n<h3>\r\n\t\tRassemblement\r\n\t<\/h3>\r\n\t\t\t\t<img loading=\"lazy\" decoding=\"async\" src=\"https:\/\/www.photoweb.fr\/espaces\/magazine\/wp-content\/uploads\/2024\/04\/20240418_085713-scaled-e1713426827392.webp\" alt=\"rassemblage bloc couverture fabrication livre photo\" itemprop=\"image\" height=\"1336\" width=\"1536\" title=\"rassemblage bloc couverture fabrication livre photo\" onerror=\"this.style.display='none'\"  \/>\r\n\t<p>La couverture rigide est envoy\u00e9e au tri pour \u00eatre r\u00e9unie avec son bloc correspondant.<\/p>\r\n<p>Les blocs et les couvertures sont <strong>assembl\u00e9s<\/strong> sur une m\u00eame table, et une machine les assemble pour former le livre final. \u00c7a y est, votre livre prend sa forme finale !<\/p>\r\n<h3>\r\n\t\tFinalisation et exp\u00e9dition\r\n\t<\/h3>\r\n\t<p>Le livre peut \u00eatre stock\u00e9 temporairement au pr\u00e9 regroupement s&rsquo;il doit \u00eatre associ\u00e9 \u00e0 un second livre ou \u00e0 un autre produit que vous auriez \u00e9ventuellement command\u00e9 pour accompagner votre livre.<\/p>\r\n<p>Finalement, les livres sont <strong>exp\u00e9di\u00e9s<\/strong> \u00e0 leur destination finale.<\/p>\r\n\t\t\t\t<img loading=\"lazy\" decoding=\"async\" src=\"https:\/\/www.photoweb.fr\/espaces\/magazine\/wp-content\/uploads\/2024\/04\/expedition-scaled-e1713422767964.webp\" alt=\"exp\u00e9dition livre photo\" itemprop=\"image\" height=\"1172\" width=\"1536\" title=\"exp\u00e9dition livre photo\" onerror=\"this.style.display='none'\"  \/>\r\n\t\t\t\t<img loading=\"lazy\" decoding=\"async\" src=\"https:\/\/www.photoweb.fr\/espaces\/magazine\/wp-content\/uploads\/2021\/06\/lps-300x300.jpg\" alt=\"livre-phoro-souple-carr\u00e9\" itemprop=\"image\" height=\"300\" width=\"300\" title=\"livre-photo-souple-carr\u00e9\" onerror=\"this.style.display='none'\"  \/>\r\n\t<p>Maintenant que vous connaissez chaque \u00e9tape n\u00e9cessaire \u00e0 la r\u00e9alisation d&rsquo;un livre photo, n&rsquo;h\u00e9sitez pas \u00e0 les d\u00e9couvrir par vous-m\u00eames en cr\u00e9ant le v\u00f4tre.<\/p>\r\n\t\t\t<a href=\"https:\/\/www.photoweb.fr\/livre-photo\/listing\" target=\"_self\" role=\"button\" rel=\"noopener\">\r\n\t\t\t\t\t\t\tCr\u00e9ez votre livre photo personnalis\u00e9\r\n\t\t\t\t\t<\/a>\r\n\t<iframe width=\"560\" height=\"315\" src=\"https:\/\/www.youtube.com\/embed\/LJMVyGle_4w?si=AD3nz9hyxyKXq09R\" title=\"YouTube video player\" frameborder=\"0\" allow=\"accelerometer; autoplay; clipboard-write; encrypted-media; gyroscope; picture-in-picture; web-share\" referrerpolicy=\"strict-origin-when-cross-origin\" allowfullscreen><\/iframe>\r\n\t1.2.3.\r\nimprimez&#8239;!\r\n\t\t\t\t<a href=\"https:\/\/www.photoweb.fr\/\" target=\"_blank\" rel=\"noopener\" itemprop=\"url\">\r\n\t\t\t\t<img loading=\"lazy\" decoding=\"async\" src=\"https:\/\/www.photoweb.fr\/espaces\/magazine\/wp-content\/uploads\/2024\/04\/LPE-IMG_6466_2-min-scaled.webp\" alt=\"livre photo personnalis\u00e9 fen\u00eatre\" itemprop=\"image\" height=\"1365\" width=\"2048\" title=\"livre photo personnalis\u00e9 fen\u00eatre\" onerror=\"this.style.display='none'\"  \/>\r\n\t\t\t\t<\/a>\r\n\t<a target=\"_blank\" href=\"https:\/\/www.photoweb.fr\/livre-photo\/elegance\/listing\" rel=\"noopener\">\r\nCr\u00e9er votre livre photo fen\u00eatre<\/a>\r\n\t\t\t\t<a href=\"https:\/\/www.photoweb.fr\/\" target=\"_blank\" rel=\"noopener\" itemprop=\"url\">\r\n\t\t\t\t<img loading=\"lazy\" decoding=\"async\" src=\"https:\/\/www.photoweb.fr\/espaces\/magazine\/wp-content\/uploads\/2024\/04\/LPP-Paysage-IMG_6167_2-min-min-scaled.webp\" alt=\"livre photo personnalis\u00e9 paysage rigide\" itemprop=\"image\" height=\"1365\" width=\"2048\" title=\"livre photo personnalis\u00e9 paysage rigide\" onerror=\"this.style.display='none'\"  \/>\r\n\t\t\t\t<\/a>\r\n\t<a target=\"_blank\" href=\"https:\/\/www.photoweb.fr\/livre-photo\/paysage-rigide\" rel=\"noopener\">\r\nCr\u00e9er votre livre photo paysage<\/a>\r\n\t\t\t\t<a href=\"https:\/\/www.photoweb.fr\/\" target=\"_blank\" rel=\"noopener\" itemprop=\"url\">\r\n\t\t\t\t<img loading=\"lazy\" decoding=\"async\" src=\"https:\/\/www.photoweb.fr\/espaces\/magazine\/wp-content\/uploads\/2024\/04\/LPL-Paysage-IMG_7177-2-min-scaled.webp\" alt=\"livre photo personnalis\u00e9 ouverture \u00e0 plat\" itemprop=\"image\" height=\"1365\" width=\"2048\" title=\"livre photo personnalis\u00e9 ouverture \u00e0 plat\" onerror=\"this.style.display='none'\"  \/>\r\n\t\t\t\t<\/a>\r\n\t<a target=\"_blank\" href=\"https:\/\/www.photoweb.fr\/livre-photo\/luxe-paysage-ouverture-plat\" rel=\"noopener\">\r\nCr\u00e9er votre livre photo luxe<\/a>\r\n\r\n","protected":false},"excerpt":{"rendered":"<p>Fabriqu\u00e9s en France dans nos propres ateliers, nos albums photos traversent une multitude d&rsquo;\u00e9tapes diff\u00e9rentes avant de devenir votre recueil de souvenirs. Si vous vous \u00eates d\u00e9j\u00e0 demand\u00e9 comment est fabriqu\u00e9 un livre photo personnalis\u00e9, vous \u00eates au bon endroit. Les \u00e9tapes de cr\u00e9ation d&rsquo;un livre photo Une fois que vous avez cliqu\u00e9 sur \u00ab\u00a0Commander\u00a0\u00bb&hellip;<\/p>\n","protected":false},"author":34,"featured_media":12830,"comment_status":"open","ping_status":"open","sticky":false,"template":"single-standard.php","format":"standard","meta":{"footnotes":""},"categories":[30],"tags":[],"class_list":["post-12829","post","type-post","status-publish","format-standard","has-post-thumbnail","hentry","category-coulisses"],"yoast_head":"<!-- This site is optimized with the Yoast SEO plugin v20.3 - https:\/\/yoast.com\/wordpress\/plugins\/seo\/ -->\n<title>Livre photo : d\u00e9couvrez les coulisses de notre production<\/title>\n<meta name=\"description\" content=\"P\u00e9n\u00e9trez dans nos ateliers fran\u00e7ais pour d\u00e9couvrir toutes les \u00e9tapes de fabrication des albums photos personnalis\u00e9s Photoweb.\" \/>\n<meta name=\"robots\" content=\"index, follow, max-snippet:-1, max-image-preview:large, max-video-preview:-1\" \/>\n<link rel=\"canonical\" href=\"https:\/\/www.photoweb.fr\/espaces\/magazine\/coulisses-fabrication-livre-photoweb\/\" \/>\n<meta property=\"og:locale\" content=\"fr_FR\" \/>\n<meta property=\"og:type\" content=\"article\" \/>\n<meta property=\"og:title\" content=\"Livre photo : d\u00e9couvrez les coulisses de notre production\" \/>\n<meta property=\"og:description\" content=\"P\u00e9n\u00e9trez dans nos ateliers fran\u00e7ais pour d\u00e9couvrir toutes les \u00e9tapes de fabrication des albums photos personnalis\u00e9s Photoweb.\" \/>\n<meta property=\"og:url\" content=\"https:\/\/www.photoweb.fr\/espaces\/magazine\/coulisses-fabrication-livre-photoweb\/\" \/>\n<meta property=\"og:site_name\" content=\"Photoweb, le mag\" \/>\n<meta property=\"article:publisher\" content=\"https:\/\/fr-fr.facebook.com\/Photoweb.fr\/\" \/>\n<meta property=\"article:published_time\" content=\"2024-04-18T07:31:15+00:00\" \/>\n<meta property=\"article:modified_time\" content=\"2024-10-31T09:32:02+00:00\" \/>\n<meta property=\"og:image\" content=\"https:\/\/www.photoweb.fr\/espaces\/magazine\/wp-content\/uploads\/2024\/04\/20240416_113652-scaled-e1713364253668.webp\" \/>\n\t<meta property=\"og:image:width\" content=\"1536\" \/>\n\t<meta property=\"og:image:height\" content=\"993\" \/>\n\t<meta property=\"og:image:type\" content=\"image\/webp\" \/>\n<meta name=\"author\" content=\"Victor\" \/>\n<meta name=\"twitter:card\" content=\"summary_large_image\" \/>\n<meta name=\"twitter:creator\" content=\"@Photoweb_fr\" \/>\n<meta name=\"twitter:site\" content=\"@Photoweb_fr\" \/>\n<meta name=\"twitter:label1\" content=\"\u00c9crit par\" \/>\n\t<meta name=\"twitter:data1\" content=\"Victor\" \/>\n\t<meta name=\"twitter:label2\" content=\"Dur\u00e9e de lecture estim\u00e9e\" \/>\n\t<meta name=\"twitter:data2\" content=\"6 minutes\" \/>\n<script type=\"application\/ld+json\" class=\"yoast-schema-graph\">{\"@context\":\"https:\/\/schema.org\",\"@graph\":[{\"@type\":\"Article\",\"@id\":\"https:\/\/www.photoweb.fr\/espaces\/magazine\/coulisses-fabrication-livre-photoweb\/#article\",\"isPartOf\":{\"@id\":\"https:\/\/www.photoweb.fr\/espaces\/magazine\/coulisses-fabrication-livre-photoweb\/\"},\"author\":{\"name\":\"Victor\",\"@id\":\"https:\/\/www.photoweb.fr\/espaces\/magazine\/#\/schema\/person\/285cd6607d64bbfcf9cd965f3d672dd8\"},\"headline\":\"Plongez dans les coulisses de la fabrication d&rsquo;un album photo\",\"datePublished\":\"2024-04-18T07:31:15+00:00\",\"dateModified\":\"2024-10-31T09:32:02+00:00\",\"mainEntityOfPage\":{\"@id\":\"https:\/\/www.photoweb.fr\/espaces\/magazine\/coulisses-fabrication-livre-photoweb\/\"},\"wordCount\":689,\"commentCount\":5,\"publisher\":{\"@id\":\"https:\/\/www.photoweb.fr\/espaces\/magazine\/#organization\"},\"articleSection\":[\"Coulisses\"],\"inLanguage\":\"fr-FR\",\"potentialAction\":[{\"@type\":\"CommentAction\",\"name\":\"Comment\",\"target\":[\"https:\/\/www.photoweb.fr\/espaces\/magazine\/coulisses-fabrication-livre-photoweb\/#respond\"]}]},{\"@type\":\"WebPage\",\"@id\":\"https:\/\/www.photoweb.fr\/espaces\/magazine\/coulisses-fabrication-livre-photoweb\/\",\"url\":\"https:\/\/www.photoweb.fr\/espaces\/magazine\/coulisses-fabrication-livre-photoweb\/\",\"name\":\"Livre photo : d\u00e9couvrez les coulisses de notre production\",\"isPartOf\":{\"@id\":\"https:\/\/www.photoweb.fr\/espaces\/magazine\/#website\"},\"datePublished\":\"2024-04-18T07:31:15+00:00\",\"dateModified\":\"2024-10-31T09:32:02+00:00\",\"description\":\"P\u00e9n\u00e9trez dans nos ateliers fran\u00e7ais pour d\u00e9couvrir toutes les \u00e9tapes de fabrication des albums photos personnalis\u00e9s Photoweb.\",\"breadcrumb\":{\"@id\":\"https:\/\/www.photoweb.fr\/espaces\/magazine\/coulisses-fabrication-livre-photoweb\/#breadcrumb\"},\"inLanguage\":\"fr-FR\",\"potentialAction\":[{\"@type\":\"ReadAction\",\"target\":[\"https:\/\/www.photoweb.fr\/espaces\/magazine\/coulisses-fabrication-livre-photoweb\/\"]}]},{\"@type\":\"BreadcrumbList\",\"@id\":\"https:\/\/www.photoweb.fr\/espaces\/magazine\/coulisses-fabrication-livre-photoweb\/#breadcrumb\",\"itemListElement\":[{\"@type\":\"ListItem\",\"position\":1,\"name\":\"Accueil\",\"item\":\"https:\/\/www.photoweb.fr\/espaces\/magazine\/\"},{\"@type\":\"ListItem\",\"position\":2,\"name\":\"Coulisses\",\"item\":\"https:\/\/www.photoweb.fr\/espaces\/magazine\/coulisses\/\"},{\"@type\":\"ListItem\",\"position\":3,\"name\":\"Plongez dans les coulisses de la fabrication d&rsquo;un album photo\"}]},{\"@type\":\"WebSite\",\"@id\":\"https:\/\/www.photoweb.fr\/espaces\/magazine\/#website\",\"url\":\"https:\/\/www.photoweb.fr\/espaces\/magazine\/\",\"name\":\"Photoweb, le mag\",\"description\":\"Le magazine de Photoweb\",\"publisher\":{\"@id\":\"https:\/\/www.photoweb.fr\/espaces\/magazine\/#organization\"},\"potentialAction\":[{\"@type\":\"SearchAction\",\"target\":{\"@type\":\"EntryPoint\",\"urlTemplate\":\"https:\/\/www.photoweb.fr\/espaces\/magazine\/?s={search_term_string}\"},\"query-input\":\"required name=search_term_string\"}],\"inLanguage\":\"fr-FR\"},{\"@type\":\"Organization\",\"@id\":\"https:\/\/www.photoweb.fr\/espaces\/magazine\/#organization\",\"name\":\"Photoweb\",\"url\":\"https:\/\/www.photoweb.fr\/espaces\/magazine\/\",\"logo\":{\"@type\":\"ImageObject\",\"inLanguage\":\"fr-FR\",\"@id\":\"https:\/\/www.photoweb.fr\/espaces\/magazine\/#\/schema\/logo\/image\/\",\"url\":\"https:\/\/www.photoweb.fr\/espaces\/magazine\/wp-content\/uploads\/2021\/02\/Logo-Photoweb.jpg\",\"contentUrl\":\"https:\/\/www.photoweb.fr\/espaces\/magazine\/wp-content\/uploads\/2021\/02\/Logo-Photoweb.jpg\",\"width\":780,\"height\":456,\"caption\":\"Photoweb\"},\"image\":{\"@id\":\"https:\/\/www.photoweb.fr\/espaces\/magazine\/#\/schema\/logo\/image\/\"},\"sameAs\":[\"https:\/\/fr-fr.facebook.com\/Photoweb.fr\/\",\"https:\/\/twitter.com\/Photoweb_fr\",\"https:\/\/www.instagram.com\/photowebfr\/\",\"https:\/\/www.linkedin.com\/company\/347094\/\",\"https:\/\/www.pinterest.fr\/inspirationsphotoweb\/_created\/\",\"https:\/\/www.youtube.com\/channel\/UCtcVmTvkAzKQLVkiwfOm8sg\"]},{\"@type\":\"Person\",\"@id\":\"https:\/\/www.photoweb.fr\/espaces\/magazine\/#\/schema\/person\/285cd6607d64bbfcf9cd965f3d672dd8\",\"name\":\"Victor\"}]}<\/script>\n<!-- \/ Yoast SEO plugin. -->","yoast_head_json":{"title":"Livre photo : d\u00e9couvrez les coulisses de notre production","description":"P\u00e9n\u00e9trez dans nos ateliers fran\u00e7ais pour d\u00e9couvrir toutes les \u00e9tapes de fabrication des albums photos personnalis\u00e9s Photoweb.","robots":{"index":"index","follow":"follow","max-snippet":"max-snippet:-1","max-image-preview":"max-image-preview:large","max-video-preview":"max-video-preview:-1"},"canonical":"https:\/\/www.photoweb.fr\/espaces\/magazine\/coulisses-fabrication-livre-photoweb\/","og_locale":"fr_FR","og_type":"article","og_title":"Livre photo : d\u00e9couvrez les coulisses de notre production","og_description":"P\u00e9n\u00e9trez dans nos ateliers fran\u00e7ais pour d\u00e9couvrir toutes les \u00e9tapes de fabrication des albums photos personnalis\u00e9s Photoweb.","og_url":"https:\/\/www.photoweb.fr\/espaces\/magazine\/coulisses-fabrication-livre-photoweb\/","og_site_name":"Photoweb, le mag","article_publisher":"https:\/\/fr-fr.facebook.com\/Photoweb.fr\/","article_published_time":"2024-04-18T07:31:15+00:00","article_modified_time":"2024-10-31T09:32:02+00:00","og_image":[{"width":1536,"height":993,"url":"https:\/\/www.photoweb.fr\/espaces\/magazine\/wp-content\/uploads\/2024\/04\/20240416_113652-scaled-e1713364253668.webp","type":"image\/webp"}],"author":"Victor","twitter_card":"summary_large_image","twitter_creator":"@Photoweb_fr","twitter_site":"@Photoweb_fr","twitter_misc":{"\u00c9crit par":"Victor","Dur\u00e9e de lecture estim\u00e9e":"6 minutes"},"schema":{"@context":"https:\/\/schema.org","@graph":[{"@type":"Article","@id":"https:\/\/www.photoweb.fr\/espaces\/magazine\/coulisses-fabrication-livre-photoweb\/#article","isPartOf":{"@id":"https:\/\/www.photoweb.fr\/espaces\/magazine\/coulisses-fabrication-livre-photoweb\/"},"author":{"name":"Victor","@id":"https:\/\/www.photoweb.fr\/espaces\/magazine\/#\/schema\/person\/285cd6607d64bbfcf9cd965f3d672dd8"},"headline":"Plongez dans les coulisses de la fabrication d&rsquo;un album photo","datePublished":"2024-04-18T07:31:15+00:00","dateModified":"2024-10-31T09:32:02+00:00","mainEntityOfPage":{"@id":"https:\/\/www.photoweb.fr\/espaces\/magazine\/coulisses-fabrication-livre-photoweb\/"},"wordCount":689,"commentCount":5,"publisher":{"@id":"https:\/\/www.photoweb.fr\/espaces\/magazine\/#organization"},"articleSection":["Coulisses"],"inLanguage":"fr-FR","potentialAction":[{"@type":"CommentAction","name":"Comment","target":["https:\/\/www.photoweb.fr\/espaces\/magazine\/coulisses-fabrication-livre-photoweb\/#respond"]}]},{"@type":"WebPage","@id":"https:\/\/www.photoweb.fr\/espaces\/magazine\/coulisses-fabrication-livre-photoweb\/","url":"https:\/\/www.photoweb.fr\/espaces\/magazine\/coulisses-fabrication-livre-photoweb\/","name":"Livre photo : d\u00e9couvrez les coulisses de notre production","isPartOf":{"@id":"https:\/\/www.photoweb.fr\/espaces\/magazine\/#website"},"datePublished":"2024-04-18T07:31:15+00:00","dateModified":"2024-10-31T09:32:02+00:00","description":"P\u00e9n\u00e9trez dans nos ateliers fran\u00e7ais pour d\u00e9couvrir toutes les \u00e9tapes de fabrication des albums photos personnalis\u00e9s Photoweb.","breadcrumb":{"@id":"https:\/\/www.photoweb.fr\/espaces\/magazine\/coulisses-fabrication-livre-photoweb\/#breadcrumb"},"inLanguage":"fr-FR","potentialAction":[{"@type":"ReadAction","target":["https:\/\/www.photoweb.fr\/espaces\/magazine\/coulisses-fabrication-livre-photoweb\/"]}]},{"@type":"BreadcrumbList","@id":"https:\/\/www.photoweb.fr\/espaces\/magazine\/coulisses-fabrication-livre-photoweb\/#breadcrumb","itemListElement":[{"@type":"ListItem","position":1,"name":"Accueil","item":"https:\/\/www.photoweb.fr\/espaces\/magazine\/"},{"@type":"ListItem","position":2,"name":"Coulisses","item":"https:\/\/www.photoweb.fr\/espaces\/magazine\/coulisses\/"},{"@type":"ListItem","position":3,"name":"Plongez dans les coulisses de la fabrication d&rsquo;un album photo"}]},{"@type":"WebSite","@id":"https:\/\/www.photoweb.fr\/espaces\/magazine\/#website","url":"https:\/\/www.photoweb.fr\/espaces\/magazine\/","name":"Photoweb, le mag","description":"Le magazine de Photoweb","publisher":{"@id":"https:\/\/www.photoweb.fr\/espaces\/magazine\/#organization"},"potentialAction":[{"@type":"SearchAction","target":{"@type":"EntryPoint","urlTemplate":"https:\/\/www.photoweb.fr\/espaces\/magazine\/?s={search_term_string}"},"query-input":"required name=search_term_string"}],"inLanguage":"fr-FR"},{"@type":"Organization","@id":"https:\/\/www.photoweb.fr\/espaces\/magazine\/#organization","name":"Photoweb","url":"https:\/\/www.photoweb.fr\/espaces\/magazine\/","logo":{"@type":"ImageObject","inLanguage":"fr-FR","@id":"https:\/\/www.photoweb.fr\/espaces\/magazine\/#\/schema\/logo\/image\/","url":"https:\/\/www.photoweb.fr\/espaces\/magazine\/wp-content\/uploads\/2021\/02\/Logo-Photoweb.jpg","contentUrl":"https:\/\/www.photoweb.fr\/espaces\/magazine\/wp-content\/uploads\/2021\/02\/Logo-Photoweb.jpg","width":780,"height":456,"caption":"Photoweb"},"image":{"@id":"https:\/\/www.photoweb.fr\/espaces\/magazine\/#\/schema\/logo\/image\/"},"sameAs":["https:\/\/fr-fr.facebook.com\/Photoweb.fr\/","https:\/\/twitter.com\/Photoweb_fr","https:\/\/www.instagram.com\/photowebfr\/","https:\/\/www.linkedin.com\/company\/347094\/","https:\/\/www.pinterest.fr\/inspirationsphotoweb\/_created\/","https:\/\/www.youtube.com\/channel\/UCtcVmTvkAzKQLVkiwfOm8sg"]},{"@type":"Person","@id":"https:\/\/www.photoweb.fr\/espaces\/magazine\/#\/schema\/person\/285cd6607d64bbfcf9cd965f3d672dd8","name":"Victor"}]}},"acf":[],"_links":{"self":[{"href":"https:\/\/www.photoweb.fr\/espaces\/magazine\/wp-json\/wp\/v2\/posts\/12829","targetHints":{"allow":["GET"]}}],"collection":[{"href":"https:\/\/www.photoweb.fr\/espaces\/magazine\/wp-json\/wp\/v2\/posts"}],"about":[{"href":"https:\/\/www.photoweb.fr\/espaces\/magazine\/wp-json\/wp\/v2\/types\/post"}],"author":[{"embeddable":true,"href":"https:\/\/www.photoweb.fr\/espaces\/magazine\/wp-json\/wp\/v2\/users\/34"}],"replies":[{"embeddable":true,"href":"https:\/\/www.photoweb.fr\/espaces\/magazine\/wp-json\/wp\/v2\/comments?post=12829"}],"version-history":[{"count":10,"href":"https:\/\/www.photoweb.fr\/espaces\/magazine\/wp-json\/wp\/v2\/posts\/12829\/revisions"}],"predecessor-version":[{"id":13405,"href":"https:\/\/www.photoweb.fr\/espaces\/magazine\/wp-json\/wp\/v2\/posts\/12829\/revisions\/13405"}],"wp:featuredmedia":[{"embeddable":true,"href":"https:\/\/www.photoweb.fr\/espaces\/magazine\/wp-json\/wp\/v2\/media\/12830"}],"wp:attachment":[{"href":"https:\/\/www.photoweb.fr\/espaces\/magazine\/wp-json\/wp\/v2\/media?parent=12829"}],"wp:term":[{"taxonomy":"category","embeddable":true,"href":"https:\/\/www.photoweb.fr\/espaces\/magazine\/wp-json\/wp\/v2\/categories?post=12829"},{"taxonomy":"post_tag","embeddable":true,"href":"https:\/\/www.photoweb.fr\/espaces\/magazine\/wp-json\/wp\/v2\/tags?post=12829"}],"curies":[{"name":"wp","href":"https:\/\/api.w.org\/{rel}","templated":true}]}}