{"id":1302,"date":"2017-10-23T09:57:16","date_gmt":"2017-10-23T09:57:16","guid":{"rendered":"https:\/\/www.photoweb.fr\/espaces\/magazine\/magazine\/?p=1302"},"modified":"2022-05-24T14:26:53","modified_gmt":"2022-05-24T14:26:53","slug":"tableau-photo-alu-plexi-ou-pvc","status":"publish","type":"post","link":"https:\/\/www.photoweb.fr\/espaces\/magazine\/tableau-photo-alu-plexi-ou-pvc\/","title":{"rendered":"Quel support choisir pour mon tableau photo ? Alu, plexi ou PVC ?"},"content":{"rendered":"<p>Il existe une multitude de supports sur lesquels vous pouvez imprimer vos photos. Seulement, on ne conna\u00eet pas toujours la diff\u00e9rence entre chaque possibilit\u00e9 et notre cr\u00e9ativit\u00e9 se voit donc limit\u00e9e si on se cantonne \u00e0 un <a href=\"https:\/\/www.photoweb.fr\/tirage-photo\/listing\">tirage photo<\/a> classique. Il est question aujourd\u2019hui du <a href=\"https:\/\/www.photoweb.fr\/decoration-murale\/tableau-photo-alu\"><strong>tableau photo<\/strong> alu<\/a>, plexi et PVC : quelle est la diff\u00e9rence ? Quel support choisir pour embellir au mieux ses clich\u00e9s favoris ?<\/p>\n<h2><strong>Tableau photo alu : le rendu mat et lisse<\/strong><\/h2>\n<p>Le tableau photo sur aluminium, connu aussi sous le nom de Dibond\u00ae, fait r\u00e9f\u00e9rence \u00e0 un poster imprim\u00e9 sur une fine plaque d\u2019aluminium (3 mm). Chez Photoweb, ce dernier est d\u00e9velopp\u00e9 sur un papier photo argentique Fujifilm, pour plus de qualit\u00e9.<\/p>\n<p>Le <a href=\"https:\/\/www.photoweb.fr\/decoration-murale\/tableau\/listing\">tableau photo<\/a> sur plaque alu Dibond a plusieurs avantages :<\/p>\n<ul>\n<li>Design : le tableau alu apportera design et modernit\u00e9 \u00e0 vos espaces, en plus de reproduire fid\u00e8lement les couleurs originales de vos photos avec une touche de satin\u00e9.<\/li>\n<li>L\u00e9g\u00e8ret\u00e9 : l\u2019aluminium est un mat\u00e9riau connu pour \u00eatre l\u00e9ger. Il tiendra donc parfaitement sur ses attaches contre un mur.<\/li>\n<li>Rigidit\u00e9 : votre tableau photo n\u2019aura pas la chance de s\u2019ab\u00eemer comme \u00e7a peut \u00eatre le cas d\u2019un cadre en verre qui se brise.<\/li>\n<li>Robustesse : un tableau photo alu est tr\u00e8s r\u00e9sistant. Vous pouvez donc l\u2019exposer en ext\u00e9rieur pour d\u00e9corer une terrasse ou un balcon !<\/li>\n<li>Volume : les formes sont rehauss\u00e9es, les reliefs plus prononc\u00e9s.<\/li>\n<li>Long\u00e9vit\u00e9 : inoxydable et imputrescible, l\u2019aluminium assure la durabilit\u00e9 de vos tirages photos.<\/li>\n<\/ul>\n<p>Du coup, le tableau photo alu sera id\u00e9al pour d\u00e9corer une pi\u00e8ce \u00e0 la d\u00e9coration design et contemporaine. Il n\u2019est cependant pas interdit de l\u2019utiliser dans d\u2019autres univers d\u00e9co.<\/p>\n<p>\t\t\t\t<img loading=\"lazy\" decoding=\"async\" src=\"https:\/\/www.photoweb.fr\/espaces\/magazine\/wp-content\/uploads\/2017\/10\/tableau-photo-alu-photoweb.jpg\" alt=\"tableau photo alu photoweb\" height=\"960\" width=\"1280\" title=\"tableau photo alu photoweb\" \/><\/p>\n<h2><strong>Pour des tableaux photos brillants gr\u00e2ce au plexi<\/strong><\/h2>\n<p>Dans notre article sur les raisons de choisir le plexi pour ses tirages photos, on vous expose tous ses avantages et caract\u00e9ristiques. Mais s\u2019il y a des points \u00e0 retenir, ce serait sans h\u00e9siter :<\/p>\n<ul>\n<li>La capacit\u00e9 du <a href=\"https:\/\/www.photoweb.fr\/decoration-murale\/tableau-plexi\/listing\">tableau photo plexi<\/a> \u00e0 r\u00e9sister \u00e0 l\u2019humidit\u00e9 : cuisine ou salle de bains seront les pi\u00e8ces favorites de vos cr\u00e9ations en plexiglas.<\/li>\n<li>La finition qui permet profondeur et brillance \u00e0 vos photos. Nous vous conseillons de disposer votre tableau plexi pr\u00e8s d\u2019un spot lumineux, pour r\u00e9v\u00e9ler toute la beaut\u00e9 du sujet.<\/li>\n<\/ul>\n<p>En bref, le tableau plexi convient davantage aux photos vives de couleurs. Par exemple, c\u2019est un support bien adapt\u00e9 aux clich\u00e9s de paysages et univers de voyages.<\/p>\n<p>A notez quand m\u00eame : le support plexi est plus lourd que l\u2019alu ou le PVC.<\/p>\n<h2><strong>Tableau photo PVC : autrement dit le support l\u00e9ger et \u00e9conomique<\/strong><\/h2>\n<p>Comme l\u2019aluminium, le PVC est rigide et tr\u00e8s l\u00e9ger. La diff\u00e9rence c\u2019est qu\u2019il est moins cher, id\u00e9al pour les petits budgets. Aussi, le <a href=\"https:\/\/www.photoweb.fr\/decoration-murale\/tableau-pvc\/listing\">tableau photo PVC<\/a> est un \u00e9l\u00e9ment de d\u00e9coration qui s\u2019adapte ais\u00e9ment \u00e0 tous les int\u00e9rieurs : chambre, salon, hall d\u2019entr\u00e9e\u2026 Il passe partout !<\/p>\n<p>Au final, le choix du support pour votre tableau photo d\u00e9pendra pour beaucoup de la d\u00e9coration que vous souhaiterez donner \u00e0 une pi\u00e8ce.<\/p>\n<p>\t\t\t\t<img loading=\"lazy\" decoding=\"async\" src=\"https:\/\/www.photoweb.fr\/espaces\/magazine\/wp-content\/uploads\/2017\/10\/tableau-photo-pvc-photoweb.jpg\" alt=\"tableau photo pvc photoweb\" height=\"960\" width=\"1280\" title=\"tableau photo pvc photoweb\" \/><\/p>\n<p>La petite astuce<\/p>\n<p>Quelques soient les caract\u00e9ristiques de chacun des supports, vous pouvez personnaliser vos tirages photos en choisissant une finition mate ou brillante.<\/p>\n<p>&nbsp;<\/p>\n<p>1.2.3.<br \/>\n<\/br>imprimez&#8239;!<\/p>\n<p>\t\t\t\t<a href=\"https:\/\/www.photoweb.fr\/decoration-murale\/tableau-plexi\/listing\" target=\"_blank\" rel=\"noopener\"><br \/>\n\t\t\t\t<img loading=\"lazy\" decoding=\"async\" src=\"https:\/\/www.photoweb.fr\/espaces\/magazine\/wp-content\/uploads\/2017\/08\/Tableau-plexi-photoweb.jpg\" alt=\"Tableau plexi photoweb\" height=\"600\" width=\"600\" title=\"Tableau plexi photoweb\" \/><br \/>\n\t\t\t\t<\/a><br \/>\n\t<a target=\"_blank\" href=\"https:\/\/www.photoweb.fr\/decoration-murale\/tableau-plexi\/listing\" rel=\"noopener\"><br \/>\ncr\u00e9er mon tableau Plexi<\/a><br \/>\n\t\t\t\t<a href=\"https:\/\/www.photoweb.fr\/decoration-murale\/tableau-pvc\/listing\" target=\"_blank\" rel=\"noopener\"><br \/>\n\t\t\t\t<img loading=\"lazy\" decoding=\"async\" src=\"https:\/\/www.photoweb.fr\/espaces\/magazine\/wp-content\/uploads\/2017\/06\/Tableau-PVC-photoweb.jpg\" alt=\"Tableau PVC photoweb\" height=\"600\" width=\"600\" title=\"Tableau PVC photoweb\" \/><br \/>\n\t\t\t\t<\/a><br \/>\n\t<a target=\"_blank\" href=\"https:\/\/www.photoweb.fr\/decoration-murale\/tableau-pvc\/listing\" rel=\"noopener\"><br \/>\ncr\u00e9er mon tableau PVC<\/a><br \/>\n\t\t\t\t<a href=\"https:\/\/www.photoweb.fr\/decoration-murale\/tableau-alu\/listing\" target=\"_blank\" rel=\"noopener\"><br \/>\n\t\t\t\t<img loading=\"lazy\" decoding=\"async\" src=\"https:\/\/www.photoweb.fr\/espaces\/magazine\/wp-content\/uploads\/2017\/10\/tableau-alu-photoweb.jpg\" alt=\"tableau ALU photoweb\" height=\"600\" width=\"600\" title=\"tableau ALU photoweb\" \/><br \/>\n\t\t\t\t<\/a><br \/>\n\t<a target=\"_blank\" href=\"https:\/\/www.photoweb.fr\/decoration-murale\/tableau-alu\/listing\" rel=\"noopener\"><br \/>\ncr\u00e9er mon tableau Alu<\/a><\/p>\n","protected":false},"excerpt":{"rendered":"<p>Il existe une multitude de supports sur lesquels vous pouvez imprimer vos photos. Seulement, on ne conna\u00eet pas toujours la diff\u00e9rence entre chaque possibilit\u00e9 et notre cr\u00e9ativit\u00e9 se voit donc limit\u00e9e si on se cantonne \u00e0 un tirage photo classique. Il est question aujourd\u2019hui du tableau photo alu, plexi et PVC : quelle est la diff\u00e9rence ? Quel support choisir pour embellir au mieux ses clich\u00e9s favoris ?<\/p>\n","protected":false},"author":21,"featured_media":2239,"comment_status":"open","ping_status":"open","sticky":false,"template":"single-standard.php","format":"standard","meta":{"footnotes":""},"categories":[18],"tags":[82],"class_list":["post-1302","post","type-post","status-publish","format-standard","has-post-thumbnail","hentry","category-conseils-expets","tag-tableau-personnalise"],"yoast_head":"<!-- This site is optimized with the Yoast SEO plugin v20.3 - https:\/\/yoast.com\/wordpress\/plugins\/seo\/ -->\n<title>Quel support choisir pour mon tableau photo ? Alu, plexi ou PVC ?<\/title>\n<meta name=\"description\" content=\"Envie de faire un tirage photo de vos plus beaux clich\u00e9s ? Quel support choisir parmi l\u2019alu, le plexi ou le PVC ? Quelques \u00e9l\u00e9ments de r\u00e9ponse\u2026\" \/>\n<meta name=\"robots\" content=\"index, follow, max-snippet:-1, max-image-preview:large, max-video-preview:-1\" \/>\n<link rel=\"canonical\" href=\"https:\/\/www.photoweb.fr\/espaces\/magazine\/tableau-photo-alu-plexi-ou-pvc\/\" \/>\n<meta property=\"og:locale\" content=\"fr_FR\" \/>\n<meta property=\"og:type\" content=\"article\" \/>\n<meta property=\"og:title\" content=\"Quel support choisir pour mon tableau photo ? Alu, plexi ou PVC ?\" \/>\n<meta property=\"og:description\" content=\"Envie de faire un tirage photo de vos plus beaux clich\u00e9s ? Quel support choisir parmi l\u2019alu, le plexi ou le PVC ? Quelques \u00e9l\u00e9ments de r\u00e9ponse\u2026\" \/>\n<meta property=\"og:url\" content=\"https:\/\/www.photoweb.fr\/espaces\/magazine\/tableau-photo-alu-plexi-ou-pvc\/\" \/>\n<meta property=\"og:site_name\" content=\"Photoweb, le mag\" \/>\n<meta property=\"article:publisher\" content=\"https:\/\/fr-fr.facebook.com\/Photoweb.fr\/\" \/>\n<meta property=\"article:published_time\" content=\"2017-10-23T09:57:16+00:00\" \/>\n<meta property=\"article:modified_time\" content=\"2022-05-24T14:26:53+00:00\" \/>\n<meta property=\"og:image\" content=\"https:\/\/www.photoweb.fr\/espaces\/magazine\/wp-content\/uploads\/2017\/09\/tableau-photo-photoweb.jpg\" \/>\n\t<meta property=\"og:image:width\" content=\"1280\" \/>\n\t<meta property=\"og:image:height\" content=\"960\" \/>\n\t<meta property=\"og:image:type\" content=\"image\/jpeg\" \/>\n<meta name=\"author\" content=\"melanie\" \/>\n<meta name=\"twitter:card\" content=\"summary_large_image\" \/>\n<meta name=\"twitter:creator\" content=\"@Photoweb_fr\" \/>\n<meta name=\"twitter:site\" content=\"@Photoweb_fr\" \/>\n<meta name=\"twitter:label1\" content=\"\u00c9crit par\" \/>\n\t<meta name=\"twitter:data1\" content=\"melanie\" \/>\n\t<meta name=\"twitter:label2\" content=\"Dur\u00e9e de lecture estim\u00e9e\" \/>\n\t<meta name=\"twitter:data2\" content=\"3 minutes\" \/>\n<script type=\"application\/ld+json\" class=\"yoast-schema-graph\">{\"@context\":\"https:\/\/schema.org\",\"@graph\":[{\"@type\":\"Article\",\"@id\":\"https:\/\/www.photoweb.fr\/espaces\/magazine\/tableau-photo-alu-plexi-ou-pvc\/#article\",\"isPartOf\":{\"@id\":\"https:\/\/www.photoweb.fr\/espaces\/magazine\/tableau-photo-alu-plexi-ou-pvc\/\"},\"author\":{\"name\":\"melanie\",\"@id\":\"https:\/\/www.photoweb.fr\/espaces\/magazine\/#\/schema\/person\/111451a615bb7cbe790bf8b1d6b24391\"},\"headline\":\"Quel support choisir pour mon tableau photo ? Alu, plexi ou PVC ?\",\"datePublished\":\"2017-10-23T09:57:16+00:00\",\"dateModified\":\"2022-05-24T14:26:53+00:00\",\"mainEntityOfPage\":{\"@id\":\"https:\/\/www.photoweb.fr\/espaces\/magazine\/tableau-photo-alu-plexi-ou-pvc\/\"},\"wordCount\":593,\"commentCount\":5,\"publisher\":{\"@id\":\"https:\/\/www.photoweb.fr\/espaces\/magazine\/#organization\"},\"keywords\":[\"tableau photo personnalis\u00e9\"],\"articleSection\":[\"Conseils experts\"],\"inLanguage\":\"fr-FR\",\"potentialAction\":[{\"@type\":\"CommentAction\",\"name\":\"Comment\",\"target\":[\"https:\/\/www.photoweb.fr\/espaces\/magazine\/tableau-photo-alu-plexi-ou-pvc\/#respond\"]}]},{\"@type\":\"WebPage\",\"@id\":\"https:\/\/www.photoweb.fr\/espaces\/magazine\/tableau-photo-alu-plexi-ou-pvc\/\",\"url\":\"https:\/\/www.photoweb.fr\/espaces\/magazine\/tableau-photo-alu-plexi-ou-pvc\/\",\"name\":\"Quel support choisir pour mon tableau photo ? Alu, plexi ou PVC ?\",\"isPartOf\":{\"@id\":\"https:\/\/www.photoweb.fr\/espaces\/magazine\/#website\"},\"datePublished\":\"2017-10-23T09:57:16+00:00\",\"dateModified\":\"2022-05-24T14:26:53+00:00\",\"description\":\"Envie de faire un tirage photo de vos plus beaux clich\u00e9s ? Quel support choisir parmi l\u2019alu, le plexi ou le PVC ? Quelques \u00e9l\u00e9ments de r\u00e9ponse\u2026\",\"breadcrumb\":{\"@id\":\"https:\/\/www.photoweb.fr\/espaces\/magazine\/tableau-photo-alu-plexi-ou-pvc\/#breadcrumb\"},\"inLanguage\":\"fr-FR\",\"potentialAction\":[{\"@type\":\"ReadAction\",\"target\":[\"https:\/\/www.photoweb.fr\/espaces\/magazine\/tableau-photo-alu-plexi-ou-pvc\/\"]}]},{\"@type\":\"BreadcrumbList\",\"@id\":\"https:\/\/www.photoweb.fr\/espaces\/magazine\/tableau-photo-alu-plexi-ou-pvc\/#breadcrumb\",\"itemListElement\":[{\"@type\":\"ListItem\",\"position\":1,\"name\":\"Accueil\",\"item\":\"https:\/\/www.photoweb.fr\/espaces\/magazine\/\"},{\"@type\":\"ListItem\",\"position\":2,\"name\":\"Conseils experts\",\"item\":\"https:\/\/www.photoweb.fr\/espaces\/magazine\/conseils-expets\/\"},{\"@type\":\"ListItem\",\"position\":3,\"name\":\"Quel support choisir pour mon tableau photo ? Alu, plexi ou PVC ?\"}]},{\"@type\":\"WebSite\",\"@id\":\"https:\/\/www.photoweb.fr\/espaces\/magazine\/#website\",\"url\":\"https:\/\/www.photoweb.fr\/espaces\/magazine\/\",\"name\":\"Photoweb, le mag\",\"description\":\"Le magazine de Photoweb\",\"publisher\":{\"@id\":\"https:\/\/www.photoweb.fr\/espaces\/magazine\/#organization\"},\"potentialAction\":[{\"@type\":\"SearchAction\",\"target\":{\"@type\":\"EntryPoint\",\"urlTemplate\":\"https:\/\/www.photoweb.fr\/espaces\/magazine\/?s={search_term_string}\"},\"query-input\":\"required name=search_term_string\"}],\"inLanguage\":\"fr-FR\"},{\"@type\":\"Organization\",\"@id\":\"https:\/\/www.photoweb.fr\/espaces\/magazine\/#organization\",\"name\":\"Photoweb\",\"url\":\"https:\/\/www.photoweb.fr\/espaces\/magazine\/\",\"logo\":{\"@type\":\"ImageObject\",\"inLanguage\":\"fr-FR\",\"@id\":\"https:\/\/www.photoweb.fr\/espaces\/magazine\/#\/schema\/logo\/image\/\",\"url\":\"https:\/\/www.photoweb.fr\/espaces\/magazine\/wp-content\/uploads\/2021\/02\/Logo-Photoweb.jpg\",\"contentUrl\":\"https:\/\/www.photoweb.fr\/espaces\/magazine\/wp-content\/uploads\/2021\/02\/Logo-Photoweb.jpg\",\"width\":780,\"height\":456,\"caption\":\"Photoweb\"},\"image\":{\"@id\":\"https:\/\/www.photoweb.fr\/espaces\/magazine\/#\/schema\/logo\/image\/\"},\"sameAs\":[\"https:\/\/fr-fr.facebook.com\/Photoweb.fr\/\",\"https:\/\/twitter.com\/Photoweb_fr\",\"https:\/\/www.instagram.com\/photowebfr\/\",\"https:\/\/www.linkedin.com\/company\/347094\/\",\"https:\/\/www.pinterest.fr\/inspirationsphotoweb\/_created\/\",\"https:\/\/www.youtube.com\/channel\/UCtcVmTvkAzKQLVkiwfOm8sg\"]},{\"@type\":\"Person\",\"@id\":\"https:\/\/www.photoweb.fr\/espaces\/magazine\/#\/schema\/person\/111451a615bb7cbe790bf8b1d6b24391\",\"name\":\"melanie\"}]}<\/script>\n<!-- \/ Yoast SEO plugin. -->","yoast_head_json":{"title":"Quel support choisir pour mon tableau photo ? Alu, plexi ou PVC ?","description":"Envie de faire un tirage photo de vos plus beaux clich\u00e9s ? Quel support choisir parmi l\u2019alu, le plexi ou le PVC ? Quelques \u00e9l\u00e9ments de r\u00e9ponse\u2026","robots":{"index":"index","follow":"follow","max-snippet":"max-snippet:-1","max-image-preview":"max-image-preview:large","max-video-preview":"max-video-preview:-1"},"canonical":"https:\/\/www.photoweb.fr\/espaces\/magazine\/tableau-photo-alu-plexi-ou-pvc\/","og_locale":"fr_FR","og_type":"article","og_title":"Quel support choisir pour mon tableau photo ? Alu, plexi ou PVC ?","og_description":"Envie de faire un tirage photo de vos plus beaux clich\u00e9s ? Quel support choisir parmi l\u2019alu, le plexi ou le PVC ? Quelques \u00e9l\u00e9ments de r\u00e9ponse\u2026","og_url":"https:\/\/www.photoweb.fr\/espaces\/magazine\/tableau-photo-alu-plexi-ou-pvc\/","og_site_name":"Photoweb, le mag","article_publisher":"https:\/\/fr-fr.facebook.com\/Photoweb.fr\/","article_published_time":"2017-10-23T09:57:16+00:00","article_modified_time":"2022-05-24T14:26:53+00:00","og_image":[{"width":1280,"height":960,"url":"https:\/\/www.photoweb.fr\/espaces\/magazine\/wp-content\/uploads\/2017\/09\/tableau-photo-photoweb.jpg","type":"image\/jpeg"}],"author":"melanie","twitter_card":"summary_large_image","twitter_creator":"@Photoweb_fr","twitter_site":"@Photoweb_fr","twitter_misc":{"\u00c9crit par":"melanie","Dur\u00e9e de lecture estim\u00e9e":"3 minutes"},"schema":{"@context":"https:\/\/schema.org","@graph":[{"@type":"Article","@id":"https:\/\/www.photoweb.fr\/espaces\/magazine\/tableau-photo-alu-plexi-ou-pvc\/#article","isPartOf":{"@id":"https:\/\/www.photoweb.fr\/espaces\/magazine\/tableau-photo-alu-plexi-ou-pvc\/"},"author":{"name":"melanie","@id":"https:\/\/www.photoweb.fr\/espaces\/magazine\/#\/schema\/person\/111451a615bb7cbe790bf8b1d6b24391"},"headline":"Quel support choisir pour mon tableau photo ? Alu, plexi ou PVC ?","datePublished":"2017-10-23T09:57:16+00:00","dateModified":"2022-05-24T14:26:53+00:00","mainEntityOfPage":{"@id":"https:\/\/www.photoweb.fr\/espaces\/magazine\/tableau-photo-alu-plexi-ou-pvc\/"},"wordCount":593,"commentCount":5,"publisher":{"@id":"https:\/\/www.photoweb.fr\/espaces\/magazine\/#organization"},"keywords":["tableau photo personnalis\u00e9"],"articleSection":["Conseils experts"],"inLanguage":"fr-FR","potentialAction":[{"@type":"CommentAction","name":"Comment","target":["https:\/\/www.photoweb.fr\/espaces\/magazine\/tableau-photo-alu-plexi-ou-pvc\/#respond"]}]},{"@type":"WebPage","@id":"https:\/\/www.photoweb.fr\/espaces\/magazine\/tableau-photo-alu-plexi-ou-pvc\/","url":"https:\/\/www.photoweb.fr\/espaces\/magazine\/tableau-photo-alu-plexi-ou-pvc\/","name":"Quel support choisir pour mon tableau photo ? Alu, plexi ou PVC ?","isPartOf":{"@id":"https:\/\/www.photoweb.fr\/espaces\/magazine\/#website"},"datePublished":"2017-10-23T09:57:16+00:00","dateModified":"2022-05-24T14:26:53+00:00","description":"Envie de faire un tirage photo de vos plus beaux clich\u00e9s ? Quel support choisir parmi l\u2019alu, le plexi ou le PVC ? Quelques \u00e9l\u00e9ments de r\u00e9ponse\u2026","breadcrumb":{"@id":"https:\/\/www.photoweb.fr\/espaces\/magazine\/tableau-photo-alu-plexi-ou-pvc\/#breadcrumb"},"inLanguage":"fr-FR","potentialAction":[{"@type":"ReadAction","target":["https:\/\/www.photoweb.fr\/espaces\/magazine\/tableau-photo-alu-plexi-ou-pvc\/"]}]},{"@type":"BreadcrumbList","@id":"https:\/\/www.photoweb.fr\/espaces\/magazine\/tableau-photo-alu-plexi-ou-pvc\/#breadcrumb","itemListElement":[{"@type":"ListItem","position":1,"name":"Accueil","item":"https:\/\/www.photoweb.fr\/espaces\/magazine\/"},{"@type":"ListItem","position":2,"name":"Conseils experts","item":"https:\/\/www.photoweb.fr\/espaces\/magazine\/conseils-expets\/"},{"@type":"ListItem","position":3,"name":"Quel support choisir pour mon tableau photo ? Alu, plexi ou PVC ?"}]},{"@type":"WebSite","@id":"https:\/\/www.photoweb.fr\/espaces\/magazine\/#website","url":"https:\/\/www.photoweb.fr\/espaces\/magazine\/","name":"Photoweb, le mag","description":"Le magazine de Photoweb","publisher":{"@id":"https:\/\/www.photoweb.fr\/espaces\/magazine\/#organization"},"potentialAction":[{"@type":"SearchAction","target":{"@type":"EntryPoint","urlTemplate":"https:\/\/www.photoweb.fr\/espaces\/magazine\/?s={search_term_string}"},"query-input":"required name=search_term_string"}],"inLanguage":"fr-FR"},{"@type":"Organization","@id":"https:\/\/www.photoweb.fr\/espaces\/magazine\/#organization","name":"Photoweb","url":"https:\/\/www.photoweb.fr\/espaces\/magazine\/","logo":{"@type":"ImageObject","inLanguage":"fr-FR","@id":"https:\/\/www.photoweb.fr\/espaces\/magazine\/#\/schema\/logo\/image\/","url":"https:\/\/www.photoweb.fr\/espaces\/magazine\/wp-content\/uploads\/2021\/02\/Logo-Photoweb.jpg","contentUrl":"https:\/\/www.photoweb.fr\/espaces\/magazine\/wp-content\/uploads\/2021\/02\/Logo-Photoweb.jpg","width":780,"height":456,"caption":"Photoweb"},"image":{"@id":"https:\/\/www.photoweb.fr\/espaces\/magazine\/#\/schema\/logo\/image\/"},"sameAs":["https:\/\/fr-fr.facebook.com\/Photoweb.fr\/","https:\/\/twitter.com\/Photoweb_fr","https:\/\/www.instagram.com\/photowebfr\/","https:\/\/www.linkedin.com\/company\/347094\/","https:\/\/www.pinterest.fr\/inspirationsphotoweb\/_created\/","https:\/\/www.youtube.com\/channel\/UCtcVmTvkAzKQLVkiwfOm8sg"]},{"@type":"Person","@id":"https:\/\/www.photoweb.fr\/espaces\/magazine\/#\/schema\/person\/111451a615bb7cbe790bf8b1d6b24391","name":"melanie"}]}},"acf":[],"_links":{"self":[{"href":"https:\/\/www.photoweb.fr\/espaces\/magazine\/wp-json\/wp\/v2\/posts\/1302","targetHints":{"allow":["GET"]}}],"collection":[{"href":"https:\/\/www.photoweb.fr\/espaces\/magazine\/wp-json\/wp\/v2\/posts"}],"about":[{"href":"https:\/\/www.photoweb.fr\/espaces\/magazine\/wp-json\/wp\/v2\/types\/post"}],"author":[{"embeddable":true,"href":"https:\/\/www.photoweb.fr\/espaces\/magazine\/wp-json\/wp\/v2\/users\/21"}],"replies":[{"embeddable":true,"href":"https:\/\/www.photoweb.fr\/espaces\/magazine\/wp-json\/wp\/v2\/comments?post=1302"}],"version-history":[{"count":1,"href":"https:\/\/www.photoweb.fr\/espaces\/magazine\/wp-json\/wp\/v2\/posts\/1302\/revisions"}],"predecessor-version":[{"id":11160,"href":"https:\/\/www.photoweb.fr\/espaces\/magazine\/wp-json\/wp\/v2\/posts\/1302\/revisions\/11160"}],"wp:featuredmedia":[{"embeddable":true,"href":"https:\/\/www.photoweb.fr\/espaces\/magazine\/wp-json\/wp\/v2\/media\/2239"}],"wp:attachment":[{"href":"https:\/\/www.photoweb.fr\/espaces\/magazine\/wp-json\/wp\/v2\/media?parent=1302"}],"wp:term":[{"taxonomy":"category","embeddable":true,"href":"https:\/\/www.photoweb.fr\/espaces\/magazine\/wp-json\/wp\/v2\/categories?post=1302"},{"taxonomy":"post_tag","embeddable":true,"href":"https:\/\/www.photoweb.fr\/espaces\/magazine\/wp-json\/wp\/v2\/tags?post=1302"}],"curies":[{"name":"wp","href":"https:\/\/api.w.org\/{rel}","templated":true}]}}