{"id":13080,"date":"2024-07-04T12:05:20","date_gmt":"2024-07-04T10:05:20","guid":{"rendered":"https:\/\/www.photoweb.fr\/espaces\/magazine\/?p=13080"},"modified":"2024-10-09T10:36:40","modified_gmt":"2024-10-09T08:36:40","slug":"podcast-photoweb-lesaventuresfarfeluesdemathisetrose","status":"publish","type":"post","link":"https:\/\/www.photoweb.fr\/espaces\/magazine\/podcast-photoweb-lesaventuresfarfeluesdemathisetrose\/","title":{"rendered":"D\u00e9couvrez le nouveau podcast de Photoweb"},"content":{"rendered":"\r\n\r\n\t<p>Photoweb vous pr\u00e9sente son premier podcast : Les aventures farfelues de Mathis et Rose. Un podcast d&rsquo;enfants qui \u00e9veille les imaginaires des plus petits comme des plus grands, parfait pour \u00e9couter en famille sur la route des vacances.<\/p>\r\n\t\t\t\t<a href=\"https:\/\/open.spotify.com\/show\/5DtBBfR31Pd1GrLLgsLs9Y\" target=\"_self\" itemprop=\"url\" rel=\"noopener\">\r\n\t\t\t\t<img loading=\"lazy\" decoding=\"async\" src=\"https:\/\/www.photoweb.fr\/espaces\/magazine\/wp-content\/uploads\/2024\/06\/spotify.png\" alt=\"spotify\" itemprop=\"image\" height=\"451\" width=\"1394\" title=\"spotify\" onerror=\"this.style.display='none'\"  \/>\r\n\t\t\t\t<\/a>\r\n\t\t\t\t<a href=\"https:\/\/podcasts.apple.com\/us\/podcast\/les-aventures-farfelues-de-mathis-rose\/id1755377830\" target=\"_self\" itemprop=\"url\" rel=\"noopener\">\r\n\t\t\t\t<img loading=\"lazy\" decoding=\"async\" src=\"https:\/\/www.photoweb.fr\/espaces\/magazine\/wp-content\/uploads\/2024\/06\/applemusic.png\" alt=\"applemusic\" itemprop=\"image\" height=\"449\" width=\"1395\" title=\"applemusic\" onerror=\"this.style.display='none'\"  \/>\r\n\t\t\t\t<\/a>\r\n\t\t\t\t<a href=\"https:\/\/www.deezer.com\/show\/1001063832\" target=\"_self\" itemprop=\"url\" rel=\"noopener\">\r\n\t\t\t\t<img loading=\"lazy\" decoding=\"async\" src=\"https:\/\/www.photoweb.fr\/espaces\/magazine\/wp-content\/uploads\/2024\/06\/deezer1.png\" alt=\"deezer1\" itemprop=\"image\" height=\"449\" width=\"1395\" title=\"deezer1\" onerror=\"this.style.display='none'\"  \/>\r\n\t\t\t\t<\/a>\r\n\t<p>Une jungle imaginaire \u00e0 quelques pas de l&rsquo;Atlantique, une chasse aux nuages au sommet des volcans d&rsquo;Auvergne ou encore la d\u00e9couverte de la fabrication myst\u00e9rieuse du miel&#8230;tant d&rsquo;aventures dans lesquelles vous embarquent Mathis et Rose ! Pour accompagner vos vacances, nous vous offrons 10 \u00e9pisodes \u00e0 \u00e9couter et r\u00e9\u00e9couter.<\/p>\r\n\t<h2>Top d\u00e9part vacances avec Mathis et Rose<\/h2>\r\n<p>Envie de voyager, de r\u00eaver et de vous \u00e9merveiller ? Le nouveau podcast de Photoweb est fait pour vous ! Que vous soyez chez vous, d\u00e9j\u00e0 parti (ou m\u00eame dans les bouchons <img decoding=\"async\" role=\"img\" draggable=\"false\" src=\"https:\/\/s.w.org\/images\/core\/emoji\/14.0.0\/svg\/1f697.svg\" alt=\"\ud83d\ude97\" \/>), Mathis et Rose vous emm\u00e8nent dans leurs aventures farfelues \u00e0 travers la France. Attention, leur enthousiasme est contagieux ! Nos deux h\u00e9ros sont avides de d\u00e9couvertes et remplis de curiosit\u00e9 sur ce qui les entoure. Pourquoi y a-t-il des paillettes sur la plage ? Quel est ce bel animal qui se dresse majestueusement \u00e0 quelques m\u00e8tres seulement ? Et comment les abeilles produisent-elles du miel ? Tant de questions auxquelles les enfants trouvent des r\u00e9ponses petit \u00e0 petit !<\/p>\r\n<p><a href=\"#liens-podcasts\"><strong>D\u00e9couvrez ces aventures, \u00e0 \u00e9couter en famille !<\/strong><\/a><\/p>\r\n\t\t\t\t<img loading=\"lazy\" decoding=\"async\" src=\"https:\/\/www.photoweb.fr\/espaces\/magazine\/wp-content\/uploads\/2024\/06\/2-Grimpouille-volcan-copie.jpg\" alt=\"podcast photoweb volcan\" itemprop=\"image\" height=\"1559\" width=\"1559\" title=\"podcast photoweb volcan\" onerror=\"this.style.display='none'\"  \/>\r\n\t<h2>Photoweb et les imaginaires&#8230;une longue histoire !<\/h2>\r\n<p>Et oui ! Photoweb est certes un sp\u00e9cialiste de l&rsquo;impression de photos en ligne, mais nous sommes aussi (et surtout !) \u00e0 vos c\u00f4t\u00e9s pour \u00e9crire vos histoires et les immortaliser en photos. Et pour que vos souvenirs continuent d&rsquo;\u00eatre aussi beaux, nous avons \u00e0 c\u0153ur de raconter de nouveaux imaginaires, optimistes et p\u00e9rennes&#8230; sous forme d&rsquo;aventures pour enfants (et parents <img decoding=\"async\" role=\"img\" draggable=\"false\" src=\"https:\/\/s.w.org\/images\/core\/emoji\/14.0.0\/svg\/1f609.svg\" alt=\"\ud83d\ude09\" \/>). Et tant qu&rsquo;\u00e0 faire, donnons vie \u00e0 ces beaux imaginaires ! Tout au long de l&rsquo;\u00e9t\u00e9, retrouvez nos articles pour suivre les traces de Mathis et Rose avec des conseils et astuces.<\/p>\r\n<p><a href=\"#liens-podcasts\"><strong>D\u00e9couvrir ces imaginaires !<\/strong><\/a><\/p>\r\n\t<iframe src=\"https:\/\/embed.acast.com\/668521749249f596b73ea046?episode-order=asc&#038;accentColor=161616&#038;bgColor=da9b31&#038;secondaryColor=161616&#038;font-family=Open%20Sans&#038;font-src=https%3A%2F%2Ffonts.googleapis.com%2Fcss%3Ffamily%3DOpen%2BSans&#038;feed=true\" frameBorder=\"0\" width=\"100%\" height=\"280px\"><\/iframe>\r\n\t<h2>Focus sur un \u00e9pisode&#8230;les vacances \u00e0 v\u00e9lo !<\/h2>\r\n<p>Pour vous donner un avant-go\u00fbt de ce que vous retrouverez dans notre podcast, d\u00e9couvrez ce que vous r\u00e9serve le premier \u00e9pisode : <strong>V\u00e9lo puissance 4<\/strong> !<\/p>\r\n<p><a href=\"https:\/\/www.photoweb.fr\/espaces\/magazine\/wp-content\/uploads\/2024\/06\/1-velo-puissance-4-copie-scaled.jpg\"><img loading=\"lazy\" decoding=\"async\" src=\"https:\/\/www.photoweb.fr\/espaces\/magazine\/wp-content\/uploads\/2024\/06\/1-velo-puissance-4-copie-1200x1200.jpg\" alt=\"v\u00e9lo episode 1 podcast\" width=\"1200\" height=\"1200\" \/><\/a><\/p>\r\n<p>Embarquez pour une aventure inoubliable avec Mathis et Rose dans cet \u00e9pisode. Nos jeunes explorateurs partent pour deux semaines \u00e0 v\u00e9lo \u00e0 travers la France avec leurs parents. Du choix de l&rsquo;itin\u00e9raire \u00e0 la d\u00e9couverte des voies vertes, en passant par des rencontres inattendues et des pauses rafra\u00eechissantes, chaque moment est une nouvelle opportunit\u00e9 de cr\u00e9er des souvenirs pr\u00e9cieux.\u00a0<\/p>\r\n<p>D\u00e9couvrez comment Mathis et Rose, arm\u00e9s de leur appareil photo et de leur imagination d\u00e9bordante, transforment chaque \u00e9tape en une exp\u00e9rience magique.\u00a0\u00a0<\/p>\r\n<p>Ne manquez pas cet \u00e9pisode inspirant qui vous donnera envie de ressortir votre v\u00e9lo et de partir \u00e0 l&rsquo;aventure. <a href=\"#liens-podcasts2\"><strong>\u00c9coutez maintenant<\/strong><\/a> et laissez-vous transporter dans ce voyage familial extraordinaire \u00e0 travers la France !\u00a0<\/p>\r\n\t\t\t\t<a href=\"https:\/\/open.spotify.com\/show\/5DtBBfR31Pd1GrLLgsLs9Y\" target=\"_self\" itemprop=\"url\" rel=\"noopener\">\r\n\t\t\t\t<img loading=\"lazy\" decoding=\"async\" src=\"https:\/\/www.photoweb.fr\/espaces\/magazine\/wp-content\/uploads\/2024\/06\/spotify.png\" alt=\"spotify\" itemprop=\"image\" height=\"451\" width=\"1394\" title=\"spotify\" onerror=\"this.style.display='none'\"  \/>\r\n\t\t\t\t<\/a>\r\n\t\t\t\t<a href=\"https:\/\/podcasts.apple.com\/us\/podcast\/les-aventures-farfelues-de-mathis-rose\/id1755377830\" target=\"_self\" itemprop=\"url\" rel=\"noopener\">\r\n\t\t\t\t<img loading=\"lazy\" decoding=\"async\" src=\"https:\/\/www.photoweb.fr\/espaces\/magazine\/wp-content\/uploads\/2024\/06\/applemusic.png\" alt=\"applemusic\" itemprop=\"image\" height=\"449\" width=\"1395\" title=\"applemusic\" onerror=\"this.style.display='none'\"  \/>\r\n\t\t\t\t<\/a>\r\n\t\t\t\t<a href=\"https:\/\/www.deezer.com\/show\/1001063832\" target=\"_self\" itemprop=\"url\" rel=\"noopener\">\r\n\t\t\t\t<img loading=\"lazy\" decoding=\"async\" src=\"https:\/\/www.photoweb.fr\/espaces\/magazine\/wp-content\/uploads\/2024\/06\/deezer1.png\" alt=\"deezer1\" itemprop=\"image\" height=\"449\" width=\"1395\" title=\"deezer1\" onerror=\"this.style.display='none'\"  \/>\r\n\t\t\t\t<\/a>\r\n\t1.2.3.\r\nimprimez avec Mathis et Rose&#8239;!\r\n\t\t\t\t<a href=\"https:\/\/www.photoweb.fr\/\" target=\"_blank\" rel=\"noopener\" itemprop=\"url\">\r\n\t\t\t\t<img loading=\"lazy\" decoding=\"async\" src=\"https:\/\/www.photoweb.fr\/espaces\/magazine\/wp-content\/uploads\/2024\/07\/mug_mr_mag.jpg\" alt=\"mug personnalis\u00e9e mathis et rose podcast\" itemprop=\"image\" height=\"600\" width=\"600\" title=\"mug personnalis\u00e9e mathis et rose podcast\" onerror=\"this.style.display='none'\"  \/>\r\n\t\t\t\t<\/a>\r\n\t<a target=\"_blank\" href=\"https:\/\/www.photoweb.fr\/cadeau-personnalise\/mathis-et-rose\/listing\" rel=\"noopener\">\r\nCr\u00e9er votre mug<\/a>\r\n\t\t\t\t<a href=\"https:\/\/www.photoweb.fr\/\" target=\"_blank\" rel=\"noopener\" itemprop=\"url\">\r\n\t\t\t\t<img loading=\"lazy\" decoding=\"async\" src=\"https:\/\/www.photoweb.fr\/espaces\/magazine\/wp-content\/uploads\/2024\/07\/trousse_mr_mag.jpg\" alt=\"trousse personnalis\u00e9e mathis et rose podcast\" itemprop=\"image\" height=\"600\" width=\"600\" title=\"trousse personnalis\u00e9e mathis et rose podcast\" onerror=\"this.style.display='none'\"  \/>\r\n\t\t\t\t<\/a>\r\n\t<a target=\"_blank\" href=\"https:\/\/www.photoweb.fr\/cadeau-personnalise\/mathis-et-rose\/listing\" rel=\"noopener\">\r\nCr\u00e9er votre pochette<\/a>\r\n\t\t\t\t<a href=\"https:\/\/www.photoweb.fr\/\" target=\"_blank\" rel=\"noopener\" itemprop=\"url\">\r\n\t\t\t\t<img loading=\"lazy\" decoding=\"async\" src=\"https:\/\/www.photoweb.fr\/espaces\/magazine\/wp-content\/uploads\/2024\/07\/gourde_mr_MAG.jpg\" alt=\"gourde personnalis\u00e9e mathis et rose podcast\" itemprop=\"image\" height=\"600\" width=\"600\" title=\"gourde personnalis\u00e9e mathis et rose podcast\" onerror=\"this.style.display='none'\"  \/>\r\n\t\t\t\t<\/a>\r\n\t<a target=\"_blank\" href=\"https:\/\/www.photoweb.fr\/cadeau-personnalise\/mathis-et-rose\/listing\" rel=\"noopener\">\r\nCr\u00e9er votre gourde<\/a>\r\n\r\n","protected":false},"excerpt":{"rendered":"<p>Photoweb vous pr\u00e9sente son premier podcast : Les aventures farfelues de Mathis et Rose. Un podcast d&rsquo;enfants qui \u00e9veille les imaginaires des plus petits comme des plus grands, parfait pour \u00e9couter en famille sur la route des vacances. Une jungle imaginaire \u00e0 quelques pas de l&rsquo;Atlantique, une chasse aux nuages au sommet des volcans d&rsquo;Auvergne&hellip;<\/p>\n","protected":false},"author":34,"featured_media":13149,"comment_status":"open","ping_status":"open","sticky":true,"template":"single-standard.php","format":"standard","meta":{"footnotes":""},"categories":[113],"tags":[],"class_list":["post-13080","post","type-post","status-publish","format-standard","has-post-thumbnail","hentry","category-podcast-mathisetrose"],"yoast_head":"<!-- This site is optimized with the Yoast SEO plugin v20.3 - https:\/\/yoast.com\/wordpress\/plugins\/seo\/ -->\n<title>Mathis et Rose : le nouveau podcast de Photoweb<\/title>\n<meta name=\"description\" content=\"Photoweb sort son premier podcast : Les aventures farfelues de Mathis et Rose ! Un podcast pour les vacances \u00e0 \u00e9couter en famille.\" \/>\n<meta name=\"robots\" content=\"index, follow, max-snippet:-1, max-image-preview:large, max-video-preview:-1\" \/>\n<link rel=\"canonical\" href=\"https:\/\/www.photoweb.fr\/espaces\/magazine\/podcast-photoweb-lesaventuresfarfeluesdemathisetrose\/\" \/>\n<meta property=\"og:locale\" content=\"fr_FR\" \/>\n<meta property=\"og:type\" content=\"article\" \/>\n<meta property=\"og:title\" content=\"Mathis et Rose : le nouveau podcast de Photoweb\" \/>\n<meta property=\"og:description\" content=\"Photoweb sort son premier podcast : Les aventures farfelues de Mathis et Rose ! Un podcast pour les vacances \u00e0 \u00e9couter en famille.\" \/>\n<meta property=\"og:url\" content=\"https:\/\/www.photoweb.fr\/espaces\/magazine\/podcast-photoweb-lesaventuresfarfeluesdemathisetrose\/\" \/>\n<meta property=\"og:site_name\" content=\"Photoweb, le mag\" \/>\n<meta property=\"article:publisher\" content=\"https:\/\/fr-fr.facebook.com\/Photoweb.fr\/\" \/>\n<meta property=\"article:published_time\" content=\"2024-07-04T10:05:20+00:00\" \/>\n<meta property=\"article:modified_time\" content=\"2024-10-09T08:36:40+00:00\" \/>\n<meta property=\"og:image\" content=\"https:\/\/www.photoweb.fr\/espaces\/magazine\/wp-content\/uploads\/2024\/06\/2024-07-02Podcast-Article.jpg\" \/>\n\t<meta property=\"og:image:width\" content=\"800\" \/>\n\t<meta property=\"og:image:height\" content=\"600\" \/>\n\t<meta property=\"og:image:type\" content=\"image\/jpeg\" \/>\n<meta name=\"author\" content=\"Victor\" \/>\n<meta name=\"twitter:card\" content=\"summary_large_image\" \/>\n<meta name=\"twitter:creator\" content=\"@Photoweb_fr\" \/>\n<meta name=\"twitter:site\" content=\"@Photoweb_fr\" \/>\n<meta name=\"twitter:label1\" content=\"\u00c9crit par\" \/>\n\t<meta name=\"twitter:data1\" content=\"Victor\" \/>\n\t<meta name=\"twitter:label2\" content=\"Dur\u00e9e de lecture estim\u00e9e\" \/>\n\t<meta name=\"twitter:data2\" content=\"5 minutes\" \/>\n<script type=\"application\/ld+json\" class=\"yoast-schema-graph\">{\"@context\":\"https:\/\/schema.org\",\"@graph\":[{\"@type\":\"Article\",\"@id\":\"https:\/\/www.photoweb.fr\/espaces\/magazine\/podcast-photoweb-lesaventuresfarfeluesdemathisetrose\/#article\",\"isPartOf\":{\"@id\":\"https:\/\/www.photoweb.fr\/espaces\/magazine\/podcast-photoweb-lesaventuresfarfeluesdemathisetrose\/\"},\"author\":{\"name\":\"Victor\",\"@id\":\"https:\/\/www.photoweb.fr\/espaces\/magazine\/#\/schema\/person\/285cd6607d64bbfcf9cd965f3d672dd8\"},\"headline\":\"D\u00e9couvrez le nouveau podcast de Photoweb\",\"datePublished\":\"2024-07-04T10:05:20+00:00\",\"dateModified\":\"2024-10-09T08:36:40+00:00\",\"mainEntityOfPage\":{\"@id\":\"https:\/\/www.photoweb.fr\/espaces\/magazine\/podcast-photoweb-lesaventuresfarfeluesdemathisetrose\/\"},\"wordCount\":495,\"commentCount\":2,\"publisher\":{\"@id\":\"https:\/\/www.photoweb.fr\/espaces\/magazine\/#organization\"},\"articleSection\":[\"Podcast PW\"],\"inLanguage\":\"fr-FR\",\"potentialAction\":[{\"@type\":\"CommentAction\",\"name\":\"Comment\",\"target\":[\"https:\/\/www.photoweb.fr\/espaces\/magazine\/podcast-photoweb-lesaventuresfarfeluesdemathisetrose\/#respond\"]}]},{\"@type\":\"WebPage\",\"@id\":\"https:\/\/www.photoweb.fr\/espaces\/magazine\/podcast-photoweb-lesaventuresfarfeluesdemathisetrose\/\",\"url\":\"https:\/\/www.photoweb.fr\/espaces\/magazine\/podcast-photoweb-lesaventuresfarfeluesdemathisetrose\/\",\"name\":\"Mathis et Rose : le nouveau podcast de Photoweb\",\"isPartOf\":{\"@id\":\"https:\/\/www.photoweb.fr\/espaces\/magazine\/#website\"},\"datePublished\":\"2024-07-04T10:05:20+00:00\",\"dateModified\":\"2024-10-09T08:36:40+00:00\",\"description\":\"Photoweb sort son premier podcast : Les aventures farfelues de Mathis et Rose ! Un podcast pour les vacances \u00e0 \u00e9couter en famille.\",\"breadcrumb\":{\"@id\":\"https:\/\/www.photoweb.fr\/espaces\/magazine\/podcast-photoweb-lesaventuresfarfeluesdemathisetrose\/#breadcrumb\"},\"inLanguage\":\"fr-FR\",\"potentialAction\":[{\"@type\":\"ReadAction\",\"target\":[\"https:\/\/www.photoweb.fr\/espaces\/magazine\/podcast-photoweb-lesaventuresfarfeluesdemathisetrose\/\"]}]},{\"@type\":\"BreadcrumbList\",\"@id\":\"https:\/\/www.photoweb.fr\/espaces\/magazine\/podcast-photoweb-lesaventuresfarfeluesdemathisetrose\/#breadcrumb\",\"itemListElement\":[{\"@type\":\"ListItem\",\"position\":1,\"name\":\"Accueil\",\"item\":\"https:\/\/www.photoweb.fr\/espaces\/magazine\/\"},{\"@type\":\"ListItem\",\"position\":2,\"name\":\"Podcast PW\",\"item\":\"https:\/\/www.photoweb.fr\/espaces\/magazine\/podcast-mathisetrose\/\"},{\"@type\":\"ListItem\",\"position\":3,\"name\":\"D\u00e9couvrez le nouveau podcast de Photoweb\"}]},{\"@type\":\"WebSite\",\"@id\":\"https:\/\/www.photoweb.fr\/espaces\/magazine\/#website\",\"url\":\"https:\/\/www.photoweb.fr\/espaces\/magazine\/\",\"name\":\"Photoweb, le mag\",\"description\":\"Le magazine de Photoweb\",\"publisher\":{\"@id\":\"https:\/\/www.photoweb.fr\/espaces\/magazine\/#organization\"},\"potentialAction\":[{\"@type\":\"SearchAction\",\"target\":{\"@type\":\"EntryPoint\",\"urlTemplate\":\"https:\/\/www.photoweb.fr\/espaces\/magazine\/?s={search_term_string}\"},\"query-input\":\"required name=search_term_string\"}],\"inLanguage\":\"fr-FR\"},{\"@type\":\"Organization\",\"@id\":\"https:\/\/www.photoweb.fr\/espaces\/magazine\/#organization\",\"name\":\"Photoweb\",\"url\":\"https:\/\/www.photoweb.fr\/espaces\/magazine\/\",\"logo\":{\"@type\":\"ImageObject\",\"inLanguage\":\"fr-FR\",\"@id\":\"https:\/\/www.photoweb.fr\/espaces\/magazine\/#\/schema\/logo\/image\/\",\"url\":\"https:\/\/www.photoweb.fr\/espaces\/magazine\/wp-content\/uploads\/2021\/02\/Logo-Photoweb.jpg\",\"contentUrl\":\"https:\/\/www.photoweb.fr\/espaces\/magazine\/wp-content\/uploads\/2021\/02\/Logo-Photoweb.jpg\",\"width\":780,\"height\":456,\"caption\":\"Photoweb\"},\"image\":{\"@id\":\"https:\/\/www.photoweb.fr\/espaces\/magazine\/#\/schema\/logo\/image\/\"},\"sameAs\":[\"https:\/\/fr-fr.facebook.com\/Photoweb.fr\/\",\"https:\/\/twitter.com\/Photoweb_fr\",\"https:\/\/www.instagram.com\/photowebfr\/\",\"https:\/\/www.linkedin.com\/company\/347094\/\",\"https:\/\/www.pinterest.fr\/inspirationsphotoweb\/_created\/\",\"https:\/\/www.youtube.com\/channel\/UCtcVmTvkAzKQLVkiwfOm8sg\"]},{\"@type\":\"Person\",\"@id\":\"https:\/\/www.photoweb.fr\/espaces\/magazine\/#\/schema\/person\/285cd6607d64bbfcf9cd965f3d672dd8\",\"name\":\"Victor\"}]}<\/script>\n<!-- \/ Yoast SEO plugin. -->","yoast_head_json":{"title":"Mathis et Rose : le nouveau podcast de Photoweb","description":"Photoweb sort son premier podcast : Les aventures farfelues de Mathis et Rose ! Un podcast pour les vacances \u00e0 \u00e9couter en famille.","robots":{"index":"index","follow":"follow","max-snippet":"max-snippet:-1","max-image-preview":"max-image-preview:large","max-video-preview":"max-video-preview:-1"},"canonical":"https:\/\/www.photoweb.fr\/espaces\/magazine\/podcast-photoweb-lesaventuresfarfeluesdemathisetrose\/","og_locale":"fr_FR","og_type":"article","og_title":"Mathis et Rose : le nouveau podcast de Photoweb","og_description":"Photoweb sort son premier podcast : Les aventures farfelues de Mathis et Rose ! Un podcast pour les vacances \u00e0 \u00e9couter en famille.","og_url":"https:\/\/www.photoweb.fr\/espaces\/magazine\/podcast-photoweb-lesaventuresfarfeluesdemathisetrose\/","og_site_name":"Photoweb, le mag","article_publisher":"https:\/\/fr-fr.facebook.com\/Photoweb.fr\/","article_published_time":"2024-07-04T10:05:20+00:00","article_modified_time":"2024-10-09T08:36:40+00:00","og_image":[{"width":800,"height":600,"url":"https:\/\/www.photoweb.fr\/espaces\/magazine\/wp-content\/uploads\/2024\/06\/2024-07-02Podcast-Article.jpg","type":"image\/jpeg"}],"author":"Victor","twitter_card":"summary_large_image","twitter_creator":"@Photoweb_fr","twitter_site":"@Photoweb_fr","twitter_misc":{"\u00c9crit par":"Victor","Dur\u00e9e de lecture estim\u00e9e":"5 minutes"},"schema":{"@context":"https:\/\/schema.org","@graph":[{"@type":"Article","@id":"https:\/\/www.photoweb.fr\/espaces\/magazine\/podcast-photoweb-lesaventuresfarfeluesdemathisetrose\/#article","isPartOf":{"@id":"https:\/\/www.photoweb.fr\/espaces\/magazine\/podcast-photoweb-lesaventuresfarfeluesdemathisetrose\/"},"author":{"name":"Victor","@id":"https:\/\/www.photoweb.fr\/espaces\/magazine\/#\/schema\/person\/285cd6607d64bbfcf9cd965f3d672dd8"},"headline":"D\u00e9couvrez le nouveau podcast de Photoweb","datePublished":"2024-07-04T10:05:20+00:00","dateModified":"2024-10-09T08:36:40+00:00","mainEntityOfPage":{"@id":"https:\/\/www.photoweb.fr\/espaces\/magazine\/podcast-photoweb-lesaventuresfarfeluesdemathisetrose\/"},"wordCount":495,"commentCount":2,"publisher":{"@id":"https:\/\/www.photoweb.fr\/espaces\/magazine\/#organization"},"articleSection":["Podcast PW"],"inLanguage":"fr-FR","potentialAction":[{"@type":"CommentAction","name":"Comment","target":["https:\/\/www.photoweb.fr\/espaces\/magazine\/podcast-photoweb-lesaventuresfarfeluesdemathisetrose\/#respond"]}]},{"@type":"WebPage","@id":"https:\/\/www.photoweb.fr\/espaces\/magazine\/podcast-photoweb-lesaventuresfarfeluesdemathisetrose\/","url":"https:\/\/www.photoweb.fr\/espaces\/magazine\/podcast-photoweb-lesaventuresfarfeluesdemathisetrose\/","name":"Mathis et Rose : le nouveau podcast de Photoweb","isPartOf":{"@id":"https:\/\/www.photoweb.fr\/espaces\/magazine\/#website"},"datePublished":"2024-07-04T10:05:20+00:00","dateModified":"2024-10-09T08:36:40+00:00","description":"Photoweb sort son premier podcast : Les aventures farfelues de Mathis et Rose ! Un podcast pour les vacances \u00e0 \u00e9couter en famille.","breadcrumb":{"@id":"https:\/\/www.photoweb.fr\/espaces\/magazine\/podcast-photoweb-lesaventuresfarfeluesdemathisetrose\/#breadcrumb"},"inLanguage":"fr-FR","potentialAction":[{"@type":"ReadAction","target":["https:\/\/www.photoweb.fr\/espaces\/magazine\/podcast-photoweb-lesaventuresfarfeluesdemathisetrose\/"]}]},{"@type":"BreadcrumbList","@id":"https:\/\/www.photoweb.fr\/espaces\/magazine\/podcast-photoweb-lesaventuresfarfeluesdemathisetrose\/#breadcrumb","itemListElement":[{"@type":"ListItem","position":1,"name":"Accueil","item":"https:\/\/www.photoweb.fr\/espaces\/magazine\/"},{"@type":"ListItem","position":2,"name":"Podcast PW","item":"https:\/\/www.photoweb.fr\/espaces\/magazine\/podcast-mathisetrose\/"},{"@type":"ListItem","position":3,"name":"D\u00e9couvrez le nouveau podcast de Photoweb"}]},{"@type":"WebSite","@id":"https:\/\/www.photoweb.fr\/espaces\/magazine\/#website","url":"https:\/\/www.photoweb.fr\/espaces\/magazine\/","name":"Photoweb, le mag","description":"Le magazine de Photoweb","publisher":{"@id":"https:\/\/www.photoweb.fr\/espaces\/magazine\/#organization"},"potentialAction":[{"@type":"SearchAction","target":{"@type":"EntryPoint","urlTemplate":"https:\/\/www.photoweb.fr\/espaces\/magazine\/?s={search_term_string}"},"query-input":"required name=search_term_string"}],"inLanguage":"fr-FR"},{"@type":"Organization","@id":"https:\/\/www.photoweb.fr\/espaces\/magazine\/#organization","name":"Photoweb","url":"https:\/\/www.photoweb.fr\/espaces\/magazine\/","logo":{"@type":"ImageObject","inLanguage":"fr-FR","@id":"https:\/\/www.photoweb.fr\/espaces\/magazine\/#\/schema\/logo\/image\/","url":"https:\/\/www.photoweb.fr\/espaces\/magazine\/wp-content\/uploads\/2021\/02\/Logo-Photoweb.jpg","contentUrl":"https:\/\/www.photoweb.fr\/espaces\/magazine\/wp-content\/uploads\/2021\/02\/Logo-Photoweb.jpg","width":780,"height":456,"caption":"Photoweb"},"image":{"@id":"https:\/\/www.photoweb.fr\/espaces\/magazine\/#\/schema\/logo\/image\/"},"sameAs":["https:\/\/fr-fr.facebook.com\/Photoweb.fr\/","https:\/\/twitter.com\/Photoweb_fr","https:\/\/www.instagram.com\/photowebfr\/","https:\/\/www.linkedin.com\/company\/347094\/","https:\/\/www.pinterest.fr\/inspirationsphotoweb\/_created\/","https:\/\/www.youtube.com\/channel\/UCtcVmTvkAzKQLVkiwfOm8sg"]},{"@type":"Person","@id":"https:\/\/www.photoweb.fr\/espaces\/magazine\/#\/schema\/person\/285cd6607d64bbfcf9cd965f3d672dd8","name":"Victor"}]}},"acf":[],"_links":{"self":[{"href":"https:\/\/www.photoweb.fr\/espaces\/magazine\/wp-json\/wp\/v2\/posts\/13080","targetHints":{"allow":["GET"]}}],"collection":[{"href":"https:\/\/www.photoweb.fr\/espaces\/magazine\/wp-json\/wp\/v2\/posts"}],"about":[{"href":"https:\/\/www.photoweb.fr\/espaces\/magazine\/wp-json\/wp\/v2\/types\/post"}],"author":[{"embeddable":true,"href":"https:\/\/www.photoweb.fr\/espaces\/magazine\/wp-json\/wp\/v2\/users\/34"}],"replies":[{"embeddable":true,"href":"https:\/\/www.photoweb.fr\/espaces\/magazine\/wp-json\/wp\/v2\/comments?post=13080"}],"version-history":[{"count":10,"href":"https:\/\/www.photoweb.fr\/espaces\/magazine\/wp-json\/wp\/v2\/posts\/13080\/revisions"}],"predecessor-version":[{"id":13460,"href":"https:\/\/www.photoweb.fr\/espaces\/magazine\/wp-json\/wp\/v2\/posts\/13080\/revisions\/13460"}],"wp:featuredmedia":[{"embeddable":true,"href":"https:\/\/www.photoweb.fr\/espaces\/magazine\/wp-json\/wp\/v2\/media\/13149"}],"wp:attachment":[{"href":"https:\/\/www.photoweb.fr\/espaces\/magazine\/wp-json\/wp\/v2\/media?parent=13080"}],"wp:term":[{"taxonomy":"category","embeddable":true,"href":"https:\/\/www.photoweb.fr\/espaces\/magazine\/wp-json\/wp\/v2\/categories?post=13080"},{"taxonomy":"post_tag","embeddable":true,"href":"https:\/\/www.photoweb.fr\/espaces\/magazine\/wp-json\/wp\/v2\/tags?post=13080"}],"curies":[{"name":"wp","href":"https:\/\/api.w.org\/{rel}","templated":true}]}}