{"id":13195,"date":"2024-07-04T09:47:04","date_gmt":"2024-07-04T07:47:04","guid":{"rendered":"https:\/\/www.photoweb.fr\/espaces\/magazine\/?p=13195"},"modified":"2024-10-09T10:36:05","modified_gmt":"2024-10-09T08:36:05","slug":"ramassage-plastique","status":"publish","type":"post","link":"https:\/\/www.photoweb.fr\/espaces\/magazine\/ramassage-plastique\/","title":{"rendered":"Le saviez-vous ? | Le plastique dans le monde"},"content":{"rendered":"\r\n\r\n\t<p>En \u00e9coutant le podcast de Photoweb, les aventures farfelues de Mathis et Rose, apprenez en plus sur les d\u00e9couvertes de nos h\u00e9ros : les vacances \u00e0 v\u00e9lo, les abeilles ou encore le mus\u00e9e de l&rsquo;eau ! Avec cet article \u00ab\u00a0Le saviez-vous\u00a0\u00bb, explorons des solutions pour \u00e9liminer le plastique qui nuit \u00e0 notre environnement.<\/p>\r\n\t<h2><strong>La profusion de plastique : un probl\u00e8me mondial<\/strong><\/h2>\r\n<p>La production de plastique a explos\u00e9 au cours des derni\u00e8res d\u00e9cennies, atteignant des proportions gigantesques. Utilis\u00e9 dans une multitude de produits du quotidien, le plastique pr\u00e9sente des avantages ind\u00e9niables en termes de praticit\u00e9 et de co\u00fbt. Cependant, sa durabilit\u00e9 et sa r\u00e9sistance \u00e0 la d\u00e9composition en font un v\u00e9ritable fl\u00e9au pour l&rsquo;environnement. Chaque ann\u00e9e, des millions de tonnes de plastique se retrouvent dans nos oc\u00e9ans, mena\u00e7ant la faune marine et polluant les \u00e9cosyst\u00e8mes. Les microplastiques, ces petites particules r\u00e9sultant de la d\u00e9gradation des d\u00e9chets plastiques, sont particuli\u00e8rement pr\u00e9occupants car ils s&rsquo;infiltrent partout, des plages aux profondeurs marines, et m\u00eame dans la cha\u00eene alimentaire.<\/p>\r\n\t\t\t\t<img loading=\"lazy\" decoding=\"async\" src=\"https:\/\/www.photoweb.fr\/espaces\/magazine\/wp-content\/uploads\/2024\/07\/AdobeStock_433445305-_1_-scaled.webp\" alt=\"micro plastique oc\u00e9an\" itemprop=\"image\" height=\"1365\" width=\"2048\" title=\"micro plastique oc\u00e9an\" onerror=\"this.style.display='none'\"  \/>\r\n\t\tLes microplastiques sont pr\u00e9sents dans les oc\u00e9ans et dans la faune qui les peuplent\r\n\t<h3><strong>La situation en France : \u00e9tat des lieux et initiatives<\/strong><\/h3>\r\n<p>En France, la prise de conscience autour des d\u00e9chets plastiques s&rsquo;est accrue ces derni\u00e8res ann\u00e9es. Plusieurs initiatives ont \u00e9t\u00e9 mises en place pour r\u00e9duire l&rsquo;utilisation du plastique \u00e0 usage unique. Depuis janvier 2021, de nombreux produits en plastique \u00e0 usage unique, comme les pailles, les couverts et les assiettes, sont interdits \u00e0 la vente. De plus, des campagnes de sensibilisation et des op\u00e9rations de nettoyage des plages et des cours d&rsquo;eau sont organis\u00e9es r\u00e9guli\u00e8rement pour encourager les citoyens \u00e0 agir.<\/p>\r\n<p>Par exemple, l&rsquo;initiative \u00ab\u00a0Plastic Odyssey\u00a0\u00bb vise \u00e0 sensibiliser et \u00e0 trouver des solutions locales pour lutter contre la pollution plastique. Cette exp\u00e9dition autour du monde utilise un navire \u00e9quip\u00e9 pour transformer les d\u00e9chets plastiques en carburant et pour former les populations locales \u00e0 recycler et \u00e0 valoriser ces d\u00e9chets. Des collectivit\u00e9s locales mettent \u00e9galement en place des programmes de collecte s\u00e9lective et de recyclage pour r\u00e9duire l&rsquo;impact environnemental des d\u00e9chets plastiques.<\/p>\r\n\t<h3><strong>Adopter des pratiques \u00e9coresponsables au quotidien<\/strong><\/h3>\r\n<p>Chacun de nous peut contribuer \u00e0 la r\u00e9duction des d\u00e9chets plastiques en adoptant des gestes simples et efficaces :<\/p>\r\n<ul>\r\n<li><strong>Utiliser des gourdes r\u00e9utilisables<\/strong> : remplacer les bouteilles en plastique par des gourdes en inox ou en verre. Une gourde r\u00e9utilisable peut \u00e9viter la consommation de centaines de bouteilles en plastique chaque ann\u00e9e.<\/li>\r\n<li><strong>Opter pour des sacs r\u00e9utilisables<\/strong> : \u00e9viter les sacs plastiques en utilisant des sacs en tissu pour faire ses courses. Les sacs en tissu sont plus r\u00e9sistants et peuvent \u00eatre utilis\u00e9s \u00e0 de nombreuses reprises.<\/li>\r\n<li><strong>Privil\u00e9gier les emballages durables<\/strong> : choisir des produits avec des emballages recyclables ou en vrac. Acheter en vrac permet de r\u00e9duire significativement les emballages plastiques.<\/li>\r\n<li><strong>Participer \u00e0 des actions de nettoyage<\/strong> : rejoindre des initiatives locales pour ramasser les d\u00e9chets dans la nature. Les op\u00e9rations de nettoyage de plage ou de for\u00eat permettent de prot\u00e9ger la faune et de maintenir un environnement propre.<\/li>\r\n<\/ul>\r\n\t\t\t\t<img loading=\"lazy\" decoding=\"async\" src=\"https:\/\/www.photoweb.fr\/espaces\/magazine\/wp-content\/uploads\/2024\/07\/AdobeStock_458934641-_1_-scaled.webp\" alt=\"vrac\" itemprop=\"image\" height=\"1363\" width=\"2048\" title=\"vrac\" onerror=\"this.style.display='none'\"  \/>\r\n\t\tConsommer en vrac permet de r\u00e9duire la quantit\u00e9 de d\u00e9chets\r\n\t<h3>Et chez Photoweb ?<\/h3>\r\n<p>La r\u00e9duction des d\u00e9chets, c&rsquo;est aussi valable pour les entreprises ! Alors ni une, ni deux, on a cherch\u00e9 des solutions pour r\u00e9duire la quantit\u00e9 de nos d\u00e9chets et am\u00e9liorer la recyclabilit\u00e9 de ceux que nous ne pouvons \u00e9viter. En effet, un d\u00e9chet qui n&rsquo;est pas recycl\u00e9, c&rsquo;est un d\u00e9chet qui est brul\u00e9 ou enfoui.<\/p>\r\n<p>Et sans surprise, le plus gros levier pour encourager les Photowebiens \u00e0 trier leurs d\u00e9chets, c&rsquo;est la p\u00e9dagogie. Apr\u00e8s avoir expliquer les impacts et mis en place une signal\u00e9tique claire, notre taux de tri s&rsquo;est grandement am\u00e9lior\u00e9.<\/p>\r\n<p>Nous sommes sur une bonne dynamique et nous avons souhait\u00e9 faire un peu plus, \u00e0 notre \u00e9chelle, en ramassant les d\u00e9chets laiss\u00e9s dans la nature. Nous avons mis notre communaut\u00e9 au d\u00e9fi sur Instagram pour ramasser 1kg de d\u00e9chets tous les 10 commentaires sur notre post (visible <a href=\"https:\/\/www.instagram.com\/p\/C4xsHsctrWk\/\">ICI<\/a>).<\/p>\r\n<p>Equip\u00e9s de nos gants et sac poubelles, nous sommes donc partis dans le massif de la Chartreuse pour ramasser 3kg de d\u00e9chets (minimum !).<\/p>\r\n<p>Bilan des courses, le d\u00e9fi est relev\u00e9 avec succ\u00e8s. Nous avons \u00e9t\u00e9 agr\u00e9ablement surpris de la propret\u00e9 (bravo les Is\u00e9rois) mais nous sommes tout de m\u00eame reparti avec des sacs remplis.<\/p>\r\n<div id=\"attachment_13200\" style=\"width: 1191px\" class=\"wp-caption aligncenter\"><a href=\"https:\/\/www.photoweb.fr\/espaces\/magazine\/wp-content\/uploads\/2024\/07\/Media-7.jpg\"><img loading=\"lazy\" decoding=\"async\" aria-describedby=\"caption-attachment-13200\" src=\"https:\/\/www.photoweb.fr\/espaces\/magazine\/wp-content\/uploads\/2024\/07\/Media-7-1181x1200.jpg\" alt=\"clean walk \" width=\"1181\" height=\"1200\" \/><\/a><p id=\"caption-attachment-13200\" class=\"wp-caption-text\">Une partie de l&rsquo;\u00e9quipe Marketing de Photoweb \u00e0 la fin de la clean walk.<\/p><\/div>\r\n<p>&nbsp;<\/p>\r\n\t<h2>Retrouver le voyage de Mathis et Rose<\/h2>\r\n<code><iframe src=\"https:\/\/embed.acast.com\/668521749249f596b73ea046\/66852489e091a56d4998cc22?playlistId=cbf19456aa6d324744f75e0161c498a6&amp;accentColor=161616&amp;bgColor=da9b31&amp;secondaryColor=161616\" width=\"100%\" height=\"280px\" frameborder=\"0\"><\/iframe><\/code><br \/>\r\nR\u00e9duire notre consommation de plastique est un d\u00e9fi de taille, mais chaque geste compte. En adoptant des pratiques plus responsables, nous pouvons tous contribuer \u00e0 la pr\u00e9servation de notre plan\u00e8te. Pour en savoir plus sur les gestes \u00e9coresponsables, <a href=\"https:\/\/www.photoweb.fr\/espaces\/magazine\/podcast-photoweb-lesaventuresfarfeluesdemathisetrose\/\">\u00e9coutez nos podcasts<\/a> d\u00e9di\u00e9s \u00e0 des vacances plus durables. Ensemble, agissons pour un monde sans Monstros Plasticos !\r\n<p><a href=\"https:\/\/www.photoweb.fr\/espaces\/magazine\/wp-content\/uploads\/2024\/07\/Photoweb-Ahnonpaslemonstre-episode3.jpg\"><img loading=\"lazy\" decoding=\"async\" src=\"https:\/\/www.photoweb.fr\/espaces\/magazine\/wp-content\/uploads\/2024\/07\/Photoweb-Ahnonpaslemonstre-episode3-1200x1200.jpg\" alt=\"Podcast mathis et rose plage plastique monstros\" width=\"1200\" height=\"1200\" \/><\/a><\/p>\r\n<p>&nbsp;<\/p>\r\n<p>&nbsp;<\/p>\r\n\t\t\t\t<img loading=\"lazy\" decoding=\"async\" src=\"https:\/\/www.photoweb.fr\/espaces\/magazine\/wp-content\/uploads\/2024\/06\/spotify.png\" alt=\"spotify\" itemprop=\"image\" height=\"451\" width=\"1394\" title=\"spotify\" onerror=\"this.style.display='none'\"  \/>\r\n\t\t\t\t<img loading=\"lazy\" decoding=\"async\" src=\"https:\/\/www.photoweb.fr\/espaces\/magazine\/wp-content\/uploads\/2024\/06\/applemusic.png\" alt=\"applemusic\" itemprop=\"image\" height=\"449\" width=\"1395\" title=\"applemusic\" onerror=\"this.style.display='none'\"  \/>\r\n\t\t\t\t<img loading=\"lazy\" decoding=\"async\" src=\"https:\/\/www.photoweb.fr\/espaces\/magazine\/wp-content\/uploads\/2024\/06\/deezer1.png\" alt=\"deezer1\" itemprop=\"image\" height=\"449\" width=\"1395\" title=\"deezer1\" onerror=\"this.style.display='none'\"  \/>\r\n\t1.2.3.\r\nimprimez&#8239;!\r\n\t\t\t\t<a href=\"https:\/\/www.photoweb.fr\/tirage-photo\/listing\" target=\"_blank\" rel=\"noopener\" itemprop=\"url\">\r\n\t\t\t\t<img loading=\"lazy\" decoding=\"async\" src=\"https:\/\/www.photoweb.fr\/espaces\/magazine\/wp-content\/uploads\/2017\/06\/Tirages-classiques-photoweb.jpg\" alt=\"Tirages premium\" itemprop=\"image\" height=\"600\" width=\"600\" title=\"Tirages premium\" onerror=\"this.style.display='none'\"  \/>\r\n\t\t\t\t<\/a>\r\n\t<a target=\"_blank\" href=\"https:\/\/www.photoweb.fr\/tirage-photo\/listing\" rel=\"noopener\">\r\nCr\u00e9er vos tirages<\/a>\r\n\t\t\t\t<a href=\"https:\/\/www.photoweb.fr\/livre-photo\/listing\" target=\"_blank\" rel=\"noopener\" itemprop=\"url\">\r\n\t\t\t\t<img loading=\"lazy\" decoding=\"async\" src=\"https:\/\/www.photoweb.fr\/espaces\/magazine\/wp-content\/uploads\/2023\/05\/2022-LPS-IMG_9797-removebg-1-600x600.png\" alt=\"2022-LPS-IMG_9797-removebg (1)\" itemprop=\"image\" height=\"600\" width=\"600\" title=\"2022-LPS-IMG_9797-removebg (1)\" onerror=\"this.style.display='none'\"  \/>\r\n\t\t\t\t<\/a>\r\n\t<a target=\"_blank\" href=\"https:\/\/www.photoweb.fr\/livre-photo\/listing\" rel=\"noopener\">\r\nCr\u00e9er votre livre photo<\/a>\r\n\t\t\t\t<a href=\"https:\/\/www.photoweb.fr\/produits\/faire-part\" target=\"_blank\" rel=\"noopener\" itemprop=\"url\">\r\n\t\t\t\t<img loading=\"lazy\" decoding=\"async\" src=\"https:\/\/www.photoweb.fr\/espaces\/magazine\/wp-content\/uploads\/2017\/11\/carte-faire-part-photoweb.jpg\" alt=\"carte de voeux 2019\" itemprop=\"image\" height=\"600\" width=\"600\" title=\"carte-faire-part-photoweb\" onerror=\"this.style.display='none'\"  \/>\r\n\t\t\t\t<\/a>\r\n\t<a target=\"_blank\" href=\"https:\/\/www.photoweb.fr\/produits\/faire-part\" rel=\"noopener\">\r\nCr\u00e9er votre faire-part<\/a>\r\n\r\n","protected":false},"excerpt":{"rendered":"<p>En \u00e9coutant le podcast de Photoweb, les aventures farfelues de Mathis et Rose, apprenez en plus sur les d\u00e9couvertes de nos h\u00e9ros : les vacances \u00e0 v\u00e9lo, les abeilles ou encore le mus\u00e9e de l&rsquo;eau ! Avec cet article \u00ab\u00a0Le saviez-vous\u00a0\u00bb, explorons des solutions pour \u00e9liminer le plastique qui nuit \u00e0 notre environnement. La profusion&hellip;<\/p>\n","protected":false},"author":34,"featured_media":13196,"comment_status":"open","ping_status":"open","sticky":false,"template":"single-standard.php","format":"standard","meta":{"footnotes":""},"categories":[113],"tags":[],"class_list":["post-13195","post","type-post","status-publish","format-standard","has-post-thumbnail","hentry","category-podcast-mathisetrose"],"yoast_head":"<!-- This site is optimized with the Yoast SEO plugin v20.3 - https:\/\/yoast.com\/wordpress\/plugins\/seo\/ -->\n<title>Le saviez-vous ? | Le plastique dans le monde<\/title>\n<meta name=\"description\" content=\"Dans l&#039;\u00e9pisode &quot;Ah non, pas le monstre&quot; du podcast de Photoweb, vous d\u00e9couvrez les d\u00e9g\u00e2ts du plastique. Cet article vous en apprend plus.\" \/>\n<meta name=\"robots\" content=\"index, follow, max-snippet:-1, max-image-preview:large, max-video-preview:-1\" \/>\n<link rel=\"canonical\" href=\"https:\/\/www.photoweb.fr\/espaces\/magazine\/ramassage-plastique\/\" \/>\n<meta property=\"og:locale\" content=\"fr_FR\" \/>\n<meta property=\"og:type\" content=\"article\" \/>\n<meta property=\"og:title\" content=\"Le saviez-vous ? | Le plastique dans le monde\" \/>\n<meta property=\"og:description\" content=\"Dans l&#039;\u00e9pisode &quot;Ah non, pas le monstre&quot; du podcast de Photoweb, vous d\u00e9couvrez les d\u00e9g\u00e2ts du plastique. Cet article vous en apprend plus.\" \/>\n<meta property=\"og:url\" content=\"https:\/\/www.photoweb.fr\/espaces\/magazine\/ramassage-plastique\/\" \/>\n<meta property=\"og:site_name\" content=\"Photoweb, le mag\" \/>\n<meta property=\"article:publisher\" content=\"https:\/\/fr-fr.facebook.com\/Photoweb.fr\/\" \/>\n<meta property=\"article:published_time\" content=\"2024-07-04T07:47:04+00:00\" \/>\n<meta property=\"article:modified_time\" content=\"2024-10-09T08:36:05+00:00\" \/>\n<meta property=\"og:image\" content=\"https:\/\/www.photoweb.fr\/espaces\/magazine\/wp-content\/uploads\/2024\/07\/2024-07-04-le-saviez-vous-Rose-Mathis-Dechets-plastiques.webp\" \/>\n\t<meta property=\"og:image:width\" content=\"800\" \/>\n\t<meta property=\"og:image:height\" content=\"600\" \/>\n\t<meta property=\"og:image:type\" content=\"image\/webp\" \/>\n<meta name=\"author\" content=\"Victor\" \/>\n<meta name=\"twitter:card\" content=\"summary_large_image\" \/>\n<meta name=\"twitter:creator\" content=\"@Photoweb_fr\" \/>\n<meta name=\"twitter:site\" content=\"@Photoweb_fr\" \/>\n<meta name=\"twitter:label1\" content=\"\u00c9crit par\" \/>\n\t<meta name=\"twitter:data1\" content=\"Victor\" \/>\n\t<meta name=\"twitter:label2\" content=\"Dur\u00e9e de lecture estim\u00e9e\" \/>\n\t<meta name=\"twitter:data2\" content=\"7 minutes\" \/>\n<script type=\"application\/ld+json\" class=\"yoast-schema-graph\">{\"@context\":\"https:\/\/schema.org\",\"@graph\":[{\"@type\":\"Article\",\"@id\":\"https:\/\/www.photoweb.fr\/espaces\/magazine\/ramassage-plastique\/#article\",\"isPartOf\":{\"@id\":\"https:\/\/www.photoweb.fr\/espaces\/magazine\/ramassage-plastique\/\"},\"author\":{\"name\":\"Victor\",\"@id\":\"https:\/\/www.photoweb.fr\/espaces\/magazine\/#\/schema\/person\/285cd6607d64bbfcf9cd965f3d672dd8\"},\"headline\":\"Le saviez-vous ? | Le plastique dans le monde\",\"datePublished\":\"2024-07-04T07:47:04+00:00\",\"dateModified\":\"2024-10-09T08:36:05+00:00\",\"mainEntityOfPage\":{\"@id\":\"https:\/\/www.photoweb.fr\/espaces\/magazine\/ramassage-plastique\/\"},\"wordCount\":866,\"commentCount\":0,\"publisher\":{\"@id\":\"https:\/\/www.photoweb.fr\/espaces\/magazine\/#organization\"},\"articleSection\":[\"Podcast PW\"],\"inLanguage\":\"fr-FR\",\"potentialAction\":[{\"@type\":\"CommentAction\",\"name\":\"Comment\",\"target\":[\"https:\/\/www.photoweb.fr\/espaces\/magazine\/ramassage-plastique\/#respond\"]}]},{\"@type\":\"WebPage\",\"@id\":\"https:\/\/www.photoweb.fr\/espaces\/magazine\/ramassage-plastique\/\",\"url\":\"https:\/\/www.photoweb.fr\/espaces\/magazine\/ramassage-plastique\/\",\"name\":\"Le saviez-vous ? | Le plastique dans le monde\",\"isPartOf\":{\"@id\":\"https:\/\/www.photoweb.fr\/espaces\/magazine\/#website\"},\"datePublished\":\"2024-07-04T07:47:04+00:00\",\"dateModified\":\"2024-10-09T08:36:05+00:00\",\"description\":\"Dans l'\u00e9pisode \\\"Ah non, pas le monstre\\\" du podcast de Photoweb, vous d\u00e9couvrez les d\u00e9g\u00e2ts du plastique. Cet article vous en apprend plus.\",\"breadcrumb\":{\"@id\":\"https:\/\/www.photoweb.fr\/espaces\/magazine\/ramassage-plastique\/#breadcrumb\"},\"inLanguage\":\"fr-FR\",\"potentialAction\":[{\"@type\":\"ReadAction\",\"target\":[\"https:\/\/www.photoweb.fr\/espaces\/magazine\/ramassage-plastique\/\"]}]},{\"@type\":\"BreadcrumbList\",\"@id\":\"https:\/\/www.photoweb.fr\/espaces\/magazine\/ramassage-plastique\/#breadcrumb\",\"itemListElement\":[{\"@type\":\"ListItem\",\"position\":1,\"name\":\"Accueil\",\"item\":\"https:\/\/www.photoweb.fr\/espaces\/magazine\/\"},{\"@type\":\"ListItem\",\"position\":2,\"name\":\"Podcast PW\",\"item\":\"https:\/\/www.photoweb.fr\/espaces\/magazine\/podcast-mathisetrose\/\"},{\"@type\":\"ListItem\",\"position\":3,\"name\":\"Le saviez-vous ? | Le plastique dans le monde\"}]},{\"@type\":\"WebSite\",\"@id\":\"https:\/\/www.photoweb.fr\/espaces\/magazine\/#website\",\"url\":\"https:\/\/www.photoweb.fr\/espaces\/magazine\/\",\"name\":\"Photoweb, le mag\",\"description\":\"Le magazine de Photoweb\",\"publisher\":{\"@id\":\"https:\/\/www.photoweb.fr\/espaces\/magazine\/#organization\"},\"potentialAction\":[{\"@type\":\"SearchAction\",\"target\":{\"@type\":\"EntryPoint\",\"urlTemplate\":\"https:\/\/www.photoweb.fr\/espaces\/magazine\/?s={search_term_string}\"},\"query-input\":\"required name=search_term_string\"}],\"inLanguage\":\"fr-FR\"},{\"@type\":\"Organization\",\"@id\":\"https:\/\/www.photoweb.fr\/espaces\/magazine\/#organization\",\"name\":\"Photoweb\",\"url\":\"https:\/\/www.photoweb.fr\/espaces\/magazine\/\",\"logo\":{\"@type\":\"ImageObject\",\"inLanguage\":\"fr-FR\",\"@id\":\"https:\/\/www.photoweb.fr\/espaces\/magazine\/#\/schema\/logo\/image\/\",\"url\":\"https:\/\/www.photoweb.fr\/espaces\/magazine\/wp-content\/uploads\/2021\/02\/Logo-Photoweb.jpg\",\"contentUrl\":\"https:\/\/www.photoweb.fr\/espaces\/magazine\/wp-content\/uploads\/2021\/02\/Logo-Photoweb.jpg\",\"width\":780,\"height\":456,\"caption\":\"Photoweb\"},\"image\":{\"@id\":\"https:\/\/www.photoweb.fr\/espaces\/magazine\/#\/schema\/logo\/image\/\"},\"sameAs\":[\"https:\/\/fr-fr.facebook.com\/Photoweb.fr\/\",\"https:\/\/twitter.com\/Photoweb_fr\",\"https:\/\/www.instagram.com\/photowebfr\/\",\"https:\/\/www.linkedin.com\/company\/347094\/\",\"https:\/\/www.pinterest.fr\/inspirationsphotoweb\/_created\/\",\"https:\/\/www.youtube.com\/channel\/UCtcVmTvkAzKQLVkiwfOm8sg\"]},{\"@type\":\"Person\",\"@id\":\"https:\/\/www.photoweb.fr\/espaces\/magazine\/#\/schema\/person\/285cd6607d64bbfcf9cd965f3d672dd8\",\"name\":\"Victor\"}]}<\/script>\n<!-- \/ Yoast SEO plugin. -->","yoast_head_json":{"title":"Le saviez-vous ? | Le plastique dans le monde","description":"Dans l'\u00e9pisode \"Ah non, pas le monstre\" du podcast de Photoweb, vous d\u00e9couvrez les d\u00e9g\u00e2ts du plastique. Cet article vous en apprend plus.","robots":{"index":"index","follow":"follow","max-snippet":"max-snippet:-1","max-image-preview":"max-image-preview:large","max-video-preview":"max-video-preview:-1"},"canonical":"https:\/\/www.photoweb.fr\/espaces\/magazine\/ramassage-plastique\/","og_locale":"fr_FR","og_type":"article","og_title":"Le saviez-vous ? | Le plastique dans le monde","og_description":"Dans l'\u00e9pisode \"Ah non, pas le monstre\" du podcast de Photoweb, vous d\u00e9couvrez les d\u00e9g\u00e2ts du plastique. Cet article vous en apprend plus.","og_url":"https:\/\/www.photoweb.fr\/espaces\/magazine\/ramassage-plastique\/","og_site_name":"Photoweb, le mag","article_publisher":"https:\/\/fr-fr.facebook.com\/Photoweb.fr\/","article_published_time":"2024-07-04T07:47:04+00:00","article_modified_time":"2024-10-09T08:36:05+00:00","og_image":[{"width":800,"height":600,"url":"https:\/\/www.photoweb.fr\/espaces\/magazine\/wp-content\/uploads\/2024\/07\/2024-07-04-le-saviez-vous-Rose-Mathis-Dechets-plastiques.webp","type":"image\/webp"}],"author":"Victor","twitter_card":"summary_large_image","twitter_creator":"@Photoweb_fr","twitter_site":"@Photoweb_fr","twitter_misc":{"\u00c9crit par":"Victor","Dur\u00e9e de lecture estim\u00e9e":"7 minutes"},"schema":{"@context":"https:\/\/schema.org","@graph":[{"@type":"Article","@id":"https:\/\/www.photoweb.fr\/espaces\/magazine\/ramassage-plastique\/#article","isPartOf":{"@id":"https:\/\/www.photoweb.fr\/espaces\/magazine\/ramassage-plastique\/"},"author":{"name":"Victor","@id":"https:\/\/www.photoweb.fr\/espaces\/magazine\/#\/schema\/person\/285cd6607d64bbfcf9cd965f3d672dd8"},"headline":"Le saviez-vous ? | Le plastique dans le monde","datePublished":"2024-07-04T07:47:04+00:00","dateModified":"2024-10-09T08:36:05+00:00","mainEntityOfPage":{"@id":"https:\/\/www.photoweb.fr\/espaces\/magazine\/ramassage-plastique\/"},"wordCount":866,"commentCount":0,"publisher":{"@id":"https:\/\/www.photoweb.fr\/espaces\/magazine\/#organization"},"articleSection":["Podcast PW"],"inLanguage":"fr-FR","potentialAction":[{"@type":"CommentAction","name":"Comment","target":["https:\/\/www.photoweb.fr\/espaces\/magazine\/ramassage-plastique\/#respond"]}]},{"@type":"WebPage","@id":"https:\/\/www.photoweb.fr\/espaces\/magazine\/ramassage-plastique\/","url":"https:\/\/www.photoweb.fr\/espaces\/magazine\/ramassage-plastique\/","name":"Le saviez-vous ? | Le plastique dans le monde","isPartOf":{"@id":"https:\/\/www.photoweb.fr\/espaces\/magazine\/#website"},"datePublished":"2024-07-04T07:47:04+00:00","dateModified":"2024-10-09T08:36:05+00:00","description":"Dans l'\u00e9pisode \"Ah non, pas le monstre\" du podcast de Photoweb, vous d\u00e9couvrez les d\u00e9g\u00e2ts du plastique. Cet article vous en apprend plus.","breadcrumb":{"@id":"https:\/\/www.photoweb.fr\/espaces\/magazine\/ramassage-plastique\/#breadcrumb"},"inLanguage":"fr-FR","potentialAction":[{"@type":"ReadAction","target":["https:\/\/www.photoweb.fr\/espaces\/magazine\/ramassage-plastique\/"]}]},{"@type":"BreadcrumbList","@id":"https:\/\/www.photoweb.fr\/espaces\/magazine\/ramassage-plastique\/#breadcrumb","itemListElement":[{"@type":"ListItem","position":1,"name":"Accueil","item":"https:\/\/www.photoweb.fr\/espaces\/magazine\/"},{"@type":"ListItem","position":2,"name":"Podcast PW","item":"https:\/\/www.photoweb.fr\/espaces\/magazine\/podcast-mathisetrose\/"},{"@type":"ListItem","position":3,"name":"Le saviez-vous ? | Le plastique dans le monde"}]},{"@type":"WebSite","@id":"https:\/\/www.photoweb.fr\/espaces\/magazine\/#website","url":"https:\/\/www.photoweb.fr\/espaces\/magazine\/","name":"Photoweb, le mag","description":"Le magazine de Photoweb","publisher":{"@id":"https:\/\/www.photoweb.fr\/espaces\/magazine\/#organization"},"potentialAction":[{"@type":"SearchAction","target":{"@type":"EntryPoint","urlTemplate":"https:\/\/www.photoweb.fr\/espaces\/magazine\/?s={search_term_string}"},"query-input":"required name=search_term_string"}],"inLanguage":"fr-FR"},{"@type":"Organization","@id":"https:\/\/www.photoweb.fr\/espaces\/magazine\/#organization","name":"Photoweb","url":"https:\/\/www.photoweb.fr\/espaces\/magazine\/","logo":{"@type":"ImageObject","inLanguage":"fr-FR","@id":"https:\/\/www.photoweb.fr\/espaces\/magazine\/#\/schema\/logo\/image\/","url":"https:\/\/www.photoweb.fr\/espaces\/magazine\/wp-content\/uploads\/2021\/02\/Logo-Photoweb.jpg","contentUrl":"https:\/\/www.photoweb.fr\/espaces\/magazine\/wp-content\/uploads\/2021\/02\/Logo-Photoweb.jpg","width":780,"height":456,"caption":"Photoweb"},"image":{"@id":"https:\/\/www.photoweb.fr\/espaces\/magazine\/#\/schema\/logo\/image\/"},"sameAs":["https:\/\/fr-fr.facebook.com\/Photoweb.fr\/","https:\/\/twitter.com\/Photoweb_fr","https:\/\/www.instagram.com\/photowebfr\/","https:\/\/www.linkedin.com\/company\/347094\/","https:\/\/www.pinterest.fr\/inspirationsphotoweb\/_created\/","https:\/\/www.youtube.com\/channel\/UCtcVmTvkAzKQLVkiwfOm8sg"]},{"@type":"Person","@id":"https:\/\/www.photoweb.fr\/espaces\/magazine\/#\/schema\/person\/285cd6607d64bbfcf9cd965f3d672dd8","name":"Victor"}]}},"acf":[],"_links":{"self":[{"href":"https:\/\/www.photoweb.fr\/espaces\/magazine\/wp-json\/wp\/v2\/posts\/13195","targetHints":{"allow":["GET"]}}],"collection":[{"href":"https:\/\/www.photoweb.fr\/espaces\/magazine\/wp-json\/wp\/v2\/posts"}],"about":[{"href":"https:\/\/www.photoweb.fr\/espaces\/magazine\/wp-json\/wp\/v2\/types\/post"}],"author":[{"embeddable":true,"href":"https:\/\/www.photoweb.fr\/espaces\/magazine\/wp-json\/wp\/v2\/users\/34"}],"replies":[{"embeddable":true,"href":"https:\/\/www.photoweb.fr\/espaces\/magazine\/wp-json\/wp\/v2\/comments?post=13195"}],"version-history":[{"count":3,"href":"https:\/\/www.photoweb.fr\/espaces\/magazine\/wp-json\/wp\/v2\/posts\/13195\/revisions"}],"predecessor-version":[{"id":13459,"href":"https:\/\/www.photoweb.fr\/espaces\/magazine\/wp-json\/wp\/v2\/posts\/13195\/revisions\/13459"}],"wp:featuredmedia":[{"embeddable":true,"href":"https:\/\/www.photoweb.fr\/espaces\/magazine\/wp-json\/wp\/v2\/media\/13196"}],"wp:attachment":[{"href":"https:\/\/www.photoweb.fr\/espaces\/magazine\/wp-json\/wp\/v2\/media?parent=13195"}],"wp:term":[{"taxonomy":"category","embeddable":true,"href":"https:\/\/www.photoweb.fr\/espaces\/magazine\/wp-json\/wp\/v2\/categories?post=13195"},{"taxonomy":"post_tag","embeddable":true,"href":"https:\/\/www.photoweb.fr\/espaces\/magazine\/wp-json\/wp\/v2\/tags?post=13195"}],"curies":[{"name":"wp","href":"https:\/\/api.w.org\/{rel}","templated":true}]}}