{"id":13214,"date":"2024-08-22T15:29:12","date_gmt":"2024-08-22T13:29:12","guid":{"rendered":"https:\/\/www.photoweb.fr\/espaces\/magazine\/?p=13214"},"modified":"2025-02-19T09:54:04","modified_gmt":"2025-02-19T07:54:04","slug":"vacances-responsables","status":"publish","type":"post","link":"https:\/\/www.photoweb.fr\/espaces\/magazine\/vacances-responsables\/","title":{"rendered":"Nos conseils pour des vacances responsables"},"content":{"rendered":"\r\n<p>C&rsquo;est l&rsquo;\u00e9t\u00e9 ! Comme disait un grand homme : \u00ab\u00a0l&rsquo;\u00e9t\u00e9 arrive, et la vie devient facile.\u00a0\u00bb. Une p\u00e9riode de l&rsquo;ann\u00e9e qui est synonyme de voyages, restaurants en terrasse, barbecue et sessions bronzages sur la plage. Alors pour profiter \u00e0 fond sans culpabiliser, voici nos conseils pour des vacances responsables.<\/p>\r\n<h2>Pourquoi r\u00e9fl\u00e9chir \u00e0 des vacances plus responsables<\/h2>\r\n<p>Apr\u00e8s une ann\u00e9e souvent charg\u00e9e, il est normal de vouloir souffler et se faire plaisir. Il faut seulement garder en t\u00eate que le tourisme est responsable de 8% des \u00e9missions de CO2e dans le monde. Pour continuer \u00e0 appr\u00e9cier des vacances au bord de la plage, il ne faudrait pas que le mercure prenne l&rsquo;habitude de d\u00e9passer les 42\u00b0C, comme \u00e7a a \u00e9t\u00e9 le cas en 2023.<\/p>\r\n<p>Tous les gestes que nous pouvons faire d\u00e8s aujourd&rsquo;hui nous permettrons de profiter des endroits et des choses que nous aimons tant, de construire et partager de beaux souvenirs.<\/p>\r\n<p><img loading=\"lazy\" decoding=\"async\" title=\"plage famille mer oc\u00e9an\" src=\"https:\/\/www.photoweb.fr\/espaces\/magazine\/wp-content\/uploads\/2024\/07\/AdobeStock_515530004-1-scaled.webp\" alt=\"plage famille mer oc\u00e9an\" width=\"2048\" height=\"1327\" \/><\/p>\r\n<h3>1 &#8211; Explorer la France<\/h3>\r\n<p>Parce que les vacances sont synonymes de plaisir, on a plus facilement tendance \u00e0 casser la tirelire pour partir visiter les pays chauds, avec de belles plages, comme la Gr\u00e8ce, l&rsquo;Espagne ou le Maroc. Et vous savez quoi ? Vous avez bien raison, ce sont des pays magnifiques !<\/p>\r\n<p>Mais connaissez-vous les plages de l&rsquo;\u00eele de Porquerolles dans le Var ? Ou encore la fameuse plage de Deauville dans le Calvados ?<br \/>Que vous soyez fans de plages \u00ab\u00a0Cara\u00efbes\u00a0\u00bb ou de plages sauvages comme celles qu&rsquo;abrite la Bretagne, le France regorge de vraies p\u00e9pites.<br \/>Et si les plages ne sont pas vraiment votre tasse de th\u00e9, la France est un pays tr\u00e8s diversifi\u00e9 ! For\u00eats, montagnes, lacs, vignes, chaud, froid, il y en a pour tous les go\u00fbts !<\/p>\r\n<p>Internet regorge de sites pour vous aider \u00e0 choisir la destination qui VOUS conviendra ! Et cerise sur le g\u00e2teau, partir en France signifie ne pas prendre l&rsquo;avion, de quoi \u00e9conomiser un peu d&rsquo;argent pour quelques glaces suppl\u00e9mentaires ou une activit\u00e9 en plus !<\/p>\r\n<h3>2 &#8211; R\u00e9duire la voiture<\/h3>\r\n<p>\u00c7a y est, votre destination est choisie, vous partirez donc en France cet \u00e9t\u00e9 ! Maintenant, penchons-nous sur le plus gros p\u00f4le \u00e9metteur de carbone, le transport. Vous partez en France, vous \u00e9vitez donc l&rsquo;avion. Il reste la voiture individuelle, qui \u00e9met \u00e9galement une bonne partie du carbone rejet\u00e9 \u00e0 l&rsquo;occasion des vacances.<\/p>\r\n<p>Si votre projet est de partir en groupe, l&rsquo;id\u00e9al est de mutualiser les trajets et d&rsquo;opter pour le covoiturage. En plus, c&rsquo;est d\u00e9j\u00e0 le d\u00e9but des vacances, avec les karaok\u00e9s et les jeux pendant les bouchons.<br \/>Et si partez seul ou en couple, vous pouvez proposer votre trajet sur une plateforme de covoiturage comme <a href=\"https:\/\/www.blablacar.fr\/\">Blablacar<\/a>\u00a0et comme dans notre podcast <a href=\"https:\/\/shows.acast.com\/668521749249f596b73ea046\/episodes\/668524f5f364c640080036b0?\">Les aventures de Mathis et Rose<\/a>, faire des rencontres !<\/p>\r\n<p>Une fois sur place, profitez des activit\u00e9s \u00e0 proximit\u00e9 pour limiter l&rsquo;utilisation de la voiture <img decoding=\"async\" role=\"img\" draggable=\"false\" src=\"https:\/\/s.w.org\/images\/core\/emoji\/14.0.0\/svg\/1f609.svg\" alt=\"\ud83d\ude09\" \/><\/p>\r\n<p><a href=\"https:\/\/www.photoweb.fr\/espaces\/magazine\/wp-content\/uploads\/2024\/07\/AdobeStock_457764806-1-scaled.webp\"><img loading=\"lazy\" decoding=\"async\" src=\"https:\/\/www.photoweb.fr\/espaces\/magazine\/wp-content\/uploads\/2024\/07\/AdobeStock_457764806-1-1200x580.webp\" alt=\"train voyage famille\" width=\"1200\" height=\"580\" \/><\/a><\/p>\r\n<p>La seconde possibilit\u00e9, c&rsquo;est de prendre le train ! Evidemment, \u00e7a d\u00e9pend des destinations. Arriver en train en pleine campagne ou en pleine montagne peut vite devenir emb\u00eatant ensuite si les services de transports en communs ne sont pas au rendez-vous.<br \/>Mais dans le cadre de visite de ville, le train est id\u00e9al ! Pas besoin de r\u00e9fl\u00e9chir aux places de parking, vous \u00eates libres.<\/p>\r\n<p>Il existe un site, <a href=\"https:\/\/www.hourrail.voyage\/fr\">Hourrail<\/a>, qui r\u00e9f\u00e9rence des itin\u00e9raires en France (et \u00e0 l&rsquo;\u00e9tranger) accessibles en mobilit\u00e9s douces (train et bus). Parfait si vous \u00eates en manque d&rsquo;inspiration pour les prochaines vacances !<\/p>\r\n<p><a href=\"https:\/\/www.chronotrains.com\/fr\">Chronotrains<\/a> vous permet de visualiser en quelques clics toutes les grandes villes accessibles en moins de 5 heures en train.<\/p>\r\n<p>Red\u00e9couvrez le plaisir de faire des choses pendant vos trajets ! Lecture, jeux, discussions, se perdre dans le paysage, pouvoir aller marcher dans les wagons&#8230;<\/p>\r\n<h3>3 &#8211; Adopter un logement \u00e0 taille humaine<\/h3>\r\n<p>Les logements p\u00e8sent lourd dans la balance des \u00e9missions de carbones dans le cadre des vacances. \u00c7a repr\u00e9sente 6,9 kg CO2e pour des locations en h\u00f4tel ou club de vacances.<\/p>\r\n<p>Les h\u00f4tels et clubs vacances \u00e9mettent beaucoup de d\u00e9chets et consomment beaucoup d&rsquo;\u00e9nergie. Les solutions ? Les locations \u00e0 taille humaine, en g\u00eete, location de courte dur\u00e9e, \u00e9change de maisons, campings&#8230;il y en a plein !<\/p>\r\n<div id=\"attachment_13237\" style=\"width: 610px\" class=\"wp-caption aligncenter\"><a href=\"https:\/\/www.photoweb.fr\/espaces\/magazine\/wp-content\/uploads\/2024\/07\/huttopia-vanoise-champagny-3.jpg\"><img loading=\"lazy\" decoding=\"async\" aria-describedby=\"caption-attachment-13237\" src=\"https:\/\/www.photoweb.fr\/espaces\/magazine\/wp-content\/uploads\/2024\/07\/huttopia-vanoise-champagny-3.jpg\" alt=\"camping huttopia \" width=\"600\" height=\"500\" \/><\/a><p id=\"caption-attachment-13237\" class=\"wp-caption-text\">Village Huttopia en Vanoise | Cr\u00e9dits : Huttopia<\/p><\/div>\r\n<p>En haut du podium, vous pouvez choisir le camping pour une ambiance \u00ab\u00a0retour aux sources\u00a0\u00bb, id\u00e9al pour profiter sans se prendre la t\u00eate. Si vous n&rsquo;\u00eates pas pr\u00eats \u00e0 essayer par vous-m\u00eames, des villages camping comme <a href=\"https:\/\/europe.huttopia.com\/\">Huttopia<\/a> existent, alliant confort et cadre en nature.<\/p>\r\n<p>Une autre solution est l&rsquo;\u00e9change de maison, \u00e0 l&rsquo;instar de ce que propose le site <a href=\"https:\/\/www.homeexchange.fr\/\">HomeExchange<\/a>. C&rsquo;est un bon moyen de d\u00e9couvrir une r\u00e9gion si vous \u00eates pr\u00eats \u00e0 ouvrir votre porte pour que d&rsquo;autres personnes d\u00e9couvrent la v\u00f4tre.<\/p>\r\n<p>N&rsquo;ayez crainte, si vous n&rsquo;\u00eates pas partants pour ces id\u00e9es plus surprenantes, il existe des solutions plus classiques, comme les g\u00eetes ou location courte dur\u00e9e, comme Airbnb par exemple. Mais dans ce registre, connaissez-vous GreenGo ? Ce site s\u00e9lectionne les h\u00e9bergements en fonction d&rsquo;une charte, vous assurant des logements \u00e0 impact environnemental r\u00e9duit !<\/p>\r\n<h3>4 &#8211; Des activit\u00e9s plus vertueuses<\/h3>\r\n<p>\u00c7a y est ? Vos vacances sont pr\u00eates, vous voyagez \u00e0 plusieurs vers une belle destination tricolore dans un camping ? Maintenant, il manque l&rsquo;essentiel&#8230;les activit\u00e9s ! Et oui, les vacances ne se r\u00e9sument pas au transport ou au logement.<\/p>\r\n<p>Ces activit\u00e9s, qui repr\u00e9sentent entre 20% et 62% des \u00e9missions de vos vacances (selon le type de transport et de logement que vous utilisez) peuvent avoir un impact important. Et pour aller au del\u00e0 de l&rsquo;impact carbone, l&rsquo;impact sur la biodiversit\u00e9 peut \u00eatre d\u00e9sastreux.<\/p>\r\n<p>Alors que faire ? Il n&rsquo;y a pas de secret, il est bon de privil\u00e9gier les activit\u00e9s en nature, en limitant l&rsquo;utilisation d&rsquo;activit\u00e9s polluantes.<\/p>\r\n<p>La part belle est aux activit\u00e9s culturelles et sportives ! Visites du terroir, sorties \u00e0 v\u00e9lo, activit\u00e9s d&rsquo;artisanat&#8230;le choix est vaste !<\/p>\r\n<div id=\"attachment_13238\" style=\"width: 1210px\" class=\"wp-caption aligncenter\"><a href=\"https:\/\/www.photoweb.fr\/espaces\/magazine\/wp-content\/uploads\/2024\/07\/AdobeStock_238350894-_1_-scaled.webp\"><img loading=\"lazy\" decoding=\"async\" aria-describedby=\"caption-attachment-13238\" src=\"https:\/\/www.photoweb.fr\/espaces\/magazine\/wp-content\/uploads\/2024\/07\/AdobeStock_238350894-_1_-1200x800.webp\" alt=\"Snorkeling mer\" width=\"1200\" height=\"800\" \/><\/a><p id=\"caption-attachment-13238\" class=\"wp-caption-text\">Le snorkeling permet d&rsquo;observer la faune marine sans la perturber \u00e0 l&rsquo;exc\u00e8s.<\/p><\/div>\r\n<h2>Retrouver le voyage de Mathis et Rose<\/h2>\r\n<p><code><iframe src=\"https:\/\/embed.acast.com\/668521749249f596b73ea046\/668523809249f596b73f1546?playlistId=a6671f6379591ef2abae17618d161864&amp;episode-order=custom&amp;accentColor=161616&amp;bgColor=da9b31&amp;secondaryColor=161616\" width=\"100%\" height=\"280px\" frameborder=\"0\"><\/iframe><\/code><br \/>Choisir des activit\u00e9s \u00e9ducatives et responsables pour vos vacances permet non seulement de passer du bon temps en famille, mais aussi de sensibiliser les enfants \u00e0 l&rsquo;importance de prot\u00e9ger notre plan\u00e8te. Le Vercors, avec son mus\u00e9e de l&rsquo;eau \u00e0 Pont-en-Royans, est une destination parfaite pour cela. Pour en savoir plus sur les vacances responsables avec Mathis et Rose, n&rsquo;h\u00e9sitez pas \u00e0 \u00e9couter notre podcast.<\/p>\r\n<p>Pr\u00eats \u00e0 enfourcher vos v\u00e9los et \u00e0 partir \u00e0 l&rsquo;aventure ? Les paysages magnifiques de la France n&rsquo;attendent plus que vous !<\/p>\r\n<div id=\"attachment_13331\" style=\"width: 1210px\" class=\"wp-caption aligncenter\"><a href=\"https:\/\/www.photoweb.fr\/deco-maison\/pochette\"><img loading=\"lazy\" decoding=\"async\" aria-describedby=\"caption-attachment-13331\" src=\"https:\/\/www.photoweb.fr\/espaces\/magazine\/wp-content\/uploads\/2024\/08\/01f532f9-0aa3-4d11-9f51-d7e99ca440f6-1200x1200.webp\" alt=\"trousse personnalis\u00e9e podcast mathis et rose\" width=\"1200\" height=\"1200\" \/><\/a><p id=\"caption-attachment-13331\" class=\"wp-caption-text\">D\u00e9couvrez notre <a href=\"https:\/\/www.photoweb.fr\/deco-maison\/pochette\">pochette personnalis\u00e9e<\/a>, un must-have du quotidien. Photo : <a href=\"https:\/\/www.instagram.com\/toutpetitnous\">@toutpetitnous<\/a><\/p><\/div>\r\n<p>&nbsp;<\/p>\r\n<p><img loading=\"lazy\" decoding=\"async\" title=\"spotify\" src=\"https:\/\/www.photoweb.fr\/espaces\/magazine\/wp-content\/uploads\/2024\/06\/spotify.png\" alt=\"spotify\" width=\"1394\" height=\"451\" \/> <img loading=\"lazy\" decoding=\"async\" title=\"applemusic\" src=\"https:\/\/www.photoweb.fr\/espaces\/magazine\/wp-content\/uploads\/2024\/06\/applemusic.png\" alt=\"applemusic\" width=\"1395\" height=\"449\" \/> <img loading=\"lazy\" decoding=\"async\" title=\"deezer1\" src=\"https:\/\/www.photoweb.fr\/espaces\/magazine\/wp-content\/uploads\/2024\/06\/deezer1.png\" alt=\"deezer1\" width=\"1395\" height=\"449\" \/> 1.2.3. imprimez\u202f! <a href=\"https:\/\/www.photoweb.fr\/tirage-photo\/listing\" target=\"_blank\" rel=\"noopener\"> <img loading=\"lazy\" decoding=\"async\" title=\"Tirages premium\" src=\"https:\/\/www.photoweb.fr\/espaces\/magazine\/wp-content\/uploads\/2017\/06\/Tirages-classiques-photoweb.jpg\" alt=\"Tirages premium\" width=\"600\" height=\"600\" \/> <\/a> <a href=\"https:\/\/www.photoweb.fr\/tirage-photo\/listing\" target=\"_blank\" rel=\"noopener\"> Cr\u00e9er vos tirages<\/a> <a href=\"https:\/\/www.photoweb.fr\/livre-photo\/listing\" target=\"_blank\" rel=\"noopener\"> <img loading=\"lazy\" decoding=\"async\" title=\"2022-LPS-IMG_9797-removebg (1)\" src=\"https:\/\/www.photoweb.fr\/espaces\/magazine\/wp-content\/uploads\/2023\/05\/2022-LPS-IMG_9797-removebg-1-600x600.png\" alt=\"2022-LPS-IMG_9797-removebg (1)\" width=\"600\" height=\"600\" \/> <\/a> <a href=\"https:\/\/www.photoweb.fr\/livre-photo\/listing\" target=\"_blank\" rel=\"noopener\"> Cr\u00e9er votre livre photo<\/a> <a href=\"https:\/\/www.photoweb.fr\/produits\/faire-part\" target=\"_blank\" rel=\"noopener\"> <img loading=\"lazy\" decoding=\"async\" title=\"carte-faire-part-photoweb\" src=\"https:\/\/www.photoweb.fr\/espaces\/magazine\/wp-content\/uploads\/2017\/11\/carte-faire-part-photoweb.jpg\" alt=\"carte de voeux 2019\" width=\"600\" height=\"600\" \/> <\/a> <a href=\"https:\/\/www.photoweb.fr\/produits\/faire-part\" target=\"_blank\" rel=\"noopener\"> Cr\u00e9er votre faire-part<\/a><\/p>\r\n","protected":false},"excerpt":{"rendered":"<p>C&rsquo;est l&rsquo;\u00e9t\u00e9 ! Comme disait un grand homme : \u00ab\u00a0l&rsquo;\u00e9t\u00e9 arrive, et la vie devient facile.\u00a0\u00bb. Une p\u00e9riode de l&rsquo;ann\u00e9e qui est synonyme de voyages, restaurants en terrasse, barbecue et sessions bronzages sur la plage. Alors pour profiter \u00e0 fond sans culpabiliser, voici nos conseils pour des vacances responsables. Pourquoi r\u00e9fl\u00e9chir \u00e0 des vacances plus&hellip;<\/p>\n","protected":false},"author":34,"featured_media":13216,"comment_status":"open","ping_status":"open","sticky":false,"template":"single-standard.php","format":"standard","meta":{"footnotes":""},"categories":[23],"tags":[],"class_list":["post-13214","post","type-post","status-publish","format-standard","has-post-thumbnail","hentry","category-escapade"],"yoast_head":"<!-- This site is optimized with the Yoast SEO plugin v20.3 - https:\/\/yoast.com\/wordpress\/plugins\/seo\/ -->\n<title>Nos conseils pour des vacances responsables<\/title>\n<meta name=\"description\" content=\"D\u00e9couvrez nos conseils pour profiter pleinement de vos vacances tout en \u00e9tant attentif \u00e0 votre impact sur l&#039;environnement.\" \/>\n<meta name=\"robots\" content=\"index, follow, max-snippet:-1, max-image-preview:large, max-video-preview:-1\" \/>\n<link rel=\"canonical\" href=\"https:\/\/www.photoweb.fr\/espaces\/magazine\/vacances-responsables\/\" \/>\n<meta property=\"og:locale\" content=\"fr_FR\" \/>\n<meta property=\"og:type\" content=\"article\" \/>\n<meta property=\"og:title\" content=\"Nos conseils pour des vacances responsables\" \/>\n<meta property=\"og:description\" content=\"D\u00e9couvrez nos conseils pour profiter pleinement de vos vacances tout en \u00e9tant attentif \u00e0 votre impact sur l&#039;environnement.\" \/>\n<meta property=\"og:url\" content=\"https:\/\/www.photoweb.fr\/espaces\/magazine\/vacances-responsables\/\" \/>\n<meta property=\"og:site_name\" content=\"Photoweb, le mag\" \/>\n<meta property=\"article:publisher\" content=\"https:\/\/fr-fr.facebook.com\/Photoweb.fr\/\" \/>\n<meta property=\"article:published_time\" content=\"2024-08-22T13:29:12+00:00\" \/>\n<meta property=\"article:modified_time\" content=\"2025-02-19T07:54:04+00:00\" \/>\n<meta property=\"og:image\" content=\"https:\/\/www.photoweb.fr\/espaces\/magazine\/wp-content\/uploads\/2024\/07\/2024-06-19-article-slow.jpg\" \/>\n\t<meta property=\"og:image:width\" content=\"800\" \/>\n\t<meta property=\"og:image:height\" content=\"600\" \/>\n\t<meta property=\"og:image:type\" content=\"image\/jpeg\" \/>\n<meta name=\"author\" content=\"Victor\" \/>\n<meta name=\"twitter:card\" content=\"summary_large_image\" \/>\n<meta name=\"twitter:creator\" content=\"@Photoweb_fr\" \/>\n<meta name=\"twitter:site\" content=\"@Photoweb_fr\" \/>\n<meta name=\"twitter:label1\" content=\"\u00c9crit par\" \/>\n\t<meta name=\"twitter:data1\" content=\"Victor\" \/>\n\t<meta name=\"twitter:label2\" content=\"Dur\u00e9e de lecture estim\u00e9e\" \/>\n\t<meta name=\"twitter:data2\" content=\"8 minutes\" \/>\n<script type=\"application\/ld+json\" class=\"yoast-schema-graph\">{\"@context\":\"https:\/\/schema.org\",\"@graph\":[{\"@type\":\"Article\",\"@id\":\"https:\/\/www.photoweb.fr\/espaces\/magazine\/vacances-responsables\/#article\",\"isPartOf\":{\"@id\":\"https:\/\/www.photoweb.fr\/espaces\/magazine\/vacances-responsables\/\"},\"author\":{\"name\":\"Victor\",\"@id\":\"https:\/\/www.photoweb.fr\/espaces\/magazine\/#\/schema\/person\/285cd6607d64bbfcf9cd965f3d672dd8\"},\"headline\":\"Nos conseils pour des vacances responsables\",\"datePublished\":\"2024-08-22T13:29:12+00:00\",\"dateModified\":\"2025-02-19T07:54:04+00:00\",\"mainEntityOfPage\":{\"@id\":\"https:\/\/www.photoweb.fr\/espaces\/magazine\/vacances-responsables\/\"},\"wordCount\":1160,\"commentCount\":0,\"publisher\":{\"@id\":\"https:\/\/www.photoweb.fr\/espaces\/magazine\/#organization\"},\"articleSection\":[\"Escapade\"],\"inLanguage\":\"fr-FR\",\"potentialAction\":[{\"@type\":\"CommentAction\",\"name\":\"Comment\",\"target\":[\"https:\/\/www.photoweb.fr\/espaces\/magazine\/vacances-responsables\/#respond\"]}]},{\"@type\":\"WebPage\",\"@id\":\"https:\/\/www.photoweb.fr\/espaces\/magazine\/vacances-responsables\/\",\"url\":\"https:\/\/www.photoweb.fr\/espaces\/magazine\/vacances-responsables\/\",\"name\":\"Nos conseils pour des vacances responsables\",\"isPartOf\":{\"@id\":\"https:\/\/www.photoweb.fr\/espaces\/magazine\/#website\"},\"datePublished\":\"2024-08-22T13:29:12+00:00\",\"dateModified\":\"2025-02-19T07:54:04+00:00\",\"description\":\"D\u00e9couvrez nos conseils pour profiter pleinement de vos vacances tout en \u00e9tant attentif \u00e0 votre impact sur l'environnement.\",\"breadcrumb\":{\"@id\":\"https:\/\/www.photoweb.fr\/espaces\/magazine\/vacances-responsables\/#breadcrumb\"},\"inLanguage\":\"fr-FR\",\"potentialAction\":[{\"@type\":\"ReadAction\",\"target\":[\"https:\/\/www.photoweb.fr\/espaces\/magazine\/vacances-responsables\/\"]}]},{\"@type\":\"BreadcrumbList\",\"@id\":\"https:\/\/www.photoweb.fr\/espaces\/magazine\/vacances-responsables\/#breadcrumb\",\"itemListElement\":[{\"@type\":\"ListItem\",\"position\":1,\"name\":\"Accueil\",\"item\":\"https:\/\/www.photoweb.fr\/espaces\/magazine\/\"},{\"@type\":\"ListItem\",\"position\":2,\"name\":\"Escapade\",\"item\":\"https:\/\/www.photoweb.fr\/espaces\/magazine\/escapade\/\"},{\"@type\":\"ListItem\",\"position\":3,\"name\":\"Nos conseils pour des vacances responsables\"}]},{\"@type\":\"WebSite\",\"@id\":\"https:\/\/www.photoweb.fr\/espaces\/magazine\/#website\",\"url\":\"https:\/\/www.photoweb.fr\/espaces\/magazine\/\",\"name\":\"Photoweb, le mag\",\"description\":\"Le magazine de Photoweb\",\"publisher\":{\"@id\":\"https:\/\/www.photoweb.fr\/espaces\/magazine\/#organization\"},\"potentialAction\":[{\"@type\":\"SearchAction\",\"target\":{\"@type\":\"EntryPoint\",\"urlTemplate\":\"https:\/\/www.photoweb.fr\/espaces\/magazine\/?s={search_term_string}\"},\"query-input\":\"required name=search_term_string\"}],\"inLanguage\":\"fr-FR\"},{\"@type\":\"Organization\",\"@id\":\"https:\/\/www.photoweb.fr\/espaces\/magazine\/#organization\",\"name\":\"Photoweb\",\"url\":\"https:\/\/www.photoweb.fr\/espaces\/magazine\/\",\"logo\":{\"@type\":\"ImageObject\",\"inLanguage\":\"fr-FR\",\"@id\":\"https:\/\/www.photoweb.fr\/espaces\/magazine\/#\/schema\/logo\/image\/\",\"url\":\"https:\/\/www.photoweb.fr\/espaces\/magazine\/wp-content\/uploads\/2021\/02\/Logo-Photoweb.jpg\",\"contentUrl\":\"https:\/\/www.photoweb.fr\/espaces\/magazine\/wp-content\/uploads\/2021\/02\/Logo-Photoweb.jpg\",\"width\":780,\"height\":456,\"caption\":\"Photoweb\"},\"image\":{\"@id\":\"https:\/\/www.photoweb.fr\/espaces\/magazine\/#\/schema\/logo\/image\/\"},\"sameAs\":[\"https:\/\/fr-fr.facebook.com\/Photoweb.fr\/\",\"https:\/\/twitter.com\/Photoweb_fr\",\"https:\/\/www.instagram.com\/photowebfr\/\",\"https:\/\/www.linkedin.com\/company\/347094\/\",\"https:\/\/www.pinterest.fr\/inspirationsphotoweb\/_created\/\",\"https:\/\/www.youtube.com\/channel\/UCtcVmTvkAzKQLVkiwfOm8sg\"]},{\"@type\":\"Person\",\"@id\":\"https:\/\/www.photoweb.fr\/espaces\/magazine\/#\/schema\/person\/285cd6607d64bbfcf9cd965f3d672dd8\",\"name\":\"Victor\"}]}<\/script>\n<!-- \/ Yoast SEO plugin. -->","yoast_head_json":{"title":"Nos conseils pour des vacances responsables","description":"D\u00e9couvrez nos conseils pour profiter pleinement de vos vacances tout en \u00e9tant attentif \u00e0 votre impact sur l'environnement.","robots":{"index":"index","follow":"follow","max-snippet":"max-snippet:-1","max-image-preview":"max-image-preview:large","max-video-preview":"max-video-preview:-1"},"canonical":"https:\/\/www.photoweb.fr\/espaces\/magazine\/vacances-responsables\/","og_locale":"fr_FR","og_type":"article","og_title":"Nos conseils pour des vacances responsables","og_description":"D\u00e9couvrez nos conseils pour profiter pleinement de vos vacances tout en \u00e9tant attentif \u00e0 votre impact sur l'environnement.","og_url":"https:\/\/www.photoweb.fr\/espaces\/magazine\/vacances-responsables\/","og_site_name":"Photoweb, le mag","article_publisher":"https:\/\/fr-fr.facebook.com\/Photoweb.fr\/","article_published_time":"2024-08-22T13:29:12+00:00","article_modified_time":"2025-02-19T07:54:04+00:00","og_image":[{"width":800,"height":600,"url":"https:\/\/www.photoweb.fr\/espaces\/magazine\/wp-content\/uploads\/2024\/07\/2024-06-19-article-slow.jpg","type":"image\/jpeg"}],"author":"Victor","twitter_card":"summary_large_image","twitter_creator":"@Photoweb_fr","twitter_site":"@Photoweb_fr","twitter_misc":{"\u00c9crit par":"Victor","Dur\u00e9e de lecture estim\u00e9e":"8 minutes"},"schema":{"@context":"https:\/\/schema.org","@graph":[{"@type":"Article","@id":"https:\/\/www.photoweb.fr\/espaces\/magazine\/vacances-responsables\/#article","isPartOf":{"@id":"https:\/\/www.photoweb.fr\/espaces\/magazine\/vacances-responsables\/"},"author":{"name":"Victor","@id":"https:\/\/www.photoweb.fr\/espaces\/magazine\/#\/schema\/person\/285cd6607d64bbfcf9cd965f3d672dd8"},"headline":"Nos conseils pour des vacances responsables","datePublished":"2024-08-22T13:29:12+00:00","dateModified":"2025-02-19T07:54:04+00:00","mainEntityOfPage":{"@id":"https:\/\/www.photoweb.fr\/espaces\/magazine\/vacances-responsables\/"},"wordCount":1160,"commentCount":0,"publisher":{"@id":"https:\/\/www.photoweb.fr\/espaces\/magazine\/#organization"},"articleSection":["Escapade"],"inLanguage":"fr-FR","potentialAction":[{"@type":"CommentAction","name":"Comment","target":["https:\/\/www.photoweb.fr\/espaces\/magazine\/vacances-responsables\/#respond"]}]},{"@type":"WebPage","@id":"https:\/\/www.photoweb.fr\/espaces\/magazine\/vacances-responsables\/","url":"https:\/\/www.photoweb.fr\/espaces\/magazine\/vacances-responsables\/","name":"Nos conseils pour des vacances responsables","isPartOf":{"@id":"https:\/\/www.photoweb.fr\/espaces\/magazine\/#website"},"datePublished":"2024-08-22T13:29:12+00:00","dateModified":"2025-02-19T07:54:04+00:00","description":"D\u00e9couvrez nos conseils pour profiter pleinement de vos vacances tout en \u00e9tant attentif \u00e0 votre impact sur l'environnement.","breadcrumb":{"@id":"https:\/\/www.photoweb.fr\/espaces\/magazine\/vacances-responsables\/#breadcrumb"},"inLanguage":"fr-FR","potentialAction":[{"@type":"ReadAction","target":["https:\/\/www.photoweb.fr\/espaces\/magazine\/vacances-responsables\/"]}]},{"@type":"BreadcrumbList","@id":"https:\/\/www.photoweb.fr\/espaces\/magazine\/vacances-responsables\/#breadcrumb","itemListElement":[{"@type":"ListItem","position":1,"name":"Accueil","item":"https:\/\/www.photoweb.fr\/espaces\/magazine\/"},{"@type":"ListItem","position":2,"name":"Escapade","item":"https:\/\/www.photoweb.fr\/espaces\/magazine\/escapade\/"},{"@type":"ListItem","position":3,"name":"Nos conseils pour des vacances responsables"}]},{"@type":"WebSite","@id":"https:\/\/www.photoweb.fr\/espaces\/magazine\/#website","url":"https:\/\/www.photoweb.fr\/espaces\/magazine\/","name":"Photoweb, le mag","description":"Le magazine de Photoweb","publisher":{"@id":"https:\/\/www.photoweb.fr\/espaces\/magazine\/#organization"},"potentialAction":[{"@type":"SearchAction","target":{"@type":"EntryPoint","urlTemplate":"https:\/\/www.photoweb.fr\/espaces\/magazine\/?s={search_term_string}"},"query-input":"required name=search_term_string"}],"inLanguage":"fr-FR"},{"@type":"Organization","@id":"https:\/\/www.photoweb.fr\/espaces\/magazine\/#organization","name":"Photoweb","url":"https:\/\/www.photoweb.fr\/espaces\/magazine\/","logo":{"@type":"ImageObject","inLanguage":"fr-FR","@id":"https:\/\/www.photoweb.fr\/espaces\/magazine\/#\/schema\/logo\/image\/","url":"https:\/\/www.photoweb.fr\/espaces\/magazine\/wp-content\/uploads\/2021\/02\/Logo-Photoweb.jpg","contentUrl":"https:\/\/www.photoweb.fr\/espaces\/magazine\/wp-content\/uploads\/2021\/02\/Logo-Photoweb.jpg","width":780,"height":456,"caption":"Photoweb"},"image":{"@id":"https:\/\/www.photoweb.fr\/espaces\/magazine\/#\/schema\/logo\/image\/"},"sameAs":["https:\/\/fr-fr.facebook.com\/Photoweb.fr\/","https:\/\/twitter.com\/Photoweb_fr","https:\/\/www.instagram.com\/photowebfr\/","https:\/\/www.linkedin.com\/company\/347094\/","https:\/\/www.pinterest.fr\/inspirationsphotoweb\/_created\/","https:\/\/www.youtube.com\/channel\/UCtcVmTvkAzKQLVkiwfOm8sg"]},{"@type":"Person","@id":"https:\/\/www.photoweb.fr\/espaces\/magazine\/#\/schema\/person\/285cd6607d64bbfcf9cd965f3d672dd8","name":"Victor"}]}},"acf":[],"_links":{"self":[{"href":"https:\/\/www.photoweb.fr\/espaces\/magazine\/wp-json\/wp\/v2\/posts\/13214","targetHints":{"allow":["GET"]}}],"collection":[{"href":"https:\/\/www.photoweb.fr\/espaces\/magazine\/wp-json\/wp\/v2\/posts"}],"about":[{"href":"https:\/\/www.photoweb.fr\/espaces\/magazine\/wp-json\/wp\/v2\/types\/post"}],"author":[{"embeddable":true,"href":"https:\/\/www.photoweb.fr\/espaces\/magazine\/wp-json\/wp\/v2\/users\/34"}],"replies":[{"embeddable":true,"href":"https:\/\/www.photoweb.fr\/espaces\/magazine\/wp-json\/wp\/v2\/comments?post=13214"}],"version-history":[{"count":10,"href":"https:\/\/www.photoweb.fr\/espaces\/magazine\/wp-json\/wp\/v2\/posts\/13214\/revisions"}],"predecessor-version":[{"id":13880,"href":"https:\/\/www.photoweb.fr\/espaces\/magazine\/wp-json\/wp\/v2\/posts\/13214\/revisions\/13880"}],"wp:featuredmedia":[{"embeddable":true,"href":"https:\/\/www.photoweb.fr\/espaces\/magazine\/wp-json\/wp\/v2\/media\/13216"}],"wp:attachment":[{"href":"https:\/\/www.photoweb.fr\/espaces\/magazine\/wp-json\/wp\/v2\/media?parent=13214"}],"wp:term":[{"taxonomy":"category","embeddable":true,"href":"https:\/\/www.photoweb.fr\/espaces\/magazine\/wp-json\/wp\/v2\/categories?post=13214"},{"taxonomy":"post_tag","embeddable":true,"href":"https:\/\/www.photoweb.fr\/espaces\/magazine\/wp-json\/wp\/v2\/tags?post=13214"}],"curies":[{"name":"wp","href":"https:\/\/api.w.org\/{rel}","templated":true}]}}