{"id":13557,"date":"2024-11-05T12:21:06","date_gmt":"2024-11-05T10:21:06","guid":{"rendered":"https:\/\/www.photoweb.fr\/espaces\/magazine\/?p=13557"},"modified":"2024-11-07T17:35:13","modified_gmt":"2024-11-07T15:35:13","slug":"celebrer-noel-responsable","status":"publish","type":"post","link":"https:\/\/www.photoweb.fr\/espaces\/magazine\/celebrer-noel-responsable\/","title":{"rendered":"Comment c\u00e9l\u00e9brer No\u00ebl de fa\u00e7on plus responsable ?"},"content":{"rendered":"\r\n<p>No\u00ebl est l&rsquo;un des moments les plus magiques de l&rsquo;ann\u00e9e, mais il peut aussi devenir une p\u00e9riode de consommation excessive et de gaspillage. Et si cette ann\u00e9e, on donnait un peu plus de sens \u00e0 nos f\u00eates, tout en faisant un petit geste pour la plan\u00e8te ?<br \/>Voici quelques id\u00e9es pour c\u00e9l\u00e9brer No\u00ebl de fa\u00e7on plus responsable, sans renoncer \u00e0 la magie de cette p\u00e9riode.<\/p>\r\n<h2>Repensez la d\u00e9coration de No\u00ebl<\/h2>\r\n<p>Plut\u00f4t que de courir acheter de nouvelles d\u00e9corations chaque ann\u00e9e, pourquoi ne pas r\u00e9utiliser celles que vous avez d\u00e9j\u00e0 ? On peut m\u00eame en faire un moment de partage en famille en fabriquant des d\u00e9corations maison ! Quelques id\u00e9es :<\/p>\r\n<ul>\r\n<li><strong>R\u00e9utilisez vos vieilles guirlandes et boules<\/strong> : donnez-leur un coup de neuf en les customisant ou en les nettoyant.<\/li>\r\n<li><strong>Fabriquez des ornements maison<\/strong> : des pommes de pin, des branches, du tissu, et vous avez d\u00e9j\u00e0 de quoi faire des d\u00e9corations naturelles et uniques. C&rsquo;est aussi l&rsquo;occasion de recycler des mat\u00e9riaux que vous avez d\u00e9j\u00e0 chez vous ! Pour une touche personnelle, <a href=\"https:\/\/www.photoweb.fr\/espaces\/magazine\/diy-tirages-photo-noel\/\">optez pour la d\u00e9co photo avec nos DIY<\/a>.<\/li>\r\n<li><strong>Adoptez une d\u00e9co minimaliste<\/strong> : quelques touches bien plac\u00e9es suffisent \u00e0 cr\u00e9er une ambiance de No\u00ebl. Un sapin naturel ou en bois, des guirlandes lumineuses LED, et le tour est jou\u00e9 !<\/li>\r\n<\/ul>\r\n<p><img loading=\"lazy\" decoding=\"async\" title=\"d\u00e9coration noel photo tirage sapin\" src=\"https:\/\/www.photoweb.fr\/espaces\/magazine\/wp-content\/uploads\/2024\/11\/tirages-sapin2-scaled.webp\" alt=\"d\u00e9coration noel photo tirage sapin\" width=\"2048\" height=\"1536\" \/> <a role=\"button\" href=\"https:\/\/www.photoweb.fr\/box\/tirage-vintage\" target=\"_self\" rel=\"noopener\"> Imprimez vos tirages vintage pour une d\u00e9coration personnalis\u00e9e <\/a><\/p>\r\n<h2>Choisissez un sapin durable<\/h2>\r\n<p>Le choix du sapin est souvent un dilemme. Entre l&rsquo;artificiel et le naturel, lequel est le plus responsable ? Voici quelques pistes :<\/p>\r\n<ul>\r\n<li><strong>Le sapin naturel en pot<\/strong> : achetez un sapin en pot que vous pourrez replanter apr\u00e8s les f\u00eates. Certaines p\u00e9pini\u00e8res proposent m\u00eame un service de location de sapin !<\/li>\r\n<li><strong>Le sapin artificiel<\/strong> : il a un impact environnemental important \u00e0 la fabrication, mais si vous le r\u00e9utilisez pendant plusieurs ann\u00e9es, il peut s&rsquo;av\u00e9rer \u00eatre un choix durable.<\/li>\r\n<li><strong>Fabriquez votre propre sapin<\/strong> : pour les plus cr\u00e9atifs, <a href=\"https:\/\/www.photoweb.fr\/espaces\/magazine\/diy-sapin-en-photo\/\">un sapin DIY avec des tirages photos<\/a> peut \u00eatre une alternative originale et z\u00e9ro d\u00e9chet ! <a href=\"https:\/\/www.photoweb.fr\/espaces\/magazine\/diy-tirages-photo-noel\/\">D\u00e9couvrez nos id\u00e9es DIY pour No\u00ebl.<\/a><\/li>\r\n<\/ul>\r\n<p><a role=\"button\" href=\"https:\/\/www.photoweb.fr\/tirage-photo\/listing\" target=\"_self\" rel=\"noopener\"> Imprimez vos tirages pour No\u00ebl <\/a> <a href=\"https:\/\/www.photoweb.fr\/espaces\/magazine\/diy-tirages-photo-noel\/\" target=\"_self\" rel=\"noopener\"> <img loading=\"lazy\" decoding=\"async\" title=\"sapin noel tirage photo\" src=\"https:\/\/www.photoweb.fr\/espaces\/magazine\/wp-content\/uploads\/2024\/11\/sapin-noel-tirage.webp\" alt=\"sapin noel tirage photo\" width=\"1009\" height=\"1535\" \/> <\/a> <a href=\"https:\/\/www.photoweb.fr\/cadeau-personnalise\/noel\/listing\" target=\"_self\" rel=\"noopener\"> <img loading=\"lazy\" decoding=\"async\" title=\"cadeaux noel personnalis\u00e9es\" src=\"https:\/\/www.photoweb.fr\/espaces\/magazine\/wp-content\/uploads\/2024\/11\/cadeau-noel-personnalisees-scaled.webp\" alt=\"cadeaux noel personnalis\u00e9es\" width=\"2048\" height=\"1365\" \/> <\/a><\/p>\r\n<h2>Offrez des cadeaux qui ont du sens<\/h2>\r\n<p>No\u00ebl sans cadeaux, ce n&rsquo;est pas vraiment No\u00ebl\u2026 mais pourquoi ne pas choisir des cadeaux qui ont du sens et qui durent ?<\/p>\r\n<ul>\r\n<li><strong>Optez pour le fait maison<\/strong> : des biscuits maison, des savons, des bougies ou encore des bocaux de pr\u00e9parations pour cookies feront toujours plaisir et ont un impact moindre sur la plan\u00e8te.<\/li>\r\n<li><strong>Privil\u00e9giez les cadeaux personnalis\u00e9s<\/strong> : recevoir un cadeau fera toujours plaisir, c&rsquo;est certain. Mais recevoir un cadeau personnalis\u00e9, c&rsquo;est encore plus agr\u00e9able. <a href=\"https:\/\/www.photoweb.fr\/cadeau-personnalise\/noel\/listing\">D\u00e9couvrez nos meilleures id\u00e9es de cadeaux personnalis\u00e9s pour No\u00ebl<\/a>.<\/li>\r\n<li><strong>Choisissez des marques \u00e9thiques<\/strong> : de plus en plus de marques s&rsquo;engagent dans des d\u00e9marches \u00e9cologiques et responsables. Que ce soit pour des v\u00eatements, des accessoires ou des cosm\u00e9tiques, faites des choix \u00e9clair\u00e9s ! Photoweb est une entreprise en pleine transition, pleine d&rsquo;id\u00e9es pour construire un mod\u00e8le plus durable, <a href=\"https:\/\/corporate.photoweb.fr\/nos-engagements\/\">\u00e0 d\u00e9couvrir sur notre site institutionnel<\/a>.<\/li>\r\n<\/ul>\r\n<h2>Emballez vos cadeaux autrement<\/h2>\r\n<p>Les papiers cadeaux traditionnels finissent souvent \u00e0 la poubelle apr\u00e8s quelques minutes. Voici quelques id\u00e9es pour \u00e9viter ce gaspillage :<\/p>\r\n<ul>\r\n<li><strong>Le furoshiki<\/strong> : cette technique japonaise consiste \u00e0 emballer les cadeaux dans du tissu, qui peut \u00eatre r\u00e9utilis\u00e9 \u00e0 l&rsquo;infini. Un joli foulard ou un torchon peut faire un bel emballage tout en \u00e9tant utile.<\/li>\r\n<li><strong>Recyclez vos papiers<\/strong> : papier journal, pages de magazines, vieilles cartes routi\u00e8res\u2026 soyez cr\u00e9atifs !<\/li>\r\n<li><strong>Optez pour des sacs en tissu<\/strong> : ils sont r\u00e9utilisables et peuvent faire partie du cadeau. Certains magasins en proposent de tr\u00e8s beaux, parfaits pour cette p\u00e9riode de l&rsquo;ann\u00e9e.<br \/><strong>L&rsquo;astuce en plus :\u00a0<\/strong>vous pouvez utiliser une <a href=\"https:\/\/www.photoweb.fr\/espaces\/magazine\/diy-noel-etiquette-cadeaux\/\">\u00e9tiquette&#8230;personnalis\u00e9e !<\/a> Avec un <a href=\"https:\/\/www.photoweb.fr\/box\/tirage-vintage\">tirage photo<\/a>, l&rsquo;effet waouh est garanti. Et en plus, c&rsquo;est r\u00e9utilisable.<\/li>\r\n<\/ul>\r\n<p><a href=\"https:\/\/www.photoweb.fr\/box\/tirage-vintage\"><img loading=\"lazy\" decoding=\"async\" src=\"https:\/\/www.photoweb.fr\/espaces\/magazine\/wp-content\/uploads\/2017\/12\/etiquette-blog.jpg\" alt=\"\u00e9tiquette noel tirage\" width=\"400\" height=\"300\" \/><\/a><\/p>\r\n<h2>Faites durer l&rsquo;esprit de No\u00ebl<\/h2>\r\n<p>Plut\u00f4t que de concentrer toute l&rsquo;attention sur le jour de No\u00ebl, pourquoi ne pas \u00e9tendre cet esprit de partage et de g\u00e9n\u00e9rosit\u00e9 tout au long de l&rsquo;ann\u00e9e ? Voici quelques id\u00e9es :<\/p>\r\n<ul>\r\n<li><strong>Faites des dons<\/strong> : beaucoup d&rsquo;associations ont besoin d&rsquo;aide durant cette p\u00e9riode. Que ce soit des jouets pour les enfants d\u00e9favoris\u00e9s, des v\u00eatements pour les plus d\u00e9munis, ou encore du temps, chaque geste compte. Connaissez-vous les bo\u00eetes solidaires ? Une belle mani\u00e8re d&rsquo;offrir un beau cadeau aux plus d\u00e9munis. <a href=\"#lien-podcast\">D\u00e9couvrez cette id\u00e9e dans notre podcast Mathis et Rose<\/a>.<\/li>\r\n<li><strong>Partagez vos surplus<\/strong> : apr\u00e8s les f\u00eates, si vous avez des restes, pensez \u00e0 les offrir \u00e0 des voisins, amis ou associations qui pourront en b\u00e9n\u00e9ficier.<\/li>\r\n<li><strong>Organisez des \u00e9changes de cadeaux<\/strong> : un \u00e9change de livres, de v\u00eatements ou d&rsquo;objets en bon \u00e9tat peut prolonger la magie de No\u00ebl et r\u00e9duire le gaspillage. Et si vous cherchez le moyen d&rsquo;offrir un cadeau qui ne sera pas revendu, <a href=\"https:\/\/www.photoweb.fr\/espaces\/magazine\/cadeau-noel-sens\/\">d\u00e9couvrez nos meilleurs id\u00e9es<\/a>.<\/li>\r\n<\/ul>\r\n<h2>D\u00e9couvrez les bo\u00eetes solidaires avec notre podcast Mathis et Rose<\/h2>\r\n<p><iframe src=\"https:\/\/embed.acast.com\/668521749249f596b73ea046\/668526694cb273e46173cc9a?accentColor=161616&amp;bgColor=da9b31&amp;secondaryColor=161616\" width=\"100%\" height=\"110px\" frameborder=\"0\"><\/iframe><\/p>\r\n<p>Nos 2 h\u00e9ros, Mathis et Rose, d\u00e9couvrent qu&rsquo;ils peuvent donner leurs jouets \u00e0 d&rsquo;autres enfants et ainsi faire des heureux pour No\u00ebl ! Cet \u00e9pisode est disponible sur toutes les plateformes de streaming (<a href=\"https:\/\/open.spotify.com\/show\/5DtBBfR31Pd1GrLLgsLs9Y\" target=\"_blank\" rel=\"noopener\">Spotify<\/a>, <a href=\"https:\/\/www.deezer.com\/show\/1001063832\" target=\"_blank\" rel=\"noopener\">Deezer<\/a>, <a href=\"https:\/\/podcasts.apple.com\/us\/podcast\/les-aventures-farfelues-de-mathis-rose\/id1755377830\" target=\"_blank\" rel=\"noopener\">Apple Podcast<\/a>&#8230;)<\/p>\r\n","protected":false},"excerpt":{"rendered":"<p>No\u00ebl est l&rsquo;un des moments les plus magiques de l&rsquo;ann\u00e9e, mais il peut aussi devenir une p\u00e9riode de consommation excessive et de gaspillage. Et si cette ann\u00e9e, on donnait un peu plus de sens \u00e0 nos f\u00eates, tout en faisant un petit geste pour la plan\u00e8te ?Voici quelques id\u00e9es pour c\u00e9l\u00e9brer No\u00ebl de fa\u00e7on plus&hellip;<\/p>\n","protected":false},"author":34,"featured_media":13583,"comment_status":"open","ping_status":"open","sticky":false,"template":"single-standard.php","format":"standard","meta":{"footnotes":""},"categories":[31],"tags":[],"class_list":["post-13557","post","type-post","status-publish","format-standard","has-post-thumbnail","hentry","category-instants-de-vie"],"yoast_head":"<!-- This site is optimized with the Yoast SEO plugin v20.3 - https:\/\/yoast.com\/wordpress\/plugins\/seo\/ -->\n<title>Nos conseils pour un No\u00ebl plus responsable<\/title>\n<meta name=\"description\" content=\"D\u00e9couvrez nos conseils pour c\u00e9l\u00e9brer No\u00ebl de mani\u00e8re plus responsable tout en conservant la magie des f\u00eates de fin d&#039;ann\u00e9e.\" \/>\n<meta name=\"robots\" content=\"index, follow, max-snippet:-1, max-image-preview:large, max-video-preview:-1\" \/>\n<link rel=\"canonical\" href=\"https:\/\/www.photoweb.fr\/espaces\/magazine\/celebrer-noel-responsable\/\" \/>\n<meta property=\"og:locale\" content=\"fr_FR\" \/>\n<meta property=\"og:type\" content=\"article\" \/>\n<meta property=\"og:title\" content=\"Nos conseils pour un No\u00ebl plus responsable\" \/>\n<meta property=\"og:description\" content=\"D\u00e9couvrez nos conseils pour c\u00e9l\u00e9brer No\u00ebl de mani\u00e8re plus responsable tout en conservant la magie des f\u00eates de fin d&#039;ann\u00e9e.\" \/>\n<meta property=\"og:url\" content=\"https:\/\/www.photoweb.fr\/espaces\/magazine\/celebrer-noel-responsable\/\" \/>\n<meta property=\"og:site_name\" content=\"Photoweb, le mag\" \/>\n<meta property=\"article:publisher\" content=\"https:\/\/fr-fr.facebook.com\/Photoweb.fr\/\" \/>\n<meta property=\"article:published_time\" content=\"2024-11-05T10:21:06+00:00\" \/>\n<meta property=\"article:modified_time\" content=\"2024-11-07T15:35:13+00:00\" \/>\n<meta property=\"og:image\" content=\"https:\/\/www.photoweb.fr\/espaces\/magazine\/wp-content\/uploads\/2024\/11\/noel-responsable.webp\" \/>\n\t<meta property=\"og:image:width\" content=\"800\" \/>\n\t<meta property=\"og:image:height\" content=\"600\" \/>\n\t<meta property=\"og:image:type\" content=\"image\/webp\" \/>\n<meta name=\"author\" content=\"Victor\" \/>\n<meta name=\"twitter:card\" content=\"summary_large_image\" \/>\n<meta name=\"twitter:creator\" content=\"@Photoweb_fr\" \/>\n<meta name=\"twitter:site\" content=\"@Photoweb_fr\" \/>\n<meta name=\"twitter:label1\" content=\"\u00c9crit par\" \/>\n\t<meta name=\"twitter:data1\" content=\"Victor\" \/>\n\t<meta name=\"twitter:label2\" content=\"Dur\u00e9e de lecture estim\u00e9e\" \/>\n\t<meta name=\"twitter:data2\" content=\"5 minutes\" \/>\n<script type=\"application\/ld+json\" class=\"yoast-schema-graph\">{\"@context\":\"https:\/\/schema.org\",\"@graph\":[{\"@type\":\"Article\",\"@id\":\"https:\/\/www.photoweb.fr\/espaces\/magazine\/celebrer-noel-responsable\/#article\",\"isPartOf\":{\"@id\":\"https:\/\/www.photoweb.fr\/espaces\/magazine\/celebrer-noel-responsable\/\"},\"author\":{\"name\":\"Victor\",\"@id\":\"https:\/\/www.photoweb.fr\/espaces\/magazine\/#\/schema\/person\/285cd6607d64bbfcf9cd965f3d672dd8\"},\"headline\":\"Comment c\u00e9l\u00e9brer No\u00ebl de fa\u00e7on plus responsable ?\",\"datePublished\":\"2024-11-05T10:21:06+00:00\",\"dateModified\":\"2024-11-07T15:35:13+00:00\",\"mainEntityOfPage\":{\"@id\":\"https:\/\/www.photoweb.fr\/espaces\/magazine\/celebrer-noel-responsable\/\"},\"wordCount\":901,\"commentCount\":0,\"publisher\":{\"@id\":\"https:\/\/www.photoweb.fr\/espaces\/magazine\/#organization\"},\"articleSection\":[\"Instants de vie\"],\"inLanguage\":\"fr-FR\",\"potentialAction\":[{\"@type\":\"CommentAction\",\"name\":\"Comment\",\"target\":[\"https:\/\/www.photoweb.fr\/espaces\/magazine\/celebrer-noel-responsable\/#respond\"]}]},{\"@type\":\"WebPage\",\"@id\":\"https:\/\/www.photoweb.fr\/espaces\/magazine\/celebrer-noel-responsable\/\",\"url\":\"https:\/\/www.photoweb.fr\/espaces\/magazine\/celebrer-noel-responsable\/\",\"name\":\"Nos conseils pour un No\u00ebl plus responsable\",\"isPartOf\":{\"@id\":\"https:\/\/www.photoweb.fr\/espaces\/magazine\/#website\"},\"datePublished\":\"2024-11-05T10:21:06+00:00\",\"dateModified\":\"2024-11-07T15:35:13+00:00\",\"description\":\"D\u00e9couvrez nos conseils pour c\u00e9l\u00e9brer No\u00ebl de mani\u00e8re plus responsable tout en conservant la magie des f\u00eates de fin d'ann\u00e9e.\",\"breadcrumb\":{\"@id\":\"https:\/\/www.photoweb.fr\/espaces\/magazine\/celebrer-noel-responsable\/#breadcrumb\"},\"inLanguage\":\"fr-FR\",\"potentialAction\":[{\"@type\":\"ReadAction\",\"target\":[\"https:\/\/www.photoweb.fr\/espaces\/magazine\/celebrer-noel-responsable\/\"]}]},{\"@type\":\"BreadcrumbList\",\"@id\":\"https:\/\/www.photoweb.fr\/espaces\/magazine\/celebrer-noel-responsable\/#breadcrumb\",\"itemListElement\":[{\"@type\":\"ListItem\",\"position\":1,\"name\":\"Accueil\",\"item\":\"https:\/\/www.photoweb.fr\/espaces\/magazine\/\"},{\"@type\":\"ListItem\",\"position\":2,\"name\":\"Instants de vie\",\"item\":\"https:\/\/www.photoweb.fr\/espaces\/magazine\/instants-de-vie\/\"},{\"@type\":\"ListItem\",\"position\":3,\"name\":\"Comment c\u00e9l\u00e9brer No\u00ebl de fa\u00e7on plus responsable ?\"}]},{\"@type\":\"WebSite\",\"@id\":\"https:\/\/www.photoweb.fr\/espaces\/magazine\/#website\",\"url\":\"https:\/\/www.photoweb.fr\/espaces\/magazine\/\",\"name\":\"Photoweb, le mag\",\"description\":\"Le magazine de Photoweb\",\"publisher\":{\"@id\":\"https:\/\/www.photoweb.fr\/espaces\/magazine\/#organization\"},\"potentialAction\":[{\"@type\":\"SearchAction\",\"target\":{\"@type\":\"EntryPoint\",\"urlTemplate\":\"https:\/\/www.photoweb.fr\/espaces\/magazine\/?s={search_term_string}\"},\"query-input\":\"required name=search_term_string\"}],\"inLanguage\":\"fr-FR\"},{\"@type\":\"Organization\",\"@id\":\"https:\/\/www.photoweb.fr\/espaces\/magazine\/#organization\",\"name\":\"Photoweb\",\"url\":\"https:\/\/www.photoweb.fr\/espaces\/magazine\/\",\"logo\":{\"@type\":\"ImageObject\",\"inLanguage\":\"fr-FR\",\"@id\":\"https:\/\/www.photoweb.fr\/espaces\/magazine\/#\/schema\/logo\/image\/\",\"url\":\"https:\/\/www.photoweb.fr\/espaces\/magazine\/wp-content\/uploads\/2021\/02\/Logo-Photoweb.jpg\",\"contentUrl\":\"https:\/\/www.photoweb.fr\/espaces\/magazine\/wp-content\/uploads\/2021\/02\/Logo-Photoweb.jpg\",\"width\":780,\"height\":456,\"caption\":\"Photoweb\"},\"image\":{\"@id\":\"https:\/\/www.photoweb.fr\/espaces\/magazine\/#\/schema\/logo\/image\/\"},\"sameAs\":[\"https:\/\/fr-fr.facebook.com\/Photoweb.fr\/\",\"https:\/\/twitter.com\/Photoweb_fr\",\"https:\/\/www.instagram.com\/photowebfr\/\",\"https:\/\/www.linkedin.com\/company\/347094\/\",\"https:\/\/www.pinterest.fr\/inspirationsphotoweb\/_created\/\",\"https:\/\/www.youtube.com\/channel\/UCtcVmTvkAzKQLVkiwfOm8sg\"]},{\"@type\":\"Person\",\"@id\":\"https:\/\/www.photoweb.fr\/espaces\/magazine\/#\/schema\/person\/285cd6607d64bbfcf9cd965f3d672dd8\",\"name\":\"Victor\"}]}<\/script>\n<!-- \/ Yoast SEO plugin. -->","yoast_head_json":{"title":"Nos conseils pour un No\u00ebl plus responsable","description":"D\u00e9couvrez nos conseils pour c\u00e9l\u00e9brer No\u00ebl de mani\u00e8re plus responsable tout en conservant la magie des f\u00eates de fin d'ann\u00e9e.","robots":{"index":"index","follow":"follow","max-snippet":"max-snippet:-1","max-image-preview":"max-image-preview:large","max-video-preview":"max-video-preview:-1"},"canonical":"https:\/\/www.photoweb.fr\/espaces\/magazine\/celebrer-noel-responsable\/","og_locale":"fr_FR","og_type":"article","og_title":"Nos conseils pour un No\u00ebl plus responsable","og_description":"D\u00e9couvrez nos conseils pour c\u00e9l\u00e9brer No\u00ebl de mani\u00e8re plus responsable tout en conservant la magie des f\u00eates de fin d'ann\u00e9e.","og_url":"https:\/\/www.photoweb.fr\/espaces\/magazine\/celebrer-noel-responsable\/","og_site_name":"Photoweb, le mag","article_publisher":"https:\/\/fr-fr.facebook.com\/Photoweb.fr\/","article_published_time":"2024-11-05T10:21:06+00:00","article_modified_time":"2024-11-07T15:35:13+00:00","og_image":[{"width":800,"height":600,"url":"https:\/\/www.photoweb.fr\/espaces\/magazine\/wp-content\/uploads\/2024\/11\/noel-responsable.webp","type":"image\/webp"}],"author":"Victor","twitter_card":"summary_large_image","twitter_creator":"@Photoweb_fr","twitter_site":"@Photoweb_fr","twitter_misc":{"\u00c9crit par":"Victor","Dur\u00e9e de lecture estim\u00e9e":"5 minutes"},"schema":{"@context":"https:\/\/schema.org","@graph":[{"@type":"Article","@id":"https:\/\/www.photoweb.fr\/espaces\/magazine\/celebrer-noel-responsable\/#article","isPartOf":{"@id":"https:\/\/www.photoweb.fr\/espaces\/magazine\/celebrer-noel-responsable\/"},"author":{"name":"Victor","@id":"https:\/\/www.photoweb.fr\/espaces\/magazine\/#\/schema\/person\/285cd6607d64bbfcf9cd965f3d672dd8"},"headline":"Comment c\u00e9l\u00e9brer No\u00ebl de fa\u00e7on plus responsable ?","datePublished":"2024-11-05T10:21:06+00:00","dateModified":"2024-11-07T15:35:13+00:00","mainEntityOfPage":{"@id":"https:\/\/www.photoweb.fr\/espaces\/magazine\/celebrer-noel-responsable\/"},"wordCount":901,"commentCount":0,"publisher":{"@id":"https:\/\/www.photoweb.fr\/espaces\/magazine\/#organization"},"articleSection":["Instants de vie"],"inLanguage":"fr-FR","potentialAction":[{"@type":"CommentAction","name":"Comment","target":["https:\/\/www.photoweb.fr\/espaces\/magazine\/celebrer-noel-responsable\/#respond"]}]},{"@type":"WebPage","@id":"https:\/\/www.photoweb.fr\/espaces\/magazine\/celebrer-noel-responsable\/","url":"https:\/\/www.photoweb.fr\/espaces\/magazine\/celebrer-noel-responsable\/","name":"Nos conseils pour un No\u00ebl plus responsable","isPartOf":{"@id":"https:\/\/www.photoweb.fr\/espaces\/magazine\/#website"},"datePublished":"2024-11-05T10:21:06+00:00","dateModified":"2024-11-07T15:35:13+00:00","description":"D\u00e9couvrez nos conseils pour c\u00e9l\u00e9brer No\u00ebl de mani\u00e8re plus responsable tout en conservant la magie des f\u00eates de fin d'ann\u00e9e.","breadcrumb":{"@id":"https:\/\/www.photoweb.fr\/espaces\/magazine\/celebrer-noel-responsable\/#breadcrumb"},"inLanguage":"fr-FR","potentialAction":[{"@type":"ReadAction","target":["https:\/\/www.photoweb.fr\/espaces\/magazine\/celebrer-noel-responsable\/"]}]},{"@type":"BreadcrumbList","@id":"https:\/\/www.photoweb.fr\/espaces\/magazine\/celebrer-noel-responsable\/#breadcrumb","itemListElement":[{"@type":"ListItem","position":1,"name":"Accueil","item":"https:\/\/www.photoweb.fr\/espaces\/magazine\/"},{"@type":"ListItem","position":2,"name":"Instants de vie","item":"https:\/\/www.photoweb.fr\/espaces\/magazine\/instants-de-vie\/"},{"@type":"ListItem","position":3,"name":"Comment c\u00e9l\u00e9brer No\u00ebl de fa\u00e7on plus responsable ?"}]},{"@type":"WebSite","@id":"https:\/\/www.photoweb.fr\/espaces\/magazine\/#website","url":"https:\/\/www.photoweb.fr\/espaces\/magazine\/","name":"Photoweb, le mag","description":"Le magazine de Photoweb","publisher":{"@id":"https:\/\/www.photoweb.fr\/espaces\/magazine\/#organization"},"potentialAction":[{"@type":"SearchAction","target":{"@type":"EntryPoint","urlTemplate":"https:\/\/www.photoweb.fr\/espaces\/magazine\/?s={search_term_string}"},"query-input":"required name=search_term_string"}],"inLanguage":"fr-FR"},{"@type":"Organization","@id":"https:\/\/www.photoweb.fr\/espaces\/magazine\/#organization","name":"Photoweb","url":"https:\/\/www.photoweb.fr\/espaces\/magazine\/","logo":{"@type":"ImageObject","inLanguage":"fr-FR","@id":"https:\/\/www.photoweb.fr\/espaces\/magazine\/#\/schema\/logo\/image\/","url":"https:\/\/www.photoweb.fr\/espaces\/magazine\/wp-content\/uploads\/2021\/02\/Logo-Photoweb.jpg","contentUrl":"https:\/\/www.photoweb.fr\/espaces\/magazine\/wp-content\/uploads\/2021\/02\/Logo-Photoweb.jpg","width":780,"height":456,"caption":"Photoweb"},"image":{"@id":"https:\/\/www.photoweb.fr\/espaces\/magazine\/#\/schema\/logo\/image\/"},"sameAs":["https:\/\/fr-fr.facebook.com\/Photoweb.fr\/","https:\/\/twitter.com\/Photoweb_fr","https:\/\/www.instagram.com\/photowebfr\/","https:\/\/www.linkedin.com\/company\/347094\/","https:\/\/www.pinterest.fr\/inspirationsphotoweb\/_created\/","https:\/\/www.youtube.com\/channel\/UCtcVmTvkAzKQLVkiwfOm8sg"]},{"@type":"Person","@id":"https:\/\/www.photoweb.fr\/espaces\/magazine\/#\/schema\/person\/285cd6607d64bbfcf9cd965f3d672dd8","name":"Victor"}]}},"acf":[],"_links":{"self":[{"href":"https:\/\/www.photoweb.fr\/espaces\/magazine\/wp-json\/wp\/v2\/posts\/13557","targetHints":{"allow":["GET"]}}],"collection":[{"href":"https:\/\/www.photoweb.fr\/espaces\/magazine\/wp-json\/wp\/v2\/posts"}],"about":[{"href":"https:\/\/www.photoweb.fr\/espaces\/magazine\/wp-json\/wp\/v2\/types\/post"}],"author":[{"embeddable":true,"href":"https:\/\/www.photoweb.fr\/espaces\/magazine\/wp-json\/wp\/v2\/users\/34"}],"replies":[{"embeddable":true,"href":"https:\/\/www.photoweb.fr\/espaces\/magazine\/wp-json\/wp\/v2\/comments?post=13557"}],"version-history":[{"count":10,"href":"https:\/\/www.photoweb.fr\/espaces\/magazine\/wp-json\/wp\/v2\/posts\/13557\/revisions"}],"predecessor-version":[{"id":13695,"href":"https:\/\/www.photoweb.fr\/espaces\/magazine\/wp-json\/wp\/v2\/posts\/13557\/revisions\/13695"}],"wp:featuredmedia":[{"embeddable":true,"href":"https:\/\/www.photoweb.fr\/espaces\/magazine\/wp-json\/wp\/v2\/media\/13583"}],"wp:attachment":[{"href":"https:\/\/www.photoweb.fr\/espaces\/magazine\/wp-json\/wp\/v2\/media?parent=13557"}],"wp:term":[{"taxonomy":"category","embeddable":true,"href":"https:\/\/www.photoweb.fr\/espaces\/magazine\/wp-json\/wp\/v2\/categories?post=13557"},{"taxonomy":"post_tag","embeddable":true,"href":"https:\/\/www.photoweb.fr\/espaces\/magazine\/wp-json\/wp\/v2\/tags?post=13557"}],"curies":[{"name":"wp","href":"https:\/\/api.w.org\/{rel}","templated":true}]}}