{"id":13579,"date":"2024-11-04T16:03:31","date_gmt":"2024-11-04T14:03:31","guid":{"rendered":"https:\/\/www.photoweb.fr\/espaces\/magazine\/?p=13579"},"modified":"2024-11-19T11:46:17","modified_gmt":"2024-11-19T09:46:17","slug":"collection-noel","status":"publish","type":"post","link":"https:\/\/www.photoweb.fr\/espaces\/magazine\/collection-noel\/","title":{"rendered":"Une collection de No\u00ebl imagin\u00e9e par notre studio graphique"},"content":{"rendered":"\r\n<p>La plupart de nos produits photo sont fabriqu\u00e9s en France, mais saviez-vous que nos collections, designs et illustrations \u00e9taient \u00e9galement r\u00e9alis\u00e9s dans nos locaux \u00e0 Grenoble par notre propre \u00e9quipe graphique ? On vous d\u00e9voile les secrets de leurs r\u00e9alisations !<\/p>\r\n<h2><strong>Des cadeaux photo Made In France <img decoding=\"async\" role=\"img\" draggable=\"false\" src=\"https:\/\/s.w.org\/images\/core\/emoji\/14.0.0\/svg\/1f413.svg\" alt=\"\ud83d\udc13\" \/><br \/><\/strong><\/h2>\r\n<p><a href=\"https:\/\/www.photoweb.fr\/livre-photo\/listing\" target=\"_blank\" rel=\"noopener\">Albums photo,<\/a> <a href=\"https:\/\/www.photoweb.fr\/\" target=\"_blank\" rel=\"noopener\">calendriers photo<\/a>, <a href=\"https:\/\/www.photoweb.fr\/decoration-murale\/listing\" target=\"_blank\" rel=\"noopener\">tableaux<\/a>, posters, <a href=\"https:\/\/www.photoweb.fr\/tirage-photo\/listing\" target=\"_blank\" rel=\"noopener\">tirages photo<\/a>&#8230; ils sont tous fabriqu\u00e9s avec soin en France dans notre atelier grenoblois, depuis presque 25 ans ! C&rsquo;est ici que nous donnons vie \u00e0 toutes vos belles histoires depuis 2000 <img decoding=\"async\" role=\"img\" draggable=\"false\" src=\"https:\/\/s.w.org\/images\/core\/emoji\/14.0.0\/svg\/2764.svg\" alt=\"\u2764\ufe0f\" \/> Qu&rsquo;elles soient faites de rires, d&rsquo;amour ou de nostalgie, elles m\u00e9ritent d&rsquo;\u00eatre sublim\u00e9es. C&rsquo;est dans cette \u00e9nergie que chez Photoweb, tous les m\u00e9tiers se c\u00f4toient.<\/p>\r\n<p><img loading=\"lazy\" decoding=\"async\" title=\"Atelier-production-livres-photo\" src=\"https:\/\/www.photoweb.fr\/espaces\/magazine\/wp-content\/uploads\/2021\/12\/Visuels-Mag1.png\" alt=\"fabrication livre photo france photoweb\" width=\"800\" height=\"600\" \/><\/p>\r\n<h2><strong>Une grande \u00e9quipe de designers<br \/><\/strong><\/h2>\r\n<p>Chez Photoweb, nous sommes fiers de travailler avec des designers \u00e0 la patte graphique et au sens du d\u00e9tail aiguis\u00e9 ! Rien n&rsquo;est laiss\u00e9 au hasard<strong> : chaque collection est unique, pens\u00e9e dans l&rsquo;amour des choses bien faites, pour durer longtemps.<br \/><\/strong>Derri\u00e8re ces collections se cachent St\u00e9phanie, responsable de cr\u00e9ation, Lisa, Cindy et \u00c9lise, graphistes webdesigners, Carine, photographe et L\u00e9a, alternante infographiste<strong>.<br \/><\/strong>Une grande \u00e9quipe cr\u00e9ative pleine d&rsquo;id\u00e9es pour vous proposer des designs et illustrations trop canons !<strong> <img decoding=\"async\" role=\"img\" draggable=\"false\" src=\"https:\/\/s.w.org\/images\/core\/emoji\/14.0.0\/svg\/1f60d.svg\" alt=\"\ud83d\ude0d\" \/><br \/><\/strong> <a href=\"https:\/\/www.photoweb.fr\/calendrier-photo\/avent\" target=\"_self\" rel=\"noopener\"> <img loading=\"lazy\" decoding=\"async\" title=\"calendrier de l'avent\" src=\"https:\/\/www.photoweb.fr\/espaces\/magazine\/wp-content\/uploads\/2024\/11\/IMG_1548-scaled.webp\" alt=\"calendrier de l'avent Hiver scandinave\" width=\"2048\" height=\"1365\" \/> <\/a> La collection \u00ab\u00a0Hiver Scandinave\u00a0\u00bb<\/p>\r\n<h2><strong>Les \u00e9tapes de cr\u00e9ation d&rsquo;une collection<br \/><\/strong><\/h2>\r\n<p>Avant que vous puissiez commander vos produits photo personnalis\u00e9s avec nos jolis designs, plusieurs \u00e9tapes sont indispensables. Curieux de savoir comment cela se passe ? On vous d\u00e9voile toutes les \u00e9tapes ! <img decoding=\"async\" role=\"img\" draggable=\"false\" src=\"https:\/\/s.w.org\/images\/core\/emoji\/14.0.0\/svg\/1f929.svg\" alt=\"\ud83e\udd29\" \/><\/p>\r\n<ol>\r\n<li>Recherche d&rsquo;id\u00e9es et veille de tendances<\/li>\r\n<li>Cr\u00e9ation d&rsquo;un \u00ab\u00a0moodboard\u00a0\u00bb<\/li>\r\n<li>Proposition de plusieurs designs (il nous arrive de vous demander votre avis lors de sondages sur nos <a href=\"https:\/\/www.instagram.com\/photowebfr\/\">r\u00e9seaux sociaux, suivez-nous<\/a> <img decoding=\"async\" role=\"img\" draggable=\"false\" src=\"https:\/\/s.w.org\/images\/core\/emoji\/14.0.0\/svg\/1f48c.svg\" alt=\"\ud83d\udc8c\" \/>)<\/li>\r\n<li>Choix du design d\u00e9finitif<\/li>\r\n<li>Impressions test avec nos fournisseurs<\/li>\r\n<li>R\u00e9ception des prototypes et shooting photo<\/li>\r\n<li>Mise en ligne sur <a href=\"https:\/\/www.photoweb.fr\/\" target=\"_blank\" rel=\"noopener\">Photoweb.fr<\/a> et l&rsquo;application Photoweb<\/li>\r\n<li>Impression de vos produits photo personnalis\u00e9s dans nos ateliers<\/li>\r\n<\/ol>\r\n<p>Citation<\/p>\r\n<p>No\u00ebl Scandinave, c&rsquo;est la d\u00e9licatesse de la nature subtilement mari\u00e9e au design scandinave<\/p>\r\n<p>\u00ab\u00a0<\/p>\r\n","protected":false},"excerpt":{"rendered":"<p>La plupart de nos produits photo sont fabriqu\u00e9s en France, mais saviez-vous que nos collections, designs et illustrations \u00e9taient \u00e9galement r\u00e9alis\u00e9s dans nos locaux \u00e0 Grenoble par notre propre \u00e9quipe graphique ? On vous d\u00e9voile les secrets de leurs r\u00e9alisations ! Des cadeaux photo Made In France Albums photo, calendriers photo, tableaux, posters, tirages photo&#8230;&hellip;<\/p>\n","protected":false},"author":19,"featured_media":13602,"comment_status":"open","ping_status":"open","sticky":false,"template":"single-standard.php","format":"standard","meta":{"footnotes":""},"categories":[30],"tags":[],"class_list":["post-13579","post","type-post","status-publish","format-standard","has-post-thumbnail","hentry","category-coulisses"],"yoast_head":"<!-- This site is optimized with the Yoast SEO plugin v20.3 - https:\/\/yoast.com\/wordpress\/plugins\/seo\/ -->\n<title>No\u00ebl : une collection sp\u00e9ciale Made in France<\/title>\n<meta name=\"description\" content=\"Chacun de nos produits s&#039;accompagne de designs uniques. Pour No\u00ebl, d\u00e9couvrez une collection in\u00e9dite imagin\u00e9e par nos graphistes en France.\" \/>\n<meta name=\"robots\" content=\"index, follow, max-snippet:-1, max-image-preview:large, max-video-preview:-1\" \/>\n<link rel=\"canonical\" href=\"https:\/\/www.photoweb.fr\/espaces\/magazine\/collection-noel\/\" \/>\n<meta property=\"og:locale\" content=\"fr_FR\" \/>\n<meta property=\"og:type\" content=\"article\" \/>\n<meta property=\"og:title\" content=\"No\u00ebl : une collection sp\u00e9ciale Made in France\" \/>\n<meta property=\"og:description\" content=\"Chacun de nos produits s&#039;accompagne de designs uniques. Pour No\u00ebl, d\u00e9couvrez une collection in\u00e9dite imagin\u00e9e par nos graphistes en France.\" \/>\n<meta property=\"og:url\" content=\"https:\/\/www.photoweb.fr\/espaces\/magazine\/collection-noel\/\" \/>\n<meta property=\"og:site_name\" content=\"Photoweb, le mag\" \/>\n<meta property=\"article:publisher\" content=\"https:\/\/fr-fr.facebook.com\/Photoweb.fr\/\" \/>\n<meta property=\"article:published_time\" content=\"2024-11-04T14:03:31+00:00\" \/>\n<meta property=\"article:modified_time\" content=\"2024-11-19T09:46:17+00:00\" \/>\n<meta property=\"og:image\" content=\"https:\/\/www.photoweb.fr\/espaces\/magazine\/wp-content\/uploads\/2024\/11\/IMG_1548-scaled.webp\" \/>\n\t<meta property=\"og:image:width\" content=\"2048\" \/>\n\t<meta property=\"og:image:height\" content=\"1365\" \/>\n\t<meta property=\"og:image:type\" content=\"image\/webp\" \/>\n<meta name=\"author\" content=\"No\u00e9mie\" \/>\n<meta name=\"twitter:card\" content=\"summary_large_image\" \/>\n<meta name=\"twitter:creator\" content=\"@Photoweb_fr\" \/>\n<meta name=\"twitter:site\" content=\"@Photoweb_fr\" \/>\n<meta name=\"twitter:label1\" content=\"\u00c9crit par\" \/>\n\t<meta name=\"twitter:data1\" content=\"No\u00e9mie\" \/>\n\t<meta name=\"twitter:label2\" content=\"Dur\u00e9e de lecture estim\u00e9e\" \/>\n\t<meta name=\"twitter:data2\" content=\"3 minutes\" \/>\n<script type=\"application\/ld+json\" class=\"yoast-schema-graph\">{\"@context\":\"https:\/\/schema.org\",\"@graph\":[{\"@type\":\"Article\",\"@id\":\"https:\/\/www.photoweb.fr\/espaces\/magazine\/collection-noel\/#article\",\"isPartOf\":{\"@id\":\"https:\/\/www.photoweb.fr\/espaces\/magazine\/collection-noel\/\"},\"author\":{\"name\":\"No\u00e9mie\",\"@id\":\"https:\/\/www.photoweb.fr\/espaces\/magazine\/#\/schema\/person\/96680adb94493d67e9c29e0ab5115ad7\"},\"headline\":\"Une collection de No\u00ebl imagin\u00e9e par notre studio graphique\",\"datePublished\":\"2024-11-04T14:03:31+00:00\",\"dateModified\":\"2024-11-19T09:46:17+00:00\",\"mainEntityOfPage\":{\"@id\":\"https:\/\/www.photoweb.fr\/espaces\/magazine\/collection-noel\/\"},\"wordCount\":340,\"commentCount\":0,\"publisher\":{\"@id\":\"https:\/\/www.photoweb.fr\/espaces\/magazine\/#organization\"},\"articleSection\":[\"Coulisses\"],\"inLanguage\":\"fr-FR\",\"potentialAction\":[{\"@type\":\"CommentAction\",\"name\":\"Comment\",\"target\":[\"https:\/\/www.photoweb.fr\/espaces\/magazine\/collection-noel\/#respond\"]}]},{\"@type\":\"WebPage\",\"@id\":\"https:\/\/www.photoweb.fr\/espaces\/magazine\/collection-noel\/\",\"url\":\"https:\/\/www.photoweb.fr\/espaces\/magazine\/collection-noel\/\",\"name\":\"No\u00ebl : une collection sp\u00e9ciale Made in France\",\"isPartOf\":{\"@id\":\"https:\/\/www.photoweb.fr\/espaces\/magazine\/#website\"},\"datePublished\":\"2024-11-04T14:03:31+00:00\",\"dateModified\":\"2024-11-19T09:46:17+00:00\",\"description\":\"Chacun de nos produits s'accompagne de designs uniques. Pour No\u00ebl, d\u00e9couvrez une collection in\u00e9dite imagin\u00e9e par nos graphistes en France.\",\"breadcrumb\":{\"@id\":\"https:\/\/www.photoweb.fr\/espaces\/magazine\/collection-noel\/#breadcrumb\"},\"inLanguage\":\"fr-FR\",\"potentialAction\":[{\"@type\":\"ReadAction\",\"target\":[\"https:\/\/www.photoweb.fr\/espaces\/magazine\/collection-noel\/\"]}]},{\"@type\":\"BreadcrumbList\",\"@id\":\"https:\/\/www.photoweb.fr\/espaces\/magazine\/collection-noel\/#breadcrumb\",\"itemListElement\":[{\"@type\":\"ListItem\",\"position\":1,\"name\":\"Accueil\",\"item\":\"https:\/\/www.photoweb.fr\/espaces\/magazine\/\"},{\"@type\":\"ListItem\",\"position\":2,\"name\":\"Coulisses\",\"item\":\"https:\/\/www.photoweb.fr\/espaces\/magazine\/coulisses\/\"},{\"@type\":\"ListItem\",\"position\":3,\"name\":\"Une collection de No\u00ebl imagin\u00e9e par notre studio graphique\"}]},{\"@type\":\"WebSite\",\"@id\":\"https:\/\/www.photoweb.fr\/espaces\/magazine\/#website\",\"url\":\"https:\/\/www.photoweb.fr\/espaces\/magazine\/\",\"name\":\"Photoweb, le mag\",\"description\":\"Le magazine de Photoweb\",\"publisher\":{\"@id\":\"https:\/\/www.photoweb.fr\/espaces\/magazine\/#organization\"},\"potentialAction\":[{\"@type\":\"SearchAction\",\"target\":{\"@type\":\"EntryPoint\",\"urlTemplate\":\"https:\/\/www.photoweb.fr\/espaces\/magazine\/?s={search_term_string}\"},\"query-input\":\"required name=search_term_string\"}],\"inLanguage\":\"fr-FR\"},{\"@type\":\"Organization\",\"@id\":\"https:\/\/www.photoweb.fr\/espaces\/magazine\/#organization\",\"name\":\"Photoweb\",\"url\":\"https:\/\/www.photoweb.fr\/espaces\/magazine\/\",\"logo\":{\"@type\":\"ImageObject\",\"inLanguage\":\"fr-FR\",\"@id\":\"https:\/\/www.photoweb.fr\/espaces\/magazine\/#\/schema\/logo\/image\/\",\"url\":\"https:\/\/www.photoweb.fr\/espaces\/magazine\/wp-content\/uploads\/2021\/02\/Logo-Photoweb.jpg\",\"contentUrl\":\"https:\/\/www.photoweb.fr\/espaces\/magazine\/wp-content\/uploads\/2021\/02\/Logo-Photoweb.jpg\",\"width\":780,\"height\":456,\"caption\":\"Photoweb\"},\"image\":{\"@id\":\"https:\/\/www.photoweb.fr\/espaces\/magazine\/#\/schema\/logo\/image\/\"},\"sameAs\":[\"https:\/\/fr-fr.facebook.com\/Photoweb.fr\/\",\"https:\/\/twitter.com\/Photoweb_fr\",\"https:\/\/www.instagram.com\/photowebfr\/\",\"https:\/\/www.linkedin.com\/company\/347094\/\",\"https:\/\/www.pinterest.fr\/inspirationsphotoweb\/_created\/\",\"https:\/\/www.youtube.com\/channel\/UCtcVmTvkAzKQLVkiwfOm8sg\"]},{\"@type\":\"Person\",\"@id\":\"https:\/\/www.photoweb.fr\/espaces\/magazine\/#\/schema\/person\/96680adb94493d67e9c29e0ab5115ad7\",\"name\":\"No\u00e9mie\"}]}<\/script>\n<!-- \/ Yoast SEO plugin. -->","yoast_head_json":{"title":"No\u00ebl : une collection sp\u00e9ciale Made in France","description":"Chacun de nos produits s'accompagne de designs uniques. Pour No\u00ebl, d\u00e9couvrez une collection in\u00e9dite imagin\u00e9e par nos graphistes en France.","robots":{"index":"index","follow":"follow","max-snippet":"max-snippet:-1","max-image-preview":"max-image-preview:large","max-video-preview":"max-video-preview:-1"},"canonical":"https:\/\/www.photoweb.fr\/espaces\/magazine\/collection-noel\/","og_locale":"fr_FR","og_type":"article","og_title":"No\u00ebl : une collection sp\u00e9ciale Made in France","og_description":"Chacun de nos produits s'accompagne de designs uniques. Pour No\u00ebl, d\u00e9couvrez une collection in\u00e9dite imagin\u00e9e par nos graphistes en France.","og_url":"https:\/\/www.photoweb.fr\/espaces\/magazine\/collection-noel\/","og_site_name":"Photoweb, le mag","article_publisher":"https:\/\/fr-fr.facebook.com\/Photoweb.fr\/","article_published_time":"2024-11-04T14:03:31+00:00","article_modified_time":"2024-11-19T09:46:17+00:00","og_image":[{"width":2048,"height":1365,"url":"https:\/\/www.photoweb.fr\/espaces\/magazine\/wp-content\/uploads\/2024\/11\/IMG_1548-scaled.webp","type":"image\/webp"}],"author":"No\u00e9mie","twitter_card":"summary_large_image","twitter_creator":"@Photoweb_fr","twitter_site":"@Photoweb_fr","twitter_misc":{"\u00c9crit par":"No\u00e9mie","Dur\u00e9e de lecture estim\u00e9e":"3 minutes"},"schema":{"@context":"https:\/\/schema.org","@graph":[{"@type":"Article","@id":"https:\/\/www.photoweb.fr\/espaces\/magazine\/collection-noel\/#article","isPartOf":{"@id":"https:\/\/www.photoweb.fr\/espaces\/magazine\/collection-noel\/"},"author":{"name":"No\u00e9mie","@id":"https:\/\/www.photoweb.fr\/espaces\/magazine\/#\/schema\/person\/96680adb94493d67e9c29e0ab5115ad7"},"headline":"Une collection de No\u00ebl imagin\u00e9e par notre studio graphique","datePublished":"2024-11-04T14:03:31+00:00","dateModified":"2024-11-19T09:46:17+00:00","mainEntityOfPage":{"@id":"https:\/\/www.photoweb.fr\/espaces\/magazine\/collection-noel\/"},"wordCount":340,"commentCount":0,"publisher":{"@id":"https:\/\/www.photoweb.fr\/espaces\/magazine\/#organization"},"articleSection":["Coulisses"],"inLanguage":"fr-FR","potentialAction":[{"@type":"CommentAction","name":"Comment","target":["https:\/\/www.photoweb.fr\/espaces\/magazine\/collection-noel\/#respond"]}]},{"@type":"WebPage","@id":"https:\/\/www.photoweb.fr\/espaces\/magazine\/collection-noel\/","url":"https:\/\/www.photoweb.fr\/espaces\/magazine\/collection-noel\/","name":"No\u00ebl : une collection sp\u00e9ciale Made in France","isPartOf":{"@id":"https:\/\/www.photoweb.fr\/espaces\/magazine\/#website"},"datePublished":"2024-11-04T14:03:31+00:00","dateModified":"2024-11-19T09:46:17+00:00","description":"Chacun de nos produits s'accompagne de designs uniques. Pour No\u00ebl, d\u00e9couvrez une collection in\u00e9dite imagin\u00e9e par nos graphistes en France.","breadcrumb":{"@id":"https:\/\/www.photoweb.fr\/espaces\/magazine\/collection-noel\/#breadcrumb"},"inLanguage":"fr-FR","potentialAction":[{"@type":"ReadAction","target":["https:\/\/www.photoweb.fr\/espaces\/magazine\/collection-noel\/"]}]},{"@type":"BreadcrumbList","@id":"https:\/\/www.photoweb.fr\/espaces\/magazine\/collection-noel\/#breadcrumb","itemListElement":[{"@type":"ListItem","position":1,"name":"Accueil","item":"https:\/\/www.photoweb.fr\/espaces\/magazine\/"},{"@type":"ListItem","position":2,"name":"Coulisses","item":"https:\/\/www.photoweb.fr\/espaces\/magazine\/coulisses\/"},{"@type":"ListItem","position":3,"name":"Une collection de No\u00ebl imagin\u00e9e par notre studio graphique"}]},{"@type":"WebSite","@id":"https:\/\/www.photoweb.fr\/espaces\/magazine\/#website","url":"https:\/\/www.photoweb.fr\/espaces\/magazine\/","name":"Photoweb, le mag","description":"Le magazine de Photoweb","publisher":{"@id":"https:\/\/www.photoweb.fr\/espaces\/magazine\/#organization"},"potentialAction":[{"@type":"SearchAction","target":{"@type":"EntryPoint","urlTemplate":"https:\/\/www.photoweb.fr\/espaces\/magazine\/?s={search_term_string}"},"query-input":"required name=search_term_string"}],"inLanguage":"fr-FR"},{"@type":"Organization","@id":"https:\/\/www.photoweb.fr\/espaces\/magazine\/#organization","name":"Photoweb","url":"https:\/\/www.photoweb.fr\/espaces\/magazine\/","logo":{"@type":"ImageObject","inLanguage":"fr-FR","@id":"https:\/\/www.photoweb.fr\/espaces\/magazine\/#\/schema\/logo\/image\/","url":"https:\/\/www.photoweb.fr\/espaces\/magazine\/wp-content\/uploads\/2021\/02\/Logo-Photoweb.jpg","contentUrl":"https:\/\/www.photoweb.fr\/espaces\/magazine\/wp-content\/uploads\/2021\/02\/Logo-Photoweb.jpg","width":780,"height":456,"caption":"Photoweb"},"image":{"@id":"https:\/\/www.photoweb.fr\/espaces\/magazine\/#\/schema\/logo\/image\/"},"sameAs":["https:\/\/fr-fr.facebook.com\/Photoweb.fr\/","https:\/\/twitter.com\/Photoweb_fr","https:\/\/www.instagram.com\/photowebfr\/","https:\/\/www.linkedin.com\/company\/347094\/","https:\/\/www.pinterest.fr\/inspirationsphotoweb\/_created\/","https:\/\/www.youtube.com\/channel\/UCtcVmTvkAzKQLVkiwfOm8sg"]},{"@type":"Person","@id":"https:\/\/www.photoweb.fr\/espaces\/magazine\/#\/schema\/person\/96680adb94493d67e9c29e0ab5115ad7","name":"No\u00e9mie"}]}},"acf":[],"_links":{"self":[{"href":"https:\/\/www.photoweb.fr\/espaces\/magazine\/wp-json\/wp\/v2\/posts\/13579","targetHints":{"allow":["GET"]}}],"collection":[{"href":"https:\/\/www.photoweb.fr\/espaces\/magazine\/wp-json\/wp\/v2\/posts"}],"about":[{"href":"https:\/\/www.photoweb.fr\/espaces\/magazine\/wp-json\/wp\/v2\/types\/post"}],"author":[{"embeddable":true,"href":"https:\/\/www.photoweb.fr\/espaces\/magazine\/wp-json\/wp\/v2\/users\/19"}],"replies":[{"embeddable":true,"href":"https:\/\/www.photoweb.fr\/espaces\/magazine\/wp-json\/wp\/v2\/comments?post=13579"}],"version-history":[{"count":10,"href":"https:\/\/www.photoweb.fr\/espaces\/magazine\/wp-json\/wp\/v2\/posts\/13579\/revisions"}],"predecessor-version":[{"id":13698,"href":"https:\/\/www.photoweb.fr\/espaces\/magazine\/wp-json\/wp\/v2\/posts\/13579\/revisions\/13698"}],"wp:featuredmedia":[{"embeddable":true,"href":"https:\/\/www.photoweb.fr\/espaces\/magazine\/wp-json\/wp\/v2\/media\/13602"}],"wp:attachment":[{"href":"https:\/\/www.photoweb.fr\/espaces\/magazine\/wp-json\/wp\/v2\/media?parent=13579"}],"wp:term":[{"taxonomy":"category","embeddable":true,"href":"https:\/\/www.photoweb.fr\/espaces\/magazine\/wp-json\/wp\/v2\/categories?post=13579"},{"taxonomy":"post_tag","embeddable":true,"href":"https:\/\/www.photoweb.fr\/espaces\/magazine\/wp-json\/wp\/v2\/tags?post=13579"}],"curies":[{"name":"wp","href":"https:\/\/api.w.org\/{rel}","templated":true}]}}