{"id":1378,"date":"2017-08-30T13:56:48","date_gmt":"2017-08-30T13:56:48","guid":{"rendered":"https:\/\/www.photoweb.fr\/espaces\/magazine\/magazine\/?p=1378"},"modified":"2017-09-19T12:29:03","modified_gmt":"2017-09-19T12:29:03","slug":"photoweb-fait-sa-rentree-jeu-concours","status":"publish","type":"post","link":"https:\/\/www.photoweb.fr\/espaces\/magazine\/photoweb-fait-sa-rentree-jeu-concours\/","title":{"rendered":"Photoweb fait sa rentr\u00e9e : jeu-concours !"},"content":{"rendered":"<p style=\"text-align: center\"><em>Cette ann\u00e9e, Photoweb va prolonger vos vacances, remplir le cartable de vos enfants, leur proposer des activit\u00e9s ludiques et immortaliser votre ann\u00e9e !<\/em><\/p>\n<p>En ce mois de Septembre, vous allez vous r\u00e9veiller de bonne humeur ! Soyez pr\u00eats \u00e0 jouer chaque vendredi pour tenter de gagner de nombreux cadeaux ! D\u00e9couvrez sans plus tarder les lots ?<\/p>\n<h2><strong>Faites-vous plaisir pour la rentr\u00e9e !<\/strong><\/h2>\n<p><a href=\"https:\/\/www.pandacraft.fr\/\" target=\"_blank\" rel=\"noopener\">Pandacraft<\/a> cr\u00e9ateur d\u2019id\u00e9es cr\u00e9atives pour enfant vous propose d\u2019offrir \u00e0 vos petits bouts : <strong>le kit cr\u00e9atif de Septembre<\/strong> sur le th\u00e8me des pandas ! Rien de mieux pour remettre les enfants dans le bain ! Qui est pr\u00eat \u00e0 jouer ?<\/p>\n<p>C\u2019est au tour de <a href=\"http:\/\/www.vvf-villages.fr\/\" target=\"_blank\" rel=\"noopener\" class=\"broken_link\"><strong>VVF Villages<\/strong><\/a> de prolonger votre \u00e9t\u00e9 avec <strong>un week-end<\/strong> <em>(3 jours\/2 nuits)<\/em> \u00e0 gagner pour 4 personnes dans l\u2019un des 84 villages de vacances. Qui veut partir en vacances ?<\/p>\n<p>Nous savons combien ce n\u2019est pas une mince affaire de se rendre dans les supermarch\u00e9s \u00e0 la rentr\u00e9e, la liste des fournitures scolaires est toujours tr\u00e8s <em>(tr\u00e8s)<\/em> longue\u2026 <strong><a href=\"http:\/\/www.clairefontaine.com\/\" target=\"_blank\" rel=\"noopener\">Clairefontaine<\/a> <\/strong>vous offre des <strong>packs \u00ab sp\u00e9cial rentr\u00e9e \u00bb<\/strong> d\u2019une valeur de 50\u20ac chacun ! C\u2019est les parents qui vont \u00eatre contents ?<\/p>\n<p><strong><a href=\"https:\/\/www.photoweb.fr\/\" target=\"_blank\" rel=\"noopener\">Photoweb<\/a><\/strong> vous g\u00e2te avec des <strong>bons d\u2019achat<\/strong> \u00e0 utiliser sur notre site internet ou application mobile pour prolonger vos meilleurs moments de l\u2019\u00e9t\u00e9 en photo ! Foncez !!!<\/p>\n<p>Faites-vous tout beau, <strong><a href=\"http:\/\/www.lashootingbox.com\/\" target=\"_blank\" rel=\"noopener\">LaShootingBox<\/a><\/strong> vous propose des <strong>boxs \u00ab s\u00e9ance photo en famille \u00bb<\/strong> ! Un vrai instant de complicit\u00e9 que vous allez pouvoir partager ensemble !<\/p>\n<p>\t\t\t\t<img loading=\"lazy\" decoding=\"async\" src=\"https:\/\/www.photoweb.fr\/espaces\/magazine\/wp-content\/uploads\/2017\/08\/rentree-scolaire.jpg\" alt=\"rentr\u00e9e scolaire\" height=\"960\" width=\"1280\" \/><\/p>\n<h2><strong>Comment participer ?<\/strong><\/h2>\n<p>On vous rassure, rien de tr\u00e8s compliqu\u00e9, il suffit de vous rendre chaque vendredi du mois de Septembre sur notre page Facebook : <a href=\"https:\/\/www.facebook.com\/Photoweb.fr\/\" target=\"_blank\" rel=\"noopener\" class=\"broken_link\">cliquez-ici<\/a>. Le gagnant sera tir\u00e9 au sort le lundi qui suit !<\/p>\n<p>Pour que votre participation soit comptabilis\u00e9e, vous devez :<\/p>\n<ul>\n<li>Liker la page <strong><a href=\"https:\/\/business.facebook.com\/Photoweb.fr\/\" target=\"_blank\" rel=\"noopener\" class=\"broken_link\">Facebook de Photoweb<\/a><\/strong><\/li>\n<li>Liker la page de notre <strong>partenaire<\/strong><\/li>\n<li>Partager et inviter des amis \u00e0 participer en commentaire<\/li>\n<\/ul>\n<p>&nbsp;<\/p>\n<p>Ps : Si vous \u00eates trop curieux : retrouvez les conditions g\u00e9n\u00e9rales du concours dans nos articles Facebook.<\/p>\n<p>&nbsp;<\/p>\n<p style=\"text-align: center\"><strong>Il ne vous reste plus qu\u2019\u00e0 \u00eatre patient et attendre demain pour d\u00e9couvrir les premiers lots !<\/strong><\/p>\n","protected":false},"excerpt":{"rendered":"<p>Cette ann\u00e9e, Photoweb va prolonger vos vacances, remplir le cartable de vos enfants, leur proposer des activit\u00e9s ludiques et immortaliser votre ann\u00e9e ! En ce mois de Septembre, vous allez vous r\u00e9veiller de bonne humeur ! Soyez pr\u00eats \u00e0 jouer chaque vendredi pour tenter de gagner de nombreux cadeaux ! D\u00e9couvrez sans plus tarder les&hellip;<\/p>\n","protected":false},"author":21,"featured_media":1383,"comment_status":"open","ping_status":"open","sticky":false,"template":"single-standard.php","format":"standard","meta":{"footnotes":""},"categories":[30],"tags":[],"class_list":["post-1378","post","type-post","status-publish","format-standard","has-post-thumbnail","hentry","category-coulisses"],"yoast_head":"<!-- This site is optimized with the Yoast SEO plugin v20.3 - https:\/\/yoast.com\/wordpress\/plugins\/seo\/ -->\n<title>Photoweb fait sa rentr\u00e9e : jeu-concours !<\/title>\n<meta name=\"description\" content=\"En Septembre, vous allez vous r\u00e9veiller de bonne humeur ! Soyez pr\u00eats \u00e0 jouer chaque vendredi pour tenter de gagner de nombreux cadeaux avec Photoweb !\" \/>\n<meta name=\"robots\" content=\"index, follow, max-snippet:-1, max-image-preview:large, max-video-preview:-1\" \/>\n<link rel=\"canonical\" href=\"https:\/\/www.photoweb.fr\/espaces\/magazine\/photoweb-fait-sa-rentree-jeu-concours\/\" \/>\n<meta property=\"og:locale\" content=\"fr_FR\" \/>\n<meta property=\"og:type\" content=\"article\" \/>\n<meta property=\"og:title\" content=\"Photoweb fait sa rentr\u00e9e : jeu-concours !\" \/>\n<meta property=\"og:description\" content=\"En Septembre, vous allez vous r\u00e9veiller de bonne humeur ! Soyez pr\u00eats \u00e0 jouer chaque vendredi pour tenter de gagner de nombreux cadeaux avec Photoweb !\" \/>\n<meta property=\"og:url\" content=\"https:\/\/www.photoweb.fr\/espaces\/magazine\/photoweb-fait-sa-rentree-jeu-concours\/\" \/>\n<meta property=\"og:site_name\" content=\"Photoweb, le mag\" \/>\n<meta property=\"article:publisher\" content=\"https:\/\/fr-fr.facebook.com\/Photoweb.fr\/\" \/>\n<meta property=\"article:published_time\" content=\"2017-08-30T13:56:48+00:00\" \/>\n<meta property=\"article:modified_time\" content=\"2017-09-19T12:29:03+00:00\" \/>\n<meta property=\"og:image\" content=\"https:\/\/www.photoweb.fr\/espaces\/magazine\/wp-content\/uploads\/2017\/08\/jeu-concours-rentree-photoweb.jpg\" \/>\n\t<meta property=\"og:image:width\" content=\"1280\" \/>\n\t<meta property=\"og:image:height\" content=\"960\" \/>\n\t<meta property=\"og:image:type\" content=\"image\/jpeg\" \/>\n<meta name=\"author\" content=\"melanie\" \/>\n<meta name=\"twitter:card\" content=\"summary_large_image\" \/>\n<meta name=\"twitter:creator\" content=\"@Photoweb_fr\" \/>\n<meta name=\"twitter:site\" content=\"@Photoweb_fr\" \/>\n<meta name=\"twitter:label1\" content=\"\u00c9crit par\" \/>\n\t<meta name=\"twitter:data1\" content=\"melanie\" \/>\n\t<meta name=\"twitter:label2\" content=\"Dur\u00e9e de lecture estim\u00e9e\" \/>\n\t<meta name=\"twitter:data2\" content=\"2 minutes\" \/>\n<script type=\"application\/ld+json\" class=\"yoast-schema-graph\">{\"@context\":\"https:\/\/schema.org\",\"@graph\":[{\"@type\":\"Article\",\"@id\":\"https:\/\/www.photoweb.fr\/espaces\/magazine\/photoweb-fait-sa-rentree-jeu-concours\/#article\",\"isPartOf\":{\"@id\":\"https:\/\/www.photoweb.fr\/espaces\/magazine\/photoweb-fait-sa-rentree-jeu-concours\/\"},\"author\":{\"name\":\"melanie\",\"@id\":\"https:\/\/www.photoweb.fr\/espaces\/magazine\/#\/schema\/person\/111451a615bb7cbe790bf8b1d6b24391\"},\"headline\":\"Photoweb fait sa rentr\u00e9e : jeu-concours !\",\"datePublished\":\"2017-08-30T13:56:48+00:00\",\"dateModified\":\"2017-09-19T12:29:03+00:00\",\"mainEntityOfPage\":{\"@id\":\"https:\/\/www.photoweb.fr\/espaces\/magazine\/photoweb-fait-sa-rentree-jeu-concours\/\"},\"wordCount\":353,\"commentCount\":8,\"publisher\":{\"@id\":\"https:\/\/www.photoweb.fr\/espaces\/magazine\/#organization\"},\"articleSection\":[\"Coulisses\"],\"inLanguage\":\"fr-FR\",\"potentialAction\":[{\"@type\":\"CommentAction\",\"name\":\"Comment\",\"target\":[\"https:\/\/www.photoweb.fr\/espaces\/magazine\/photoweb-fait-sa-rentree-jeu-concours\/#respond\"]}]},{\"@type\":\"WebPage\",\"@id\":\"https:\/\/www.photoweb.fr\/espaces\/magazine\/photoweb-fait-sa-rentree-jeu-concours\/\",\"url\":\"https:\/\/www.photoweb.fr\/espaces\/magazine\/photoweb-fait-sa-rentree-jeu-concours\/\",\"name\":\"Photoweb fait sa rentr\u00e9e : jeu-concours !\",\"isPartOf\":{\"@id\":\"https:\/\/www.photoweb.fr\/espaces\/magazine\/#website\"},\"datePublished\":\"2017-08-30T13:56:48+00:00\",\"dateModified\":\"2017-09-19T12:29:03+00:00\",\"description\":\"En Septembre, vous allez vous r\u00e9veiller de bonne humeur ! Soyez pr\u00eats \u00e0 jouer chaque vendredi pour tenter de gagner de nombreux cadeaux avec Photoweb !\",\"breadcrumb\":{\"@id\":\"https:\/\/www.photoweb.fr\/espaces\/magazine\/photoweb-fait-sa-rentree-jeu-concours\/#breadcrumb\"},\"inLanguage\":\"fr-FR\",\"potentialAction\":[{\"@type\":\"ReadAction\",\"target\":[\"https:\/\/www.photoweb.fr\/espaces\/magazine\/photoweb-fait-sa-rentree-jeu-concours\/\"]}]},{\"@type\":\"BreadcrumbList\",\"@id\":\"https:\/\/www.photoweb.fr\/espaces\/magazine\/photoweb-fait-sa-rentree-jeu-concours\/#breadcrumb\",\"itemListElement\":[{\"@type\":\"ListItem\",\"position\":1,\"name\":\"Accueil\",\"item\":\"https:\/\/www.photoweb.fr\/espaces\/magazine\/\"},{\"@type\":\"ListItem\",\"position\":2,\"name\":\"Coulisses\",\"item\":\"https:\/\/www.photoweb.fr\/espaces\/magazine\/coulisses\/\"},{\"@type\":\"ListItem\",\"position\":3,\"name\":\"Photoweb fait sa rentr\u00e9e : jeu-concours !\"}]},{\"@type\":\"WebSite\",\"@id\":\"https:\/\/www.photoweb.fr\/espaces\/magazine\/#website\",\"url\":\"https:\/\/www.photoweb.fr\/espaces\/magazine\/\",\"name\":\"Photoweb, le mag\",\"description\":\"Le magazine de Photoweb\",\"publisher\":{\"@id\":\"https:\/\/www.photoweb.fr\/espaces\/magazine\/#organization\"},\"potentialAction\":[{\"@type\":\"SearchAction\",\"target\":{\"@type\":\"EntryPoint\",\"urlTemplate\":\"https:\/\/www.photoweb.fr\/espaces\/magazine\/?s={search_term_string}\"},\"query-input\":\"required name=search_term_string\"}],\"inLanguage\":\"fr-FR\"},{\"@type\":\"Organization\",\"@id\":\"https:\/\/www.photoweb.fr\/espaces\/magazine\/#organization\",\"name\":\"Photoweb\",\"url\":\"https:\/\/www.photoweb.fr\/espaces\/magazine\/\",\"logo\":{\"@type\":\"ImageObject\",\"inLanguage\":\"fr-FR\",\"@id\":\"https:\/\/www.photoweb.fr\/espaces\/magazine\/#\/schema\/logo\/image\/\",\"url\":\"https:\/\/www.photoweb.fr\/espaces\/magazine\/wp-content\/uploads\/2021\/02\/Logo-Photoweb.jpg\",\"contentUrl\":\"https:\/\/www.photoweb.fr\/espaces\/magazine\/wp-content\/uploads\/2021\/02\/Logo-Photoweb.jpg\",\"width\":780,\"height\":456,\"caption\":\"Photoweb\"},\"image\":{\"@id\":\"https:\/\/www.photoweb.fr\/espaces\/magazine\/#\/schema\/logo\/image\/\"},\"sameAs\":[\"https:\/\/fr-fr.facebook.com\/Photoweb.fr\/\",\"https:\/\/twitter.com\/Photoweb_fr\",\"https:\/\/www.instagram.com\/photowebfr\/\",\"https:\/\/www.linkedin.com\/company\/347094\/\",\"https:\/\/www.pinterest.fr\/inspirationsphotoweb\/_created\/\",\"https:\/\/www.youtube.com\/channel\/UCtcVmTvkAzKQLVkiwfOm8sg\"]},{\"@type\":\"Person\",\"@id\":\"https:\/\/www.photoweb.fr\/espaces\/magazine\/#\/schema\/person\/111451a615bb7cbe790bf8b1d6b24391\",\"name\":\"melanie\"}]}<\/script>\n<!-- \/ Yoast SEO plugin. -->","yoast_head_json":{"title":"Photoweb fait sa rentr\u00e9e : jeu-concours !","description":"En Septembre, vous allez vous r\u00e9veiller de bonne humeur ! Soyez pr\u00eats \u00e0 jouer chaque vendredi pour tenter de gagner de nombreux cadeaux avec Photoweb !","robots":{"index":"index","follow":"follow","max-snippet":"max-snippet:-1","max-image-preview":"max-image-preview:large","max-video-preview":"max-video-preview:-1"},"canonical":"https:\/\/www.photoweb.fr\/espaces\/magazine\/photoweb-fait-sa-rentree-jeu-concours\/","og_locale":"fr_FR","og_type":"article","og_title":"Photoweb fait sa rentr\u00e9e : jeu-concours !","og_description":"En Septembre, vous allez vous r\u00e9veiller de bonne humeur ! Soyez pr\u00eats \u00e0 jouer chaque vendredi pour tenter de gagner de nombreux cadeaux avec Photoweb !","og_url":"https:\/\/www.photoweb.fr\/espaces\/magazine\/photoweb-fait-sa-rentree-jeu-concours\/","og_site_name":"Photoweb, le mag","article_publisher":"https:\/\/fr-fr.facebook.com\/Photoweb.fr\/","article_published_time":"2017-08-30T13:56:48+00:00","article_modified_time":"2017-09-19T12:29:03+00:00","og_image":[{"width":1280,"height":960,"url":"https:\/\/www.photoweb.fr\/espaces\/magazine\/wp-content\/uploads\/2017\/08\/jeu-concours-rentree-photoweb.jpg","type":"image\/jpeg"}],"author":"melanie","twitter_card":"summary_large_image","twitter_creator":"@Photoweb_fr","twitter_site":"@Photoweb_fr","twitter_misc":{"\u00c9crit par":"melanie","Dur\u00e9e de lecture estim\u00e9e":"2 minutes"},"schema":{"@context":"https:\/\/schema.org","@graph":[{"@type":"Article","@id":"https:\/\/www.photoweb.fr\/espaces\/magazine\/photoweb-fait-sa-rentree-jeu-concours\/#article","isPartOf":{"@id":"https:\/\/www.photoweb.fr\/espaces\/magazine\/photoweb-fait-sa-rentree-jeu-concours\/"},"author":{"name":"melanie","@id":"https:\/\/www.photoweb.fr\/espaces\/magazine\/#\/schema\/person\/111451a615bb7cbe790bf8b1d6b24391"},"headline":"Photoweb fait sa rentr\u00e9e : jeu-concours !","datePublished":"2017-08-30T13:56:48+00:00","dateModified":"2017-09-19T12:29:03+00:00","mainEntityOfPage":{"@id":"https:\/\/www.photoweb.fr\/espaces\/magazine\/photoweb-fait-sa-rentree-jeu-concours\/"},"wordCount":353,"commentCount":8,"publisher":{"@id":"https:\/\/www.photoweb.fr\/espaces\/magazine\/#organization"},"articleSection":["Coulisses"],"inLanguage":"fr-FR","potentialAction":[{"@type":"CommentAction","name":"Comment","target":["https:\/\/www.photoweb.fr\/espaces\/magazine\/photoweb-fait-sa-rentree-jeu-concours\/#respond"]}]},{"@type":"WebPage","@id":"https:\/\/www.photoweb.fr\/espaces\/magazine\/photoweb-fait-sa-rentree-jeu-concours\/","url":"https:\/\/www.photoweb.fr\/espaces\/magazine\/photoweb-fait-sa-rentree-jeu-concours\/","name":"Photoweb fait sa rentr\u00e9e : jeu-concours !","isPartOf":{"@id":"https:\/\/www.photoweb.fr\/espaces\/magazine\/#website"},"datePublished":"2017-08-30T13:56:48+00:00","dateModified":"2017-09-19T12:29:03+00:00","description":"En Septembre, vous allez vous r\u00e9veiller de bonne humeur ! Soyez pr\u00eats \u00e0 jouer chaque vendredi pour tenter de gagner de nombreux cadeaux avec Photoweb !","breadcrumb":{"@id":"https:\/\/www.photoweb.fr\/espaces\/magazine\/photoweb-fait-sa-rentree-jeu-concours\/#breadcrumb"},"inLanguage":"fr-FR","potentialAction":[{"@type":"ReadAction","target":["https:\/\/www.photoweb.fr\/espaces\/magazine\/photoweb-fait-sa-rentree-jeu-concours\/"]}]},{"@type":"BreadcrumbList","@id":"https:\/\/www.photoweb.fr\/espaces\/magazine\/photoweb-fait-sa-rentree-jeu-concours\/#breadcrumb","itemListElement":[{"@type":"ListItem","position":1,"name":"Accueil","item":"https:\/\/www.photoweb.fr\/espaces\/magazine\/"},{"@type":"ListItem","position":2,"name":"Coulisses","item":"https:\/\/www.photoweb.fr\/espaces\/magazine\/coulisses\/"},{"@type":"ListItem","position":3,"name":"Photoweb fait sa rentr\u00e9e : jeu-concours !"}]},{"@type":"WebSite","@id":"https:\/\/www.photoweb.fr\/espaces\/magazine\/#website","url":"https:\/\/www.photoweb.fr\/espaces\/magazine\/","name":"Photoweb, le mag","description":"Le magazine de Photoweb","publisher":{"@id":"https:\/\/www.photoweb.fr\/espaces\/magazine\/#organization"},"potentialAction":[{"@type":"SearchAction","target":{"@type":"EntryPoint","urlTemplate":"https:\/\/www.photoweb.fr\/espaces\/magazine\/?s={search_term_string}"},"query-input":"required name=search_term_string"}],"inLanguage":"fr-FR"},{"@type":"Organization","@id":"https:\/\/www.photoweb.fr\/espaces\/magazine\/#organization","name":"Photoweb","url":"https:\/\/www.photoweb.fr\/espaces\/magazine\/","logo":{"@type":"ImageObject","inLanguage":"fr-FR","@id":"https:\/\/www.photoweb.fr\/espaces\/magazine\/#\/schema\/logo\/image\/","url":"https:\/\/www.photoweb.fr\/espaces\/magazine\/wp-content\/uploads\/2021\/02\/Logo-Photoweb.jpg","contentUrl":"https:\/\/www.photoweb.fr\/espaces\/magazine\/wp-content\/uploads\/2021\/02\/Logo-Photoweb.jpg","width":780,"height":456,"caption":"Photoweb"},"image":{"@id":"https:\/\/www.photoweb.fr\/espaces\/magazine\/#\/schema\/logo\/image\/"},"sameAs":["https:\/\/fr-fr.facebook.com\/Photoweb.fr\/","https:\/\/twitter.com\/Photoweb_fr","https:\/\/www.instagram.com\/photowebfr\/","https:\/\/www.linkedin.com\/company\/347094\/","https:\/\/www.pinterest.fr\/inspirationsphotoweb\/_created\/","https:\/\/www.youtube.com\/channel\/UCtcVmTvkAzKQLVkiwfOm8sg"]},{"@type":"Person","@id":"https:\/\/www.photoweb.fr\/espaces\/magazine\/#\/schema\/person\/111451a615bb7cbe790bf8b1d6b24391","name":"melanie"}]}},"acf":[],"_links":{"self":[{"href":"https:\/\/www.photoweb.fr\/espaces\/magazine\/wp-json\/wp\/v2\/posts\/1378","targetHints":{"allow":["GET"]}}],"collection":[{"href":"https:\/\/www.photoweb.fr\/espaces\/magazine\/wp-json\/wp\/v2\/posts"}],"about":[{"href":"https:\/\/www.photoweb.fr\/espaces\/magazine\/wp-json\/wp\/v2\/types\/post"}],"author":[{"embeddable":true,"href":"https:\/\/www.photoweb.fr\/espaces\/magazine\/wp-json\/wp\/v2\/users\/21"}],"replies":[{"embeddable":true,"href":"https:\/\/www.photoweb.fr\/espaces\/magazine\/wp-json\/wp\/v2\/comments?post=1378"}],"version-history":[{"count":0,"href":"https:\/\/www.photoweb.fr\/espaces\/magazine\/wp-json\/wp\/v2\/posts\/1378\/revisions"}],"wp:featuredmedia":[{"embeddable":true,"href":"https:\/\/www.photoweb.fr\/espaces\/magazine\/wp-json\/wp\/v2\/media\/1383"}],"wp:attachment":[{"href":"https:\/\/www.photoweb.fr\/espaces\/magazine\/wp-json\/wp\/v2\/media?parent=1378"}],"wp:term":[{"taxonomy":"category","embeddable":true,"href":"https:\/\/www.photoweb.fr\/espaces\/magazine\/wp-json\/wp\/v2\/categories?post=1378"},{"taxonomy":"post_tag","embeddable":true,"href":"https:\/\/www.photoweb.fr\/espaces\/magazine\/wp-json\/wp\/v2\/tags?post=1378"}],"curies":[{"name":"wp","href":"https:\/\/api.w.org\/{rel}","templated":true}]}}