{"id":13939,"date":"2025-04-03T16:02:24","date_gmt":"2025-04-03T14:02:24","guid":{"rendered":"https:\/\/www.photoweb.fr\/espaces\/magazine\/?p=13939"},"modified":"2026-03-19T17:00:57","modified_gmt":"2026-03-19T15:00:57","slug":"livre-photo-fete-des-meres","status":"publish","type":"post","link":"https:\/\/www.photoweb.fr\/espaces\/magazine\/livre-photo-fete-des-meres\/","title":{"rendered":"Un livre photo comme journal de gratitude : le cadeau parfait pour maman."},"content":{"rendered":"\n\n\t<p>La f\u00eate des m\u00e8res est le moment id\u00e9al pour c\u00e9l\u00e9brer celle qui a toujours \u00e9t\u00e9 l\u00e0 pour vous.<\/p>\n<p>Envie d&rsquo;un <a href=\"https:\/\/www.photoweb.fr\/cadeaux-personnalises\">cadeau<\/a> qui a du sens ? Cr\u00e9ez un livre photo transform\u00e9 en journal de gratitude, m\u00ealant souvenirs pr\u00e9cieux et mots sinc\u00e8res <img decoding=\"async\" role=\"img\" draggable=\"false\" src=\"https:\/\/s.w.org\/images\/core\/emoji\/14.0.0\/svg\/1f49b.svg\" alt=\"\ud83d\udc9b\" \/><\/p>\n\t<h2>Pourquoi un livre photo en guise de journal de gratitude lors de la f\u00eate des m\u00e8res ?<\/h2>\n<p>Un journal de gratitude permet de se souvenir des moments importants et de ce pour quoi l&rsquo;on est reconnaissant. Pourquoi ne pas l&rsquo;adapter \u00e0 un livre photo ?<\/p>\n<p>Ce <a href=\"https:\/\/www.photoweb.fr\/cadeaux-personnalises\">cadeau personnalis\u00e9<\/a> devient un objet rempli d&rsquo;\u00e9motion que votre maman pourra ch\u00e9rir et feuilleter pendant des ann\u00e9es. Bien plus qu&rsquo;un album, il m\u00eale souvenirs et mots sinc\u00e8res, pour revivre les moments marquants et lui rappeler combien elle compte \ud83d\udc9b<\/p>\n\n\t\t\t<a href=\"https:\/\/www.photoweb.fr\/livre-photo\" target=\"_self\" role=\"button\" rel=\"noopener\">\n\t\t\t\t\t\t\tJe d\u00e9couvre les livres photos\n\t\t\t\t\t<\/a>\n\t<p>&nbsp;<\/p>\n<h2>Comment cr\u00e9er un livre photo de gratitude pour la f\u00eate des m\u00e8res ?<\/h2>\n<h3>1. S\u00e9lectionner les moments marquants<\/h3>\n<p>Pour cr\u00e9er votre livre photo de gratitude, commencez par s\u00e9lectionner les images les plus repr\u00e9sentatives de votre histoire avec votre maman : moments de complicit\u00e9, \u00e9v\u00e9nements marquants, voyages, anniversaires, mais aussi instants simples du quotidien comme un d\u00e9jeuner en famille ou une promenade.<\/p>\n<p>Car ce livre ne se limite pas \u00e0 des photos, il raconte une histoire&#8230; et ce sont souvent les petits moments qui ont le plus de valeur <img decoding=\"async\" role=\"img\" draggable=\"false\" src=\"https:\/\/s.w.org\/images\/core\/emoji\/14.0.0\/svg\/1f49b.svg\" alt=\"\ud83d\udc9b\" \/><\/p>\n<h3 data-start=\"904\" data-end=\"1111\">2. Ajouter des messages de gratitude dans votre cadeau personnalis\u00e9<\/h3>\n<p>Accompagner chaque photo d&rsquo;un message de gratitude est essentiel pour transformer ce livre en v\u00e9ritable d\u00e9claration d&rsquo;amour. L&rsquo;id\u00e9e est d&rsquo;exprimer simplement et sinc\u00e8rement ce que ces souvenirs repr\u00e9sentent pour vous.<\/p>\n<p>Quelques mots peuvent suffire : la remercier pour sa pr\u00e9sence, son soutien ou les moments partag\u00e9s. Ces messages apportent une dimension encore plus \u00e9motive \u00e0 chaque page. Vous pouvez aussi y ajouter des anecdotes ou souvenirs marquants qui rendent votre histoire unique <img decoding=\"async\" role=\"img\" draggable=\"false\" src=\"https:\/\/s.w.org\/images\/core\/emoji\/14.0.0\/svg\/1f49b.svg\" alt=\"\ud83d\udc9b\" \/><\/p>\n<h3 data-start=\"1335\" data-end=\"1563\">3. Impliquer toute la famille dans la cr\u00e9ation du livre photo<\/h3>\n<p>Pour rendre ce livre encore plus sp\u00e9cial, pourquoi ne pas y faire participer toute la famille ? Chacun peut y ajouter quelques mots : fr\u00e8res et s\u0153urs, enfants, voire grands-parents.<\/p>\n<p>M\u00eame les plus jeunes peuvent contribuer avec un mot doux ou un souvenir en image. Ces petites attentions donnent au livre une dimension collective et le rendent encore plus pr\u00e9cieux.<\/p>\n<p>Un vrai t\u00e9moignage d&rsquo;amour et d&rsquo;unit\u00e9 familiale, qui touchera votre maman en plein c\u0153ur <img decoding=\"async\" role=\"img\" draggable=\"false\" src=\"https:\/\/s.w.org\/images\/core\/emoji\/14.0.0\/svg\/1f49b.svg\" alt=\"\ud83d\udc9b\" \/><\/p>\n\t\t\t\t<img loading=\"lazy\" decoding=\"async\" src=\"https:\/\/www.photoweb.fr\/espaces\/magazine\/wp-content\/uploads\/2025\/04\/post-RS-20-x-14-cm-3.png\" alt=\"post-RS (20 x 14 cm) (3)\" itemprop=\"image\" height=\"1050\" width=\"1500\" title=\"post-RS (20 x 14 cm) (3)\" onerror=\"this.style.display='none'\"  \/>\n\t<h3 data-start=\"1565\" data-end=\"1751\">4. Personnaliser la mise en page de votre cadeau photo<\/h3>\n<p>Une fois vos photos et messages s\u00e9lectionn\u00e9s, place \u00e0 la cr\u00e9ation de la mise en page du livre photo. Plusieurs formats s&rsquo;offrent \u00e0 vous, chacun avec ses avantages.<\/p>\n<ul>\n<li><a href=\"https:\/\/www.photoweb.fr\/livre-photo\/livre-photo-carre\">Le format carr\u00e9<\/a> est id\u00e9al pour un rendu \u00e9quilibr\u00e9 et intemporel, tandis que le format portrait permet d&rsquo;ajouter davantage de textes et de l\u00e9gendes.<\/li>\n<li>Pour un effet plus moderne et immersif, le <a href=\"https:\/\/www.photoweb.fr\/livre-photo-paysage-luxe-ouverture-a-plat\">format paysage luxe ouverture \u00e0 plat<\/a> met particuli\u00e8rement en valeur les paysages et les grandes sc\u00e8nes familiales.<\/li>\n<\/ul>\n<p>&nbsp;<\/p>\n<p>Choisissez ensuite un design qui vous ressemble, \u00e0 vous et \u00e0 votre maman. Variez les mises en page en alternant photos en pleine page, collages ou mosa\u00efques pour donner du rythme \u00e0 votre livre. Vous pouvez \u00e9galement jouer avec diff\u00e9rents fonds pour enrichir l&rsquo;ensemble.<\/p>\n<p>C\u00f4t\u00e9 couleurs, privil\u00e9giez des tons doux et chaleureux comme les pastels, le rose, le bleu clair ou encore des nuances plus solaires. Ajoutez enfin quelques \u00e9l\u00e9ments graphiques discrets, comme des c\u0153urs ou des fleurs, pour apporter une touche de tendresse \u00e0 votre cr\u00e9ation <img decoding=\"async\" role=\"img\" draggable=\"false\" src=\"https:\/\/s.w.org\/images\/core\/emoji\/14.0.0\/svg\/1f49b.svg\" alt=\"\ud83d\udc9b\" \/><\/p>\n\t\t\t<a href=\"https:\/\/www.photoweb.fr\/livre-photo\" target=\"_self\" role=\"button\" rel=\"noopener\">\n\t\t\t\t\t\t\tJe cr\u00e9e mon livre photo\n\t\t\t\t\t<\/a>\n\t<h2 data-start=\"1565\" data-end=\"1751\">Un cadeau photo personnalis\u00e9 qui fait du bien au c\u0153ur<\/h2>\n<p>Le livre photo en guise de journal de gratitude est un cadeau unique, \u00e0 la fois personnel et rempli d&rsquo;\u00e9motion. Il raconte une histoire, c\u00e9l\u00e8bre l&rsquo;amour familial et permet d&rsquo;exprimer des sentiments parfois difficiles \u00e0 dire.<\/p>\n<p>Bien plus qu&rsquo;un simple album, il m\u00eale souvenirs, messages et moments pr\u00e9cieux pour montrer tout votre amour. \u00c0 chaque page, votre maman pourra revivre ces instants et ressentir toute l&rsquo;attention qui lui est port\u00e9e.<\/p>\n<p>Un v\u00e9ritable tr\u00e9sor, qu&rsquo;elle conservera et ch\u00e9rira pendant de nombreuses ann\u00e9es \ud83d\udc9b<\/p>\n\t1.2.3.\nimprimez&#8239;!\n\t\t\t\t<a href=\"https:\/\/www.photoweb.fr\/mini-livre-photo-carre-souple\" target=\"_blank\" rel=\"noopener\" itemprop=\"url\">\n\t\t\t\t<img loading=\"lazy\" decoding=\"async\" src=\"https:\/\/www.photoweb.fr\/espaces\/magazine\/wp-content\/uploads\/2023\/05\/mini-livre-photo-carre.png\" alt=\"mini livre photo carr\u00e9\" itemprop=\"image\" height=\"600\" width=\"600\" title=\"mini livre photo carr\u00e9\" onerror=\"this.style.display='none'\"  \/>\n\t\t\t\t<\/a>\n\t<a target=\"_blank\" href=\"https:\/\/www.photoweb.fr\/mini-livre-photo-carre-souple\" rel=\"noopener\">\nCr\u00e9ez votre mini livre carr\u00e9 souple<\/a>\n\t\t\t\t<a href=\"https:\/\/www.photoweb.fr\/livre-photo-fenetre-vacances\" target=\"_blank\" rel=\"noopener\" itemprop=\"url\">\n\t\t\t\t<img loading=\"lazy\" decoding=\"async\" src=\"https:\/\/www.photoweb.fr\/espaces\/magazine\/wp-content\/uploads\/2023\/05\/livre-photo-paysage-a-fene^tres.png\" alt=\"livre photo paysage \u00e0 fene^tres\" itemprop=\"image\" height=\"600\" width=\"600\" title=\"livre photo paysage \u00e0 fene^tres\" onerror=\"this.style.display='none'\"  \/>\n\t\t\t\t<\/a>\n\t<a target=\"_blank\" href=\"https:\/\/www.photoweb.fr\/livre-photo-fenetre-vacances\" rel=\"noopener\">\nCr\u00e9ez votre livre  paysage \u00e0 fen\u00eatre<\/a>\n\t\t\t\t<a href=\"https:\/\/www.photoweb.fr\/livre-photo-paysage-rigide\" target=\"_blank\" rel=\"noopener\" itemprop=\"url\">\n\t\t\t\t<img loading=\"lazy\" decoding=\"async\" src=\"https:\/\/www.photoweb.fr\/espaces\/magazine\/wp-content\/uploads\/2023\/05\/livre-retrospective.png\" alt=\"livre r\u00e9trospective\" itemprop=\"image\" height=\"600\" width=\"600\" title=\"livre r\u00e9trospective\" onerror=\"this.style.display='none'\"  \/>\n\t\t\t\t<\/a>\n\t<a target=\"_blank\" href=\"https:\/\/www.photoweb.fr\/livre-photo-paysage-rigide\" rel=\"noopener\">\nCr\u00e9ez votre livre photo paysage<\/a>\n\n","protected":false},"excerpt":{"rendered":"<p>La f\u00eate des m\u00e8res est le moment id\u00e9al pour c\u00e9l\u00e9brer celle qui a toujours \u00e9t\u00e9 l\u00e0 pour vous. Envie d&rsquo;un cadeau qui a du sens ? Cr\u00e9ez un livre photo transform\u00e9 en journal de gratitude, m\u00ealant souvenirs pr\u00e9cieux et mots sinc\u00e8res Pourquoi un livre photo en guise de journal de gratitude lors de la f\u00eate&hellip;<\/p>\n","protected":false},"author":1,"featured_media":15099,"comment_status":"open","ping_status":"open","sticky":false,"template":"single-standard.php","format":"standard","meta":{"footnotes":""},"categories":[18],"tags":[],"class_list":["post-13939","post","type-post","status-publish","format-standard","has-post-thumbnail","hentry","category-conseils-expets"],"yoast_head":"<!-- This site is optimized with the Yoast SEO plugin v20.3 - https:\/\/yoast.com\/wordpress\/plugins\/seo\/ -->\n<title>Livre photo : Un journal de gratitude pour la f\u00eate des m\u00e8res<\/title>\n<meta name=\"description\" content=\"Pour la f\u00eate des m\u00e8res optez pour un livre photo sous la forme d&#039;un journal de gratitude. Un cadeau personnalis\u00e9 plein d&#039;\u00e9motion.\" \/>\n<meta name=\"robots\" content=\"index, follow, max-snippet:-1, max-image-preview:large, max-video-preview:-1\" \/>\n<link rel=\"canonical\" href=\"https:\/\/www.photoweb.fr\/espaces\/magazine\/livre-photo-fete-des-meres\/\" \/>\n<meta property=\"og:locale\" content=\"fr_FR\" \/>\n<meta property=\"og:type\" content=\"article\" \/>\n<meta property=\"og:title\" content=\"Livre photo : Un journal de gratitude pour la f\u00eate des m\u00e8res\" \/>\n<meta property=\"og:description\" content=\"Pour la f\u00eate des m\u00e8res optez pour un livre photo sous la forme d&#039;un journal de gratitude. Un cadeau personnalis\u00e9 plein d&#039;\u00e9motion.\" \/>\n<meta property=\"og:url\" content=\"https:\/\/www.photoweb.fr\/espaces\/magazine\/livre-photo-fete-des-meres\/\" \/>\n<meta property=\"og:site_name\" content=\"Photoweb, le mag\" \/>\n<meta property=\"article:publisher\" content=\"https:\/\/fr-fr.facebook.com\/Photoweb.fr\/\" \/>\n<meta property=\"article:published_time\" content=\"2025-04-03T14:02:24+00:00\" \/>\n<meta property=\"article:modified_time\" content=\"2026-03-19T15:00:57+00:00\" \/>\n<meta property=\"og:image\" content=\"https:\/\/www.photoweb.fr\/espaces\/magazine\/wp-content\/uploads\/2025\/04\/Visuels-MAG-800-x-600-px-800-x-800-px.png\" \/>\n\t<meta property=\"og:image:width\" content=\"800\" \/>\n\t<meta property=\"og:image:height\" content=\"800\" \/>\n\t<meta property=\"og:image:type\" content=\"image\/png\" \/>\n<meta name=\"author\" content=\"admin-photoweb\" \/>\n<meta name=\"twitter:card\" content=\"summary_large_image\" \/>\n<meta name=\"twitter:creator\" content=\"@Photoweb_fr\" \/>\n<meta name=\"twitter:site\" content=\"@Photoweb_fr\" \/>\n<meta name=\"twitter:label1\" content=\"\u00c9crit par\" \/>\n\t<meta name=\"twitter:data1\" content=\"admin-photoweb\" \/>\n\t<meta name=\"twitter:label2\" content=\"Dur\u00e9e de lecture estim\u00e9e\" \/>\n\t<meta name=\"twitter:data2\" content=\"6 minutes\" \/>\n<script type=\"application\/ld+json\" class=\"yoast-schema-graph\">{\"@context\":\"https:\/\/schema.org\",\"@graph\":[{\"@type\":\"Article\",\"@id\":\"https:\/\/www.photoweb.fr\/espaces\/magazine\/livre-photo-fete-des-meres\/#article\",\"isPartOf\":{\"@id\":\"https:\/\/www.photoweb.fr\/espaces\/magazine\/livre-photo-fete-des-meres\/\"},\"author\":{\"name\":\"admin-photoweb\",\"@id\":\"https:\/\/www.photoweb.fr\/espaces\/magazine\/#\/schema\/person\/9e5908a4ddf51b8d8dad388bf38fc3dc\"},\"headline\":\"Un livre photo comme journal de gratitude : le cadeau parfait pour maman.\",\"datePublished\":\"2025-04-03T14:02:24+00:00\",\"dateModified\":\"2026-03-19T15:00:57+00:00\",\"mainEntityOfPage\":{\"@id\":\"https:\/\/www.photoweb.fr\/espaces\/magazine\/livre-photo-fete-des-meres\/\"},\"wordCount\":732,\"commentCount\":0,\"publisher\":{\"@id\":\"https:\/\/www.photoweb.fr\/espaces\/magazine\/#organization\"},\"articleSection\":[\"Conseils experts\"],\"inLanguage\":\"fr-FR\",\"potentialAction\":[{\"@type\":\"CommentAction\",\"name\":\"Comment\",\"target\":[\"https:\/\/www.photoweb.fr\/espaces\/magazine\/livre-photo-fete-des-meres\/#respond\"]}]},{\"@type\":\"WebPage\",\"@id\":\"https:\/\/www.photoweb.fr\/espaces\/magazine\/livre-photo-fete-des-meres\/\",\"url\":\"https:\/\/www.photoweb.fr\/espaces\/magazine\/livre-photo-fete-des-meres\/\",\"name\":\"Livre photo : Un journal de gratitude pour la f\u00eate des m\u00e8res\",\"isPartOf\":{\"@id\":\"https:\/\/www.photoweb.fr\/espaces\/magazine\/#website\"},\"datePublished\":\"2025-04-03T14:02:24+00:00\",\"dateModified\":\"2026-03-19T15:00:57+00:00\",\"description\":\"Pour la f\u00eate des m\u00e8res optez pour un livre photo sous la forme d'un journal de gratitude. Un cadeau personnalis\u00e9 plein d'\u00e9motion.\",\"breadcrumb\":{\"@id\":\"https:\/\/www.photoweb.fr\/espaces\/magazine\/livre-photo-fete-des-meres\/#breadcrumb\"},\"inLanguage\":\"fr-FR\",\"potentialAction\":[{\"@type\":\"ReadAction\",\"target\":[\"https:\/\/www.photoweb.fr\/espaces\/magazine\/livre-photo-fete-des-meres\/\"]}]},{\"@type\":\"BreadcrumbList\",\"@id\":\"https:\/\/www.photoweb.fr\/espaces\/magazine\/livre-photo-fete-des-meres\/#breadcrumb\",\"itemListElement\":[{\"@type\":\"ListItem\",\"position\":1,\"name\":\"Accueil\",\"item\":\"https:\/\/www.photoweb.fr\/espaces\/magazine\/\"},{\"@type\":\"ListItem\",\"position\":2,\"name\":\"Conseils experts\",\"item\":\"https:\/\/www.photoweb.fr\/espaces\/magazine\/conseils-expets\/\"},{\"@type\":\"ListItem\",\"position\":3,\"name\":\"Un livre photo comme journal de gratitude : le cadeau parfait pour maman.\"}]},{\"@type\":\"WebSite\",\"@id\":\"https:\/\/www.photoweb.fr\/espaces\/magazine\/#website\",\"url\":\"https:\/\/www.photoweb.fr\/espaces\/magazine\/\",\"name\":\"Photoweb, le mag\",\"description\":\"Le magazine de Photoweb\",\"publisher\":{\"@id\":\"https:\/\/www.photoweb.fr\/espaces\/magazine\/#organization\"},\"potentialAction\":[{\"@type\":\"SearchAction\",\"target\":{\"@type\":\"EntryPoint\",\"urlTemplate\":\"https:\/\/www.photoweb.fr\/espaces\/magazine\/?s={search_term_string}\"},\"query-input\":\"required name=search_term_string\"}],\"inLanguage\":\"fr-FR\"},{\"@type\":\"Organization\",\"@id\":\"https:\/\/www.photoweb.fr\/espaces\/magazine\/#organization\",\"name\":\"Photoweb\",\"url\":\"https:\/\/www.photoweb.fr\/espaces\/magazine\/\",\"logo\":{\"@type\":\"ImageObject\",\"inLanguage\":\"fr-FR\",\"@id\":\"https:\/\/www.photoweb.fr\/espaces\/magazine\/#\/schema\/logo\/image\/\",\"url\":\"https:\/\/www.photoweb.fr\/espaces\/magazine\/wp-content\/uploads\/2021\/02\/Logo-Photoweb.jpg\",\"contentUrl\":\"https:\/\/www.photoweb.fr\/espaces\/magazine\/wp-content\/uploads\/2021\/02\/Logo-Photoweb.jpg\",\"width\":780,\"height\":456,\"caption\":\"Photoweb\"},\"image\":{\"@id\":\"https:\/\/www.photoweb.fr\/espaces\/magazine\/#\/schema\/logo\/image\/\"},\"sameAs\":[\"https:\/\/fr-fr.facebook.com\/Photoweb.fr\/\",\"https:\/\/twitter.com\/Photoweb_fr\",\"https:\/\/www.instagram.com\/photowebfr\/\",\"https:\/\/www.linkedin.com\/company\/347094\/\",\"https:\/\/www.pinterest.fr\/inspirationsphotoweb\/_created\/\",\"https:\/\/www.youtube.com\/channel\/UCtcVmTvkAzKQLVkiwfOm8sg\"]},{\"@type\":\"Person\",\"@id\":\"https:\/\/www.photoweb.fr\/espaces\/magazine\/#\/schema\/person\/9e5908a4ddf51b8d8dad388bf38fc3dc\",\"name\":\"admin-photoweb\"}]}<\/script>\n<!-- \/ Yoast SEO plugin. -->","yoast_head_json":{"title":"Livre photo : Un journal de gratitude pour la f\u00eate des m\u00e8res","description":"Pour la f\u00eate des m\u00e8res optez pour un livre photo sous la forme d'un journal de gratitude. Un cadeau personnalis\u00e9 plein d'\u00e9motion.","robots":{"index":"index","follow":"follow","max-snippet":"max-snippet:-1","max-image-preview":"max-image-preview:large","max-video-preview":"max-video-preview:-1"},"canonical":"https:\/\/www.photoweb.fr\/espaces\/magazine\/livre-photo-fete-des-meres\/","og_locale":"fr_FR","og_type":"article","og_title":"Livre photo : Un journal de gratitude pour la f\u00eate des m\u00e8res","og_description":"Pour la f\u00eate des m\u00e8res optez pour un livre photo sous la forme d'un journal de gratitude. Un cadeau personnalis\u00e9 plein d'\u00e9motion.","og_url":"https:\/\/www.photoweb.fr\/espaces\/magazine\/livre-photo-fete-des-meres\/","og_site_name":"Photoweb, le mag","article_publisher":"https:\/\/fr-fr.facebook.com\/Photoweb.fr\/","article_published_time":"2025-04-03T14:02:24+00:00","article_modified_time":"2026-03-19T15:00:57+00:00","og_image":[{"width":800,"height":800,"url":"https:\/\/www.photoweb.fr\/espaces\/magazine\/wp-content\/uploads\/2025\/04\/Visuels-MAG-800-x-600-px-800-x-800-px.png","type":"image\/png"}],"author":"admin-photoweb","twitter_card":"summary_large_image","twitter_creator":"@Photoweb_fr","twitter_site":"@Photoweb_fr","twitter_misc":{"\u00c9crit par":"admin-photoweb","Dur\u00e9e de lecture estim\u00e9e":"6 minutes"},"schema":{"@context":"https:\/\/schema.org","@graph":[{"@type":"Article","@id":"https:\/\/www.photoweb.fr\/espaces\/magazine\/livre-photo-fete-des-meres\/#article","isPartOf":{"@id":"https:\/\/www.photoweb.fr\/espaces\/magazine\/livre-photo-fete-des-meres\/"},"author":{"name":"admin-photoweb","@id":"https:\/\/www.photoweb.fr\/espaces\/magazine\/#\/schema\/person\/9e5908a4ddf51b8d8dad388bf38fc3dc"},"headline":"Un livre photo comme journal de gratitude : le cadeau parfait pour maman.","datePublished":"2025-04-03T14:02:24+00:00","dateModified":"2026-03-19T15:00:57+00:00","mainEntityOfPage":{"@id":"https:\/\/www.photoweb.fr\/espaces\/magazine\/livre-photo-fete-des-meres\/"},"wordCount":732,"commentCount":0,"publisher":{"@id":"https:\/\/www.photoweb.fr\/espaces\/magazine\/#organization"},"articleSection":["Conseils experts"],"inLanguage":"fr-FR","potentialAction":[{"@type":"CommentAction","name":"Comment","target":["https:\/\/www.photoweb.fr\/espaces\/magazine\/livre-photo-fete-des-meres\/#respond"]}]},{"@type":"WebPage","@id":"https:\/\/www.photoweb.fr\/espaces\/magazine\/livre-photo-fete-des-meres\/","url":"https:\/\/www.photoweb.fr\/espaces\/magazine\/livre-photo-fete-des-meres\/","name":"Livre photo : Un journal de gratitude pour la f\u00eate des m\u00e8res","isPartOf":{"@id":"https:\/\/www.photoweb.fr\/espaces\/magazine\/#website"},"datePublished":"2025-04-03T14:02:24+00:00","dateModified":"2026-03-19T15:00:57+00:00","description":"Pour la f\u00eate des m\u00e8res optez pour un livre photo sous la forme d'un journal de gratitude. Un cadeau personnalis\u00e9 plein d'\u00e9motion.","breadcrumb":{"@id":"https:\/\/www.photoweb.fr\/espaces\/magazine\/livre-photo-fete-des-meres\/#breadcrumb"},"inLanguage":"fr-FR","potentialAction":[{"@type":"ReadAction","target":["https:\/\/www.photoweb.fr\/espaces\/magazine\/livre-photo-fete-des-meres\/"]}]},{"@type":"BreadcrumbList","@id":"https:\/\/www.photoweb.fr\/espaces\/magazine\/livre-photo-fete-des-meres\/#breadcrumb","itemListElement":[{"@type":"ListItem","position":1,"name":"Accueil","item":"https:\/\/www.photoweb.fr\/espaces\/magazine\/"},{"@type":"ListItem","position":2,"name":"Conseils experts","item":"https:\/\/www.photoweb.fr\/espaces\/magazine\/conseils-expets\/"},{"@type":"ListItem","position":3,"name":"Un livre photo comme journal de gratitude : le cadeau parfait pour maman."}]},{"@type":"WebSite","@id":"https:\/\/www.photoweb.fr\/espaces\/magazine\/#website","url":"https:\/\/www.photoweb.fr\/espaces\/magazine\/","name":"Photoweb, le mag","description":"Le magazine de Photoweb","publisher":{"@id":"https:\/\/www.photoweb.fr\/espaces\/magazine\/#organization"},"potentialAction":[{"@type":"SearchAction","target":{"@type":"EntryPoint","urlTemplate":"https:\/\/www.photoweb.fr\/espaces\/magazine\/?s={search_term_string}"},"query-input":"required name=search_term_string"}],"inLanguage":"fr-FR"},{"@type":"Organization","@id":"https:\/\/www.photoweb.fr\/espaces\/magazine\/#organization","name":"Photoweb","url":"https:\/\/www.photoweb.fr\/espaces\/magazine\/","logo":{"@type":"ImageObject","inLanguage":"fr-FR","@id":"https:\/\/www.photoweb.fr\/espaces\/magazine\/#\/schema\/logo\/image\/","url":"https:\/\/www.photoweb.fr\/espaces\/magazine\/wp-content\/uploads\/2021\/02\/Logo-Photoweb.jpg","contentUrl":"https:\/\/www.photoweb.fr\/espaces\/magazine\/wp-content\/uploads\/2021\/02\/Logo-Photoweb.jpg","width":780,"height":456,"caption":"Photoweb"},"image":{"@id":"https:\/\/www.photoweb.fr\/espaces\/magazine\/#\/schema\/logo\/image\/"},"sameAs":["https:\/\/fr-fr.facebook.com\/Photoweb.fr\/","https:\/\/twitter.com\/Photoweb_fr","https:\/\/www.instagram.com\/photowebfr\/","https:\/\/www.linkedin.com\/company\/347094\/","https:\/\/www.pinterest.fr\/inspirationsphotoweb\/_created\/","https:\/\/www.youtube.com\/channel\/UCtcVmTvkAzKQLVkiwfOm8sg"]},{"@type":"Person","@id":"https:\/\/www.photoweb.fr\/espaces\/magazine\/#\/schema\/person\/9e5908a4ddf51b8d8dad388bf38fc3dc","name":"admin-photoweb"}]}},"acf":[],"_links":{"self":[{"href":"https:\/\/www.photoweb.fr\/espaces\/magazine\/wp-json\/wp\/v2\/posts\/13939","targetHints":{"allow":["GET"]}}],"collection":[{"href":"https:\/\/www.photoweb.fr\/espaces\/magazine\/wp-json\/wp\/v2\/posts"}],"about":[{"href":"https:\/\/www.photoweb.fr\/espaces\/magazine\/wp-json\/wp\/v2\/types\/post"}],"author":[{"embeddable":true,"href":"https:\/\/www.photoweb.fr\/espaces\/magazine\/wp-json\/wp\/v2\/users\/1"}],"replies":[{"embeddable":true,"href":"https:\/\/www.photoweb.fr\/espaces\/magazine\/wp-json\/wp\/v2\/comments?post=13939"}],"version-history":[{"count":10,"href":"https:\/\/www.photoweb.fr\/espaces\/magazine\/wp-json\/wp\/v2\/posts\/13939\/revisions"}],"predecessor-version":[{"id":15101,"href":"https:\/\/www.photoweb.fr\/espaces\/magazine\/wp-json\/wp\/v2\/posts\/13939\/revisions\/15101"}],"wp:featuredmedia":[{"embeddable":true,"href":"https:\/\/www.photoweb.fr\/espaces\/magazine\/wp-json\/wp\/v2\/media\/15099"}],"wp:attachment":[{"href":"https:\/\/www.photoweb.fr\/espaces\/magazine\/wp-json\/wp\/v2\/media?parent=13939"}],"wp:term":[{"taxonomy":"category","embeddable":true,"href":"https:\/\/www.photoweb.fr\/espaces\/magazine\/wp-json\/wp\/v2\/categories?post=13939"},{"taxonomy":"post_tag","embeddable":true,"href":"https:\/\/www.photoweb.fr\/espaces\/magazine\/wp-json\/wp\/v2\/tags?post=13939"}],"curies":[{"name":"wp","href":"https:\/\/api.w.org\/{rel}","templated":true}]}}