{"id":14005,"date":"2025-04-10T11:17:30","date_gmt":"2025-04-10T09:17:30","guid":{"rendered":"https:\/\/www.photoweb.fr\/espaces\/magazine\/?p=14005"},"modified":"2025-04-11T17:10:37","modified_gmt":"2025-04-11T15:10:37","slug":"livre-photo-personnalise-2","status":"publish","type":"post","link":"https:\/\/www.photoweb.fr\/espaces\/magazine\/livre-photo-personnalise-2\/","title":{"rendered":"L\u2019art de raconter une histoire avec ses photos : cr\u00e9er un livre photo personnalis\u00e9"},"content":{"rendered":"\r\n<p>On prend tous beaucoup de photos, presque sans y penser. Avec un smartphone toujours \u00e0 port\u00e9e de main, on capture les vacances, les anniversaires, les balades, les petits moments du quotidien. Ces images s&rsquo;accumulent mais on ne les regarde presque jamais. Elles restent dans la galerie du t\u00e9l\u00e9phone ou dans un dossier oubli\u00e9 sur un ordinateur.<\/p>\r\n<p>C&rsquo;est dommage, non ? Car ces photos racontent votre histoire.<\/p>\r\n<p>Cr\u00e9er un <a href=\"https:\/\/www.photoweb.fr\/livre-photo\">livre photo<\/a> personnalis\u00e9, c&rsquo;est une fa\u00e7on simple et agr\u00e9able de redonner vie \u00e0 tous ces souvenirs. C&rsquo;est aussi un moyen de prendre du recul, de se souvenir des bons moments, et de les partager autrement qu&rsquo;\u00e0 travers un \u00e9cran. De plus, c&rsquo;est un <a href=\"https:\/\/www.photoweb.fr\/cadeaux-personnalises\">cadeau personnalis\u00e9<\/a> qui fait toujours extr\u00eamement plaisir.<\/p>\r\n<h2 data-start=\"747\" data-end=\"902\">Pourquoi un livre photo doit raconter une histoire ?<\/h2>\r\n<p>Faire un <a href=\"https:\/\/www.photoweb.fr\/livre-photo\">album photo personnalis\u00e9<\/a> ne se limite pas simplement \u00e0 collecter des images. L&rsquo;objectif est de raconter une histoire, de donner un sens aux moments captur\u00e9s. Chaque photo peut \u00e9voquer une \u00e9motion, un souvenir particulier. En organisant vos images de fa\u00e7on chronologique ou th\u00e9matique, vous offrez \u00e0 vos lecteurs un v\u00e9ritable voyage \u00e0 travers vos souvenirs. Cela permet de revivre l&rsquo;exp\u00e9rience, de se replonger dans l&rsquo;atmosph\u00e8re de ce voyage, de ce moment familial, ou m\u00eame de cette journ\u00e9e ordinaire qui a finalement marqu\u00e9 votre quotidien. Quand l&rsquo;album raconte une histoire, chaque page devient plus qu&rsquo;une simple photo. C&rsquo;est cette narration visuelle qui rend l&rsquo;album si pr\u00e9cieux.<\/p>\r\n<h3>L&rsquo;importance d&rsquo;ajouter du texte ?<\/h3>\r\n<p>Ajouter du texte dans un livre photo personnalis\u00e9 n&rsquo;est pas juste une option, c&rsquo;est souvent ce qui permet de renforcer l&rsquo;impact \u00e9motionnel. Une simple date, une anecdote, ou une citation peut transformer une belle <a href=\"https:\/\/www.photoweb.fr\/tirage-photo\">photo<\/a> en un souvenir encore plus vivant. Le texte permet de contextualiser l&rsquo;image, de partager vos pens\u00e9es ou de transmettre une \u00e9motion qui, sans lui, pourrait se perdre. Il n&rsquo;est pas n\u00e9cessaire de r\u00e9diger de longs paragraphes, parfois une phrase suffit. Que ce soit pour d\u00e9crire un moment particulier ou exprimer un sentiment, quelques mots peuvent marquer la diff\u00e9rence. Vous pouvez aussi ajouter des petites l\u00e9gendes pour chaque photo, qui permettront de mieux comprendre pourquoi ce moment est important pour vous. En int\u00e9grant du texte, vous personnalisez vraiment votre album et le rendez unique.<\/p>\r\n<h3>Pourquoi faire un album photo ?<\/h3>\r\n<p>On pourrait se dire que tout est d\u00e9j\u00e0 stock\u00e9 sur le cloud, que \u00e7a suffit. Mais avoir un album photo entre les mains, c&rsquo;est diff\u00e9rent. C&rsquo;est un objet que l&rsquo;on peut garder, offrir, feuilleter quand on en a envie. Pas besoin d&rsquo;avoir une connexion ou un appareil charg\u00e9 : tout est l\u00e0, sur papier.<\/p>\r\n<p>C&rsquo;est aussi une fa\u00e7on de faire une pause. De trier, de choisir les bonnes images, de leur donner un ordre, un sens. Ce processus, aussi simple soit-il, permet souvent de se recentrer sur ce qui compte.<\/p>\r\n<p>Et puis, soyons honn\u00eates : un livre photo personnalis\u00e9, c&rsquo;est un super cadeau. Personnel, touchant, unique. Que ce soit pour vous, pour vos proches, ou pour une occasion sp\u00e9ciale, \u00e7a fait toujours plaisir.<\/p>\r\n<p><a role=\"button\" href=\"https:\/\/www.photoweb.fr\/livre-photo\" target=\"_self\" rel=\"noopener\"> Je cr\u00e9e mon livre photo <\/a><\/p>\r\n<h3 data-start=\"1809\" data-end=\"2028\">Comment cr\u00e9er un album photo en ligne ?<\/h3>\r\n<p>Aujourd&rsquo;hui, cr\u00e9er un album photo en ligne est \u00e0 la port\u00e9e de tout le monde. Vous n&rsquo;avez pas besoin de comp\u00e9tences techniques ou de logiciels compliqu\u00e9s. Tout se fait directement sur un site, \u00e9tape par \u00e9tape. Voici comment \u00e7a se passe g\u00e9n\u00e9ralement : 1. Choisissez un mod\u00e8le d&rsquo;album : format carr\u00e9, paysage, portrait, nombre de pages, type de couverture\u2026<br \/>2. Importez vos photos : depuis votre ordinateur ou votre t\u00e9l\u00e9phone.<br \/>3. Organisez-les : vous pouvez garder un ordre chronologique, regrouper par th\u00e8me ou raconter une histoire pr\u00e9cise.<br \/>4. Ajoutez du texte : titres, dates, petites anecdotes, pens\u00e9es\u2026 m\u00eame quelques mots suffisent.<br \/>5. Personnalisez les couleurs, les arri\u00e8re-plans, les mises en page si vous le souhaitez.<br \/>6. Pr\u00e9visualisez le rendu final et passez commande. La cr\u00e9ation d&rsquo;un album photo prend parfois une heure, parfois un peu plus, mais c&rsquo;est un moment agr\u00e9able. Et on est souvent fier du r\u00e9sultat.<\/p>\r\n<h3 data-start=\"1809\" data-end=\"2028\">Comment bien raconter une histoire en images ?<\/h3>\r\n<p>Un bon livre photo, ce n&rsquo;est pas forc\u00e9ment celui qui a le plus de photos, ou les plus belles. C&rsquo;est celui qui raconte quelque chose. Vous n&rsquo;avez pas besoin d&rsquo;\u00eatre photographe ou \u00e9crivain. Il suffit d&rsquo;avoir un fil conducteur. Quelques id\u00e9es simples pour vous lancer : \u2022 Un voyage : du d\u00e9part jusqu&rsquo;au retour, jour apr\u00e8s jour, avec les lieux, les gens, les repas, les paysages.<br \/>\u2022 Une ann\u00e9e en famille : les temps forts de janvier \u00e0 d\u00e9cembre, No\u00ebl, anniversaires, sorties, moments du quotidien.<br \/>\u2022 La naissance d&rsquo;un enfant : de la grossesse aux premiers pas, en passant par les sourires, les premiers mots\u2026<br \/>\u2022 Une histoire d&rsquo;amour : des d\u00e9buts jusqu&rsquo;\u00e0 aujourd&rsquo;hui, vos escapades, vos fous rires, vos moments simples.<\/p>\r\n<h3 data-start=\"1235\" data-end=\"1398\">Pour quels moments faire un livre photo ?<\/h3>\r\n<p>Pour quels moments faire un livre photo ? Les id\u00e9es ne manquent pas. Voici quelques exemples de cr\u00e9ation d&rsquo;albums photo qui plaisent beaucoup : \u2022 Un <a href=\"https:\/\/www.photoweb.fr\/livre-photo\/album-photo-voyage\">album photo de voyage<\/a><br \/>\u2022 Un <a href=\"https:\/\/www.photoweb.fr\/livre-photo\/album-photo-mariage\">album photo de mariage<\/a><br \/>\u2022 Un <a href=\"https:\/\/www.photoweb.fr\/livre-photo\/album-photo-bebe\">album photo b\u00e9b\u00e9<\/a> de naissance<br \/>\u2022 Un album photo d&rsquo;une ann\u00e9e scolaire<br \/>\u2022 Un album de couple pour la Saint-Valentin<br \/>\u2022 Un livre photo pour la f\u00eate des m\u00e8res ou des grands-parents<br \/>\u2022 Un album du quotidien : parce que les petits moments comptent aussi Il n&rsquo;y a pas besoin d&rsquo;un \u00ab\u00a0grand \u00e9v\u00e9nement\u00a0\u00bb pour faire un album photo en ligne. Vos souvenirs du quotidien m\u00e9ritent tout autant leur place.<\/p>\r\n<h3 data-start=\"2216\" data-end=\"2265\">Un objet qui reste<\/h3>\r\n<p>Quand on re\u00e7oit son livre photo personnalis\u00e9 \u00e0 la maison, on se rend compte que \u00e7a valait le coup de prendre ce temps-l\u00e0. C&rsquo;est un <a href=\"https:\/\/www.photoweb.fr\/objet-personnalise\">objet personnalis\u00e9<\/a> qu&rsquo;on garde, qu&rsquo;on regarde souvent, qu&rsquo;on pr\u00eate, qu&rsquo;on montre. C&rsquo;est aussi un bel h\u00e9ritage. Dans quelques ann\u00e9es, vous serez heureux d&rsquo;avoir conserv\u00e9 tout \u00e7a autrement qu&rsquo;en fichiers num\u00e9riques. Cr\u00e9er un album photo en ligne, c&rsquo;est simple, rapide, et surtout tr\u00e8s satisfaisant. C&rsquo;est une fa\u00e7on de faire vivre ses souvenirs autrement. Que vous ayez envie de raconter un moment pr\u00e9cis ou simplement de mettre en valeur vos photos pr\u00e9f\u00e9r\u00e9es, il n&rsquo;y a pas de bonne ou mauvaise fa\u00e7on de faire. Prenez le temps, amusez-vous, et surtout : faites-le pour vous. <a role=\"button\" href=\"https:\/\/www.photoweb.fr\/livre-photo\" target=\"_self\" rel=\"noopener\"> Je cr\u00e9e mon livre photo <\/a> 1.2.3. imprimez\u202f! <a href=\"https:\/\/www.photoweb.fr\/tirage-photo\/listing\" target=\"_blank\" rel=\"noopener\"> <img loading=\"lazy\" decoding=\"async\" title=\"Tirages premium\" src=\"https:\/\/www.photoweb.fr\/espaces\/magazine\/wp-content\/uploads\/2017\/06\/Tirages-classiques-photoweb-600x600.jpg\" alt=\"Tirages premium\" width=\"600\" height=\"600\" \/> <\/a> <a href=\"https:\/\/www.photoweb.fr\/tirage-photo\/listing\" target=\"_blank\" rel=\"noopener\"> Cr\u00e9er vos tirages<\/a> <a href=\"https:\/\/www.photoweb.fr\/livre-photo\/listing\" target=\"_blank\" rel=\"noopener\"> <img loading=\"lazy\" decoding=\"async\" title=\"Livre Photo Prestige Carr\u00e9\" src=\"https:\/\/www.photoweb.fr\/espaces\/magazine\/wp-content\/uploads\/2021\/04\/LPP-Carr\u00e9-600x600.jpg\" alt=\"Livre Photo Prestige Carr\u00e9\" width=\"600\" height=\"600\" \/> <\/a> <a href=\"https:\/\/www.photoweb.fr\/livre-photo\/listing\" target=\"_blank\" rel=\"noopener\"> Cr\u00e9er votre livre photo<\/a> <a href=\"https:\/\/www.photoweb.fr\/cadre-photo-personnalise\" target=\"_blank\" rel=\"noopener\"> <img loading=\"lazy\" decoding=\"async\" title=\"Poster-encadre\" src=\"https:\/\/www.photoweb.fr\/espaces\/magazine\/wp-content\/uploads\/2018\/09\/Poster-encadre.png\" alt=\"poster encadre\" width=\"600\" height=\"600\" \/> <\/a> <a href=\"https:\/\/www.photoweb.fr\/cadre-photo-personnalise\" target=\"_blank\" rel=\"noopener\"> Cr\u00e9er votre poster encadr\u00e9<\/a><\/p>\r\n","protected":false},"excerpt":{"rendered":"<p>On prend tous beaucoup de photos, presque sans y penser. Avec un smartphone toujours \u00e0 port\u00e9e de main, on capture les vacances, les anniversaires, les balades, les petits moments du quotidien. Ces images s&rsquo;accumulent mais on ne les regarde presque jamais. Elles restent dans la galerie du t\u00e9l\u00e9phone ou dans un dossier oubli\u00e9 sur un&hellip;<\/p>\n","protected":false},"author":1,"featured_media":13996,"comment_status":"open","ping_status":"open","sticky":false,"template":"single-standard.php","format":"standard","meta":{"footnotes":""},"categories":[18,94],"tags":[],"class_list":["post-14005","post","type-post","status-publish","format-standard","has-post-thumbnail","hentry","category-conseils-expets","category-livre-photo"],"yoast_head":"<!-- This site is optimized with the Yoast SEO plugin v20.3 - https:\/\/yoast.com\/wordpress\/plugins\/seo\/ -->\n<title>L\u2019art de raconter une histoire avec ses photos : cr\u00e9er un livre photo<\/title>\n<meta name=\"description\" content=\"Cr\u00e9ez un livre photo personnalis\u00e9 pour raconter vos souvenirs. D\u00e9couvrez comment cr\u00e9er un livre photo unique qui raconte une histoire.\" \/>\n<meta name=\"robots\" content=\"index, follow, max-snippet:-1, max-image-preview:large, max-video-preview:-1\" \/>\n<link rel=\"canonical\" href=\"https:\/\/www.photoweb.fr\/espaces\/magazine\/livre-photo-personnalise-2\/\" \/>\n<meta property=\"og:locale\" content=\"fr_FR\" \/>\n<meta property=\"og:type\" content=\"article\" \/>\n<meta property=\"og:title\" content=\"L\u2019art de raconter une histoire avec ses photos : cr\u00e9er un livre photo\" \/>\n<meta property=\"og:description\" content=\"Cr\u00e9ez un livre photo personnalis\u00e9 pour raconter vos souvenirs. D\u00e9couvrez comment cr\u00e9er un livre photo unique qui raconte une histoire.\" \/>\n<meta property=\"og:url\" content=\"https:\/\/www.photoweb.fr\/espaces\/magazine\/livre-photo-personnalise-2\/\" \/>\n<meta property=\"og:site_name\" content=\"Photoweb, le mag\" \/>\n<meta property=\"article:publisher\" content=\"https:\/\/fr-fr.facebook.com\/Photoweb.fr\/\" \/>\n<meta property=\"article:published_time\" content=\"2025-04-10T09:17:30+00:00\" \/>\n<meta property=\"article:modified_time\" content=\"2025-04-11T15:10:37+00:00\" \/>\n<meta property=\"og:image\" content=\"https:\/\/www.photoweb.fr\/espaces\/magazine\/wp-content\/uploads\/2025\/04\/2020-LPP-Paysage-IMG_3905-1-scaled.jpg\" \/>\n\t<meta property=\"og:image:width\" content=\"2048\" \/>\n\t<meta property=\"og:image:height\" content=\"1365\" \/>\n\t<meta property=\"og:image:type\" content=\"image\/jpeg\" \/>\n<meta name=\"author\" content=\"admin-photoweb\" \/>\n<meta name=\"twitter:card\" content=\"summary_large_image\" \/>\n<meta name=\"twitter:creator\" content=\"@Photoweb_fr\" \/>\n<meta name=\"twitter:site\" content=\"@Photoweb_fr\" \/>\n<meta name=\"twitter:label1\" content=\"\u00c9crit par\" \/>\n\t<meta name=\"twitter:data1\" content=\"admin-photoweb\" \/>\n\t<meta name=\"twitter:label2\" content=\"Dur\u00e9e de lecture estim\u00e9e\" \/>\n\t<meta name=\"twitter:data2\" content=\"6 minutes\" \/>\n<script type=\"application\/ld+json\" class=\"yoast-schema-graph\">{\"@context\":\"https:\/\/schema.org\",\"@graph\":[{\"@type\":\"Article\",\"@id\":\"https:\/\/www.photoweb.fr\/espaces\/magazine\/livre-photo-personnalise-2\/#article\",\"isPartOf\":{\"@id\":\"https:\/\/www.photoweb.fr\/espaces\/magazine\/livre-photo-personnalise-2\/\"},\"author\":{\"name\":\"admin-photoweb\",\"@id\":\"https:\/\/www.photoweb.fr\/espaces\/magazine\/#\/schema\/person\/9e5908a4ddf51b8d8dad388bf38fc3dc\"},\"headline\":\"L\u2019art de raconter une histoire avec ses photos : cr\u00e9er un livre photo personnalis\u00e9\",\"datePublished\":\"2025-04-10T09:17:30+00:00\",\"dateModified\":\"2025-04-11T15:10:37+00:00\",\"mainEntityOfPage\":{\"@id\":\"https:\/\/www.photoweb.fr\/espaces\/magazine\/livre-photo-personnalise-2\/\"},\"wordCount\":1088,\"commentCount\":0,\"publisher\":{\"@id\":\"https:\/\/www.photoweb.fr\/espaces\/magazine\/#organization\"},\"articleSection\":[\"Conseils experts\",\"Livre photo\"],\"inLanguage\":\"fr-FR\",\"potentialAction\":[{\"@type\":\"CommentAction\",\"name\":\"Comment\",\"target\":[\"https:\/\/www.photoweb.fr\/espaces\/magazine\/livre-photo-personnalise-2\/#respond\"]}]},{\"@type\":\"WebPage\",\"@id\":\"https:\/\/www.photoweb.fr\/espaces\/magazine\/livre-photo-personnalise-2\/\",\"url\":\"https:\/\/www.photoweb.fr\/espaces\/magazine\/livre-photo-personnalise-2\/\",\"name\":\"L\u2019art de raconter une histoire avec ses photos : cr\u00e9er un livre photo\",\"isPartOf\":{\"@id\":\"https:\/\/www.photoweb.fr\/espaces\/magazine\/#website\"},\"datePublished\":\"2025-04-10T09:17:30+00:00\",\"dateModified\":\"2025-04-11T15:10:37+00:00\",\"description\":\"Cr\u00e9ez un livre photo personnalis\u00e9 pour raconter vos souvenirs. D\u00e9couvrez comment cr\u00e9er un livre photo unique qui raconte une histoire.\",\"breadcrumb\":{\"@id\":\"https:\/\/www.photoweb.fr\/espaces\/magazine\/livre-photo-personnalise-2\/#breadcrumb\"},\"inLanguage\":\"fr-FR\",\"potentialAction\":[{\"@type\":\"ReadAction\",\"target\":[\"https:\/\/www.photoweb.fr\/espaces\/magazine\/livre-photo-personnalise-2\/\"]}]},{\"@type\":\"BreadcrumbList\",\"@id\":\"https:\/\/www.photoweb.fr\/espaces\/magazine\/livre-photo-personnalise-2\/#breadcrumb\",\"itemListElement\":[{\"@type\":\"ListItem\",\"position\":1,\"name\":\"Accueil\",\"item\":\"https:\/\/www.photoweb.fr\/espaces\/magazine\/\"},{\"@type\":\"ListItem\",\"position\":2,\"name\":\"Conseils experts\",\"item\":\"https:\/\/www.photoweb.fr\/espaces\/magazine\/conseils-expets\/\"},{\"@type\":\"ListItem\",\"position\":3,\"name\":\"L\u2019art de raconter une histoire avec ses photos : cr\u00e9er un livre photo personnalis\u00e9\"}]},{\"@type\":\"WebSite\",\"@id\":\"https:\/\/www.photoweb.fr\/espaces\/magazine\/#website\",\"url\":\"https:\/\/www.photoweb.fr\/espaces\/magazine\/\",\"name\":\"Photoweb, le mag\",\"description\":\"Le magazine de Photoweb\",\"publisher\":{\"@id\":\"https:\/\/www.photoweb.fr\/espaces\/magazine\/#organization\"},\"potentialAction\":[{\"@type\":\"SearchAction\",\"target\":{\"@type\":\"EntryPoint\",\"urlTemplate\":\"https:\/\/www.photoweb.fr\/espaces\/magazine\/?s={search_term_string}\"},\"query-input\":\"required name=search_term_string\"}],\"inLanguage\":\"fr-FR\"},{\"@type\":\"Organization\",\"@id\":\"https:\/\/www.photoweb.fr\/espaces\/magazine\/#organization\",\"name\":\"Photoweb\",\"url\":\"https:\/\/www.photoweb.fr\/espaces\/magazine\/\",\"logo\":{\"@type\":\"ImageObject\",\"inLanguage\":\"fr-FR\",\"@id\":\"https:\/\/www.photoweb.fr\/espaces\/magazine\/#\/schema\/logo\/image\/\",\"url\":\"https:\/\/www.photoweb.fr\/espaces\/magazine\/wp-content\/uploads\/2021\/02\/Logo-Photoweb.jpg\",\"contentUrl\":\"https:\/\/www.photoweb.fr\/espaces\/magazine\/wp-content\/uploads\/2021\/02\/Logo-Photoweb.jpg\",\"width\":780,\"height\":456,\"caption\":\"Photoweb\"},\"image\":{\"@id\":\"https:\/\/www.photoweb.fr\/espaces\/magazine\/#\/schema\/logo\/image\/\"},\"sameAs\":[\"https:\/\/fr-fr.facebook.com\/Photoweb.fr\/\",\"https:\/\/twitter.com\/Photoweb_fr\",\"https:\/\/www.instagram.com\/photowebfr\/\",\"https:\/\/www.linkedin.com\/company\/347094\/\",\"https:\/\/www.pinterest.fr\/inspirationsphotoweb\/_created\/\",\"https:\/\/www.youtube.com\/channel\/UCtcVmTvkAzKQLVkiwfOm8sg\"]},{\"@type\":\"Person\",\"@id\":\"https:\/\/www.photoweb.fr\/espaces\/magazine\/#\/schema\/person\/9e5908a4ddf51b8d8dad388bf38fc3dc\",\"name\":\"admin-photoweb\"}]}<\/script>\n<!-- \/ Yoast SEO plugin. -->","yoast_head_json":{"title":"L\u2019art de raconter une histoire avec ses photos : cr\u00e9er un livre photo","description":"Cr\u00e9ez un livre photo personnalis\u00e9 pour raconter vos souvenirs. D\u00e9couvrez comment cr\u00e9er un livre photo unique qui raconte une histoire.","robots":{"index":"index","follow":"follow","max-snippet":"max-snippet:-1","max-image-preview":"max-image-preview:large","max-video-preview":"max-video-preview:-1"},"canonical":"https:\/\/www.photoweb.fr\/espaces\/magazine\/livre-photo-personnalise-2\/","og_locale":"fr_FR","og_type":"article","og_title":"L\u2019art de raconter une histoire avec ses photos : cr\u00e9er un livre photo","og_description":"Cr\u00e9ez un livre photo personnalis\u00e9 pour raconter vos souvenirs. D\u00e9couvrez comment cr\u00e9er un livre photo unique qui raconte une histoire.","og_url":"https:\/\/www.photoweb.fr\/espaces\/magazine\/livre-photo-personnalise-2\/","og_site_name":"Photoweb, le mag","article_publisher":"https:\/\/fr-fr.facebook.com\/Photoweb.fr\/","article_published_time":"2025-04-10T09:17:30+00:00","article_modified_time":"2025-04-11T15:10:37+00:00","og_image":[{"width":2048,"height":1365,"url":"https:\/\/www.photoweb.fr\/espaces\/magazine\/wp-content\/uploads\/2025\/04\/2020-LPP-Paysage-IMG_3905-1-scaled.jpg","type":"image\/jpeg"}],"author":"admin-photoweb","twitter_card":"summary_large_image","twitter_creator":"@Photoweb_fr","twitter_site":"@Photoweb_fr","twitter_misc":{"\u00c9crit par":"admin-photoweb","Dur\u00e9e de lecture estim\u00e9e":"6 minutes"},"schema":{"@context":"https:\/\/schema.org","@graph":[{"@type":"Article","@id":"https:\/\/www.photoweb.fr\/espaces\/magazine\/livre-photo-personnalise-2\/#article","isPartOf":{"@id":"https:\/\/www.photoweb.fr\/espaces\/magazine\/livre-photo-personnalise-2\/"},"author":{"name":"admin-photoweb","@id":"https:\/\/www.photoweb.fr\/espaces\/magazine\/#\/schema\/person\/9e5908a4ddf51b8d8dad388bf38fc3dc"},"headline":"L\u2019art de raconter une histoire avec ses photos : cr\u00e9er un livre photo personnalis\u00e9","datePublished":"2025-04-10T09:17:30+00:00","dateModified":"2025-04-11T15:10:37+00:00","mainEntityOfPage":{"@id":"https:\/\/www.photoweb.fr\/espaces\/magazine\/livre-photo-personnalise-2\/"},"wordCount":1088,"commentCount":0,"publisher":{"@id":"https:\/\/www.photoweb.fr\/espaces\/magazine\/#organization"},"articleSection":["Conseils experts","Livre photo"],"inLanguage":"fr-FR","potentialAction":[{"@type":"CommentAction","name":"Comment","target":["https:\/\/www.photoweb.fr\/espaces\/magazine\/livre-photo-personnalise-2\/#respond"]}]},{"@type":"WebPage","@id":"https:\/\/www.photoweb.fr\/espaces\/magazine\/livre-photo-personnalise-2\/","url":"https:\/\/www.photoweb.fr\/espaces\/magazine\/livre-photo-personnalise-2\/","name":"L\u2019art de raconter une histoire avec ses photos : cr\u00e9er un livre photo","isPartOf":{"@id":"https:\/\/www.photoweb.fr\/espaces\/magazine\/#website"},"datePublished":"2025-04-10T09:17:30+00:00","dateModified":"2025-04-11T15:10:37+00:00","description":"Cr\u00e9ez un livre photo personnalis\u00e9 pour raconter vos souvenirs. D\u00e9couvrez comment cr\u00e9er un livre photo unique qui raconte une histoire.","breadcrumb":{"@id":"https:\/\/www.photoweb.fr\/espaces\/magazine\/livre-photo-personnalise-2\/#breadcrumb"},"inLanguage":"fr-FR","potentialAction":[{"@type":"ReadAction","target":["https:\/\/www.photoweb.fr\/espaces\/magazine\/livre-photo-personnalise-2\/"]}]},{"@type":"BreadcrumbList","@id":"https:\/\/www.photoweb.fr\/espaces\/magazine\/livre-photo-personnalise-2\/#breadcrumb","itemListElement":[{"@type":"ListItem","position":1,"name":"Accueil","item":"https:\/\/www.photoweb.fr\/espaces\/magazine\/"},{"@type":"ListItem","position":2,"name":"Conseils experts","item":"https:\/\/www.photoweb.fr\/espaces\/magazine\/conseils-expets\/"},{"@type":"ListItem","position":3,"name":"L\u2019art de raconter une histoire avec ses photos : cr\u00e9er un livre photo personnalis\u00e9"}]},{"@type":"WebSite","@id":"https:\/\/www.photoweb.fr\/espaces\/magazine\/#website","url":"https:\/\/www.photoweb.fr\/espaces\/magazine\/","name":"Photoweb, le mag","description":"Le magazine de Photoweb","publisher":{"@id":"https:\/\/www.photoweb.fr\/espaces\/magazine\/#organization"},"potentialAction":[{"@type":"SearchAction","target":{"@type":"EntryPoint","urlTemplate":"https:\/\/www.photoweb.fr\/espaces\/magazine\/?s={search_term_string}"},"query-input":"required name=search_term_string"}],"inLanguage":"fr-FR"},{"@type":"Organization","@id":"https:\/\/www.photoweb.fr\/espaces\/magazine\/#organization","name":"Photoweb","url":"https:\/\/www.photoweb.fr\/espaces\/magazine\/","logo":{"@type":"ImageObject","inLanguage":"fr-FR","@id":"https:\/\/www.photoweb.fr\/espaces\/magazine\/#\/schema\/logo\/image\/","url":"https:\/\/www.photoweb.fr\/espaces\/magazine\/wp-content\/uploads\/2021\/02\/Logo-Photoweb.jpg","contentUrl":"https:\/\/www.photoweb.fr\/espaces\/magazine\/wp-content\/uploads\/2021\/02\/Logo-Photoweb.jpg","width":780,"height":456,"caption":"Photoweb"},"image":{"@id":"https:\/\/www.photoweb.fr\/espaces\/magazine\/#\/schema\/logo\/image\/"},"sameAs":["https:\/\/fr-fr.facebook.com\/Photoweb.fr\/","https:\/\/twitter.com\/Photoweb_fr","https:\/\/www.instagram.com\/photowebfr\/","https:\/\/www.linkedin.com\/company\/347094\/","https:\/\/www.pinterest.fr\/inspirationsphotoweb\/_created\/","https:\/\/www.youtube.com\/channel\/UCtcVmTvkAzKQLVkiwfOm8sg"]},{"@type":"Person","@id":"https:\/\/www.photoweb.fr\/espaces\/magazine\/#\/schema\/person\/9e5908a4ddf51b8d8dad388bf38fc3dc","name":"admin-photoweb"}]}},"acf":[],"_links":{"self":[{"href":"https:\/\/www.photoweb.fr\/espaces\/magazine\/wp-json\/wp\/v2\/posts\/14005","targetHints":{"allow":["GET"]}}],"collection":[{"href":"https:\/\/www.photoweb.fr\/espaces\/magazine\/wp-json\/wp\/v2\/posts"}],"about":[{"href":"https:\/\/www.photoweb.fr\/espaces\/magazine\/wp-json\/wp\/v2\/types\/post"}],"author":[{"embeddable":true,"href":"https:\/\/www.photoweb.fr\/espaces\/magazine\/wp-json\/wp\/v2\/users\/1"}],"replies":[{"embeddable":true,"href":"https:\/\/www.photoweb.fr\/espaces\/magazine\/wp-json\/wp\/v2\/comments?post=14005"}],"version-history":[{"count":11,"href":"https:\/\/www.photoweb.fr\/espaces\/magazine\/wp-json\/wp\/v2\/posts\/14005\/revisions"}],"predecessor-version":[{"id":14044,"href":"https:\/\/www.photoweb.fr\/espaces\/magazine\/wp-json\/wp\/v2\/posts\/14005\/revisions\/14044"}],"wp:featuredmedia":[{"embeddable":true,"href":"https:\/\/www.photoweb.fr\/espaces\/magazine\/wp-json\/wp\/v2\/media\/13996"}],"wp:attachment":[{"href":"https:\/\/www.photoweb.fr\/espaces\/magazine\/wp-json\/wp\/v2\/media?parent=14005"}],"wp:term":[{"taxonomy":"category","embeddable":true,"href":"https:\/\/www.photoweb.fr\/espaces\/magazine\/wp-json\/wp\/v2\/categories?post=14005"},{"taxonomy":"post_tag","embeddable":true,"href":"https:\/\/www.photoweb.fr\/espaces\/magazine\/wp-json\/wp\/v2\/tags?post=14005"}],"curies":[{"name":"wp","href":"https:\/\/api.w.org\/{rel}","templated":true}]}}