{"id":1424,"date":"2017-08-31T08:25:36","date_gmt":"2017-08-31T08:25:36","guid":{"rendered":"https:\/\/www.photoweb.fr\/espaces\/magazine\/magazine\/?p=1424"},"modified":"2022-08-03T10:12:39","modified_gmt":"2022-08-03T10:12:39","slug":"rentree-des-classes-avec-photoweb","status":"publish","type":"post","link":"https:\/\/www.photoweb.fr\/espaces\/magazine\/rentree-des-classes-avec-photoweb\/","title":{"rendered":"Rentr\u00e9e des classes avec Photoweb"},"content":{"rendered":"\n\n\t<p>Il est d\u00e9j\u00e0 l&rsquo;heure d&rsquo;endosser son petit cartable et de retourner \u00e0 l&rsquo;\u00e9cole pour une nouvelle ann\u00e9e scolaire. Vos enfants vont enfin retrouver leurs copains ?<\/p>\n\t<p>C&rsquo;est le grand jour : pour les enfants&#8230;mais aussi les parents ! Il est temps de les laisser grandir de leurs propres ailes&#8230; La rentr\u00e9e arrive \u00e0 grands pas, ils seront nombreux \u00e0 rejoindre les bancs de l&rsquo;\u00e9cole. Photoweb fait aussi sa rentr\u00e9e, \u00e0 cette occasion, nous vous donnons <strong>quelques petites id\u00e9es<\/strong> pour bien d\u00e9marrer la rentr\u00e9e !<\/p>\n<h2><strong>\u00a0\u00bb Quand je serai grand, je veux \u00eatre&#8230; \u00a0\u00bb <\/strong><\/h2>\n<p>Vous connaissez votre r\u00e9ponse par c\u0153ur, vous aussi \u00e9tant petit(e) vous avez r\u00e9pondu \u00e0 cette fameuse question <strong><em>\u00ab quand tu seras grand(e), quel m\u00e9tier souhaites-tu faire ? \u00bb<\/em><\/strong> Et bien entendu, c&rsquo;est \u00e0 ce moment-l\u00e0 que nous partageons nos r\u00eaves les plus fous \u00e0 notre entourage : \u00ab chanteuse \u00bb, \u00ab cosmonaute \u00bb, \u00ab coiffeuse \u00bb, \u00ab chercheur de tr\u00e9sor \u00bb&#8230;<\/p>\n<p>Aujourd&rsquo;hui c&rsquo;est au tour de vos enfants ! Pour lui transmettre ce souvenir dans quelques ann\u00e9es, vous aurez besoin d&rsquo;une ardoise, une craie et son plus beau sourire ! Pr\u00e9parez ensemble son tableau avec \u00e9crit \u00ab 1<sup>er<\/sup> jour \u00bb, la classe dans laquelle il va faire son entr\u00e9e cette ann\u00e9e, la date pour ne jamais oublier ce jour si important pour votre enfant et rajouter \u00ab quand je serai grand, je veux \u00eatre (sa r\u00e9ponse) \u00bb. Proposez-lui de faire quelques dessins avec des craies de couleurs pour <strong>personnaliser son tableau<\/strong>. Il ne vous reste plus qu&rsquo;\u00e0 attendre le premier jour de la rentr\u00e9e !<\/p>\n<p>&nbsp;<\/p>\n<p><img loading=\"lazy\" decoding=\"async\" src=\"https:\/\/www.photoweb.fr\/espaces\/magazine\/wp-content\/uploads\/2017\/08\/diy-rentree-classe.jpg\" alt=\"diy rentr\u00e9e classe\" width=\"499\" height=\"500\" \/>http:\/\/cestpasmoiquilaifait.hautetfort.com<\/p>\n<h2><strong>La m\u00e9t\u00e9o des \u00e9motions<\/strong><\/h2>\n<p>Il est parfois difficile de comprendre les \u00e9motions de nos enfants, afin de les accompagner au quotidien, optez pour \u00ab\u00a0<strong>la m\u00e9t\u00e9o des \u00e9motions\u00a0\u00bb<\/strong>. Votre enfant \u00e9voquera \u00e0 travers sa m\u00e9t\u00e9o les \u00e9motions qu&rsquo;il ressent, une mani\u00e8re de partager et dialoguer pour se dire les choses. Apprenez-lui le sens de chaque \u00e9motion :<\/p>\n<ul>\n<li>L&rsquo;orage pour la col\u00e8re<\/li>\n<li>Le soleil pour la joie<\/li>\n<li>La pluie pour la tristesse<\/li>\n<li>Le nuage pour la peur<\/li>\n<li>L&rsquo;arc en ciel pour dire qu&rsquo;il vous aime<\/li>\n<\/ul>\n<p>A l&rsquo;aide d&rsquo;un marqueur effa\u00e7able, cr\u00e9ez sa m\u00e9t\u00e9o des \u00e9motions sur votre frigo, chaque matin ou en rentrant de l&rsquo;\u00e9cole il pourra ainsi partager sa journ\u00e9e avec vous. Pourquoi ne pas jouer le jeu avec vos \u00e9motions pour faciliter les \u00e9changes avec votre enfant. Imprimez chacune des \u00e9motions avec notre <a href=\"https:\/\/www.photoweb.fr\/box\/magnet\"><strong>bo\u00eete \u00e0 Magnets<\/strong><\/a> ! Vous avez deux formats au choix : <strong>M ou L<\/strong> . Venez vite concevoir votre bo\u00eete !<\/p>\n<p>&nbsp;<\/p>\n<p><strong>Bonne rentr\u00e9e ! <\/strong><\/p>\n<p><img loading=\"lazy\" decoding=\"async\" src=\"https:\/\/www.photoweb.fr\/espaces\/magazine\/wp-content\/uploads\/2017\/08\/lecture-enfant.jpg\" alt=\"lecture enfant\" width=\"1280\" height=\"960\" \/><\/p>\n<p>&nbsp;<\/p>\n\t<p>La petite astuce<\/p>\n\t<p>Pensez aussi \u00e0 notre <strong>semainier familial<\/strong> ! Pour toute la famille, vous retrouvez les t\u00e2ches du quotidien \u00e0 se r\u00e9partir entre parents et enfants. De la bonne humeur \u00e0 la maison garantie ? A d\u00e9couvrir <a href=\"https:\/\/www.photoweb.fr\/espaces\/magazine\/magazine\/semainier-familial-imprimer\/\" target=\"_blank\" rel=\"noopener\"><u>par ici<\/u><\/a> !<\/p>\n\t1.2.3.\nimprimez&#8239;!\n\t\t\t\t<a href=\"https:\/\/www.photoweb.fr\/box\/magnet\" target=\"_blank\" rel=\"noopener\" itemprop=\"url\">\n\t\t\t\t<img loading=\"lazy\" decoding=\"async\" src=\"https:\/\/www.photoweb.fr\/espaces\/magazine\/wp-content\/uploads\/2017\/06\/magnets-photoweb.jpg\" alt=\"magnets photoweb\" itemprop=\"image\" height=\"600\" width=\"600\" title=\"magnets photoweb\" onerror=\"this.style.display='none'\"  \/>\n\t\t\t\t<\/a>\n\t<a target=\"_blank\" href=\"https:\/\/www.photoweb.fr\/box\/magnet\" rel=\"noopener\">\nCr\u00e9er votre bo\u00eete \u00e0 magnets<\/a>\n\n","protected":false},"excerpt":{"rendered":"<p>Il est d\u00e9j\u00e0 l\u2019heure d\u2019endosser son petit cartable et de retourner \u00e0 l\u2019\u00e9cole pour une nouvelle ann\u00e9e scolaire. Vos enfants vont enfin retrouver leurs copains qu\u2019ils n\u2019ont pas revu pour certains depuis deux mois. Appr\u00e9hension, nouvelle classe, nouvelles rencontres\u2026 La vie d\u2019un jeune \u00e9colier est souvent charg\u00e9e lors de la rentr\u00e9e ! A cette occasion, afin de les accompagner au mieux dans cette nouvelle ann\u00e9e, Photoweb vous a s\u00e9lectionn\u00e9 quelques id\u00e9es DIY ludiques \u00e0 partager avec vos enfants\u2026<br \/>\nC\u2019est le grand jour : pour les enfants, mais aussi les parents ! Il est temps de les laisser grandir de leurs propres ailes\u2026 La rentr\u00e9e arrive \u00e0 grands pas, ils seront nombreux\u2026<\/p>\n","protected":false},"author":21,"featured_media":1431,"comment_status":"open","ping_status":"open","sticky":false,"template":"single-standard.php","format":"standard","meta":{"footnotes":""},"categories":[5],"tags":[],"class_list":["post-1424","post","type-post","status-publish","format-standard","has-post-thumbnail","hentry","category-carnet-de-tendances"],"yoast_head":"<!-- This site is optimized with the Yoast SEO plugin v20.3 - https:\/\/yoast.com\/wordpress\/plugins\/seo\/ -->\n<title>Rentr\u00e9e des classes avec Photoweb<\/title>\n<meta name=\"description\" content=\"C\u2019est le grand jour : pour les enfants\u2026mais aussi les parents ! Il est temps de les laisser grandir de leurs propres ailes\u2026 La rentr\u00e9e arrive \u00e0 grands pas !\" \/>\n<meta name=\"robots\" content=\"index, follow, max-snippet:-1, max-image-preview:large, max-video-preview:-1\" \/>\n<link rel=\"canonical\" href=\"https:\/\/www.photoweb.fr\/espaces\/magazine\/rentree-des-classes-avec-photoweb\/\" \/>\n<meta property=\"og:locale\" content=\"fr_FR\" \/>\n<meta property=\"og:type\" content=\"article\" \/>\n<meta property=\"og:title\" content=\"Rentr\u00e9e des classes avec Photoweb\" \/>\n<meta property=\"og:description\" content=\"C\u2019est le grand jour : pour les enfants\u2026mais aussi les parents ! Il est temps de les laisser grandir de leurs propres ailes\u2026 La rentr\u00e9e arrive \u00e0 grands pas !\" \/>\n<meta property=\"og:url\" content=\"https:\/\/www.photoweb.fr\/espaces\/magazine\/rentree-des-classes-avec-photoweb\/\" \/>\n<meta property=\"og:site_name\" content=\"Photoweb, le mag\" \/>\n<meta property=\"article:publisher\" content=\"https:\/\/fr-fr.facebook.com\/Photoweb.fr\/\" \/>\n<meta property=\"article:published_time\" content=\"2017-08-31T08:25:36+00:00\" \/>\n<meta property=\"article:modified_time\" content=\"2022-08-03T10:12:39+00:00\" \/>\n<meta property=\"og:image\" content=\"https:\/\/www.photoweb.fr\/espaces\/magazine\/wp-content\/uploads\/2017\/08\/enfants-premier-jour-ecole.jpg\" \/>\n\t<meta property=\"og:image:width\" content=\"1280\" \/>\n\t<meta property=\"og:image:height\" content=\"960\" \/>\n\t<meta property=\"og:image:type\" content=\"image\/jpeg\" \/>\n<meta name=\"author\" content=\"melanie\" \/>\n<meta name=\"twitter:card\" content=\"summary_large_image\" \/>\n<meta name=\"twitter:creator\" content=\"@Photoweb_fr\" \/>\n<meta name=\"twitter:site\" content=\"@Photoweb_fr\" \/>\n<meta name=\"twitter:label1\" content=\"\u00c9crit par\" \/>\n\t<meta name=\"twitter:data1\" content=\"melanie\" \/>\n\t<meta name=\"twitter:label2\" content=\"Dur\u00e9e de lecture estim\u00e9e\" \/>\n\t<meta name=\"twitter:data2\" content=\"2 minutes\" \/>\n<script type=\"application\/ld+json\" class=\"yoast-schema-graph\">{\"@context\":\"https:\/\/schema.org\",\"@graph\":[{\"@type\":\"Article\",\"@id\":\"https:\/\/www.photoweb.fr\/espaces\/magazine\/rentree-des-classes-avec-photoweb\/#article\",\"isPartOf\":{\"@id\":\"https:\/\/www.photoweb.fr\/espaces\/magazine\/rentree-des-classes-avec-photoweb\/\"},\"author\":{\"name\":\"melanie\",\"@id\":\"https:\/\/www.photoweb.fr\/espaces\/magazine\/#\/schema\/person\/111451a615bb7cbe790bf8b1d6b24391\"},\"headline\":\"Rentr\u00e9e des classes avec Photoweb\",\"datePublished\":\"2017-08-31T08:25:36+00:00\",\"dateModified\":\"2022-08-03T10:12:39+00:00\",\"mainEntityOfPage\":{\"@id\":\"https:\/\/www.photoweb.fr\/espaces\/magazine\/rentree-des-classes-avec-photoweb\/\"},\"wordCount\":474,\"commentCount\":0,\"publisher\":{\"@id\":\"https:\/\/www.photoweb.fr\/espaces\/magazine\/#organization\"},\"articleSection\":[\"Carnet de tendance\"],\"inLanguage\":\"fr-FR\",\"potentialAction\":[{\"@type\":\"CommentAction\",\"name\":\"Comment\",\"target\":[\"https:\/\/www.photoweb.fr\/espaces\/magazine\/rentree-des-classes-avec-photoweb\/#respond\"]}]},{\"@type\":\"WebPage\",\"@id\":\"https:\/\/www.photoweb.fr\/espaces\/magazine\/rentree-des-classes-avec-photoweb\/\",\"url\":\"https:\/\/www.photoweb.fr\/espaces\/magazine\/rentree-des-classes-avec-photoweb\/\",\"name\":\"Rentr\u00e9e des classes avec Photoweb\",\"isPartOf\":{\"@id\":\"https:\/\/www.photoweb.fr\/espaces\/magazine\/#website\"},\"datePublished\":\"2017-08-31T08:25:36+00:00\",\"dateModified\":\"2022-08-03T10:12:39+00:00\",\"description\":\"C\u2019est le grand jour : pour les enfants\u2026mais aussi les parents ! Il est temps de les laisser grandir de leurs propres ailes\u2026 La rentr\u00e9e arrive \u00e0 grands pas !\",\"breadcrumb\":{\"@id\":\"https:\/\/www.photoweb.fr\/espaces\/magazine\/rentree-des-classes-avec-photoweb\/#breadcrumb\"},\"inLanguage\":\"fr-FR\",\"potentialAction\":[{\"@type\":\"ReadAction\",\"target\":[\"https:\/\/www.photoweb.fr\/espaces\/magazine\/rentree-des-classes-avec-photoweb\/\"]}]},{\"@type\":\"BreadcrumbList\",\"@id\":\"https:\/\/www.photoweb.fr\/espaces\/magazine\/rentree-des-classes-avec-photoweb\/#breadcrumb\",\"itemListElement\":[{\"@type\":\"ListItem\",\"position\":1,\"name\":\"Accueil\",\"item\":\"https:\/\/www.photoweb.fr\/espaces\/magazine\/\"},{\"@type\":\"ListItem\",\"position\":2,\"name\":\"Carnet de tendance\",\"item\":\"https:\/\/www.photoweb.fr\/espaces\/magazine\/carnet-de-tendances\/\"},{\"@type\":\"ListItem\",\"position\":3,\"name\":\"Rentr\u00e9e des classes avec Photoweb\"}]},{\"@type\":\"WebSite\",\"@id\":\"https:\/\/www.photoweb.fr\/espaces\/magazine\/#website\",\"url\":\"https:\/\/www.photoweb.fr\/espaces\/magazine\/\",\"name\":\"Photoweb, le mag\",\"description\":\"Le magazine de Photoweb\",\"publisher\":{\"@id\":\"https:\/\/www.photoweb.fr\/espaces\/magazine\/#organization\"},\"potentialAction\":[{\"@type\":\"SearchAction\",\"target\":{\"@type\":\"EntryPoint\",\"urlTemplate\":\"https:\/\/www.photoweb.fr\/espaces\/magazine\/?s={search_term_string}\"},\"query-input\":\"required name=search_term_string\"}],\"inLanguage\":\"fr-FR\"},{\"@type\":\"Organization\",\"@id\":\"https:\/\/www.photoweb.fr\/espaces\/magazine\/#organization\",\"name\":\"Photoweb\",\"url\":\"https:\/\/www.photoweb.fr\/espaces\/magazine\/\",\"logo\":{\"@type\":\"ImageObject\",\"inLanguage\":\"fr-FR\",\"@id\":\"https:\/\/www.photoweb.fr\/espaces\/magazine\/#\/schema\/logo\/image\/\",\"url\":\"https:\/\/www.photoweb.fr\/espaces\/magazine\/wp-content\/uploads\/2021\/02\/Logo-Photoweb.jpg\",\"contentUrl\":\"https:\/\/www.photoweb.fr\/espaces\/magazine\/wp-content\/uploads\/2021\/02\/Logo-Photoweb.jpg\",\"width\":780,\"height\":456,\"caption\":\"Photoweb\"},\"image\":{\"@id\":\"https:\/\/www.photoweb.fr\/espaces\/magazine\/#\/schema\/logo\/image\/\"},\"sameAs\":[\"https:\/\/fr-fr.facebook.com\/Photoweb.fr\/\",\"https:\/\/twitter.com\/Photoweb_fr\",\"https:\/\/www.instagram.com\/photowebfr\/\",\"https:\/\/www.linkedin.com\/company\/347094\/\",\"https:\/\/www.pinterest.fr\/inspirationsphotoweb\/_created\/\",\"https:\/\/www.youtube.com\/channel\/UCtcVmTvkAzKQLVkiwfOm8sg\"]},{\"@type\":\"Person\",\"@id\":\"https:\/\/www.photoweb.fr\/espaces\/magazine\/#\/schema\/person\/111451a615bb7cbe790bf8b1d6b24391\",\"name\":\"melanie\"}]}<\/script>\n<!-- \/ Yoast SEO plugin. -->","yoast_head_json":{"title":"Rentr\u00e9e des classes avec Photoweb","description":"C\u2019est le grand jour : pour les enfants\u2026mais aussi les parents ! Il est temps de les laisser grandir de leurs propres ailes\u2026 La rentr\u00e9e arrive \u00e0 grands pas !","robots":{"index":"index","follow":"follow","max-snippet":"max-snippet:-1","max-image-preview":"max-image-preview:large","max-video-preview":"max-video-preview:-1"},"canonical":"https:\/\/www.photoweb.fr\/espaces\/magazine\/rentree-des-classes-avec-photoweb\/","og_locale":"fr_FR","og_type":"article","og_title":"Rentr\u00e9e des classes avec Photoweb","og_description":"C\u2019est le grand jour : pour les enfants\u2026mais aussi les parents ! Il est temps de les laisser grandir de leurs propres ailes\u2026 La rentr\u00e9e arrive \u00e0 grands pas !","og_url":"https:\/\/www.photoweb.fr\/espaces\/magazine\/rentree-des-classes-avec-photoweb\/","og_site_name":"Photoweb, le mag","article_publisher":"https:\/\/fr-fr.facebook.com\/Photoweb.fr\/","article_published_time":"2017-08-31T08:25:36+00:00","article_modified_time":"2022-08-03T10:12:39+00:00","og_image":[{"width":1280,"height":960,"url":"https:\/\/www.photoweb.fr\/espaces\/magazine\/wp-content\/uploads\/2017\/08\/enfants-premier-jour-ecole.jpg","type":"image\/jpeg"}],"author":"melanie","twitter_card":"summary_large_image","twitter_creator":"@Photoweb_fr","twitter_site":"@Photoweb_fr","twitter_misc":{"\u00c9crit par":"melanie","Dur\u00e9e de lecture estim\u00e9e":"2 minutes"},"schema":{"@context":"https:\/\/schema.org","@graph":[{"@type":"Article","@id":"https:\/\/www.photoweb.fr\/espaces\/magazine\/rentree-des-classes-avec-photoweb\/#article","isPartOf":{"@id":"https:\/\/www.photoweb.fr\/espaces\/magazine\/rentree-des-classes-avec-photoweb\/"},"author":{"name":"melanie","@id":"https:\/\/www.photoweb.fr\/espaces\/magazine\/#\/schema\/person\/111451a615bb7cbe790bf8b1d6b24391"},"headline":"Rentr\u00e9e des classes avec Photoweb","datePublished":"2017-08-31T08:25:36+00:00","dateModified":"2022-08-03T10:12:39+00:00","mainEntityOfPage":{"@id":"https:\/\/www.photoweb.fr\/espaces\/magazine\/rentree-des-classes-avec-photoweb\/"},"wordCount":474,"commentCount":0,"publisher":{"@id":"https:\/\/www.photoweb.fr\/espaces\/magazine\/#organization"},"articleSection":["Carnet de tendance"],"inLanguage":"fr-FR","potentialAction":[{"@type":"CommentAction","name":"Comment","target":["https:\/\/www.photoweb.fr\/espaces\/magazine\/rentree-des-classes-avec-photoweb\/#respond"]}]},{"@type":"WebPage","@id":"https:\/\/www.photoweb.fr\/espaces\/magazine\/rentree-des-classes-avec-photoweb\/","url":"https:\/\/www.photoweb.fr\/espaces\/magazine\/rentree-des-classes-avec-photoweb\/","name":"Rentr\u00e9e des classes avec Photoweb","isPartOf":{"@id":"https:\/\/www.photoweb.fr\/espaces\/magazine\/#website"},"datePublished":"2017-08-31T08:25:36+00:00","dateModified":"2022-08-03T10:12:39+00:00","description":"C\u2019est le grand jour : pour les enfants\u2026mais aussi les parents ! Il est temps de les laisser grandir de leurs propres ailes\u2026 La rentr\u00e9e arrive \u00e0 grands pas !","breadcrumb":{"@id":"https:\/\/www.photoweb.fr\/espaces\/magazine\/rentree-des-classes-avec-photoweb\/#breadcrumb"},"inLanguage":"fr-FR","potentialAction":[{"@type":"ReadAction","target":["https:\/\/www.photoweb.fr\/espaces\/magazine\/rentree-des-classes-avec-photoweb\/"]}]},{"@type":"BreadcrumbList","@id":"https:\/\/www.photoweb.fr\/espaces\/magazine\/rentree-des-classes-avec-photoweb\/#breadcrumb","itemListElement":[{"@type":"ListItem","position":1,"name":"Accueil","item":"https:\/\/www.photoweb.fr\/espaces\/magazine\/"},{"@type":"ListItem","position":2,"name":"Carnet de tendance","item":"https:\/\/www.photoweb.fr\/espaces\/magazine\/carnet-de-tendances\/"},{"@type":"ListItem","position":3,"name":"Rentr\u00e9e des classes avec Photoweb"}]},{"@type":"WebSite","@id":"https:\/\/www.photoweb.fr\/espaces\/magazine\/#website","url":"https:\/\/www.photoweb.fr\/espaces\/magazine\/","name":"Photoweb, le mag","description":"Le magazine de Photoweb","publisher":{"@id":"https:\/\/www.photoweb.fr\/espaces\/magazine\/#organization"},"potentialAction":[{"@type":"SearchAction","target":{"@type":"EntryPoint","urlTemplate":"https:\/\/www.photoweb.fr\/espaces\/magazine\/?s={search_term_string}"},"query-input":"required name=search_term_string"}],"inLanguage":"fr-FR"},{"@type":"Organization","@id":"https:\/\/www.photoweb.fr\/espaces\/magazine\/#organization","name":"Photoweb","url":"https:\/\/www.photoweb.fr\/espaces\/magazine\/","logo":{"@type":"ImageObject","inLanguage":"fr-FR","@id":"https:\/\/www.photoweb.fr\/espaces\/magazine\/#\/schema\/logo\/image\/","url":"https:\/\/www.photoweb.fr\/espaces\/magazine\/wp-content\/uploads\/2021\/02\/Logo-Photoweb.jpg","contentUrl":"https:\/\/www.photoweb.fr\/espaces\/magazine\/wp-content\/uploads\/2021\/02\/Logo-Photoweb.jpg","width":780,"height":456,"caption":"Photoweb"},"image":{"@id":"https:\/\/www.photoweb.fr\/espaces\/magazine\/#\/schema\/logo\/image\/"},"sameAs":["https:\/\/fr-fr.facebook.com\/Photoweb.fr\/","https:\/\/twitter.com\/Photoweb_fr","https:\/\/www.instagram.com\/photowebfr\/","https:\/\/www.linkedin.com\/company\/347094\/","https:\/\/www.pinterest.fr\/inspirationsphotoweb\/_created\/","https:\/\/www.youtube.com\/channel\/UCtcVmTvkAzKQLVkiwfOm8sg"]},{"@type":"Person","@id":"https:\/\/www.photoweb.fr\/espaces\/magazine\/#\/schema\/person\/111451a615bb7cbe790bf8b1d6b24391","name":"melanie"}]}},"acf":[],"_links":{"self":[{"href":"https:\/\/www.photoweb.fr\/espaces\/magazine\/wp-json\/wp\/v2\/posts\/1424","targetHints":{"allow":["GET"]}}],"collection":[{"href":"https:\/\/www.photoweb.fr\/espaces\/magazine\/wp-json\/wp\/v2\/posts"}],"about":[{"href":"https:\/\/www.photoweb.fr\/espaces\/magazine\/wp-json\/wp\/v2\/types\/post"}],"author":[{"embeddable":true,"href":"https:\/\/www.photoweb.fr\/espaces\/magazine\/wp-json\/wp\/v2\/users\/21"}],"replies":[{"embeddable":true,"href":"https:\/\/www.photoweb.fr\/espaces\/magazine\/wp-json\/wp\/v2\/comments?post=1424"}],"version-history":[{"count":2,"href":"https:\/\/www.photoweb.fr\/espaces\/magazine\/wp-json\/wp\/v2\/posts\/1424\/revisions"}],"predecessor-version":[{"id":11718,"href":"https:\/\/www.photoweb.fr\/espaces\/magazine\/wp-json\/wp\/v2\/posts\/1424\/revisions\/11718"}],"wp:featuredmedia":[{"embeddable":true,"href":"https:\/\/www.photoweb.fr\/espaces\/magazine\/wp-json\/wp\/v2\/media\/1431"}],"wp:attachment":[{"href":"https:\/\/www.photoweb.fr\/espaces\/magazine\/wp-json\/wp\/v2\/media?parent=1424"}],"wp:term":[{"taxonomy":"category","embeddable":true,"href":"https:\/\/www.photoweb.fr\/espaces\/magazine\/wp-json\/wp\/v2\/categories?post=1424"},{"taxonomy":"post_tag","embeddable":true,"href":"https:\/\/www.photoweb.fr\/espaces\/magazine\/wp-json\/wp\/v2\/tags?post=1424"}],"curies":[{"name":"wp","href":"https:\/\/api.w.org\/{rel}","templated":true}]}}