{"id":14681,"date":"2026-01-09T16:17:30","date_gmt":"2026-01-09T14:17:30","guid":{"rendered":"https:\/\/www.photoweb.fr\/espaces\/magazine\/?p=14681"},"modified":"2026-01-09T16:29:34","modified_gmt":"2026-01-09T14:29:34","slug":"%f0%9f%8e%af5-projets-photo-pour-bien-commencer-lannee","status":"publish","type":"post","link":"https:\/\/www.photoweb.fr\/espaces\/magazine\/%f0%9f%8e%af5-projets-photo-pour-bien-commencer-lannee\/","title":{"rendered":"\ud83c\udfaf5 projets photo pour bien commencer l&rsquo;ann\u00e9e"},"content":{"rendered":"\r\n<p>Alors que 2026 commence, c&rsquo;est le moment id\u00e9al pour faire le point sur 2025 : vos r\u00e9ussites, vos \u00e9motions, vos souvenirs. Pourquoi ne pas transformer ces moments pr\u00e9cieux en projets photo cr\u00e9atifs et durables ? <img decoding=\"async\" role=\"img\" draggable=\"false\" src=\"https:\/\/s.w.org\/images\/core\/emoji\/14.0.0\/svg\/1f4f8.svg\" alt=\"\ud83d\udcf8\" \/><\/p>\r\n<p>Dans cet article, d\u00e9couvrez 5 id\u00e9es simples et inspirantes pour immortaliser l&rsquo;ann\u00e9e \u00e9coul\u00e9e, ajouter une touche personnelle \u00e0 votre int\u00e9rieur et faire revivre vos plus beaux souvenirs tout au long de l&rsquo;ann\u00e9e. <img decoding=\"async\" role=\"img\" draggable=\"false\" src=\"https:\/\/s.w.org\/images\/core\/emoji\/14.0.0\/svg\/1f90d.svg\" alt=\"\ud83e\udd0d\" \/><\/p>\r\n<p><img loading=\"lazy\" decoding=\"async\" title=\"Images Mag 1, 2, 3 Imprimez\" src=\"https:\/\/www.photoweb.fr\/espaces\/magazine\/wp-content\/uploads\/2026\/01\/Images-Mag-1-2-3-Imprimez.png\" alt=\"Images Mag 1, 2, 3 Imprimez\" width=\"600\" height=\"600\" \/> <img decoding=\"async\" role=\"img\" draggable=\"false\" src=\"https:\/\/s.w.org\/images\/core\/emoji\/14.0.0\/svg\/2728.svg\" alt=\"\u2728\" \/> Nouvelle ann\u00e9e rime avec nouveaux projets, nouveaux objectifs <img decoding=\"async\" role=\"img\" draggable=\"false\" src=\"https:\/\/s.w.org\/images\/core\/emoji\/14.0.0\/svg\/2728.svg\" alt=\"\u2728\" \/><br data-start=\"190\" data-end=\"193\" \/>Et gr\u00e2ce \u00e0 votre vision board 2026, vous \u00eates revenus sur votre ann\u00e9e 2025 :<br data-start=\"273\" data-end=\"276\" \/>ce que vous avez r\u00e9ussi, ce que vous avez ressenti <img decoding=\"async\" role=\"img\" draggable=\"false\" src=\"https:\/\/s.w.org\/images\/core\/emoji\/14.0.0\/svg\/1f90d.svg\" alt=\"\ud83e\udd0d\" \/><br data-start=\"329\" data-end=\"332\" \/>Alors pourquoi ne pas en profiter \u00e9galement pour revivre vos plus beaux moments de 2025 en transformant vos souvenirs en projets photo cr\u00e9atifs et durables <img decoding=\"async\" role=\"img\" draggable=\"false\" src=\"https:\/\/s.w.org\/images\/core\/emoji\/14.0.0\/svg\/1f4f8.svg\" alt=\"\ud83d\udcf8\" \/><img decoding=\"async\" role=\"img\" draggable=\"false\" src=\"https:\/\/s.w.org\/images\/core\/emoji\/14.0.0\/svg\/1f33f.svg\" alt=\"\ud83c\udf3f\" \/> <img decoding=\"async\" role=\"img\" draggable=\"false\" src=\"https:\/\/s.w.org\/images\/core\/emoji\/14.0.0\/svg\/1f449.svg\" alt=\"\ud83d\udc49\" \/> C&rsquo;est parti ! On vous propose 5 projets inspirants et faciles \u00e0 r\u00e9aliser pour immortaliser l&rsquo;ann\u00e9e qui vient de s&rsquo;\u00e9couler. <strong>01 &#8211; Un mur de cadres \u00e9l\u00e9gant \u00e0 la fran\u00e7aise <img decoding=\"async\" role=\"img\" draggable=\"false\" src=\"https:\/\/s.w.org\/images\/core\/emoji\/14.0.0\/svg\/1f5bc.svg\" alt=\"\ud83d\uddbc\ufe0f\" \/> <\/strong><br data-start=\"696\" data-end=\"699\" \/>Harmoniser formats et couleurs, jouer sur la sym\u00e9trie, mati\u00e8res douces, tons naturels <img decoding=\"async\" role=\"img\" draggable=\"false\" src=\"https:\/\/s.w.org\/images\/core\/emoji\/14.0.0\/svg\/1f33e.svg\" alt=\"\ud83c\udf3e\" \/><br data-start=\"787\" data-end=\"790\" \/>\u279c Des <a href=\"https:\/\/www.photoweb.fr\/cadre-photo-personnalise\">Cadres photo personnalis\u00e9s<\/a> et des<a href=\"https:\/\/www.photoweb.fr\/tirage-photo-classique\"> Tirages photos \u00e9co-con\u00e7us<\/a> aux formats diff\u00e9rents, pour une composition intimiste <strong>02 &#8211; Un livre photo r\u00e9trospectif de l&rsquo;ann\u00e9e pass\u00e9e <img decoding=\"async\" role=\"img\" draggable=\"false\" src=\"https:\/\/s.w.org\/images\/core\/emoji\/14.0.0\/svg\/1f4d6.svg\" alt=\"\ud83d\udcd6\" \/> <\/strong><br data-start=\"954\" data-end=\"957\" \/>\u00c0 structurer par saisons, par temps forts personnels, par mois\u2026 <img decoding=\"async\" role=\"img\" draggable=\"false\" src=\"https:\/\/s.w.org\/images\/core\/emoji\/14.0.0\/svg\/1f342.svg\" alt=\"\ud83c\udf42\" \/><img decoding=\"async\" role=\"img\" draggable=\"false\" src=\"https:\/\/s.w.org\/images\/core\/emoji\/14.0.0\/svg\/2744.svg\" alt=\"\u2744\ufe0f\" \/><img decoding=\"async\" role=\"img\" draggable=\"false\" src=\"https:\/\/s.w.org\/images\/core\/emoji\/14.0.0\/svg\/1f338.svg\" alt=\"\ud83c\udf38\" \/><img decoding=\"async\" role=\"img\" draggable=\"false\" src=\"https:\/\/s.w.org\/images\/core\/emoji\/14.0.0\/svg\/2600.svg\" alt=\"\u2600\ufe0f\" \/><br data-start=\"1029\" data-end=\"1032\" \/>\u279c Le<a href=\"https:\/\/www.photoweb.fr\/livre-photo-fenetre-annee\"> livre photo<\/a> imprim\u00e9 comme trace durable, \u00e0 feuilleter avec ses proches <img decoding=\"async\" role=\"img\" draggable=\"false\" src=\"https:\/\/s.w.org\/images\/core\/emoji\/14.0.0\/svg\/1f468-200d-1f469-200d-1f467-200d-1f466.svg\" alt=\"\ud83d\udc68\u200d\ud83d\udc69\u200d\ud83d\udc67\u200d\ud83d\udc66\" \/> <strong>03 &#8211; Une bo\u00eete d&rsquo;archives photo \u00ab\u00a0\u00e0 l&rsquo;ancienne\u00a0\u00bb <img decoding=\"async\" role=\"img\" draggable=\"false\" src=\"https:\/\/s.w.org\/images\/core\/emoji\/14.0.0\/svg\/1f39e.svg\" alt=\"\ud83c\udf9e\ufe0f\" \/><\/strong><br data-start=\"1180\" data-end=\"1183\" \/>Des <a href=\"https:\/\/www.photoweb.fr\/tirage-photo-premium\">Tirages photos premium<\/a> au format classique et fini mat, simplicit\u00e9 et \u00e9l\u00e9gance <img decoding=\"async\" role=\"img\" draggable=\"false\" src=\"https:\/\/s.w.org\/images\/core\/emoji\/14.0.0\/svg\/2728.svg\" alt=\"\u2728\" \/><br data-start=\"1267\" data-end=\"1270\" \/>\u279c Des impressions argentiques de qualit\u00e9 professionnelle, pour des souvenirs inoubliables <img decoding=\"async\" role=\"img\" draggable=\"false\" src=\"https:\/\/s.w.org\/images\/core\/emoji\/14.0.0\/svg\/1f4f8.svg\" alt=\"\ud83d\udcf8\" \/> <strong>04 &#8211; Projet photo des enfants \/ leur ann\u00e9e en images <img decoding=\"async\" role=\"img\" draggable=\"false\" src=\"https:\/\/s.w.org\/images\/core\/emoji\/14.0.0\/svg\/1f476.svg\" alt=\"\ud83d\udc76\" \/><\/strong><br data-start=\"1429\" data-end=\"1432\" \/>Pour immortaliser les moments, les \u00e9volutions, les petits et grands changements <img decoding=\"async\" role=\"img\" draggable=\"false\" src=\"https:\/\/s.w.org\/images\/core\/emoji\/14.0.0\/svg\/1f49b.svg\" alt=\"\ud83d\udc9b\" \/><br data-start=\"1514\" data-end=\"1517\" \/>\u279c<a href=\"https:\/\/www.photoweb.fr\/livre-photo-portrait-souple\"> Livre photo portrait \u00e0 couverture souple<\/a>, pens\u00e9 pour \u00eatre feuillet\u00e9 par de petites mains <img decoding=\"async\" role=\"img\" draggable=\"false\" src=\"https:\/\/s.w.org\/images\/core\/emoji\/14.0.0\/svg\/1f4da.svg\" alt=\"\ud83d\udcda\" \/> <strong>05 &#8211; Carnet photo \u00ab\u00a0gratitude du quotidien\u00a0\u00bb <img decoding=\"async\" role=\"img\" draggable=\"false\" src=\"https:\/\/s.w.org\/images\/core\/emoji\/14.0.0\/svg\/1f4dd.svg\" alt=\"\ud83d\udcdd\" \/><br \/><\/strong>Une version photo du journaling, avec une photo par jour ou par semaine, pour se rem\u00e9morer les moments forts <img decoding=\"async\" role=\"img\" draggable=\"false\" src=\"https:\/\/s.w.org\/images\/core\/emoji\/14.0.0\/svg\/2728.svg\" alt=\"\u2728\" \/><br data-start=\"1780\" data-end=\"1783\" \/>\u279c <a href=\"https:\/\/www.photoweb.fr\/tirage-photo-mini\">Mini tirages photos \u00e9co-con\u00e7us<\/a>, un format mini facile \u00e0 d\u00e9corer <img decoding=\"async\" role=\"img\" draggable=\"false\" src=\"https:\/\/s.w.org\/images\/core\/emoji\/14.0.0\/svg\/1f3a8.svg\" alt=\"\ud83c\udfa8\" \/> <img loading=\"lazy\" decoding=\"async\" title=\"Visuels-MAG (4)\" src=\"https:\/\/www.photoweb.fr\/espaces\/magazine\/wp-content\/uploads\/2026\/01\/Visuels-MAG-4.png\" alt=\"Visuels-MAG (4)\" width=\"1280\" height=\"960\" \/> \u00ab\u00a0<\/p>\r\n<p>Gr\u00e2ce au beau, au durable, au savoir-faire, Photoweb transforme vos souvenirs en objets pr\u00e9cieux <img decoding=\"async\" role=\"img\" draggable=\"false\" src=\"https:\/\/s.w.org\/images\/core\/emoji\/14.0.0\/svg\/2728.svg\" alt=\"\u2728\" \/><\/p>\r\n<p>\u00a0\u00bb 1.2.3. imprimez\u202f! <a href=\"https:\/\/www.photoweb.fr\/\" target=\"_blank\" rel=\"noopener\"> <img loading=\"lazy\" decoding=\"async\" title=\"CPFP\" src=\"https:\/\/www.photoweb.fr\/espaces\/magazine\/wp-content\/uploads\/2026\/01\/CPFP.png\" alt=\"CPFP\" width=\"600\" height=\"600\" \/> <\/a> <a href=\"https:\/\/www.photoweb.fr\/produits\/faire-part\/naissance\" target=\"_blank\" rel=\"noopener\"> Cr\u00e9er votre carte de voeux<\/a> <a href=\"https:\/\/www.photoweb.fr\/\" target=\"_blank\" rel=\"noopener\"> <img loading=\"lazy\" decoding=\"async\" title=\"livre r\u00e9trospective\" src=\"https:\/\/www.photoweb.fr\/espaces\/magazine\/wp-content\/uploads\/2026\/01\/livre-retrospective.png\" alt=\"livre r\u00e9trospective\" width=\"600\" height=\"600\" \/> <\/a> <a href=\"https:\/\/www.photoweb.fr\/produits\/faire-part\/naissance\" target=\"_blank\" rel=\"noopener\"> Cr\u00e9er votre livre r\u00e9trospective 2025<\/a> <a href=\"https:\/\/www.photoweb.fr\/\" target=\"_blank\" rel=\"noopener\"> <img loading=\"lazy\" decoding=\"async\" title=\"Tirages classiques\" src=\"https:\/\/www.photoweb.fr\/espaces\/magazine\/wp-content\/uploads\/2026\/01\/Tirages-classiques.png\" alt=\"Tirages classiques\" width=\"600\" height=\"600\" \/> <\/a> <a href=\"https:\/\/www.photoweb.fr\/produits\/faire-part\/naissance\" target=\"_blank\" rel=\"noopener\"> Cr\u00e9er vos tirages photos \u00e9co-con\u00e7us<\/a><\/p>\r\n","protected":false},"excerpt":{"rendered":"<p>Alors que 2026 commence, c&rsquo;est le moment id\u00e9al pour faire le point sur 2025 : vos r\u00e9ussites, vos \u00e9motions, vos souvenirs. Pourquoi ne pas transformer ces moments pr\u00e9cieux en projets photo cr\u00e9atifs et durables ? Dans cet article, d\u00e9couvrez 5 id\u00e9es simples et inspirantes pour immortaliser l&rsquo;ann\u00e9e \u00e9coul\u00e9e, ajouter une touche personnelle \u00e0 votre int\u00e9rieur&hellip;<\/p>\n","protected":false},"author":46,"featured_media":14684,"comment_status":"open","ping_status":"open","sticky":false,"template":"single-standard.php","format":"standard","meta":{"footnotes":""},"categories":[18],"tags":[],"class_list":["post-14681","post","type-post","status-publish","format-standard","has-post-thumbnail","hentry","category-conseils-expets"],"yoast_head":"<!-- This site is optimized with the Yoast SEO plugin v20.3 - https:\/\/yoast.com\/wordpress\/plugins\/seo\/ -->\n<title>\ud83c\udfaf5 projets photo pour bien commencer l&#039;ann\u00e9e<\/title>\n<meta name=\"description\" content=\"Alors que 2026 commence, c&#039;est le moment id\u00e9al pour faire le point sur 2025 : vos r\u00e9ussites, vos \u00e9motions, vos souvenirs. Pourquoi ne pas transformer ces\" \/>\n<meta name=\"robots\" content=\"index, follow, max-snippet:-1, max-image-preview:large, max-video-preview:-1\" \/>\n<link rel=\"canonical\" href=\"https:\/\/www.photoweb.fr\/espaces\/magazine\/\ud83c\udfaf5-projets-photo-pour-bien-commencer-lannee\/\" \/>\n<meta property=\"og:locale\" content=\"fr_FR\" \/>\n<meta property=\"og:type\" content=\"article\" \/>\n<meta property=\"og:title\" content=\"\ud83c\udfaf5 projets photo pour bien commencer l&#039;ann\u00e9e\" \/>\n<meta property=\"og:description\" content=\"Alors que 2026 commence, c&#039;est le moment id\u00e9al pour faire le point sur 2025 : vos r\u00e9ussites, vos \u00e9motions, vos souvenirs. Pourquoi ne pas transformer ces\" \/>\n<meta property=\"og:url\" content=\"https:\/\/www.photoweb.fr\/espaces\/magazine\/\ud83c\udfaf5-projets-photo-pour-bien-commencer-lannee\/\" \/>\n<meta property=\"og:site_name\" content=\"Photoweb, le mag\" \/>\n<meta property=\"article:publisher\" content=\"https:\/\/fr-fr.facebook.com\/Photoweb.fr\/\" \/>\n<meta property=\"article:published_time\" content=\"2026-01-09T14:17:30+00:00\" \/>\n<meta property=\"article:modified_time\" content=\"2026-01-09T14:29:34+00:00\" \/>\n<meta property=\"og:image\" content=\"https:\/\/www.photoweb.fr\/espaces\/magazine\/wp-content\/uploads\/2026\/01\/Visuels-MAG-4-1-e1767966372819.png\" \/>\n\t<meta property=\"og:image:width\" content=\"800\" \/>\n\t<meta property=\"og:image:height\" content=\"600\" \/>\n\t<meta property=\"og:image:type\" content=\"image\/png\" \/>\n<meta name=\"author\" content=\"Sihem\" \/>\n<meta name=\"twitter:card\" content=\"summary_large_image\" \/>\n<meta name=\"twitter:creator\" content=\"@Photoweb_fr\" \/>\n<meta name=\"twitter:site\" content=\"@Photoweb_fr\" \/>\n<meta name=\"twitter:label1\" content=\"\u00c9crit par\" \/>\n\t<meta name=\"twitter:data1\" content=\"Sihem\" \/>\n\t<meta name=\"twitter:label2\" content=\"Dur\u00e9e de lecture estim\u00e9e\" \/>\n\t<meta name=\"twitter:data2\" content=\"8 minutes\" \/>\n<script type=\"application\/ld+json\" class=\"yoast-schema-graph\">{\"@context\":\"https:\/\/schema.org\",\"@graph\":[{\"@type\":\"Article\",\"@id\":\"https:\/\/www.photoweb.fr\/espaces\/magazine\/%f0%9f%8e%af5-projets-photo-pour-bien-commencer-lannee\/#article\",\"isPartOf\":{\"@id\":\"https:\/\/www.photoweb.fr\/espaces\/magazine\/%f0%9f%8e%af5-projets-photo-pour-bien-commencer-lannee\/\"},\"author\":{\"name\":\"Sihem\",\"@id\":\"https:\/\/www.photoweb.fr\/espaces\/magazine\/#\/schema\/person\/0c38a1afacdb3a9474ca473716f01308\"},\"headline\":\"\ud83c\udfaf5 projets photo pour bien commencer l&rsquo;ann\u00e9e\",\"datePublished\":\"2026-01-09T14:17:30+00:00\",\"dateModified\":\"2026-01-09T14:29:34+00:00\",\"mainEntityOfPage\":{\"@id\":\"https:\/\/www.photoweb.fr\/espaces\/magazine\/%f0%9f%8e%af5-projets-photo-pour-bien-commencer-lannee\/\"},\"wordCount\":368,\"commentCount\":0,\"publisher\":{\"@id\":\"https:\/\/www.photoweb.fr\/espaces\/magazine\/#organization\"},\"articleSection\":[\"Conseils experts\"],\"inLanguage\":\"fr-FR\",\"potentialAction\":[{\"@type\":\"CommentAction\",\"name\":\"Comment\",\"target\":[\"https:\/\/www.photoweb.fr\/espaces\/magazine\/%f0%9f%8e%af5-projets-photo-pour-bien-commencer-lannee\/#respond\"]}]},{\"@type\":\"WebPage\",\"@id\":\"https:\/\/www.photoweb.fr\/espaces\/magazine\/%f0%9f%8e%af5-projets-photo-pour-bien-commencer-lannee\/\",\"url\":\"https:\/\/www.photoweb.fr\/espaces\/magazine\/%f0%9f%8e%af5-projets-photo-pour-bien-commencer-lannee\/\",\"name\":\"\ud83c\udfaf5 projets photo pour bien commencer l'ann\u00e9e\",\"isPartOf\":{\"@id\":\"https:\/\/www.photoweb.fr\/espaces\/magazine\/#website\"},\"datePublished\":\"2026-01-09T14:17:30+00:00\",\"dateModified\":\"2026-01-09T14:29:34+00:00\",\"description\":\"Alors que 2026 commence, c'est le moment id\u00e9al pour faire le point sur 2025 : vos r\u00e9ussites, vos \u00e9motions, vos souvenirs. Pourquoi ne pas transformer ces\",\"breadcrumb\":{\"@id\":\"https:\/\/www.photoweb.fr\/espaces\/magazine\/%f0%9f%8e%af5-projets-photo-pour-bien-commencer-lannee\/#breadcrumb\"},\"inLanguage\":\"fr-FR\",\"potentialAction\":[{\"@type\":\"ReadAction\",\"target\":[\"https:\/\/www.photoweb.fr\/espaces\/magazine\/%f0%9f%8e%af5-projets-photo-pour-bien-commencer-lannee\/\"]}]},{\"@type\":\"BreadcrumbList\",\"@id\":\"https:\/\/www.photoweb.fr\/espaces\/magazine\/%f0%9f%8e%af5-projets-photo-pour-bien-commencer-lannee\/#breadcrumb\",\"itemListElement\":[{\"@type\":\"ListItem\",\"position\":1,\"name\":\"Accueil\",\"item\":\"https:\/\/www.photoweb.fr\/espaces\/magazine\/\"},{\"@type\":\"ListItem\",\"position\":2,\"name\":\"Conseils experts\",\"item\":\"https:\/\/www.photoweb.fr\/espaces\/magazine\/conseils-expets\/\"},{\"@type\":\"ListItem\",\"position\":3,\"name\":\"\ud83c\udfaf5 projets photo pour bien commencer l&#8217;ann\u00e9e\"}]},{\"@type\":\"WebSite\",\"@id\":\"https:\/\/www.photoweb.fr\/espaces\/magazine\/#website\",\"url\":\"https:\/\/www.photoweb.fr\/espaces\/magazine\/\",\"name\":\"Photoweb, le mag\",\"description\":\"Le magazine de Photoweb\",\"publisher\":{\"@id\":\"https:\/\/www.photoweb.fr\/espaces\/magazine\/#organization\"},\"potentialAction\":[{\"@type\":\"SearchAction\",\"target\":{\"@type\":\"EntryPoint\",\"urlTemplate\":\"https:\/\/www.photoweb.fr\/espaces\/magazine\/?s={search_term_string}\"},\"query-input\":\"required name=search_term_string\"}],\"inLanguage\":\"fr-FR\"},{\"@type\":\"Organization\",\"@id\":\"https:\/\/www.photoweb.fr\/espaces\/magazine\/#organization\",\"name\":\"Photoweb\",\"url\":\"https:\/\/www.photoweb.fr\/espaces\/magazine\/\",\"logo\":{\"@type\":\"ImageObject\",\"inLanguage\":\"fr-FR\",\"@id\":\"https:\/\/www.photoweb.fr\/espaces\/magazine\/#\/schema\/logo\/image\/\",\"url\":\"https:\/\/www.photoweb.fr\/espaces\/magazine\/wp-content\/uploads\/2021\/02\/Logo-Photoweb.jpg\",\"contentUrl\":\"https:\/\/www.photoweb.fr\/espaces\/magazine\/wp-content\/uploads\/2021\/02\/Logo-Photoweb.jpg\",\"width\":780,\"height\":456,\"caption\":\"Photoweb\"},\"image\":{\"@id\":\"https:\/\/www.photoweb.fr\/espaces\/magazine\/#\/schema\/logo\/image\/\"},\"sameAs\":[\"https:\/\/fr-fr.facebook.com\/Photoweb.fr\/\",\"https:\/\/twitter.com\/Photoweb_fr\",\"https:\/\/www.instagram.com\/photowebfr\/\",\"https:\/\/www.linkedin.com\/company\/347094\/\",\"https:\/\/www.pinterest.fr\/inspirationsphotoweb\/_created\/\",\"https:\/\/www.youtube.com\/channel\/UCtcVmTvkAzKQLVkiwfOm8sg\"]},{\"@type\":\"Person\",\"@id\":\"https:\/\/www.photoweb.fr\/espaces\/magazine\/#\/schema\/person\/0c38a1afacdb3a9474ca473716f01308\",\"name\":\"Sihem\"}]}<\/script>\n<!-- \/ Yoast SEO plugin. -->","yoast_head_json":{"title":"\ud83c\udfaf5 projets photo pour bien commencer l'ann\u00e9e","description":"Alors que 2026 commence, c'est le moment id\u00e9al pour faire le point sur 2025 : vos r\u00e9ussites, vos \u00e9motions, vos souvenirs. Pourquoi ne pas transformer ces","robots":{"index":"index","follow":"follow","max-snippet":"max-snippet:-1","max-image-preview":"max-image-preview:large","max-video-preview":"max-video-preview:-1"},"canonical":"https:\/\/www.photoweb.fr\/espaces\/magazine\/\ud83c\udfaf5-projets-photo-pour-bien-commencer-lannee\/","og_locale":"fr_FR","og_type":"article","og_title":"\ud83c\udfaf5 projets photo pour bien commencer l'ann\u00e9e","og_description":"Alors que 2026 commence, c'est le moment id\u00e9al pour faire le point sur 2025 : vos r\u00e9ussites, vos \u00e9motions, vos souvenirs. Pourquoi ne pas transformer ces","og_url":"https:\/\/www.photoweb.fr\/espaces\/magazine\/\ud83c\udfaf5-projets-photo-pour-bien-commencer-lannee\/","og_site_name":"Photoweb, le mag","article_publisher":"https:\/\/fr-fr.facebook.com\/Photoweb.fr\/","article_published_time":"2026-01-09T14:17:30+00:00","article_modified_time":"2026-01-09T14:29:34+00:00","og_image":[{"width":800,"height":600,"url":"https:\/\/www.photoweb.fr\/espaces\/magazine\/wp-content\/uploads\/2026\/01\/Visuels-MAG-4-1-e1767966372819.png","type":"image\/png"}],"author":"Sihem","twitter_card":"summary_large_image","twitter_creator":"@Photoweb_fr","twitter_site":"@Photoweb_fr","twitter_misc":{"\u00c9crit par":"Sihem","Dur\u00e9e de lecture estim\u00e9e":"8 minutes"},"schema":{"@context":"https:\/\/schema.org","@graph":[{"@type":"Article","@id":"https:\/\/www.photoweb.fr\/espaces\/magazine\/%f0%9f%8e%af5-projets-photo-pour-bien-commencer-lannee\/#article","isPartOf":{"@id":"https:\/\/www.photoweb.fr\/espaces\/magazine\/%f0%9f%8e%af5-projets-photo-pour-bien-commencer-lannee\/"},"author":{"name":"Sihem","@id":"https:\/\/www.photoweb.fr\/espaces\/magazine\/#\/schema\/person\/0c38a1afacdb3a9474ca473716f01308"},"headline":"\ud83c\udfaf5 projets photo pour bien commencer l&rsquo;ann\u00e9e","datePublished":"2026-01-09T14:17:30+00:00","dateModified":"2026-01-09T14:29:34+00:00","mainEntityOfPage":{"@id":"https:\/\/www.photoweb.fr\/espaces\/magazine\/%f0%9f%8e%af5-projets-photo-pour-bien-commencer-lannee\/"},"wordCount":368,"commentCount":0,"publisher":{"@id":"https:\/\/www.photoweb.fr\/espaces\/magazine\/#organization"},"articleSection":["Conseils experts"],"inLanguage":"fr-FR","potentialAction":[{"@type":"CommentAction","name":"Comment","target":["https:\/\/www.photoweb.fr\/espaces\/magazine\/%f0%9f%8e%af5-projets-photo-pour-bien-commencer-lannee\/#respond"]}]},{"@type":"WebPage","@id":"https:\/\/www.photoweb.fr\/espaces\/magazine\/%f0%9f%8e%af5-projets-photo-pour-bien-commencer-lannee\/","url":"https:\/\/www.photoweb.fr\/espaces\/magazine\/%f0%9f%8e%af5-projets-photo-pour-bien-commencer-lannee\/","name":"\ud83c\udfaf5 projets photo pour bien commencer l'ann\u00e9e","isPartOf":{"@id":"https:\/\/www.photoweb.fr\/espaces\/magazine\/#website"},"datePublished":"2026-01-09T14:17:30+00:00","dateModified":"2026-01-09T14:29:34+00:00","description":"Alors que 2026 commence, c'est le moment id\u00e9al pour faire le point sur 2025 : vos r\u00e9ussites, vos \u00e9motions, vos souvenirs. Pourquoi ne pas transformer ces","breadcrumb":{"@id":"https:\/\/www.photoweb.fr\/espaces\/magazine\/%f0%9f%8e%af5-projets-photo-pour-bien-commencer-lannee\/#breadcrumb"},"inLanguage":"fr-FR","potentialAction":[{"@type":"ReadAction","target":["https:\/\/www.photoweb.fr\/espaces\/magazine\/%f0%9f%8e%af5-projets-photo-pour-bien-commencer-lannee\/"]}]},{"@type":"BreadcrumbList","@id":"https:\/\/www.photoweb.fr\/espaces\/magazine\/%f0%9f%8e%af5-projets-photo-pour-bien-commencer-lannee\/#breadcrumb","itemListElement":[{"@type":"ListItem","position":1,"name":"Accueil","item":"https:\/\/www.photoweb.fr\/espaces\/magazine\/"},{"@type":"ListItem","position":2,"name":"Conseils experts","item":"https:\/\/www.photoweb.fr\/espaces\/magazine\/conseils-expets\/"},{"@type":"ListItem","position":3,"name":"\ud83c\udfaf5 projets photo pour bien commencer l&#8217;ann\u00e9e"}]},{"@type":"WebSite","@id":"https:\/\/www.photoweb.fr\/espaces\/magazine\/#website","url":"https:\/\/www.photoweb.fr\/espaces\/magazine\/","name":"Photoweb, le mag","description":"Le magazine de Photoweb","publisher":{"@id":"https:\/\/www.photoweb.fr\/espaces\/magazine\/#organization"},"potentialAction":[{"@type":"SearchAction","target":{"@type":"EntryPoint","urlTemplate":"https:\/\/www.photoweb.fr\/espaces\/magazine\/?s={search_term_string}"},"query-input":"required name=search_term_string"}],"inLanguage":"fr-FR"},{"@type":"Organization","@id":"https:\/\/www.photoweb.fr\/espaces\/magazine\/#organization","name":"Photoweb","url":"https:\/\/www.photoweb.fr\/espaces\/magazine\/","logo":{"@type":"ImageObject","inLanguage":"fr-FR","@id":"https:\/\/www.photoweb.fr\/espaces\/magazine\/#\/schema\/logo\/image\/","url":"https:\/\/www.photoweb.fr\/espaces\/magazine\/wp-content\/uploads\/2021\/02\/Logo-Photoweb.jpg","contentUrl":"https:\/\/www.photoweb.fr\/espaces\/magazine\/wp-content\/uploads\/2021\/02\/Logo-Photoweb.jpg","width":780,"height":456,"caption":"Photoweb"},"image":{"@id":"https:\/\/www.photoweb.fr\/espaces\/magazine\/#\/schema\/logo\/image\/"},"sameAs":["https:\/\/fr-fr.facebook.com\/Photoweb.fr\/","https:\/\/twitter.com\/Photoweb_fr","https:\/\/www.instagram.com\/photowebfr\/","https:\/\/www.linkedin.com\/company\/347094\/","https:\/\/www.pinterest.fr\/inspirationsphotoweb\/_created\/","https:\/\/www.youtube.com\/channel\/UCtcVmTvkAzKQLVkiwfOm8sg"]},{"@type":"Person","@id":"https:\/\/www.photoweb.fr\/espaces\/magazine\/#\/schema\/person\/0c38a1afacdb3a9474ca473716f01308","name":"Sihem"}]}},"acf":[],"_links":{"self":[{"href":"https:\/\/www.photoweb.fr\/espaces\/magazine\/wp-json\/wp\/v2\/posts\/14681","targetHints":{"allow":["GET"]}}],"collection":[{"href":"https:\/\/www.photoweb.fr\/espaces\/magazine\/wp-json\/wp\/v2\/posts"}],"about":[{"href":"https:\/\/www.photoweb.fr\/espaces\/magazine\/wp-json\/wp\/v2\/types\/post"}],"author":[{"embeddable":true,"href":"https:\/\/www.photoweb.fr\/espaces\/magazine\/wp-json\/wp\/v2\/users\/46"}],"replies":[{"embeddable":true,"href":"https:\/\/www.photoweb.fr\/espaces\/magazine\/wp-json\/wp\/v2\/comments?post=14681"}],"version-history":[{"count":4,"href":"https:\/\/www.photoweb.fr\/espaces\/magazine\/wp-json\/wp\/v2\/posts\/14681\/revisions"}],"predecessor-version":[{"id":14695,"href":"https:\/\/www.photoweb.fr\/espaces\/magazine\/wp-json\/wp\/v2\/posts\/14681\/revisions\/14695"}],"wp:featuredmedia":[{"embeddable":true,"href":"https:\/\/www.photoweb.fr\/espaces\/magazine\/wp-json\/wp\/v2\/media\/14684"}],"wp:attachment":[{"href":"https:\/\/www.photoweb.fr\/espaces\/magazine\/wp-json\/wp\/v2\/media?parent=14681"}],"wp:term":[{"taxonomy":"category","embeddable":true,"href":"https:\/\/www.photoweb.fr\/espaces\/magazine\/wp-json\/wp\/v2\/categories?post=14681"},{"taxonomy":"post_tag","embeddable":true,"href":"https:\/\/www.photoweb.fr\/espaces\/magazine\/wp-json\/wp\/v2\/tags?post=14681"}],"curies":[{"name":"wp","href":"https:\/\/api.w.org\/{rel}","templated":true}]}}