{"id":14723,"date":"2026-01-21T13:45:30","date_gmt":"2026-01-21T11:45:30","guid":{"rendered":"https:\/\/www.photoweb.fr\/espaces\/magazine\/?p=14723"},"modified":"2026-02-06T11:56:33","modified_gmt":"2026-02-06T09:56:33","slug":"pourquoi-janvier-est-le-meilleur-mois-pour-trier-ses-photos-et-comment-sy-mettre-sans-stress%f0%9f%92%86%e2%99%82%ef%b8%8f","status":"publish","type":"post","link":"https:\/\/www.photoweb.fr\/espaces\/magazine\/pourquoi-janvier-est-le-meilleur-mois-pour-trier-ses-photos-et-comment-sy-mettre-sans-stress%f0%9f%92%86%e2%99%82%ef%b8%8f\/","title":{"rendered":"Pourquoi Janvier est le meilleur mois pour trier ses photos (et comment s\u2019y mettre sans stress)\ud83d\udc86\u200d\u2642\ufe0f"},"content":{"rendered":"\r\n<p>L&rsquo;effervescence des f\u00eates est retomb\u00e9e, le calme revient, le froid polaire du c\u0153ur de l&rsquo;hiver est l\u00e0 nous obligeant \u00e0 rester au chaud chez nous, Janvier est donc la p\u00e9riode id\u00e9ale pour prendre du recul sur l&rsquo;ann\u00e9e qui vient de s&rsquo;\u00e9couler, revivre ses temps forts, trier, se d\u00e9barrasser du superflu pour r\u00e9v\u00e9ler l&rsquo;essentiel, s\u00e9lectionner et valoriser ce qui compte vraiment.<\/p>\r\n<p>Alors, comment est-ce qu&rsquo;on s&rsquo;y met ? On y va doucement\u2026 <strong>et on structure<\/strong> On commence par trier par saisons:<br data-start=\"252\" data-end=\"255\" \/>Hiver <img decoding=\"async\" role=\"img\" draggable=\"false\" src=\"https:\/\/s.w.org\/images\/core\/emoji\/14.0.0\/svg\/2744.svg\" alt=\"\u2744\ufe0f\" \/> &#8211; Printemps <img decoding=\"async\" role=\"img\" draggable=\"false\" src=\"https:\/\/s.w.org\/images\/core\/emoji\/14.0.0\/svg\/1f338.svg\" alt=\"\ud83c\udf38\" \/> &#8211; \u00c9t\u00e9 <img decoding=\"async\" role=\"img\" draggable=\"false\" src=\"https:\/\/s.w.org\/images\/core\/emoji\/14.0.0\/svg\/2600.svg\" alt=\"\u2600\ufe0f\" \/> &#8211; Automne <img decoding=\"async\" role=\"img\" draggable=\"false\" src=\"https:\/\/s.w.org\/images\/core\/emoji\/14.0.0\/svg\/1f342.svg\" alt=\"\ud83c\udf42\" \/> <strong>On fait du m\u00e9nage, on supprime :<\/strong><\/p>\r\n<ul>\r\n<li>les photos en double<\/li>\r\n<li>les photos sans intention<\/li>\r\n<li>les photos vides<\/li>\r\n<li>les photos floues<\/li>\r\n<\/ul>\r\n<p>&nbsp;<\/p>\r\n<p><strong>On garde l&rsquo;essentiel.<\/strong><\/p>\r\n<p>Celles qui comptent vraiment :<br data-start=\"501\" data-end=\"504\" \/><img decoding=\"async\" role=\"img\" draggable=\"false\" src=\"https:\/\/s.w.org\/images\/core\/emoji\/14.0.0\/svg\/1f4d6.svg\" alt=\"\ud83d\udcd6\" \/> les photos qui racontent une histoire<br data-start=\"544\" data-end=\"547\" \/><img decoding=\"async\" draggable=\"false\" src=\"https:\/\/statics.teams.cdn.office.net\/evergreen-assets\/personal-expressions\/v2\/assets\/emoticons\/goldmedal\/default\/20_f.png?v=v24\" alt=\"M\u00e9daille d'or\" width=\"20px\" height=\"20px\" aria-label=\"M\u00e9daille d'or\" \/>\u00a0les photos qui font revivre un moment important<br data-start=\"596\" data-end=\"599\" \/><img decoding=\"async\" role=\"img\" draggable=\"false\" src=\"https:\/\/s.w.org\/images\/core\/emoji\/14.0.0\/svg\/1f4ab.svg\" alt=\"\ud83d\udcab\" \/> les photos qui procurent une \u00e9motion quand on les regarde Une fois qu&rsquo;il ne reste que les photos <strong>ESSENTIELLES<\/strong>, on cr\u00e9e des collections\/albums pr\u00eats \u00e0 \u00eatre imprim\u00e9s. <br data-start=\"718\" data-end=\"721\" \/>Selon nos cat\u00e9gories de tri, on peut cr\u00e9er des dossiers :<br data-start=\"772\" data-end=\"775\" \/><img decoding=\"async\" role=\"img\" draggable=\"false\" src=\"https:\/\/s.w.org\/images\/core\/emoji\/14.0.0\/svg\/1f4cd.svg\" alt=\"\ud83d\udccd\" \/> par moments importants<br data-start=\"800\" data-end=\"803\" \/><img decoding=\"async\" role=\"img\" draggable=\"false\" src=\"https:\/\/s.w.org\/images\/core\/emoji\/14.0.0\/svg\/1f4c6.svg\" alt=\"\ud83d\udcc6\" \/> par mois<br data-start=\"814\" data-end=\"817\" \/><img decoding=\"async\" role=\"img\" draggable=\"false\" src=\"https:\/\/s.w.org\/images\/core\/emoji\/14.0.0\/svg\/1f343.svg\" alt=\"\ud83c\udf43\" \/> par saisons Tout devient clair, l\u00e9ger\u2026 et tellement plus agr\u00e9able \u00e0 parcourir <img decoding=\"async\" role=\"img\" draggable=\"false\" src=\"https:\/\/s.w.org\/images\/core\/emoji\/14.0.0\/svg\/2728.svg\" alt=\"\u2728\" \/><img decoding=\"async\" role=\"img\" draggable=\"false\" src=\"https:\/\/s.w.org\/images\/core\/emoji\/14.0.0\/svg\/1f90d.svg\" alt=\"\ud83e\udd0d\" \/> <img loading=\"lazy\" decoding=\"async\" title=\"Visuels-MAG (6)\" src=\"https:\/\/www.photoweb.fr\/espaces\/magazine\/wp-content\/uploads\/2026\/01\/Visuels-MAG-6-600x600.png\" alt=\"Visuels-MAG (6)\" width=\"600\" height=\"600\" \/> \u00ab\u00a0<\/p>\r\n<h2><img decoding=\"async\" role=\"img\" draggable=\"false\" src=\"https:\/\/s.w.org\/images\/core\/emoji\/14.0.0\/svg\/1f4a1.svg\" alt=\"\ud83d\udca1\" \/> <strong data-start=\"911\" data-end=\"923\">L&rsquo;astuce<\/strong> :<br data-start=\"925\" data-end=\"928\" \/>Des sessions de tri courtes pour un tri progressif <img decoding=\"async\" role=\"img\" draggable=\"false\" src=\"https:\/\/s.w.org\/images\/core\/emoji\/14.0.0\/svg\/23f1.svg\" alt=\"\u23f1\ufe0f\" \/><\/h2>\r\n<h4 data-start=\"985\" data-end=\"1051\">Trier, c&rsquo;est d\u00e9j\u00e0 la premi\u00e8re \u00e9tape pour cr\u00e9er un bel objet <img decoding=\"async\" role=\"img\" draggable=\"false\" src=\"https:\/\/s.w.org\/images\/core\/emoji\/14.0.0\/svg\/1f495.svg\" alt=\"\ud83d\udc95\" \/><img decoding=\"async\" role=\"img\" draggable=\"false\" src=\"https:\/\/s.w.org\/images\/core\/emoji\/14.0.0\/svg\/1f4d6.svg\" alt=\"\ud83d\udcd6\" \/><\/h4>\r\n<p>\u00a0\u00bb 1.2.3. imprimez\u202f! <a href=\"https:\/\/www.photoweb.fr\/tirage-photo-mini\" target=\"_blank\" rel=\"noopener\"> <img loading=\"lazy\" decoding=\"async\" title=\"mini tirages\" src=\"https:\/\/www.photoweb.fr\/espaces\/magazine\/wp-content\/uploads\/2026\/01\/Media.jpg\" alt=\"mini tirages\" width=\"400\" height=\"400\" \/> <\/a> <a href=\"https:\/\/www.photoweb.fr\/tirage-photo-mini\" target=\"_blank\" rel=\"noopener\"> Cr\u00e9er vos mini tirages photo<\/a> <a href=\"https:\/\/www.photoweb.fr\/livre-photo-carre-souple\" target=\"_blank\" rel=\"noopener\"> <img loading=\"lazy\" decoding=\"async\" title=\"LP souple\" src=\"https:\/\/www.photoweb.fr\/espaces\/magazine\/wp-content\/uploads\/2025\/12\/LP-souple.png\" alt=\"LP souple\" width=\"600\" height=\"600\" \/> <\/a> <a href=\"https:\/\/www.photoweb.fr\/livre-photo-carre-souple\" target=\"_blank\" rel=\"noopener\"> Cr\u00e9er votre livre photo carr\u00e9 souple<\/a> <a href=\"https:\/\/www.photoweb.fr\/cadre-photo-creatif\" target=\"_blank\" rel=\"noopener\"> <img loading=\"lazy\" decoding=\"async\" title=\"cadre photo cr\u00e9atif\" src=\"https:\/\/www.photoweb.fr\/espaces\/magazine\/wp-content\/uploads\/2026\/01\/livre-retrospective-1.png\" alt=\"cadre photo cr\u00e9atif\" width=\"600\" height=\"600\" \/> <\/a> <a href=\"https:\/\/www.photoweb.fr\/cadre-photo-creatif\" target=\"_blank\" rel=\"noopener\"> Cr\u00e9er votre cadre photo cr\u00e9atif<\/a><\/p>\r\n","protected":false},"excerpt":{"rendered":"<p>L&rsquo;effervescence des f\u00eates est retomb\u00e9e, le calme revient, le froid polaire du c\u0153ur de l&rsquo;hiver est l\u00e0 nous obligeant \u00e0 rester au chaud chez nous, Janvier est donc la p\u00e9riode id\u00e9ale pour prendre du recul sur l&rsquo;ann\u00e9e qui vient de s&rsquo;\u00e9couler, revivre ses temps forts, trier, se d\u00e9barrasser du superflu pour r\u00e9v\u00e9ler l&rsquo;essentiel, s\u00e9lectionner et&hellip;<\/p>\n","protected":false},"author":46,"featured_media":14727,"comment_status":"open","ping_status":"open","sticky":false,"template":"single-standard.php","format":"standard","meta":{"footnotes":""},"categories":[18],"tags":[],"class_list":["post-14723","post","type-post","status-publish","format-standard","has-post-thumbnail","hentry","category-conseils-expets"],"yoast_head":"<!-- This site is optimized with the Yoast SEO plugin v20.3 - https:\/\/yoast.com\/wordpress\/plugins\/seo\/ -->\n<title>Pourquoi Janvier est le meilleur mois pour trier ses photos (et comment s\u2019y mettre sans stress)\ud83d\udc86\u200d\u2642\ufe0f<\/title>\n<meta name=\"description\" content=\"L&#039;effervescence des f\u00eates est retomb\u00e9e, le calme revient, le froid polaire du c\u0153ur de l&#039;hiver est l\u00e0 nous obligeant \u00e0 rester au chaud chez nous, Janvier\" \/>\n<meta name=\"robots\" content=\"index, follow, max-snippet:-1, max-image-preview:large, max-video-preview:-1\" \/>\n<link rel=\"canonical\" href=\"https:\/\/www.photoweb.fr\/espaces\/magazine\/pourquoi-janvier-est-le-meilleur-mois-pour-trier-ses-photos-et-comment-sy-mettre-sans-stress\ud83d\udc86\u2642\ufe0f\/\" \/>\n<meta property=\"og:locale\" content=\"fr_FR\" \/>\n<meta property=\"og:type\" content=\"article\" \/>\n<meta property=\"og:title\" content=\"Pourquoi Janvier est le meilleur mois pour trier ses photos (et comment s\u2019y mettre sans stress)\ud83d\udc86\u200d\u2642\ufe0f\" \/>\n<meta property=\"og:description\" content=\"L&#039;effervescence des f\u00eates est retomb\u00e9e, le calme revient, le froid polaire du c\u0153ur de l&#039;hiver est l\u00e0 nous obligeant \u00e0 rester au chaud chez nous, Janvier\" \/>\n<meta property=\"og:url\" content=\"https:\/\/www.photoweb.fr\/espaces\/magazine\/pourquoi-janvier-est-le-meilleur-mois-pour-trier-ses-photos-et-comment-sy-mettre-sans-stress\ud83d\udc86\u2642\ufe0f\/\" \/>\n<meta property=\"og:site_name\" content=\"Photoweb, le mag\" \/>\n<meta property=\"article:publisher\" content=\"https:\/\/fr-fr.facebook.com\/Photoweb.fr\/\" \/>\n<meta property=\"article:published_time\" content=\"2026-01-21T11:45:30+00:00\" \/>\n<meta property=\"article:modified_time\" content=\"2026-02-06T09:56:33+00:00\" \/>\n<meta property=\"og:image\" content=\"https:\/\/www.photoweb.fr\/espaces\/magazine\/wp-content\/uploads\/2026\/01\/Visuels-MAG-2.png\" \/>\n\t<meta property=\"og:image:width\" content=\"960\" \/>\n\t<meta property=\"og:image:height\" content=\"720\" \/>\n\t<meta property=\"og:image:type\" content=\"image\/png\" \/>\n<meta name=\"author\" content=\"Sihem\" \/>\n<meta name=\"twitter:card\" content=\"summary_large_image\" \/>\n<meta name=\"twitter:creator\" content=\"@Photoweb_fr\" \/>\n<meta name=\"twitter:site\" content=\"@Photoweb_fr\" \/>\n<meta name=\"twitter:label1\" content=\"\u00c9crit par\" \/>\n\t<meta name=\"twitter:data1\" content=\"Sihem\" \/>\n\t<meta name=\"twitter:label2\" content=\"Dur\u00e9e de lecture estim\u00e9e\" \/>\n\t<meta name=\"twitter:data2\" content=\"6 minutes\" \/>\n<script type=\"application\/ld+json\" class=\"yoast-schema-graph\">{\"@context\":\"https:\/\/schema.org\",\"@graph\":[{\"@type\":\"Article\",\"@id\":\"https:\/\/www.photoweb.fr\/espaces\/magazine\/pourquoi-janvier-est-le-meilleur-mois-pour-trier-ses-photos-et-comment-sy-mettre-sans-stress%f0%9f%92%86%e2%99%82%ef%b8%8f\/#article\",\"isPartOf\":{\"@id\":\"https:\/\/www.photoweb.fr\/espaces\/magazine\/pourquoi-janvier-est-le-meilleur-mois-pour-trier-ses-photos-et-comment-sy-mettre-sans-stress%f0%9f%92%86%e2%99%82%ef%b8%8f\/\"},\"author\":{\"name\":\"Sihem\",\"@id\":\"https:\/\/www.photoweb.fr\/espaces\/magazine\/#\/schema\/person\/0c38a1afacdb3a9474ca473716f01308\"},\"headline\":\"Pourquoi Janvier est le meilleur mois pour trier ses photos (et comment s\u2019y mettre sans stress)\ud83d\udc86\u200d\u2642\ufe0f\",\"datePublished\":\"2026-01-21T11:45:30+00:00\",\"dateModified\":\"2026-02-06T09:56:33+00:00\",\"mainEntityOfPage\":{\"@id\":\"https:\/\/www.photoweb.fr\/espaces\/magazine\/pourquoi-janvier-est-le-meilleur-mois-pour-trier-ses-photos-et-comment-sy-mettre-sans-stress%f0%9f%92%86%e2%99%82%ef%b8%8f\/\"},\"wordCount\":261,\"commentCount\":0,\"publisher\":{\"@id\":\"https:\/\/www.photoweb.fr\/espaces\/magazine\/#organization\"},\"articleSection\":[\"Conseils experts\"],\"inLanguage\":\"fr-FR\",\"potentialAction\":[{\"@type\":\"CommentAction\",\"name\":\"Comment\",\"target\":[\"https:\/\/www.photoweb.fr\/espaces\/magazine\/pourquoi-janvier-est-le-meilleur-mois-pour-trier-ses-photos-et-comment-sy-mettre-sans-stress%f0%9f%92%86%e2%99%82%ef%b8%8f\/#respond\"]}]},{\"@type\":\"WebPage\",\"@id\":\"https:\/\/www.photoweb.fr\/espaces\/magazine\/pourquoi-janvier-est-le-meilleur-mois-pour-trier-ses-photos-et-comment-sy-mettre-sans-stress%f0%9f%92%86%e2%99%82%ef%b8%8f\/\",\"url\":\"https:\/\/www.photoweb.fr\/espaces\/magazine\/pourquoi-janvier-est-le-meilleur-mois-pour-trier-ses-photos-et-comment-sy-mettre-sans-stress%f0%9f%92%86%e2%99%82%ef%b8%8f\/\",\"name\":\"Pourquoi Janvier est le meilleur mois pour trier ses photos (et comment s\u2019y mettre sans stress)\ud83d\udc86\u200d\u2642\ufe0f\",\"isPartOf\":{\"@id\":\"https:\/\/www.photoweb.fr\/espaces\/magazine\/#website\"},\"datePublished\":\"2026-01-21T11:45:30+00:00\",\"dateModified\":\"2026-02-06T09:56:33+00:00\",\"description\":\"L'effervescence des f\u00eates est retomb\u00e9e, le calme revient, le froid polaire du c\u0153ur de l'hiver est l\u00e0 nous obligeant \u00e0 rester au chaud chez nous, Janvier\",\"breadcrumb\":{\"@id\":\"https:\/\/www.photoweb.fr\/espaces\/magazine\/pourquoi-janvier-est-le-meilleur-mois-pour-trier-ses-photos-et-comment-sy-mettre-sans-stress%f0%9f%92%86%e2%99%82%ef%b8%8f\/#breadcrumb\"},\"inLanguage\":\"fr-FR\",\"potentialAction\":[{\"@type\":\"ReadAction\",\"target\":[\"https:\/\/www.photoweb.fr\/espaces\/magazine\/pourquoi-janvier-est-le-meilleur-mois-pour-trier-ses-photos-et-comment-sy-mettre-sans-stress%f0%9f%92%86%e2%99%82%ef%b8%8f\/\"]}]},{\"@type\":\"BreadcrumbList\",\"@id\":\"https:\/\/www.photoweb.fr\/espaces\/magazine\/pourquoi-janvier-est-le-meilleur-mois-pour-trier-ses-photos-et-comment-sy-mettre-sans-stress%f0%9f%92%86%e2%99%82%ef%b8%8f\/#breadcrumb\",\"itemListElement\":[{\"@type\":\"ListItem\",\"position\":1,\"name\":\"Accueil\",\"item\":\"https:\/\/www.photoweb.fr\/espaces\/magazine\/\"},{\"@type\":\"ListItem\",\"position\":2,\"name\":\"Conseils experts\",\"item\":\"https:\/\/www.photoweb.fr\/espaces\/magazine\/conseils-expets\/\"},{\"@type\":\"ListItem\",\"position\":3,\"name\":\"Pourquoi Janvier est le meilleur mois pour trier ses photos (et comment s\u2019y mettre sans stress)\ud83d\udc86\u200d\u2642\ufe0f\"}]},{\"@type\":\"WebSite\",\"@id\":\"https:\/\/www.photoweb.fr\/espaces\/magazine\/#website\",\"url\":\"https:\/\/www.photoweb.fr\/espaces\/magazine\/\",\"name\":\"Photoweb, le mag\",\"description\":\"Le magazine de Photoweb\",\"publisher\":{\"@id\":\"https:\/\/www.photoweb.fr\/espaces\/magazine\/#organization\"},\"potentialAction\":[{\"@type\":\"SearchAction\",\"target\":{\"@type\":\"EntryPoint\",\"urlTemplate\":\"https:\/\/www.photoweb.fr\/espaces\/magazine\/?s={search_term_string}\"},\"query-input\":\"required name=search_term_string\"}],\"inLanguage\":\"fr-FR\"},{\"@type\":\"Organization\",\"@id\":\"https:\/\/www.photoweb.fr\/espaces\/magazine\/#organization\",\"name\":\"Photoweb\",\"url\":\"https:\/\/www.photoweb.fr\/espaces\/magazine\/\",\"logo\":{\"@type\":\"ImageObject\",\"inLanguage\":\"fr-FR\",\"@id\":\"https:\/\/www.photoweb.fr\/espaces\/magazine\/#\/schema\/logo\/image\/\",\"url\":\"https:\/\/www.photoweb.fr\/espaces\/magazine\/wp-content\/uploads\/2021\/02\/Logo-Photoweb.jpg\",\"contentUrl\":\"https:\/\/www.photoweb.fr\/espaces\/magazine\/wp-content\/uploads\/2021\/02\/Logo-Photoweb.jpg\",\"width\":780,\"height\":456,\"caption\":\"Photoweb\"},\"image\":{\"@id\":\"https:\/\/www.photoweb.fr\/espaces\/magazine\/#\/schema\/logo\/image\/\"},\"sameAs\":[\"https:\/\/fr-fr.facebook.com\/Photoweb.fr\/\",\"https:\/\/twitter.com\/Photoweb_fr\",\"https:\/\/www.instagram.com\/photowebfr\/\",\"https:\/\/www.linkedin.com\/company\/347094\/\",\"https:\/\/www.pinterest.fr\/inspirationsphotoweb\/_created\/\",\"https:\/\/www.youtube.com\/channel\/UCtcVmTvkAzKQLVkiwfOm8sg\"]},{\"@type\":\"Person\",\"@id\":\"https:\/\/www.photoweb.fr\/espaces\/magazine\/#\/schema\/person\/0c38a1afacdb3a9474ca473716f01308\",\"name\":\"Sihem\"}]}<\/script>\n<!-- \/ Yoast SEO plugin. -->","yoast_head_json":{"title":"Pourquoi Janvier est le meilleur mois pour trier ses photos (et comment s\u2019y mettre sans stress)\ud83d\udc86\u200d\u2642\ufe0f","description":"L'effervescence des f\u00eates est retomb\u00e9e, le calme revient, le froid polaire du c\u0153ur de l'hiver est l\u00e0 nous obligeant \u00e0 rester au chaud chez nous, Janvier","robots":{"index":"index","follow":"follow","max-snippet":"max-snippet:-1","max-image-preview":"max-image-preview:large","max-video-preview":"max-video-preview:-1"},"canonical":"https:\/\/www.photoweb.fr\/espaces\/magazine\/pourquoi-janvier-est-le-meilleur-mois-pour-trier-ses-photos-et-comment-sy-mettre-sans-stress\ud83d\udc86\u2642\ufe0f\/","og_locale":"fr_FR","og_type":"article","og_title":"Pourquoi Janvier est le meilleur mois pour trier ses photos (et comment s\u2019y mettre sans stress)\ud83d\udc86\u200d\u2642\ufe0f","og_description":"L'effervescence des f\u00eates est retomb\u00e9e, le calme revient, le froid polaire du c\u0153ur de l'hiver est l\u00e0 nous obligeant \u00e0 rester au chaud chez nous, Janvier","og_url":"https:\/\/www.photoweb.fr\/espaces\/magazine\/pourquoi-janvier-est-le-meilleur-mois-pour-trier-ses-photos-et-comment-sy-mettre-sans-stress\ud83d\udc86\u2642\ufe0f\/","og_site_name":"Photoweb, le mag","article_publisher":"https:\/\/fr-fr.facebook.com\/Photoweb.fr\/","article_published_time":"2026-01-21T11:45:30+00:00","article_modified_time":"2026-02-06T09:56:33+00:00","og_image":[{"width":960,"height":720,"url":"https:\/\/www.photoweb.fr\/espaces\/magazine\/wp-content\/uploads\/2026\/01\/Visuels-MAG-2.png","type":"image\/png"}],"author":"Sihem","twitter_card":"summary_large_image","twitter_creator":"@Photoweb_fr","twitter_site":"@Photoweb_fr","twitter_misc":{"\u00c9crit par":"Sihem","Dur\u00e9e de lecture estim\u00e9e":"6 minutes"},"schema":{"@context":"https:\/\/schema.org","@graph":[{"@type":"Article","@id":"https:\/\/www.photoweb.fr\/espaces\/magazine\/pourquoi-janvier-est-le-meilleur-mois-pour-trier-ses-photos-et-comment-sy-mettre-sans-stress%f0%9f%92%86%e2%99%82%ef%b8%8f\/#article","isPartOf":{"@id":"https:\/\/www.photoweb.fr\/espaces\/magazine\/pourquoi-janvier-est-le-meilleur-mois-pour-trier-ses-photos-et-comment-sy-mettre-sans-stress%f0%9f%92%86%e2%99%82%ef%b8%8f\/"},"author":{"name":"Sihem","@id":"https:\/\/www.photoweb.fr\/espaces\/magazine\/#\/schema\/person\/0c38a1afacdb3a9474ca473716f01308"},"headline":"Pourquoi Janvier est le meilleur mois pour trier ses photos (et comment s\u2019y mettre sans stress)\ud83d\udc86\u200d\u2642\ufe0f","datePublished":"2026-01-21T11:45:30+00:00","dateModified":"2026-02-06T09:56:33+00:00","mainEntityOfPage":{"@id":"https:\/\/www.photoweb.fr\/espaces\/magazine\/pourquoi-janvier-est-le-meilleur-mois-pour-trier-ses-photos-et-comment-sy-mettre-sans-stress%f0%9f%92%86%e2%99%82%ef%b8%8f\/"},"wordCount":261,"commentCount":0,"publisher":{"@id":"https:\/\/www.photoweb.fr\/espaces\/magazine\/#organization"},"articleSection":["Conseils experts"],"inLanguage":"fr-FR","potentialAction":[{"@type":"CommentAction","name":"Comment","target":["https:\/\/www.photoweb.fr\/espaces\/magazine\/pourquoi-janvier-est-le-meilleur-mois-pour-trier-ses-photos-et-comment-sy-mettre-sans-stress%f0%9f%92%86%e2%99%82%ef%b8%8f\/#respond"]}]},{"@type":"WebPage","@id":"https:\/\/www.photoweb.fr\/espaces\/magazine\/pourquoi-janvier-est-le-meilleur-mois-pour-trier-ses-photos-et-comment-sy-mettre-sans-stress%f0%9f%92%86%e2%99%82%ef%b8%8f\/","url":"https:\/\/www.photoweb.fr\/espaces\/magazine\/pourquoi-janvier-est-le-meilleur-mois-pour-trier-ses-photos-et-comment-sy-mettre-sans-stress%f0%9f%92%86%e2%99%82%ef%b8%8f\/","name":"Pourquoi Janvier est le meilleur mois pour trier ses photos (et comment s\u2019y mettre sans stress)\ud83d\udc86\u200d\u2642\ufe0f","isPartOf":{"@id":"https:\/\/www.photoweb.fr\/espaces\/magazine\/#website"},"datePublished":"2026-01-21T11:45:30+00:00","dateModified":"2026-02-06T09:56:33+00:00","description":"L'effervescence des f\u00eates est retomb\u00e9e, le calme revient, le froid polaire du c\u0153ur de l'hiver est l\u00e0 nous obligeant \u00e0 rester au chaud chez nous, Janvier","breadcrumb":{"@id":"https:\/\/www.photoweb.fr\/espaces\/magazine\/pourquoi-janvier-est-le-meilleur-mois-pour-trier-ses-photos-et-comment-sy-mettre-sans-stress%f0%9f%92%86%e2%99%82%ef%b8%8f\/#breadcrumb"},"inLanguage":"fr-FR","potentialAction":[{"@type":"ReadAction","target":["https:\/\/www.photoweb.fr\/espaces\/magazine\/pourquoi-janvier-est-le-meilleur-mois-pour-trier-ses-photos-et-comment-sy-mettre-sans-stress%f0%9f%92%86%e2%99%82%ef%b8%8f\/"]}]},{"@type":"BreadcrumbList","@id":"https:\/\/www.photoweb.fr\/espaces\/magazine\/pourquoi-janvier-est-le-meilleur-mois-pour-trier-ses-photos-et-comment-sy-mettre-sans-stress%f0%9f%92%86%e2%99%82%ef%b8%8f\/#breadcrumb","itemListElement":[{"@type":"ListItem","position":1,"name":"Accueil","item":"https:\/\/www.photoweb.fr\/espaces\/magazine\/"},{"@type":"ListItem","position":2,"name":"Conseils experts","item":"https:\/\/www.photoweb.fr\/espaces\/magazine\/conseils-expets\/"},{"@type":"ListItem","position":3,"name":"Pourquoi Janvier est le meilleur mois pour trier ses photos (et comment s\u2019y mettre sans stress)\ud83d\udc86\u200d\u2642\ufe0f"}]},{"@type":"WebSite","@id":"https:\/\/www.photoweb.fr\/espaces\/magazine\/#website","url":"https:\/\/www.photoweb.fr\/espaces\/magazine\/","name":"Photoweb, le mag","description":"Le magazine de Photoweb","publisher":{"@id":"https:\/\/www.photoweb.fr\/espaces\/magazine\/#organization"},"potentialAction":[{"@type":"SearchAction","target":{"@type":"EntryPoint","urlTemplate":"https:\/\/www.photoweb.fr\/espaces\/magazine\/?s={search_term_string}"},"query-input":"required name=search_term_string"}],"inLanguage":"fr-FR"},{"@type":"Organization","@id":"https:\/\/www.photoweb.fr\/espaces\/magazine\/#organization","name":"Photoweb","url":"https:\/\/www.photoweb.fr\/espaces\/magazine\/","logo":{"@type":"ImageObject","inLanguage":"fr-FR","@id":"https:\/\/www.photoweb.fr\/espaces\/magazine\/#\/schema\/logo\/image\/","url":"https:\/\/www.photoweb.fr\/espaces\/magazine\/wp-content\/uploads\/2021\/02\/Logo-Photoweb.jpg","contentUrl":"https:\/\/www.photoweb.fr\/espaces\/magazine\/wp-content\/uploads\/2021\/02\/Logo-Photoweb.jpg","width":780,"height":456,"caption":"Photoweb"},"image":{"@id":"https:\/\/www.photoweb.fr\/espaces\/magazine\/#\/schema\/logo\/image\/"},"sameAs":["https:\/\/fr-fr.facebook.com\/Photoweb.fr\/","https:\/\/twitter.com\/Photoweb_fr","https:\/\/www.instagram.com\/photowebfr\/","https:\/\/www.linkedin.com\/company\/347094\/","https:\/\/www.pinterest.fr\/inspirationsphotoweb\/_created\/","https:\/\/www.youtube.com\/channel\/UCtcVmTvkAzKQLVkiwfOm8sg"]},{"@type":"Person","@id":"https:\/\/www.photoweb.fr\/espaces\/magazine\/#\/schema\/person\/0c38a1afacdb3a9474ca473716f01308","name":"Sihem"}]}},"acf":[],"_links":{"self":[{"href":"https:\/\/www.photoweb.fr\/espaces\/magazine\/wp-json\/wp\/v2\/posts\/14723","targetHints":{"allow":["GET"]}}],"collection":[{"href":"https:\/\/www.photoweb.fr\/espaces\/magazine\/wp-json\/wp\/v2\/posts"}],"about":[{"href":"https:\/\/www.photoweb.fr\/espaces\/magazine\/wp-json\/wp\/v2\/types\/post"}],"author":[{"embeddable":true,"href":"https:\/\/www.photoweb.fr\/espaces\/magazine\/wp-json\/wp\/v2\/users\/46"}],"replies":[{"embeddable":true,"href":"https:\/\/www.photoweb.fr\/espaces\/magazine\/wp-json\/wp\/v2\/comments?post=14723"}],"version-history":[{"count":8,"href":"https:\/\/www.photoweb.fr\/espaces\/magazine\/wp-json\/wp\/v2\/posts\/14723\/revisions"}],"predecessor-version":[{"id":14897,"href":"https:\/\/www.photoweb.fr\/espaces\/magazine\/wp-json\/wp\/v2\/posts\/14723\/revisions\/14897"}],"wp:featuredmedia":[{"embeddable":true,"href":"https:\/\/www.photoweb.fr\/espaces\/magazine\/wp-json\/wp\/v2\/media\/14727"}],"wp:attachment":[{"href":"https:\/\/www.photoweb.fr\/espaces\/magazine\/wp-json\/wp\/v2\/media?parent=14723"}],"wp:term":[{"taxonomy":"category","embeddable":true,"href":"https:\/\/www.photoweb.fr\/espaces\/magazine\/wp-json\/wp\/v2\/categories?post=14723"},{"taxonomy":"post_tag","embeddable":true,"href":"https:\/\/www.photoweb.fr\/espaces\/magazine\/wp-json\/wp\/v2\/tags?post=14723"}],"curies":[{"name":"wp","href":"https:\/\/api.w.org\/{rel}","templated":true}]}}