{"id":15025,"date":"2026-03-12T11:58:32","date_gmt":"2026-03-12T09:58:32","guid":{"rendered":"https:\/\/www.photoweb.fr\/espaces\/magazine\/?p=15025"},"modified":"2026-03-23T11:27:12","modified_gmt":"2026-03-23T09:27:12","slug":"comment-creer-un-faire-part-de-communion-personnalise","status":"publish","type":"post","link":"https:\/\/www.photoweb.fr\/espaces\/magazine\/comment-creer-un-faire-part-de-communion-personnalise\/","title":{"rendered":"Comment cr\u00e9er un faire part de communion personnalis\u00e9 ?"},"content":{"rendered":"\r\n<p>La premi\u00e8re communion est une \u00e9tape marquante, un moment de partage entour\u00e9 de ceux que l&rsquo;on aime. Une fois que vous avez choisi le design parfait et s\u00e9lectionn\u00e9 la plus belle photo de votre enfant, une question se pose : quel texte \u00e9crire pour inviter vos proches ?<\/p>\r\n<h3 data-path-to-node=\"5\">Que vous cherchiez la sobri\u00e9t\u00e9, l&rsquo;\u00e9motion ou la modernit\u00e9, voici 3 inspirations pour personnaliser vos faire-part.<\/h3>\r\n<h2 data-path-to-node=\"7\">Le style Classique &amp; Solennel<\/h2>\r\n<p>Parfait pour une c\u00e9r\u00e9monie traditionnelle o\u00f9 l&rsquo;accent est mis sur la spiritualit\u00e9 :<\/p>\r\n<blockquote data-path-to-node=\"9\">Nous avons la joie de vous inviter \u00e0 la premi\u00e8re communion de <em>[Pr\u00e9nom]<\/em>, qui aura lieu le <em>[Date]<\/em> \u00e0 <em>[Heure]<\/em> en l&rsquo;\u00e9glise <em>[Nom de l&rsquo;\u00e9glise]<\/em>. \u00c0 l&rsquo;issue de la c\u00e9r\u00e9monie, nous serons heureux de vous retrouver pour partager un d\u00e9jeuner de f\u00eate \u00e0 [Lieu de la r\u00e9ception]. Merci de confirmer votre pr\u00e9sence avant le <em>[Date]<\/em>.<\/blockquote>\r\n<p><img loading=\"lazy\" decoding=\"async\" title=\"Visuels-MAG (1080 x 1440) (1)\" src=\"https:\/\/www.photoweb.fr\/espaces\/magazine\/wp-content\/uploads\/2026\/03\/Visuels-MAG-1080-x-1440-1.png\" alt=\"Visuels-MAG (1080 x 1440) (1)\" width=\"945\" height=\"1260\" \/> <img loading=\"lazy\" decoding=\"async\" title=\"Visuels-MAG (1080 x 1440)\" src=\"https:\/\/www.photoweb.fr\/espaces\/magazine\/wp-content\/uploads\/2026\/03\/Visuels-MAG-1080-x-1440.png\" alt=\"Visuels-MAG (1080 x 1440)\" width=\"945\" height=\"1260\" \/><\/p>\r\n<h2>Le style Doux &amp; Po\u00e9tique<\/h2>\r\n<p>Id\u00e9al pour mettre en avant l&rsquo;\u00e9panouissement de l&rsquo;enfant et le lien familial.<\/p>\r\n<blockquote data-path-to-node=\"13\">Un grand jour approche pour notre petit(e) <em>[Pr\u00e9nom]<\/em> ! Entour\u00e9(e) de sa famille et de ses amis, il\/elle fera sa premi\u00e8re communion le <em>[Date]<\/em> \u00e0<em> [Heure]<\/em>. Nous serions combl\u00e9s de vous voir \u00e0 ses c\u00f4t\u00e9s pour c\u00e9l\u00e9brer ce moment de lumi\u00e8re et de bonheur. La f\u00eate se poursuivra autour d&rsquo;un moment convivial \u00e0 la maison.<\/blockquote>\r\n<h2 data-start=\"2101\" data-end=\"2146\">Le style Moderne &amp; Dynamique<\/h2>\r\n<p>Pour une annonce fra\u00eeche, courte et efficace, souvent \u00e9crite du point de vue de l&rsquo;enfant.<\/p>\r\n<blockquote data-path-to-node=\"17\">C&rsquo;est le grand saut ! Je vous attends le <em>[Date]<\/em> pour c\u00e9l\u00e9brer ma communion. Rendez-vous \u00e0 l&rsquo;\u00e9glise de<em> [Ville]<\/em> \u00e0 <em>[Heure]<\/em> pour la c\u00e9r\u00e9monie, suivie d&rsquo;une apr\u00e8s-midi festive sous le signe de la gourmandise et de la bonne humeur ! <em>[Pr\u00e9nom]<\/em>.<\/blockquote>\r\n<p><img loading=\"lazy\" decoding=\"async\" title=\"Visuels-MAG (1080 x 1440) (2)\" src=\"https:\/\/www.photoweb.fr\/espaces\/magazine\/wp-content\/uploads\/2026\/03\/Visuels-MAG-1080-x-1440-2.png\" alt=\"Visuels-MAG (1080 x 1440) (2)\" width=\"945\" height=\"1260\" \/><\/p>\r\n<h2><img decoding=\"async\" role=\"img\" draggable=\"false\" src=\"https:\/\/s.w.org\/images\/core\/emoji\/14.0.0\/svg\/1f4a1.svg\" alt=\"\ud83d\udca1\" \/> Le conseil Photoweb :<\/h2>\r\n<p>N&rsquo;oubliez pas que le faire-part est le premier souvenir que vos invit\u00e9s garderont de cette journ\u00e9e. Pour un rendu impeccable, misez sur un papier de qualit\u00e9 et jouez avec les contrastes si vous int\u00e9grez une photo. <b data-path-to-node=\"21\" data-index-in-node=\"0\">Le petit plus ?<\/b> Coordonnez vos cartes de remerciements au m\u00eame style pour cr\u00e9er une harmonie parfaite du d\u00e9but \u00e0 la fin des festivit\u00e9s. <strong><a href=\"https:\/\/www.photoweb.fr\/espaces\/magazine\/dire-merci-avec-elegance-inspirations-pour-cartes-de-remerciements\/\">D\u00e9couvrir l&rsquo;article sur les <\/a>cartes <a href=\"https:\/\/www.photoweb.fr\/espaces\/magazine\/dire-merci-avec-elegance-nos-inspirations-pour-vos-cartes-de-remerciements\" class=\"broken_link\">de remerciements<\/a><\/strong><\/p>\r\n<p>&nbsp;<\/p>\r\n<p><img loading=\"lazy\" decoding=\"async\" title=\"Visuels-MAG (800 x 600 px) (10)\" src=\"https:\/\/www.photoweb.fr\/espaces\/magazine\/wp-content\/uploads\/2026\/03\/Visuels-MAG-800-x-600-px-10-450x300.png\" alt=\"Visuels-MAG (800 x 600 px) (10)\" width=\"450\" height=\"300\" \/><\/p>\r\n<h2 data-path-to-node=\"2\">Le choix des photos <img decoding=\"async\" role=\"img\" draggable=\"false\" src=\"https:\/\/s.w.org\/images\/core\/emoji\/14.0.0\/svg\/1f4f8.svg\" alt=\"\ud83d\udcf8\" \/><\/h2>\r\n<p>Le texte donne le ton, mais c&rsquo;est souvent la photo qui d\u00e9clenche l&rsquo;\u00e9motion. Pour un faire-part de communion qui traverse le temps, voici nos conseils pour bien choisir vos clich\u00e9s : <b data-path-to-node=\"4,0,0\" data-index-in-node=\"0\">La lumi\u00e8re naturelle :<\/b> Une photo prise en ext\u00e9rieur ou pr\u00e8s d&rsquo;une fen\u00eatre apportera une douceur id\u00e9ale pour ce type de c\u00e9l\u00e9bration. \u00c9vitez le flash, qui peut durcir les traits du visage. <b data-path-to-node=\"4,1,0\" data-index-in-node=\"0\">Le choix du d\u00e9cor :<\/b> Pr\u00e9f\u00e9rez un arri\u00e8re-plan sobre et \u00e9pur\u00e9 (un mur clair, un jardin verdoyant) pour que le regard se porte imm\u00e9diatement sur le sourire de l&rsquo;enfant. <b data-path-to-node=\"4,2,0\" data-index-in-node=\"0\">La photo portrait : <\/b>Le portrait classique reste une valeur s\u00fbre pour un rendu \u00e9l\u00e9gant. <strong>La<\/strong> <b data-path-to-node=\"4,2,1,0,0\" data-index-in-node=\"4\">photo lifestyle<\/b>\u00a0: Votre enfant en train de rire ou de regarder le paysage apporte une touche de modernit\u00e9 et de naturel tr\u00e8s appr\u00e9ci\u00e9e.<b data-path-to-node=\"4,3,0\" data-index-in-node=\"0\"><\/b> <b data-path-to-node=\"4,3,0\" data-index-in-node=\"0\">La r\u00e9solution, c&rsquo;est la cl\u00e9 :<\/b> Pour un rendu professionnel, assurez-vous que votre photo est de haute qualit\u00e9. Sur l&rsquo;interface Photoweb, un petit indicateur vous pr\u00e9vient si la r\u00e9solution est insuffisante pour l&rsquo;impression. <img loading=\"lazy\" decoding=\"async\" title=\"2\" src=\"https:\/\/www.photoweb.fr\/espaces\/magazine\/wp-content\/uploads\/2026\/03\/2.png\" alt=\"2\" width=\"810\" height=\"1080\" \/> <img loading=\"lazy\" decoding=\"async\" title=\"1\" src=\"https:\/\/www.photoweb.fr\/espaces\/magazine\/wp-content\/uploads\/2026\/03\/1.png\" alt=\"1\" width=\"810\" height=\"1080\" \/> 1.2.3. c\u00e9l\u00e9brez\u202f! <a href=\"https:\/\/www.photoweb.fr\/faire-part-communion\" target=\"_blank\" rel=\"noopener\"> <img loading=\"lazy\" decoding=\"async\" title=\"livre r\u00e9trospective (3)\" src=\"https:\/\/www.photoweb.fr\/espaces\/magazine\/wp-content\/uploads\/2026\/03\/livre-retrospective-3.png\" alt=\"livre r\u00e9trospective (3)\" width=\"600\" height=\"600\" \/> <\/a> <a href=\"https:\/\/www.photoweb.fr\/faire-part-communion\" target=\"_blank\" rel=\"noopener\"> Cr\u00e9er votre faire-part de communion<\/a> <a href=\"https:\/\/www.photoweb.fr\/carte-remerciement\" target=\"_blank\" rel=\"noopener\"> <img loading=\"lazy\" decoding=\"async\" title=\"livre r\u00e9trospective (2)\" src=\"https:\/\/www.photoweb.fr\/espaces\/magazine\/wp-content\/uploads\/2026\/03\/livre-retrospective-2.png\" alt=\"livre r\u00e9trospective (2)\" width=\"600\" height=\"600\" \/> <\/a> <a href=\"https:\/\/www.photoweb.fr\/carte-remerciement\" target=\"_blank\" rel=\"noopener\"> Cr\u00e9er votre carte de remerciement<\/a> <a href=\"https:\/\/www.photoweb.fr\/faire-part-bapteme\" target=\"_blank\" rel=\"noopener\"> <img loading=\"lazy\" decoding=\"async\" title=\"livre r\u00e9trospective\" src=\"https:\/\/www.photoweb.fr\/espaces\/magazine\/wp-content\/uploads\/2026\/03\/livre-retrospective.png\" alt=\"livre r\u00e9trospective\" width=\"600\" height=\"600\" \/> <\/a> <a href=\"https:\/\/www.photoweb.fr\/faire-part-bapteme\" target=\"_blank\" rel=\"noopener\"> Cr\u00e9er vos faire-part de bapt\u00eame <\/a><\/p>\r\n","protected":false},"excerpt":{"rendered":"<p>La premi\u00e8re communion est une \u00e9tape marquante, un moment de partage entour\u00e9 de ceux que l&rsquo;on aime. Une fois que vous avez choisi le design parfait et s\u00e9lectionn\u00e9 la plus belle photo de votre enfant, une question se pose : quel texte \u00e9crire pour inviter vos proches ? Que vous cherchiez la sobri\u00e9t\u00e9, l&rsquo;\u00e9motion ou&hellip;<\/p>\n","protected":false},"author":46,"featured_media":15047,"comment_status":"open","ping_status":"open","sticky":false,"template":"single-standard.php","format":"standard","meta":{"footnotes":""},"categories":[18,31],"tags":[],"class_list":["post-15025","post","type-post","status-publish","format-standard","has-post-thumbnail","hentry","category-conseils-expets","category-instants-de-vie"],"yoast_head":"<!-- This site is optimized with the Yoast SEO plugin v20.3 - https:\/\/yoast.com\/wordpress\/plugins\/seo\/ -->\n<title>Comment cr\u00e9er un faire part de communion personnalis\u00e9 ?<\/title>\n<meta name=\"description\" content=\"La premi\u00e8re communion est une \u00e9tape marquante, un moment de partage entour\u00e9 de ceux que l&#039;on aime. Une fois que vous avez choisi le design parfait et\" \/>\n<meta name=\"robots\" content=\"index, follow, max-snippet:-1, max-image-preview:large, max-video-preview:-1\" \/>\n<link rel=\"canonical\" href=\"https:\/\/www.photoweb.fr\/espaces\/magazine\/comment-creer-un-faire-part-de-communion-personnalise\/\" \/>\n<meta property=\"og:locale\" content=\"fr_FR\" \/>\n<meta property=\"og:type\" content=\"article\" \/>\n<meta property=\"og:title\" content=\"Comment cr\u00e9er un faire part de communion personnalis\u00e9 ?\" \/>\n<meta property=\"og:description\" content=\"La premi\u00e8re communion est une \u00e9tape marquante, un moment de partage entour\u00e9 de ceux que l&#039;on aime. Une fois que vous avez choisi le design parfait et\" \/>\n<meta property=\"og:url\" content=\"https:\/\/www.photoweb.fr\/espaces\/magazine\/comment-creer-un-faire-part-de-communion-personnalise\/\" \/>\n<meta property=\"og:site_name\" content=\"Photoweb, le mag\" \/>\n<meta property=\"article:publisher\" content=\"https:\/\/fr-fr.facebook.com\/Photoweb.fr\/\" \/>\n<meta property=\"article:published_time\" content=\"2026-03-12T09:58:32+00:00\" \/>\n<meta property=\"article:modified_time\" content=\"2026-03-23T09:27:12+00:00\" \/>\n<meta property=\"og:image\" content=\"https:\/\/www.photoweb.fr\/espaces\/magazine\/wp-content\/uploads\/2026\/03\/Visuels-MAG-800-x-600-px-10-1.png\" \/>\n\t<meta property=\"og:image:width\" content=\"800\" \/>\n\t<meta property=\"og:image:height\" content=\"600\" \/>\n\t<meta property=\"og:image:type\" content=\"image\/png\" \/>\n<meta name=\"author\" content=\"Sihem\" \/>\n<meta name=\"twitter:card\" content=\"summary_large_image\" \/>\n<meta name=\"twitter:creator\" content=\"@Photoweb_fr\" \/>\n<meta name=\"twitter:site\" content=\"@Photoweb_fr\" \/>\n<meta name=\"twitter:label1\" content=\"\u00c9crit par\" \/>\n\t<meta name=\"twitter:data1\" content=\"Sihem\" \/>\n\t<meta name=\"twitter:label2\" content=\"Dur\u00e9e de lecture estim\u00e9e\" \/>\n\t<meta name=\"twitter:data2\" content=\"5 minutes\" \/>\n<script type=\"application\/ld+json\" class=\"yoast-schema-graph\">{\"@context\":\"https:\/\/schema.org\",\"@graph\":[{\"@type\":\"Article\",\"@id\":\"https:\/\/www.photoweb.fr\/espaces\/magazine\/comment-creer-un-faire-part-de-communion-personnalise\/#article\",\"isPartOf\":{\"@id\":\"https:\/\/www.photoweb.fr\/espaces\/magazine\/comment-creer-un-faire-part-de-communion-personnalise\/\"},\"author\":{\"name\":\"Sihem\",\"@id\":\"https:\/\/www.photoweb.fr\/espaces\/magazine\/#\/schema\/person\/0c38a1afacdb3a9474ca473716f01308\"},\"headline\":\"Comment cr\u00e9er un faire part de communion personnalis\u00e9 ?\",\"datePublished\":\"2026-03-12T09:58:32+00:00\",\"dateModified\":\"2026-03-23T09:27:12+00:00\",\"mainEntityOfPage\":{\"@id\":\"https:\/\/www.photoweb.fr\/espaces\/magazine\/comment-creer-un-faire-part-de-communion-personnalise\/\"},\"wordCount\":587,\"commentCount\":0,\"publisher\":{\"@id\":\"https:\/\/www.photoweb.fr\/espaces\/magazine\/#organization\"},\"articleSection\":[\"Conseils experts\",\"Instants de vie\"],\"inLanguage\":\"fr-FR\",\"potentialAction\":[{\"@type\":\"CommentAction\",\"name\":\"Comment\",\"target\":[\"https:\/\/www.photoweb.fr\/espaces\/magazine\/comment-creer-un-faire-part-de-communion-personnalise\/#respond\"]}]},{\"@type\":\"WebPage\",\"@id\":\"https:\/\/www.photoweb.fr\/espaces\/magazine\/comment-creer-un-faire-part-de-communion-personnalise\/\",\"url\":\"https:\/\/www.photoweb.fr\/espaces\/magazine\/comment-creer-un-faire-part-de-communion-personnalise\/\",\"name\":\"Comment cr\u00e9er un faire part de communion personnalis\u00e9 ?\",\"isPartOf\":{\"@id\":\"https:\/\/www.photoweb.fr\/espaces\/magazine\/#website\"},\"datePublished\":\"2026-03-12T09:58:32+00:00\",\"dateModified\":\"2026-03-23T09:27:12+00:00\",\"description\":\"La premi\u00e8re communion est une \u00e9tape marquante, un moment de partage entour\u00e9 de ceux que l'on aime. Une fois que vous avez choisi le design parfait et\",\"breadcrumb\":{\"@id\":\"https:\/\/www.photoweb.fr\/espaces\/magazine\/comment-creer-un-faire-part-de-communion-personnalise\/#breadcrumb\"},\"inLanguage\":\"fr-FR\",\"potentialAction\":[{\"@type\":\"ReadAction\",\"target\":[\"https:\/\/www.photoweb.fr\/espaces\/magazine\/comment-creer-un-faire-part-de-communion-personnalise\/\"]}]},{\"@type\":\"BreadcrumbList\",\"@id\":\"https:\/\/www.photoweb.fr\/espaces\/magazine\/comment-creer-un-faire-part-de-communion-personnalise\/#breadcrumb\",\"itemListElement\":[{\"@type\":\"ListItem\",\"position\":1,\"name\":\"Accueil\",\"item\":\"https:\/\/www.photoweb.fr\/espaces\/magazine\/\"},{\"@type\":\"ListItem\",\"position\":2,\"name\":\"Instants de vie\",\"item\":\"https:\/\/www.photoweb.fr\/espaces\/magazine\/instants-de-vie\/\"},{\"@type\":\"ListItem\",\"position\":3,\"name\":\"Comment cr\u00e9er un faire part de communion personnalis\u00e9 ?\"}]},{\"@type\":\"WebSite\",\"@id\":\"https:\/\/www.photoweb.fr\/espaces\/magazine\/#website\",\"url\":\"https:\/\/www.photoweb.fr\/espaces\/magazine\/\",\"name\":\"Photoweb, le mag\",\"description\":\"Le magazine de Photoweb\",\"publisher\":{\"@id\":\"https:\/\/www.photoweb.fr\/espaces\/magazine\/#organization\"},\"potentialAction\":[{\"@type\":\"SearchAction\",\"target\":{\"@type\":\"EntryPoint\",\"urlTemplate\":\"https:\/\/www.photoweb.fr\/espaces\/magazine\/?s={search_term_string}\"},\"query-input\":\"required name=search_term_string\"}],\"inLanguage\":\"fr-FR\"},{\"@type\":\"Organization\",\"@id\":\"https:\/\/www.photoweb.fr\/espaces\/magazine\/#organization\",\"name\":\"Photoweb\",\"url\":\"https:\/\/www.photoweb.fr\/espaces\/magazine\/\",\"logo\":{\"@type\":\"ImageObject\",\"inLanguage\":\"fr-FR\",\"@id\":\"https:\/\/www.photoweb.fr\/espaces\/magazine\/#\/schema\/logo\/image\/\",\"url\":\"https:\/\/www.photoweb.fr\/espaces\/magazine\/wp-content\/uploads\/2021\/02\/Logo-Photoweb.jpg\",\"contentUrl\":\"https:\/\/www.photoweb.fr\/espaces\/magazine\/wp-content\/uploads\/2021\/02\/Logo-Photoweb.jpg\",\"width\":780,\"height\":456,\"caption\":\"Photoweb\"},\"image\":{\"@id\":\"https:\/\/www.photoweb.fr\/espaces\/magazine\/#\/schema\/logo\/image\/\"},\"sameAs\":[\"https:\/\/fr-fr.facebook.com\/Photoweb.fr\/\",\"https:\/\/twitter.com\/Photoweb_fr\",\"https:\/\/www.instagram.com\/photowebfr\/\",\"https:\/\/www.linkedin.com\/company\/347094\/\",\"https:\/\/www.pinterest.fr\/inspirationsphotoweb\/_created\/\",\"https:\/\/www.youtube.com\/channel\/UCtcVmTvkAzKQLVkiwfOm8sg\"]},{\"@type\":\"Person\",\"@id\":\"https:\/\/www.photoweb.fr\/espaces\/magazine\/#\/schema\/person\/0c38a1afacdb3a9474ca473716f01308\",\"name\":\"Sihem\"}]}<\/script>\n<!-- \/ Yoast SEO plugin. -->","yoast_head_json":{"title":"Comment cr\u00e9er un faire part de communion personnalis\u00e9 ?","description":"La premi\u00e8re communion est une \u00e9tape marquante, un moment de partage entour\u00e9 de ceux que l'on aime. Une fois que vous avez choisi le design parfait et","robots":{"index":"index","follow":"follow","max-snippet":"max-snippet:-1","max-image-preview":"max-image-preview:large","max-video-preview":"max-video-preview:-1"},"canonical":"https:\/\/www.photoweb.fr\/espaces\/magazine\/comment-creer-un-faire-part-de-communion-personnalise\/","og_locale":"fr_FR","og_type":"article","og_title":"Comment cr\u00e9er un faire part de communion personnalis\u00e9 ?","og_description":"La premi\u00e8re communion est une \u00e9tape marquante, un moment de partage entour\u00e9 de ceux que l'on aime. Une fois que vous avez choisi le design parfait et","og_url":"https:\/\/www.photoweb.fr\/espaces\/magazine\/comment-creer-un-faire-part-de-communion-personnalise\/","og_site_name":"Photoweb, le mag","article_publisher":"https:\/\/fr-fr.facebook.com\/Photoweb.fr\/","article_published_time":"2026-03-12T09:58:32+00:00","article_modified_time":"2026-03-23T09:27:12+00:00","og_image":[{"width":800,"height":600,"url":"https:\/\/www.photoweb.fr\/espaces\/magazine\/wp-content\/uploads\/2026\/03\/Visuels-MAG-800-x-600-px-10-1.png","type":"image\/png"}],"author":"Sihem","twitter_card":"summary_large_image","twitter_creator":"@Photoweb_fr","twitter_site":"@Photoweb_fr","twitter_misc":{"\u00c9crit par":"Sihem","Dur\u00e9e de lecture estim\u00e9e":"5 minutes"},"schema":{"@context":"https:\/\/schema.org","@graph":[{"@type":"Article","@id":"https:\/\/www.photoweb.fr\/espaces\/magazine\/comment-creer-un-faire-part-de-communion-personnalise\/#article","isPartOf":{"@id":"https:\/\/www.photoweb.fr\/espaces\/magazine\/comment-creer-un-faire-part-de-communion-personnalise\/"},"author":{"name":"Sihem","@id":"https:\/\/www.photoweb.fr\/espaces\/magazine\/#\/schema\/person\/0c38a1afacdb3a9474ca473716f01308"},"headline":"Comment cr\u00e9er un faire part de communion personnalis\u00e9 ?","datePublished":"2026-03-12T09:58:32+00:00","dateModified":"2026-03-23T09:27:12+00:00","mainEntityOfPage":{"@id":"https:\/\/www.photoweb.fr\/espaces\/magazine\/comment-creer-un-faire-part-de-communion-personnalise\/"},"wordCount":587,"commentCount":0,"publisher":{"@id":"https:\/\/www.photoweb.fr\/espaces\/magazine\/#organization"},"articleSection":["Conseils experts","Instants de vie"],"inLanguage":"fr-FR","potentialAction":[{"@type":"CommentAction","name":"Comment","target":["https:\/\/www.photoweb.fr\/espaces\/magazine\/comment-creer-un-faire-part-de-communion-personnalise\/#respond"]}]},{"@type":"WebPage","@id":"https:\/\/www.photoweb.fr\/espaces\/magazine\/comment-creer-un-faire-part-de-communion-personnalise\/","url":"https:\/\/www.photoweb.fr\/espaces\/magazine\/comment-creer-un-faire-part-de-communion-personnalise\/","name":"Comment cr\u00e9er un faire part de communion personnalis\u00e9 ?","isPartOf":{"@id":"https:\/\/www.photoweb.fr\/espaces\/magazine\/#website"},"datePublished":"2026-03-12T09:58:32+00:00","dateModified":"2026-03-23T09:27:12+00:00","description":"La premi\u00e8re communion est une \u00e9tape marquante, un moment de partage entour\u00e9 de ceux que l'on aime. Une fois que vous avez choisi le design parfait et","breadcrumb":{"@id":"https:\/\/www.photoweb.fr\/espaces\/magazine\/comment-creer-un-faire-part-de-communion-personnalise\/#breadcrumb"},"inLanguage":"fr-FR","potentialAction":[{"@type":"ReadAction","target":["https:\/\/www.photoweb.fr\/espaces\/magazine\/comment-creer-un-faire-part-de-communion-personnalise\/"]}]},{"@type":"BreadcrumbList","@id":"https:\/\/www.photoweb.fr\/espaces\/magazine\/comment-creer-un-faire-part-de-communion-personnalise\/#breadcrumb","itemListElement":[{"@type":"ListItem","position":1,"name":"Accueil","item":"https:\/\/www.photoweb.fr\/espaces\/magazine\/"},{"@type":"ListItem","position":2,"name":"Instants de vie","item":"https:\/\/www.photoweb.fr\/espaces\/magazine\/instants-de-vie\/"},{"@type":"ListItem","position":3,"name":"Comment cr\u00e9er un faire part de communion personnalis\u00e9 ?"}]},{"@type":"WebSite","@id":"https:\/\/www.photoweb.fr\/espaces\/magazine\/#website","url":"https:\/\/www.photoweb.fr\/espaces\/magazine\/","name":"Photoweb, le mag","description":"Le magazine de Photoweb","publisher":{"@id":"https:\/\/www.photoweb.fr\/espaces\/magazine\/#organization"},"potentialAction":[{"@type":"SearchAction","target":{"@type":"EntryPoint","urlTemplate":"https:\/\/www.photoweb.fr\/espaces\/magazine\/?s={search_term_string}"},"query-input":"required name=search_term_string"}],"inLanguage":"fr-FR"},{"@type":"Organization","@id":"https:\/\/www.photoweb.fr\/espaces\/magazine\/#organization","name":"Photoweb","url":"https:\/\/www.photoweb.fr\/espaces\/magazine\/","logo":{"@type":"ImageObject","inLanguage":"fr-FR","@id":"https:\/\/www.photoweb.fr\/espaces\/magazine\/#\/schema\/logo\/image\/","url":"https:\/\/www.photoweb.fr\/espaces\/magazine\/wp-content\/uploads\/2021\/02\/Logo-Photoweb.jpg","contentUrl":"https:\/\/www.photoweb.fr\/espaces\/magazine\/wp-content\/uploads\/2021\/02\/Logo-Photoweb.jpg","width":780,"height":456,"caption":"Photoweb"},"image":{"@id":"https:\/\/www.photoweb.fr\/espaces\/magazine\/#\/schema\/logo\/image\/"},"sameAs":["https:\/\/fr-fr.facebook.com\/Photoweb.fr\/","https:\/\/twitter.com\/Photoweb_fr","https:\/\/www.instagram.com\/photowebfr\/","https:\/\/www.linkedin.com\/company\/347094\/","https:\/\/www.pinterest.fr\/inspirationsphotoweb\/_created\/","https:\/\/www.youtube.com\/channel\/UCtcVmTvkAzKQLVkiwfOm8sg"]},{"@type":"Person","@id":"https:\/\/www.photoweb.fr\/espaces\/magazine\/#\/schema\/person\/0c38a1afacdb3a9474ca473716f01308","name":"Sihem"}]}},"acf":[],"_links":{"self":[{"href":"https:\/\/www.photoweb.fr\/espaces\/magazine\/wp-json\/wp\/v2\/posts\/15025","targetHints":{"allow":["GET"]}}],"collection":[{"href":"https:\/\/www.photoweb.fr\/espaces\/magazine\/wp-json\/wp\/v2\/posts"}],"about":[{"href":"https:\/\/www.photoweb.fr\/espaces\/magazine\/wp-json\/wp\/v2\/types\/post"}],"author":[{"embeddable":true,"href":"https:\/\/www.photoweb.fr\/espaces\/magazine\/wp-json\/wp\/v2\/users\/46"}],"replies":[{"embeddable":true,"href":"https:\/\/www.photoweb.fr\/espaces\/magazine\/wp-json\/wp\/v2\/comments?post=15025"}],"version-history":[{"count":10,"href":"https:\/\/www.photoweb.fr\/espaces\/magazine\/wp-json\/wp\/v2\/posts\/15025\/revisions"}],"predecessor-version":[{"id":15142,"href":"https:\/\/www.photoweb.fr\/espaces\/magazine\/wp-json\/wp\/v2\/posts\/15025\/revisions\/15142"}],"wp:featuredmedia":[{"embeddable":true,"href":"https:\/\/www.photoweb.fr\/espaces\/magazine\/wp-json\/wp\/v2\/media\/15047"}],"wp:attachment":[{"href":"https:\/\/www.photoweb.fr\/espaces\/magazine\/wp-json\/wp\/v2\/media?parent=15025"}],"wp:term":[{"taxonomy":"category","embeddable":true,"href":"https:\/\/www.photoweb.fr\/espaces\/magazine\/wp-json\/wp\/v2\/categories?post=15025"},{"taxonomy":"post_tag","embeddable":true,"href":"https:\/\/www.photoweb.fr\/espaces\/magazine\/wp-json\/wp\/v2\/tags?post=15025"}],"curies":[{"name":"wp","href":"https:\/\/api.w.org\/{rel}","templated":true}]}}