{"id":15050,"date":"2026-03-12T18:05:08","date_gmt":"2026-03-12T16:05:08","guid":{"rendered":"https:\/\/www.photoweb.fr\/espaces\/magazine\/?p=15050"},"modified":"2026-03-12T18:05:35","modified_gmt":"2026-03-12T16:05:35","slug":"dire-merci-avec-elegance-inspirations-pour-cartes-de-remerciements","status":"publish","type":"post","link":"https:\/\/www.photoweb.fr\/espaces\/magazine\/dire-merci-avec-elegance-inspirations-pour-cartes-de-remerciements\/","title":{"rendered":"Dire \u00ab\u00a0Merci\u00a0\u00bb avec \u00e9l\u00e9gance : inspirations pour cartes de remerciements"},"content":{"rendered":"\r\n<h3 data-path-to-node=\"4\"><strong>La f\u00eate est finie, mais les souvenirs restent. Envoyer une carte de remerciement quelques semaines apr\u00e8s la communion est une d\u00e9licate attention pour remercier vos invit\u00e9s de leur pr\u00e9sence, de leurs conseils et de leurs cadeaux.<\/strong><\/h3>\r\n<p><img loading=\"lazy\" decoding=\"async\" title=\"ChatGPT Image 12 mars 2026, 15_40_54\" src=\"https:\/\/www.photoweb.fr\/espaces\/magazine\/wp-content\/uploads\/2026\/03\/ChatGPT-Image-12-mars-2026-15_40_54-800x600.png\" alt=\"ChatGPT Image 12 mars 2026, 15_40_54\" width=\"800\" height=\"600\" \/><\/p>\r\n<h2 data-path-to-node=\"5\">Le texte classique et chaleureux<\/h2>\r\n<p>Pour exprimer une gratitude sinc\u00e8re et simple.<\/p>\r\n<blockquote data-path-to-node=\"7\">Un immense merci pour votre pr\u00e9sence, vos sourires et vos d\u00e9licates attentions lors de la communion de <em>[Pr\u00e9nom]<\/em>. Cette journ\u00e9e restera grav\u00e9e dans nos c\u0153urs gr\u00e2ce \u00e0 vous. Nous sommes tr\u00e8s heureux d&rsquo;avoir partag\u00e9 ce moment de bonheur \u00e0 vos c\u00f4t\u00e9s.<\/blockquote>\r\n<h2>Le message du point de vue de l&rsquo;enfant<\/h2>\r\n<p>Mignon et id\u00e9al pour les proches (parrains, marraines, grands-parents.)<\/p>\r\n<blockquote data-path-to-node=\"10\">Merci d&rsquo;avoir \u00e9t\u00e9 \u00e0 mes c\u00f4t\u00e9s pour ce grand jour ! J&rsquo;ai ador\u00e9 partager cette f\u00eate avec vous. Merci pour votre amour et pour ce magnifique cadeau qui me fait tr\u00e8s plaisir. Je vous embrasse fort, <em>[Pr\u00e9nom]<\/em>.<\/blockquote>\r\n<h2>Le style \u00ab\u00a0Souvenir Photo\u00a0\u00bb<\/h2>\r\n<p>Court et efficace, pour laisser toute la place \u00e0 l&rsquo;image.<\/p>\r\n<blockquote data-path-to-node=\"13\"><em>[Date de la c\u00e9r\u00e9monie] <\/em>: Une journ\u00e9e lumineuse. Merci d&rsquo;en avoir fait partie. Vos messages et votre pr\u00e9sence nous ont touch\u00e9s au plus haut point. Avec toute notre affection, la famille <em>[Nom]<\/em>.<\/blockquote>\r\n<p>&nbsp;<\/p>\r\n<p><strong>Et vous, quelle est votre phrase pr\u00e9f\u00e9r\u00e9e pour dire \u00ab\u00a0Merci\u00a0\u00bb ?<\/strong><\/p>\r\n<p><img loading=\"lazy\" decoding=\"async\" title=\"Visuels-MAG (800 x 600 px) (12)\" src=\"https:\/\/www.photoweb.fr\/espaces\/magazine\/wp-content\/uploads\/2026\/03\/Visuels-MAG-800-x-600-px-12.png\" alt=\"Visuels-MAG (800 x 600 px) (12)\" width=\"800\" height=\"600\" \/><\/p>\r\n<h3 data-path-to-node=\"15\"><img decoding=\"async\" role=\"img\" draggable=\"false\" src=\"https:\/\/s.w.org\/images\/core\/emoji\/14.0.0\/svg\/2728.svg\" alt=\"\u2728\" \/> 3 astuces pour une carte de remerciement r\u00e9ussie<\/h3>\r\n<ul>\r\n<li data-path-to-node=\"16,0,0\"><b data-path-to-node=\"16,0,0\" data-index-in-node=\"0\">Utilisez les photos du jour J :<\/b> Contrairement au faire-part qui utilise souvent une photo prise \u00e0 l&rsquo;avance, la carte de remerciement est l&rsquo;occasion parfaite de partager une photo de la c\u00e9r\u00e9monie ou un moment complice pendant la r\u00e9ception.<\/li>\r\n<\/ul>\r\n<p>&nbsp;<\/p>\r\n<ul>\r\n<li data-path-to-node=\"16,1,0\"><b data-path-to-node=\"16,1,0\" data-index-in-node=\"0\">Le petit mot manuscrit :<\/b> Si vous avez peu d&rsquo;invit\u00e9s, rajouter une ligne \u00e9crite \u00e0 la main au dos de la carte (comme \u00ab\u00a0Merci encore pour le beau livre !\u00a0\u00bb) rendra l&rsquo;attention unique.<\/li>\r\n<\/ul>\r\n<p>&nbsp;<\/p>\r\n<ul>\r\n<li data-path-to-node=\"16,2,0\"><b data-path-to-node=\"16,2,0\" data-index-in-node=\"0\">Le rappel du th\u00e8me :<\/b> Pour une harmonie parfaite, reprenez les m\u00eames polices et les m\u00eames couleurs que celles utilis\u00e9es sur votre faire-part.<\/li>\r\n<\/ul>\r\n<p><img loading=\"lazy\" decoding=\"async\" title=\"Visuels-MAG (1080 x 1440) (4)\" src=\"https:\/\/www.photoweb.fr\/espaces\/magazine\/wp-content\/uploads\/2026\/03\/Visuels-MAG-1080-x-1440-4-945x600.png\" alt=\"Visuels-MAG (1080 x 1440) (4)\" width=\"945\" height=\"600\" \/> 1.2.3. c\u00e9l\u00e9brez\u202f! <img loading=\"lazy\" decoding=\"async\" title=\"livre r\u00e9trospective\" src=\"https:\/\/www.photoweb.fr\/espaces\/magazine\/wp-content\/uploads\/2026\/03\/livre-retrospective.png\" alt=\"livre r\u00e9trospective\" width=\"600\" height=\"600\" \/> <a href=\"https:\/\/www.photoweb.fr\/faire-part-bapteme\" target=\"_blank\" rel=\"noopener\"> Cr\u00e9er vos faire-part de bapt\u00eame <\/a> <img loading=\"lazy\" decoding=\"async\" title=\"livre r\u00e9trospective (2)\" src=\"https:\/\/www.photoweb.fr\/espaces\/magazine\/wp-content\/uploads\/2026\/03\/livre-retrospective-2.png\" alt=\"livre r\u00e9trospective (2)\" width=\"600\" height=\"600\" \/> <a href=\"https:\/\/www.photoweb.fr\/faire-part-bapteme\" target=\"_blank\" rel=\"noopener\"> Cr\u00e9er vos faire-part de bapt\u00eame <\/a> <img loading=\"lazy\" decoding=\"async\" title=\"livre r\u00e9trospective (3)\" src=\"https:\/\/www.photoweb.fr\/espaces\/magazine\/wp-content\/uploads\/2026\/03\/livre-retrospective-3.png\" alt=\"livre r\u00e9trospective (3)\" width=\"600\" height=\"600\" \/> <a href=\"https:\/\/www.photoweb.fr\/faire-part-bapteme\" target=\"_blank\" rel=\"noopener\"> Cr\u00e9er vos faire-part de bapt\u00eame <\/a><\/p>\r\n","protected":false},"excerpt":{"rendered":"<p>La f\u00eate est finie, mais les souvenirs restent. Envoyer une carte de remerciement quelques semaines apr\u00e8s la communion est une d\u00e9licate attention pour remercier vos invit\u00e9s de leur pr\u00e9sence, de leurs conseils et de leurs cadeaux. Le texte classique et chaleureux Pour exprimer une gratitude sinc\u00e8re et simple. Un immense merci pour votre pr\u00e9sence, vos&hellip;<\/p>\n","protected":false},"author":46,"featured_media":15059,"comment_status":"open","ping_status":"open","sticky":false,"template":"single-standard.php","format":"standard","meta":{"footnotes":""},"categories":[18,31],"tags":[],"class_list":["post-15050","post","type-post","status-publish","format-standard","has-post-thumbnail","hentry","category-conseils-expets","category-instants-de-vie"],"yoast_head":"<!-- This site is optimized with the Yoast SEO plugin v20.3 - https:\/\/yoast.com\/wordpress\/plugins\/seo\/ -->\n<title>Dire &quot;Merci&quot; avec \u00e9l\u00e9gance : inspirations pour cartes de remerciements<\/title>\n<meta name=\"description\" content=\"La f\u00eate est finie, mais les souvenirs restent. Envoyer une carte de remerciement quelques semaines apr\u00e8s la communion est une d\u00e9licate attention pour\" \/>\n<meta name=\"robots\" content=\"index, follow, max-snippet:-1, max-image-preview:large, max-video-preview:-1\" \/>\n<link rel=\"canonical\" href=\"https:\/\/www.photoweb.fr\/espaces\/magazine\/dire-merci-avec-elegance-inspirations-pour-cartes-de-remerciements\/\" \/>\n<meta property=\"og:locale\" content=\"fr_FR\" \/>\n<meta property=\"og:type\" content=\"article\" \/>\n<meta property=\"og:title\" content=\"Dire &quot;Merci&quot; avec \u00e9l\u00e9gance : inspirations pour cartes de remerciements\" \/>\n<meta property=\"og:description\" content=\"La f\u00eate est finie, mais les souvenirs restent. Envoyer une carte de remerciement quelques semaines apr\u00e8s la communion est une d\u00e9licate attention pour\" \/>\n<meta property=\"og:url\" content=\"https:\/\/www.photoweb.fr\/espaces\/magazine\/dire-merci-avec-elegance-inspirations-pour-cartes-de-remerciements\/\" \/>\n<meta property=\"og:site_name\" content=\"Photoweb, le mag\" \/>\n<meta property=\"article:publisher\" content=\"https:\/\/fr-fr.facebook.com\/Photoweb.fr\/\" \/>\n<meta property=\"article:published_time\" content=\"2026-03-12T16:05:08+00:00\" \/>\n<meta property=\"article:modified_time\" content=\"2026-03-12T16:05:35+00:00\" \/>\n<meta property=\"og:image\" content=\"https:\/\/www.photoweb.fr\/espaces\/magazine\/wp-content\/uploads\/2026\/03\/ChatGPT-Image-12-mars-2026-15_40_54.png\" \/>\n\t<meta property=\"og:image:width\" content=\"1536\" \/>\n\t<meta property=\"og:image:height\" content=\"1024\" \/>\n\t<meta property=\"og:image:type\" content=\"image\/png\" \/>\n<meta name=\"author\" content=\"Sihem\" \/>\n<meta name=\"twitter:card\" content=\"summary_large_image\" \/>\n<meta name=\"twitter:creator\" content=\"@Photoweb_fr\" \/>\n<meta name=\"twitter:site\" content=\"@Photoweb_fr\" \/>\n<meta name=\"twitter:label1\" content=\"\u00c9crit par\" \/>\n\t<meta name=\"twitter:data1\" content=\"Sihem\" \/>\n\t<meta name=\"twitter:label2\" content=\"Dur\u00e9e de lecture estim\u00e9e\" \/>\n\t<meta name=\"twitter:data2\" content=\"4 minutes\" \/>\n<script type=\"application\/ld+json\" class=\"yoast-schema-graph\">{\"@context\":\"https:\/\/schema.org\",\"@graph\":[{\"@type\":\"Article\",\"@id\":\"https:\/\/www.photoweb.fr\/espaces\/magazine\/dire-merci-avec-elegance-inspirations-pour-cartes-de-remerciements\/#article\",\"isPartOf\":{\"@id\":\"https:\/\/www.photoweb.fr\/espaces\/magazine\/dire-merci-avec-elegance-inspirations-pour-cartes-de-remerciements\/\"},\"author\":{\"name\":\"Sihem\",\"@id\":\"https:\/\/www.photoweb.fr\/espaces\/magazine\/#\/schema\/person\/0c38a1afacdb3a9474ca473716f01308\"},\"headline\":\"Dire \u00ab\u00a0Merci\u00a0\u00bb avec \u00e9l\u00e9gance : inspirations pour cartes de remerciements\",\"datePublished\":\"2026-03-12T16:05:08+00:00\",\"dateModified\":\"2026-03-12T16:05:35+00:00\",\"mainEntityOfPage\":{\"@id\":\"https:\/\/www.photoweb.fr\/espaces\/magazine\/dire-merci-avec-elegance-inspirations-pour-cartes-de-remerciements\/\"},\"wordCount\":365,\"commentCount\":0,\"publisher\":{\"@id\":\"https:\/\/www.photoweb.fr\/espaces\/magazine\/#organization\"},\"articleSection\":[\"Conseils experts\",\"Instants de vie\"],\"inLanguage\":\"fr-FR\",\"potentialAction\":[{\"@type\":\"CommentAction\",\"name\":\"Comment\",\"target\":[\"https:\/\/www.photoweb.fr\/espaces\/magazine\/dire-merci-avec-elegance-inspirations-pour-cartes-de-remerciements\/#respond\"]}]},{\"@type\":\"WebPage\",\"@id\":\"https:\/\/www.photoweb.fr\/espaces\/magazine\/dire-merci-avec-elegance-inspirations-pour-cartes-de-remerciements\/\",\"url\":\"https:\/\/www.photoweb.fr\/espaces\/magazine\/dire-merci-avec-elegance-inspirations-pour-cartes-de-remerciements\/\",\"name\":\"Dire \\\"Merci\\\" avec \u00e9l\u00e9gance : inspirations pour cartes de remerciements\",\"isPartOf\":{\"@id\":\"https:\/\/www.photoweb.fr\/espaces\/magazine\/#website\"},\"datePublished\":\"2026-03-12T16:05:08+00:00\",\"dateModified\":\"2026-03-12T16:05:35+00:00\",\"description\":\"La f\u00eate est finie, mais les souvenirs restent. Envoyer une carte de remerciement quelques semaines apr\u00e8s la communion est une d\u00e9licate attention pour\",\"breadcrumb\":{\"@id\":\"https:\/\/www.photoweb.fr\/espaces\/magazine\/dire-merci-avec-elegance-inspirations-pour-cartes-de-remerciements\/#breadcrumb\"},\"inLanguage\":\"fr-FR\",\"potentialAction\":[{\"@type\":\"ReadAction\",\"target\":[\"https:\/\/www.photoweb.fr\/espaces\/magazine\/dire-merci-avec-elegance-inspirations-pour-cartes-de-remerciements\/\"]}]},{\"@type\":\"BreadcrumbList\",\"@id\":\"https:\/\/www.photoweb.fr\/espaces\/magazine\/dire-merci-avec-elegance-inspirations-pour-cartes-de-remerciements\/#breadcrumb\",\"itemListElement\":[{\"@type\":\"ListItem\",\"position\":1,\"name\":\"Accueil\",\"item\":\"https:\/\/www.photoweb.fr\/espaces\/magazine\/\"},{\"@type\":\"ListItem\",\"position\":2,\"name\":\"Instants de vie\",\"item\":\"https:\/\/www.photoweb.fr\/espaces\/magazine\/instants-de-vie\/\"},{\"@type\":\"ListItem\",\"position\":3,\"name\":\"Dire &#8220;Merci&#8221; avec \u00e9l\u00e9gance : inspirations pour cartes de remerciements\"}]},{\"@type\":\"WebSite\",\"@id\":\"https:\/\/www.photoweb.fr\/espaces\/magazine\/#website\",\"url\":\"https:\/\/www.photoweb.fr\/espaces\/magazine\/\",\"name\":\"Photoweb, le mag\",\"description\":\"Le magazine de Photoweb\",\"publisher\":{\"@id\":\"https:\/\/www.photoweb.fr\/espaces\/magazine\/#organization\"},\"potentialAction\":[{\"@type\":\"SearchAction\",\"target\":{\"@type\":\"EntryPoint\",\"urlTemplate\":\"https:\/\/www.photoweb.fr\/espaces\/magazine\/?s={search_term_string}\"},\"query-input\":\"required name=search_term_string\"}],\"inLanguage\":\"fr-FR\"},{\"@type\":\"Organization\",\"@id\":\"https:\/\/www.photoweb.fr\/espaces\/magazine\/#organization\",\"name\":\"Photoweb\",\"url\":\"https:\/\/www.photoweb.fr\/espaces\/magazine\/\",\"logo\":{\"@type\":\"ImageObject\",\"inLanguage\":\"fr-FR\",\"@id\":\"https:\/\/www.photoweb.fr\/espaces\/magazine\/#\/schema\/logo\/image\/\",\"url\":\"https:\/\/www.photoweb.fr\/espaces\/magazine\/wp-content\/uploads\/2021\/02\/Logo-Photoweb.jpg\",\"contentUrl\":\"https:\/\/www.photoweb.fr\/espaces\/magazine\/wp-content\/uploads\/2021\/02\/Logo-Photoweb.jpg\",\"width\":780,\"height\":456,\"caption\":\"Photoweb\"},\"image\":{\"@id\":\"https:\/\/www.photoweb.fr\/espaces\/magazine\/#\/schema\/logo\/image\/\"},\"sameAs\":[\"https:\/\/fr-fr.facebook.com\/Photoweb.fr\/\",\"https:\/\/twitter.com\/Photoweb_fr\",\"https:\/\/www.instagram.com\/photowebfr\/\",\"https:\/\/www.linkedin.com\/company\/347094\/\",\"https:\/\/www.pinterest.fr\/inspirationsphotoweb\/_created\/\",\"https:\/\/www.youtube.com\/channel\/UCtcVmTvkAzKQLVkiwfOm8sg\"]},{\"@type\":\"Person\",\"@id\":\"https:\/\/www.photoweb.fr\/espaces\/magazine\/#\/schema\/person\/0c38a1afacdb3a9474ca473716f01308\",\"name\":\"Sihem\"}]}<\/script>\n<!-- \/ Yoast SEO plugin. -->","yoast_head_json":{"title":"Dire \"Merci\" avec \u00e9l\u00e9gance : inspirations pour cartes de remerciements","description":"La f\u00eate est finie, mais les souvenirs restent. Envoyer une carte de remerciement quelques semaines apr\u00e8s la communion est une d\u00e9licate attention pour","robots":{"index":"index","follow":"follow","max-snippet":"max-snippet:-1","max-image-preview":"max-image-preview:large","max-video-preview":"max-video-preview:-1"},"canonical":"https:\/\/www.photoweb.fr\/espaces\/magazine\/dire-merci-avec-elegance-inspirations-pour-cartes-de-remerciements\/","og_locale":"fr_FR","og_type":"article","og_title":"Dire \"Merci\" avec \u00e9l\u00e9gance : inspirations pour cartes de remerciements","og_description":"La f\u00eate est finie, mais les souvenirs restent. Envoyer une carte de remerciement quelques semaines apr\u00e8s la communion est une d\u00e9licate attention pour","og_url":"https:\/\/www.photoweb.fr\/espaces\/magazine\/dire-merci-avec-elegance-inspirations-pour-cartes-de-remerciements\/","og_site_name":"Photoweb, le mag","article_publisher":"https:\/\/fr-fr.facebook.com\/Photoweb.fr\/","article_published_time":"2026-03-12T16:05:08+00:00","article_modified_time":"2026-03-12T16:05:35+00:00","og_image":[{"width":1536,"height":1024,"url":"https:\/\/www.photoweb.fr\/espaces\/magazine\/wp-content\/uploads\/2026\/03\/ChatGPT-Image-12-mars-2026-15_40_54.png","type":"image\/png"}],"author":"Sihem","twitter_card":"summary_large_image","twitter_creator":"@Photoweb_fr","twitter_site":"@Photoweb_fr","twitter_misc":{"\u00c9crit par":"Sihem","Dur\u00e9e de lecture estim\u00e9e":"4 minutes"},"schema":{"@context":"https:\/\/schema.org","@graph":[{"@type":"Article","@id":"https:\/\/www.photoweb.fr\/espaces\/magazine\/dire-merci-avec-elegance-inspirations-pour-cartes-de-remerciements\/#article","isPartOf":{"@id":"https:\/\/www.photoweb.fr\/espaces\/magazine\/dire-merci-avec-elegance-inspirations-pour-cartes-de-remerciements\/"},"author":{"name":"Sihem","@id":"https:\/\/www.photoweb.fr\/espaces\/magazine\/#\/schema\/person\/0c38a1afacdb3a9474ca473716f01308"},"headline":"Dire \u00ab\u00a0Merci\u00a0\u00bb avec \u00e9l\u00e9gance : inspirations pour cartes de remerciements","datePublished":"2026-03-12T16:05:08+00:00","dateModified":"2026-03-12T16:05:35+00:00","mainEntityOfPage":{"@id":"https:\/\/www.photoweb.fr\/espaces\/magazine\/dire-merci-avec-elegance-inspirations-pour-cartes-de-remerciements\/"},"wordCount":365,"commentCount":0,"publisher":{"@id":"https:\/\/www.photoweb.fr\/espaces\/magazine\/#organization"},"articleSection":["Conseils experts","Instants de vie"],"inLanguage":"fr-FR","potentialAction":[{"@type":"CommentAction","name":"Comment","target":["https:\/\/www.photoweb.fr\/espaces\/magazine\/dire-merci-avec-elegance-inspirations-pour-cartes-de-remerciements\/#respond"]}]},{"@type":"WebPage","@id":"https:\/\/www.photoweb.fr\/espaces\/magazine\/dire-merci-avec-elegance-inspirations-pour-cartes-de-remerciements\/","url":"https:\/\/www.photoweb.fr\/espaces\/magazine\/dire-merci-avec-elegance-inspirations-pour-cartes-de-remerciements\/","name":"Dire \"Merci\" avec \u00e9l\u00e9gance : inspirations pour cartes de remerciements","isPartOf":{"@id":"https:\/\/www.photoweb.fr\/espaces\/magazine\/#website"},"datePublished":"2026-03-12T16:05:08+00:00","dateModified":"2026-03-12T16:05:35+00:00","description":"La f\u00eate est finie, mais les souvenirs restent. Envoyer une carte de remerciement quelques semaines apr\u00e8s la communion est une d\u00e9licate attention pour","breadcrumb":{"@id":"https:\/\/www.photoweb.fr\/espaces\/magazine\/dire-merci-avec-elegance-inspirations-pour-cartes-de-remerciements\/#breadcrumb"},"inLanguage":"fr-FR","potentialAction":[{"@type":"ReadAction","target":["https:\/\/www.photoweb.fr\/espaces\/magazine\/dire-merci-avec-elegance-inspirations-pour-cartes-de-remerciements\/"]}]},{"@type":"BreadcrumbList","@id":"https:\/\/www.photoweb.fr\/espaces\/magazine\/dire-merci-avec-elegance-inspirations-pour-cartes-de-remerciements\/#breadcrumb","itemListElement":[{"@type":"ListItem","position":1,"name":"Accueil","item":"https:\/\/www.photoweb.fr\/espaces\/magazine\/"},{"@type":"ListItem","position":2,"name":"Instants de vie","item":"https:\/\/www.photoweb.fr\/espaces\/magazine\/instants-de-vie\/"},{"@type":"ListItem","position":3,"name":"Dire &#8220;Merci&#8221; avec \u00e9l\u00e9gance : inspirations pour cartes de remerciements"}]},{"@type":"WebSite","@id":"https:\/\/www.photoweb.fr\/espaces\/magazine\/#website","url":"https:\/\/www.photoweb.fr\/espaces\/magazine\/","name":"Photoweb, le mag","description":"Le magazine de Photoweb","publisher":{"@id":"https:\/\/www.photoweb.fr\/espaces\/magazine\/#organization"},"potentialAction":[{"@type":"SearchAction","target":{"@type":"EntryPoint","urlTemplate":"https:\/\/www.photoweb.fr\/espaces\/magazine\/?s={search_term_string}"},"query-input":"required name=search_term_string"}],"inLanguage":"fr-FR"},{"@type":"Organization","@id":"https:\/\/www.photoweb.fr\/espaces\/magazine\/#organization","name":"Photoweb","url":"https:\/\/www.photoweb.fr\/espaces\/magazine\/","logo":{"@type":"ImageObject","inLanguage":"fr-FR","@id":"https:\/\/www.photoweb.fr\/espaces\/magazine\/#\/schema\/logo\/image\/","url":"https:\/\/www.photoweb.fr\/espaces\/magazine\/wp-content\/uploads\/2021\/02\/Logo-Photoweb.jpg","contentUrl":"https:\/\/www.photoweb.fr\/espaces\/magazine\/wp-content\/uploads\/2021\/02\/Logo-Photoweb.jpg","width":780,"height":456,"caption":"Photoweb"},"image":{"@id":"https:\/\/www.photoweb.fr\/espaces\/magazine\/#\/schema\/logo\/image\/"},"sameAs":["https:\/\/fr-fr.facebook.com\/Photoweb.fr\/","https:\/\/twitter.com\/Photoweb_fr","https:\/\/www.instagram.com\/photowebfr\/","https:\/\/www.linkedin.com\/company\/347094\/","https:\/\/www.pinterest.fr\/inspirationsphotoweb\/_created\/","https:\/\/www.youtube.com\/channel\/UCtcVmTvkAzKQLVkiwfOm8sg"]},{"@type":"Person","@id":"https:\/\/www.photoweb.fr\/espaces\/magazine\/#\/schema\/person\/0c38a1afacdb3a9474ca473716f01308","name":"Sihem"}]}},"acf":[],"_links":{"self":[{"href":"https:\/\/www.photoweb.fr\/espaces\/magazine\/wp-json\/wp\/v2\/posts\/15050","targetHints":{"allow":["GET"]}}],"collection":[{"href":"https:\/\/www.photoweb.fr\/espaces\/magazine\/wp-json\/wp\/v2\/posts"}],"about":[{"href":"https:\/\/www.photoweb.fr\/espaces\/magazine\/wp-json\/wp\/v2\/types\/post"}],"author":[{"embeddable":true,"href":"https:\/\/www.photoweb.fr\/espaces\/magazine\/wp-json\/wp\/v2\/users\/46"}],"replies":[{"embeddable":true,"href":"https:\/\/www.photoweb.fr\/espaces\/magazine\/wp-json\/wp\/v2\/comments?post=15050"}],"version-history":[{"count":6,"href":"https:\/\/www.photoweb.fr\/espaces\/magazine\/wp-json\/wp\/v2\/posts\/15050\/revisions"}],"predecessor-version":[{"id":15062,"href":"https:\/\/www.photoweb.fr\/espaces\/magazine\/wp-json\/wp\/v2\/posts\/15050\/revisions\/15062"}],"wp:featuredmedia":[{"embeddable":true,"href":"https:\/\/www.photoweb.fr\/espaces\/magazine\/wp-json\/wp\/v2\/media\/15059"}],"wp:attachment":[{"href":"https:\/\/www.photoweb.fr\/espaces\/magazine\/wp-json\/wp\/v2\/media?parent=15050"}],"wp:term":[{"taxonomy":"category","embeddable":true,"href":"https:\/\/www.photoweb.fr\/espaces\/magazine\/wp-json\/wp\/v2\/categories?post=15050"},{"taxonomy":"post_tag","embeddable":true,"href":"https:\/\/www.photoweb.fr\/espaces\/magazine\/wp-json\/wp\/v2\/tags?post=15050"}],"curies":[{"name":"wp","href":"https:\/\/api.w.org\/{rel}","templated":true}]}}