{"id":15331,"date":"2026-04-30T11:30:09","date_gmt":"2026-04-30T09:30:09","guid":{"rendered":"https:\/\/www.photoweb.fr\/espaces\/magazine\/?p=15331"},"modified":"2026-04-30T11:35:33","modified_gmt":"2026-04-30T09:35:33","slug":"parole-de-photographe-lile-de-noirmoutier-vue-par-marie","status":"publish","type":"post","link":"https:\/\/www.photoweb.fr\/espaces\/magazine\/parole-de-photographe-lile-de-noirmoutier-vue-par-marie\/","title":{"rendered":"Parole de photographes &#8211; l&rsquo;\u00eele de Noirmoutier vue par Marie"},"content":{"rendered":"\r\n\r\n\t<p>Parce qu&rsquo;il est des moments suspendus o\u00f9 nous pouvons prendre le temps de fl\u00e2ner et trouver le sujet \u00e0 photographier &#8230;<\/p>\r\n<p><strong>L&rsquo;\u00eele de Noirmoutier<\/strong> est un petit coin de tranquillit\u00e9, id\u00e9al pour une semaine de vacances familiales entre nature, d\u00e9tente et d\u00e9couvertes. Nous y d\u00e9couvrons un m\u00e9lange de paysages de plages de sable fin, de marais salants et de for\u00eats.<\/p>\r\n\t\t\t\t<img loading=\"lazy\" decoding=\"async\" src=\"https:\/\/www.photoweb.fr\/espaces\/magazine\/wp-content\/uploads\/2026\/04\/Visuels-MAG-800-x-600-px-30-1.png\" alt=\"Visuels-MAG (800 x 600 px) (30)\" itemprop=\"image\" height=\"600\" width=\"800\" title=\"Visuels-MAG (800 x 600 px) (30)\" onerror=\"this.style.display='none'\"  \/>\r\n\t<h2>Mes sujets de pr\u00e9dilection pour mes photos de la semaine :<\/h2>\r\nLa mouette rieuse qui joue avec <strong>mon objectif (14-140)<\/strong> dans le marais de Luzeronde<br \/>\r\nSur celle-ci, j&rsquo;ai fait la<strong> mise au point sur la mouette<\/strong>, tout en ayant du colza en 1er plan<br \/>\r\n.pour donner cet effet de jeu de cache-cache.\r\n\t\t\t\t<img loading=\"lazy\" decoding=\"async\" src=\"https:\/\/www.photoweb.fr\/espaces\/magazine\/wp-content\/uploads\/2026\/04\/canard.jpg\" alt=\"canard\" itemprop=\"image\" height=\"720\" width=\"959\" title=\"canard\" onerror=\"this.style.display='none'\"  \/>\r\n\t<strong>La Griffe de Sorci\u00e8re<\/strong> (de son nom savant \u00ab carpobrotus \u00bb) et sa couleur fuchsia.<br \/>\r\nJ&rsquo;affectionne particuli\u00e8rement <strong>la macro<\/strong> avec la possibilit\u00e9 de jouer sur<strong> le flou des<\/strong><br \/>\r\n<strong>diff\u00e9rents plans de la photo<\/strong> (que je n ai pas trop accentu\u00e9 sur celle-ci pour appr\u00e9cier<br \/>\r\naussi les fleurs en arri\u00e8re-plan).\r\n\t\t\t\t<img loading=\"lazy\" decoding=\"async\" src=\"https:\/\/www.photoweb.fr\/espaces\/magazine\/wp-content\/uploads\/2026\/04\/fleurs.jpg\" alt=\"fleurs\" itemprop=\"image\" height=\"898\" width=\"720\" title=\"fleurs\" onerror=\"this.style.display='none'\"  \/>\r\n\tLe \u00ab Bedam palace \u00bb \u00e0 Noumoutier-en-Lile, une pause bien m\u00e9rit\u00e9e apr\u00e8s une balade<br \/>\r\nensoleill\u00e9e. Selon moi, <strong>le noir et blanc permet de donner une profondeur \u00e0 ce clich\u00e9<\/strong>.\r\n\t\t\t\t<img loading=\"lazy\" decoding=\"async\" src=\"https:\/\/www.photoweb.fr\/espaces\/magazine\/wp-content\/uploads\/2026\/04\/restaurant.jpg\" alt=\"restaurant\" itemprop=\"image\" height=\"720\" width=\"959\" title=\"restaurant\" onerror=\"this.style.display='none'\"  \/>\r\n\tLa plage des Dames au Bois de la Chaise et ses c\u00e9l\u00e8bres cabines de bois blanc Le<br \/>\r\ntemps n&rsquo;\u00e9tant pas tres lumineux ce matin-la jai pr\u00e9f\u00e9r\u00e9 utiliser<strong> le filtre \u00ab effet jouet<\/strong><br \/>\r\n<strong> vif \u00bb de mon appareil pour sublimer le clich\u00e9<\/strong>.\r\n\t\t\t\t<img loading=\"lazy\" decoding=\"async\" src=\"https:\/\/www.photoweb.fr\/espaces\/magazine\/wp-content\/uploads\/2026\/04\/bord-de-plage.jpg\" alt=\"bord de plage\" itemprop=\"image\" height=\"718\" width=\"1080\" title=\"bord de plage\" onerror=\"this.style.display='none'\"  \/>\r\n\t<p>Un coucher de soleil sur<strong> la plage de la Croix Rouge<\/strong>, instant de complicit\u00e9 vol\u00e9.<\/p>\r\n\t\t\t\t<img loading=\"lazy\" decoding=\"async\" src=\"https:\/\/www.photoweb.fr\/espaces\/magazine\/wp-content\/uploads\/2026\/04\/coucher-de-soleil.jpg\" alt=\"coucher de soleil\" itemprop=\"image\" height=\"720\" width=\"959\" title=\"coucher de soleil\" onerror=\"this.style.display='none'\"  \/>\r\n\t<h2>Le portrait de Marie \ud83d\udcf8<\/h2>\r\n\tD&rsquo;aussi loin que je me souvienne, j&rsquo;ai toujours vu des albums photo autour de moi &#8230; j&rsquo;ai fini<br \/>\r\npar prendre la place de maman derri\u00e8re l&rsquo;objectif ! Du kodak jetable \u00e0 mon dernier Panasonic,<br \/>\r\nj&rsquo;ai \u00e9volu\u00e9 avec mes diff\u00e9rents appareils photo, avec une pr\u00e9f\u00e9rence pour la macro.\r\nMon quotidien est construit autour de l&rsquo;humain, du prendre soin et du partage, c&rsquo;est pourquoi<br \/>\r\nj&rsquo;ai besoin d&rsquo;une bulle de solitude pour me ressourcer. Je chausse mes baskets de randonn\u00e9e,<br \/>\r\nmon sac \u00e0 dos photo, et je pars trouver le bon sujet photo. J&rsquo;oublie le temps<br \/>\r\nqui passe, j&rsquo;observe dame nature et je mitraille. Je reviens souvent \u00ab bredouille \u00bb mais<br \/>\r\ntoujours satisfaite d&rsquo;avoir profit\u00e9 de ce moment de s\u00e9r\u00e9nit\u00e9.\r\n\t\t\t\t<img loading=\"lazy\" decoding=\"async\" src=\"https:\/\/www.photoweb.fr\/espaces\/magazine\/wp-content\/uploads\/2026\/04\/parole-de-photographe-2.png\" alt=\"parole de photographe (2)\" itemprop=\"image\" height=\"492\" width=\"1920\" title=\"parole de photographe (2)\" onerror=\"this.style.display='none'\"  \/>\r\n\t1.2.3.\r\nimprimez&#8239;!\r\n\t\t\t\t<a href=\"https:\/\/www.photoweb.fr\/album-photo-fete-des-meres\" target=\"_blank\" rel=\"noopener\"  itemprop=\"url\">\r\n\t\t\t\t<img loading=\"lazy\" decoding=\"async\" src=\"https:\/\/www.photoweb.fr\/espaces\/magazine\/wp-content\/uploads\/2026\/04\/livre-retrospective.png\" alt=\"livre photo FDM\" itemprop=\"image\" height=\"600\" width=\"600\" title=\"livre photo FDM\" onerror=\"this.style.display='none'\"  \/>\r\n\t\t\t\t<\/a>\r\n\t<a target=\"_blank\" href=\"https:\/\/www.photoweb.fr\/album-photo-fete-des-meres\">\r\nCr\u00e9ez votre livre photo <\/a>\r\n\t\t\t\t<a href=\"https:\/\/www.photoweb.fr\/cadre-photo-personnalise\" target=\"_blank\" rel=\"noopener\"  itemprop=\"url\">\r\n\t\t\t\t<img loading=\"lazy\" decoding=\"async\" src=\"https:\/\/www.photoweb.fr\/espaces\/magazine\/wp-content\/uploads\/2026\/04\/livre-retrospective-28.png\" alt=\"cadre photo\" itemprop=\"image\" height=\"600\" width=\"600\" title=\"cadre photo\" onerror=\"this.style.display='none'\"  \/>\r\n\t\t\t\t<\/a>\r\n\t<a target=\"_blank\" href=\"https:\/\/www.photoweb.fr\/cadre-photo-personnalise\">\r\nCr\u00e9ez votre cadre photo<\/a>\r\n\t\t\t\t<a href=\"https:\/\/www.photoweb.fr\/tirage-photo-premium\" target=\"_blank\" rel=\"noopener\"  itemprop=\"url\">\r\n\t\t\t\t<img loading=\"lazy\" decoding=\"async\" src=\"https:\/\/www.photoweb.fr\/espaces\/magazine\/wp-content\/uploads\/2026\/04\/livre-retrospective-25-1.png\" alt=\"tirages premium\" itemprop=\"image\" height=\"600\" width=\"600\" title=\"tirages premium\" onerror=\"this.style.display='none'\"  \/>\r\n\t\t\t\t<\/a>\r\n\t<a target=\"_blank\" href=\"https:\/\/www.photoweb.fr\/tirage-photo-premium\">\r\nCr\u00e9ez vos tirages photos<\/a>\r\n\r\n","protected":false},"excerpt":{"rendered":"<p>Parce qu&rsquo;il est des moments suspendus o\u00f9 nous pouvons prendre le temps de fl\u00e2ner et trouver le sujet \u00e0 photographier &#8230; L&rsquo;\u00eele de Noirmoutier est un petit coin de tranquillit\u00e9, id\u00e9al pour une semaine de vacances familiales entre nature, d\u00e9tente et d\u00e9couvertes. Nous y d\u00e9couvrons un m\u00e9lange de paysages de plages de sable fin, de&hellip;<\/p>\n","protected":false},"author":46,"featured_media":15338,"comment_status":"open","ping_status":"open","sticky":false,"template":"single-standard.php","format":"standard","meta":{"footnotes":""},"categories":[18,23],"tags":[],"class_list":["post-15331","post","type-post","status-publish","format-standard","has-post-thumbnail","hentry","category-conseils-expets","category-escapade"],"yoast_head":"<!-- This site is optimized with the Yoast SEO plugin v20.3 - https:\/\/yoast.com\/wordpress\/plugins\/seo\/ -->\n<title>Parole de photographes - l&#039;\u00eele de Noirmoutier vue par Marie<\/title>\n<meta name=\"description\" content=\"Parce qu&#039;il est des moments suspendus o\u00f9 nous pouvons prendre le temps de fl\u00e2ner et trouver le sujet \u00e0 photographier ... L&#039;\u00eele de Noirmoutier est un petit\" \/>\n<meta name=\"robots\" content=\"index, follow, max-snippet:-1, max-image-preview:large, max-video-preview:-1\" \/>\n<link rel=\"canonical\" href=\"https:\/\/www.photoweb.fr\/espaces\/magazine\/parole-de-photographe-lile-de-noirmoutier-vue-par-marie\/\" \/>\n<meta property=\"og:locale\" content=\"fr_FR\" \/>\n<meta property=\"og:type\" content=\"article\" \/>\n<meta property=\"og:title\" content=\"Parole de photographes - l&#039;\u00eele de Noirmoutier vue par Marie\" \/>\n<meta property=\"og:description\" content=\"Parce qu&#039;il est des moments suspendus o\u00f9 nous pouvons prendre le temps de fl\u00e2ner et trouver le sujet \u00e0 photographier ... L&#039;\u00eele de Noirmoutier est un petit\" \/>\n<meta property=\"og:url\" content=\"https:\/\/www.photoweb.fr\/espaces\/magazine\/parole-de-photographe-lile-de-noirmoutier-vue-par-marie\/\" \/>\n<meta property=\"og:site_name\" content=\"Photoweb, le mag\" \/>\n<meta property=\"article:publisher\" content=\"https:\/\/fr-fr.facebook.com\/Photoweb.fr\/\" \/>\n<meta property=\"article:published_time\" content=\"2026-04-30T09:30:09+00:00\" \/>\n<meta property=\"article:modified_time\" content=\"2026-04-30T09:35:33+00:00\" \/>\n<meta property=\"og:image\" content=\"https:\/\/www.photoweb.fr\/espaces\/magazine\/wp-content\/uploads\/2026\/04\/Visuels-MAG-800-x-600-px-30-1.png\" \/>\n\t<meta property=\"og:image:width\" content=\"800\" \/>\n\t<meta property=\"og:image:height\" content=\"600\" \/>\n\t<meta property=\"og:image:type\" content=\"image\/png\" \/>\n<meta name=\"author\" content=\"Sihem\" \/>\n<meta name=\"twitter:card\" content=\"summary_large_image\" \/>\n<meta name=\"twitter:creator\" content=\"@Photoweb_fr\" \/>\n<meta name=\"twitter:site\" content=\"@Photoweb_fr\" \/>\n<meta name=\"twitter:label1\" content=\"\u00c9crit par\" \/>\n\t<meta name=\"twitter:data1\" content=\"Sihem\" \/>\n\t<meta name=\"twitter:label2\" content=\"Dur\u00e9e de lecture estim\u00e9e\" \/>\n\t<meta name=\"twitter:data2\" content=\"4 minutes\" \/>\n<script type=\"application\/ld+json\" class=\"yoast-schema-graph\">{\"@context\":\"https:\/\/schema.org\",\"@graph\":[{\"@type\":\"Article\",\"@id\":\"https:\/\/www.photoweb.fr\/espaces\/magazine\/parole-de-photographe-lile-de-noirmoutier-vue-par-marie\/#article\",\"isPartOf\":{\"@id\":\"https:\/\/www.photoweb.fr\/espaces\/magazine\/parole-de-photographe-lile-de-noirmoutier-vue-par-marie\/\"},\"author\":{\"name\":\"Sihem\",\"@id\":\"https:\/\/www.photoweb.fr\/espaces\/magazine\/#\/schema\/person\/0c38a1afacdb3a9474ca473716f01308\"},\"headline\":\"Parole de photographes &#8211; l&rsquo;\u00eele de Noirmoutier vue par Marie\",\"datePublished\":\"2026-04-30T09:30:09+00:00\",\"dateModified\":\"2026-04-30T09:35:33+00:00\",\"mainEntityOfPage\":{\"@id\":\"https:\/\/www.photoweb.fr\/espaces\/magazine\/parole-de-photographe-lile-de-noirmoutier-vue-par-marie\/\"},\"wordCount\":407,\"commentCount\":0,\"publisher\":{\"@id\":\"https:\/\/www.photoweb.fr\/espaces\/magazine\/#organization\"},\"articleSection\":[\"Conseils experts\",\"Escapade\"],\"inLanguage\":\"fr-FR\",\"potentialAction\":[{\"@type\":\"CommentAction\",\"name\":\"Comment\",\"target\":[\"https:\/\/www.photoweb.fr\/espaces\/magazine\/parole-de-photographe-lile-de-noirmoutier-vue-par-marie\/#respond\"]}]},{\"@type\":\"WebPage\",\"@id\":\"https:\/\/www.photoweb.fr\/espaces\/magazine\/parole-de-photographe-lile-de-noirmoutier-vue-par-marie\/\",\"url\":\"https:\/\/www.photoweb.fr\/espaces\/magazine\/parole-de-photographe-lile-de-noirmoutier-vue-par-marie\/\",\"name\":\"Parole de photographes - l'\u00eele de Noirmoutier vue par Marie\",\"isPartOf\":{\"@id\":\"https:\/\/www.photoweb.fr\/espaces\/magazine\/#website\"},\"datePublished\":\"2026-04-30T09:30:09+00:00\",\"dateModified\":\"2026-04-30T09:35:33+00:00\",\"description\":\"Parce qu'il est des moments suspendus o\u00f9 nous pouvons prendre le temps de fl\u00e2ner et trouver le sujet \u00e0 photographier ... L'\u00eele de Noirmoutier est un petit\",\"breadcrumb\":{\"@id\":\"https:\/\/www.photoweb.fr\/espaces\/magazine\/parole-de-photographe-lile-de-noirmoutier-vue-par-marie\/#breadcrumb\"},\"inLanguage\":\"fr-FR\",\"potentialAction\":[{\"@type\":\"ReadAction\",\"target\":[\"https:\/\/www.photoweb.fr\/espaces\/magazine\/parole-de-photographe-lile-de-noirmoutier-vue-par-marie\/\"]}]},{\"@type\":\"BreadcrumbList\",\"@id\":\"https:\/\/www.photoweb.fr\/espaces\/magazine\/parole-de-photographe-lile-de-noirmoutier-vue-par-marie\/#breadcrumb\",\"itemListElement\":[{\"@type\":\"ListItem\",\"position\":1,\"name\":\"Accueil\",\"item\":\"https:\/\/www.photoweb.fr\/espaces\/magazine\/\"},{\"@type\":\"ListItem\",\"position\":2,\"name\":\"Conseils experts\",\"item\":\"https:\/\/www.photoweb.fr\/espaces\/magazine\/conseils-expets\/\"},{\"@type\":\"ListItem\",\"position\":3,\"name\":\"Parole de photographes &#8211; l&rsquo;\u00eele de Noirmoutier vue par Marie\"}]},{\"@type\":\"WebSite\",\"@id\":\"https:\/\/www.photoweb.fr\/espaces\/magazine\/#website\",\"url\":\"https:\/\/www.photoweb.fr\/espaces\/magazine\/\",\"name\":\"Photoweb, le mag\",\"description\":\"Le magazine de Photoweb\",\"publisher\":{\"@id\":\"https:\/\/www.photoweb.fr\/espaces\/magazine\/#organization\"},\"potentialAction\":[{\"@type\":\"SearchAction\",\"target\":{\"@type\":\"EntryPoint\",\"urlTemplate\":\"https:\/\/www.photoweb.fr\/espaces\/magazine\/?s={search_term_string}\"},\"query-input\":\"required name=search_term_string\"}],\"inLanguage\":\"fr-FR\"},{\"@type\":\"Organization\",\"@id\":\"https:\/\/www.photoweb.fr\/espaces\/magazine\/#organization\",\"name\":\"Photoweb\",\"url\":\"https:\/\/www.photoweb.fr\/espaces\/magazine\/\",\"logo\":{\"@type\":\"ImageObject\",\"inLanguage\":\"fr-FR\",\"@id\":\"https:\/\/www.photoweb.fr\/espaces\/magazine\/#\/schema\/logo\/image\/\",\"url\":\"https:\/\/www.photoweb.fr\/espaces\/magazine\/wp-content\/uploads\/2021\/02\/Logo-Photoweb.jpg\",\"contentUrl\":\"https:\/\/www.photoweb.fr\/espaces\/magazine\/wp-content\/uploads\/2021\/02\/Logo-Photoweb.jpg\",\"width\":780,\"height\":456,\"caption\":\"Photoweb\"},\"image\":{\"@id\":\"https:\/\/www.photoweb.fr\/espaces\/magazine\/#\/schema\/logo\/image\/\"},\"sameAs\":[\"https:\/\/fr-fr.facebook.com\/Photoweb.fr\/\",\"https:\/\/twitter.com\/Photoweb_fr\",\"https:\/\/www.instagram.com\/photowebfr\/\",\"https:\/\/www.linkedin.com\/company\/347094\/\",\"https:\/\/www.pinterest.fr\/inspirationsphotoweb\/_created\/\",\"https:\/\/www.youtube.com\/channel\/UCtcVmTvkAzKQLVkiwfOm8sg\"]},{\"@type\":\"Person\",\"@id\":\"https:\/\/www.photoweb.fr\/espaces\/magazine\/#\/schema\/person\/0c38a1afacdb3a9474ca473716f01308\",\"name\":\"Sihem\"}]}<\/script>\n<!-- \/ Yoast SEO plugin. -->","yoast_head_json":{"title":"Parole de photographes - l'\u00eele de Noirmoutier vue par Marie","description":"Parce qu'il est des moments suspendus o\u00f9 nous pouvons prendre le temps de fl\u00e2ner et trouver le sujet \u00e0 photographier ... L'\u00eele de Noirmoutier est un petit","robots":{"index":"index","follow":"follow","max-snippet":"max-snippet:-1","max-image-preview":"max-image-preview:large","max-video-preview":"max-video-preview:-1"},"canonical":"https:\/\/www.photoweb.fr\/espaces\/magazine\/parole-de-photographe-lile-de-noirmoutier-vue-par-marie\/","og_locale":"fr_FR","og_type":"article","og_title":"Parole de photographes - l'\u00eele de Noirmoutier vue par Marie","og_description":"Parce qu'il est des moments suspendus o\u00f9 nous pouvons prendre le temps de fl\u00e2ner et trouver le sujet \u00e0 photographier ... L'\u00eele de Noirmoutier est un petit","og_url":"https:\/\/www.photoweb.fr\/espaces\/magazine\/parole-de-photographe-lile-de-noirmoutier-vue-par-marie\/","og_site_name":"Photoweb, le mag","article_publisher":"https:\/\/fr-fr.facebook.com\/Photoweb.fr\/","article_published_time":"2026-04-30T09:30:09+00:00","article_modified_time":"2026-04-30T09:35:33+00:00","og_image":[{"width":800,"height":600,"url":"https:\/\/www.photoweb.fr\/espaces\/magazine\/wp-content\/uploads\/2026\/04\/Visuels-MAG-800-x-600-px-30-1.png","type":"image\/png"}],"author":"Sihem","twitter_card":"summary_large_image","twitter_creator":"@Photoweb_fr","twitter_site":"@Photoweb_fr","twitter_misc":{"\u00c9crit par":"Sihem","Dur\u00e9e de lecture estim\u00e9e":"4 minutes"},"schema":{"@context":"https:\/\/schema.org","@graph":[{"@type":"Article","@id":"https:\/\/www.photoweb.fr\/espaces\/magazine\/parole-de-photographe-lile-de-noirmoutier-vue-par-marie\/#article","isPartOf":{"@id":"https:\/\/www.photoweb.fr\/espaces\/magazine\/parole-de-photographe-lile-de-noirmoutier-vue-par-marie\/"},"author":{"name":"Sihem","@id":"https:\/\/www.photoweb.fr\/espaces\/magazine\/#\/schema\/person\/0c38a1afacdb3a9474ca473716f01308"},"headline":"Parole de photographes &#8211; l&rsquo;\u00eele de Noirmoutier vue par Marie","datePublished":"2026-04-30T09:30:09+00:00","dateModified":"2026-04-30T09:35:33+00:00","mainEntityOfPage":{"@id":"https:\/\/www.photoweb.fr\/espaces\/magazine\/parole-de-photographe-lile-de-noirmoutier-vue-par-marie\/"},"wordCount":407,"commentCount":0,"publisher":{"@id":"https:\/\/www.photoweb.fr\/espaces\/magazine\/#organization"},"articleSection":["Conseils experts","Escapade"],"inLanguage":"fr-FR","potentialAction":[{"@type":"CommentAction","name":"Comment","target":["https:\/\/www.photoweb.fr\/espaces\/magazine\/parole-de-photographe-lile-de-noirmoutier-vue-par-marie\/#respond"]}]},{"@type":"WebPage","@id":"https:\/\/www.photoweb.fr\/espaces\/magazine\/parole-de-photographe-lile-de-noirmoutier-vue-par-marie\/","url":"https:\/\/www.photoweb.fr\/espaces\/magazine\/parole-de-photographe-lile-de-noirmoutier-vue-par-marie\/","name":"Parole de photographes - l'\u00eele de Noirmoutier vue par Marie","isPartOf":{"@id":"https:\/\/www.photoweb.fr\/espaces\/magazine\/#website"},"datePublished":"2026-04-30T09:30:09+00:00","dateModified":"2026-04-30T09:35:33+00:00","description":"Parce qu'il est des moments suspendus o\u00f9 nous pouvons prendre le temps de fl\u00e2ner et trouver le sujet \u00e0 photographier ... L'\u00eele de Noirmoutier est un petit","breadcrumb":{"@id":"https:\/\/www.photoweb.fr\/espaces\/magazine\/parole-de-photographe-lile-de-noirmoutier-vue-par-marie\/#breadcrumb"},"inLanguage":"fr-FR","potentialAction":[{"@type":"ReadAction","target":["https:\/\/www.photoweb.fr\/espaces\/magazine\/parole-de-photographe-lile-de-noirmoutier-vue-par-marie\/"]}]},{"@type":"BreadcrumbList","@id":"https:\/\/www.photoweb.fr\/espaces\/magazine\/parole-de-photographe-lile-de-noirmoutier-vue-par-marie\/#breadcrumb","itemListElement":[{"@type":"ListItem","position":1,"name":"Accueil","item":"https:\/\/www.photoweb.fr\/espaces\/magazine\/"},{"@type":"ListItem","position":2,"name":"Conseils experts","item":"https:\/\/www.photoweb.fr\/espaces\/magazine\/conseils-expets\/"},{"@type":"ListItem","position":3,"name":"Parole de photographes &#8211; l&rsquo;\u00eele de Noirmoutier vue par Marie"}]},{"@type":"WebSite","@id":"https:\/\/www.photoweb.fr\/espaces\/magazine\/#website","url":"https:\/\/www.photoweb.fr\/espaces\/magazine\/","name":"Photoweb, le mag","description":"Le magazine de Photoweb","publisher":{"@id":"https:\/\/www.photoweb.fr\/espaces\/magazine\/#organization"},"potentialAction":[{"@type":"SearchAction","target":{"@type":"EntryPoint","urlTemplate":"https:\/\/www.photoweb.fr\/espaces\/magazine\/?s={search_term_string}"},"query-input":"required name=search_term_string"}],"inLanguage":"fr-FR"},{"@type":"Organization","@id":"https:\/\/www.photoweb.fr\/espaces\/magazine\/#organization","name":"Photoweb","url":"https:\/\/www.photoweb.fr\/espaces\/magazine\/","logo":{"@type":"ImageObject","inLanguage":"fr-FR","@id":"https:\/\/www.photoweb.fr\/espaces\/magazine\/#\/schema\/logo\/image\/","url":"https:\/\/www.photoweb.fr\/espaces\/magazine\/wp-content\/uploads\/2021\/02\/Logo-Photoweb.jpg","contentUrl":"https:\/\/www.photoweb.fr\/espaces\/magazine\/wp-content\/uploads\/2021\/02\/Logo-Photoweb.jpg","width":780,"height":456,"caption":"Photoweb"},"image":{"@id":"https:\/\/www.photoweb.fr\/espaces\/magazine\/#\/schema\/logo\/image\/"},"sameAs":["https:\/\/fr-fr.facebook.com\/Photoweb.fr\/","https:\/\/twitter.com\/Photoweb_fr","https:\/\/www.instagram.com\/photowebfr\/","https:\/\/www.linkedin.com\/company\/347094\/","https:\/\/www.pinterest.fr\/inspirationsphotoweb\/_created\/","https:\/\/www.youtube.com\/channel\/UCtcVmTvkAzKQLVkiwfOm8sg"]},{"@type":"Person","@id":"https:\/\/www.photoweb.fr\/espaces\/magazine\/#\/schema\/person\/0c38a1afacdb3a9474ca473716f01308","name":"Sihem"}]}},"acf":[],"_links":{"self":[{"href":"https:\/\/www.photoweb.fr\/espaces\/magazine\/wp-json\/wp\/v2\/posts\/15331","targetHints":{"allow":["GET"]}}],"collection":[{"href":"https:\/\/www.photoweb.fr\/espaces\/magazine\/wp-json\/wp\/v2\/posts"}],"about":[{"href":"https:\/\/www.photoweb.fr\/espaces\/magazine\/wp-json\/wp\/v2\/types\/post"}],"author":[{"embeddable":true,"href":"https:\/\/www.photoweb.fr\/espaces\/magazine\/wp-json\/wp\/v2\/users\/46"}],"replies":[{"embeddable":true,"href":"https:\/\/www.photoweb.fr\/espaces\/magazine\/wp-json\/wp\/v2\/comments?post=15331"}],"version-history":[{"count":9,"href":"https:\/\/www.photoweb.fr\/espaces\/magazine\/wp-json\/wp\/v2\/posts\/15331\/revisions"}],"predecessor-version":[{"id":15351,"href":"https:\/\/www.photoweb.fr\/espaces\/magazine\/wp-json\/wp\/v2\/posts\/15331\/revisions\/15351"}],"wp:featuredmedia":[{"embeddable":true,"href":"https:\/\/www.photoweb.fr\/espaces\/magazine\/wp-json\/wp\/v2\/media\/15338"}],"wp:attachment":[{"href":"https:\/\/www.photoweb.fr\/espaces\/magazine\/wp-json\/wp\/v2\/media?parent=15331"}],"wp:term":[{"taxonomy":"category","embeddable":true,"href":"https:\/\/www.photoweb.fr\/espaces\/magazine\/wp-json\/wp\/v2\/categories?post=15331"},{"taxonomy":"post_tag","embeddable":true,"href":"https:\/\/www.photoweb.fr\/espaces\/magazine\/wp-json\/wp\/v2\/tags?post=15331"}],"curies":[{"name":"wp","href":"https:\/\/api.w.org\/{rel}","templated":true}]}}