{"id":1553,"date":"2017-09-25T08:50:09","date_gmt":"2017-09-25T08:50:09","guid":{"rendered":"https:\/\/www.photoweb.fr\/espaces\/magazine\/magazine\/?p=1553"},"modified":"2019-10-08T09:23:57","modified_gmt":"2019-10-08T09:23:57","slug":"mug-personnalise-texte-idees-de-creations","status":"publish","type":"post","link":"https:\/\/www.photoweb.fr\/espaces\/magazine\/mug-personnalise-texte-idees-de-creations\/","title":{"rendered":"Mug personnalis\u00e9 texte : quelques id\u00e9es pour personnaliser vos mugs"},"content":{"rendered":"<p>Cr\u00e9er un <a href=\"https:\/\/www.photoweb.fr\/deco-maison\/mug-personnalise\/listing\">mug personnalis\u00e9<\/a> passe premi\u00e8rement par le choix du support, \u00e0 savoir : \u00ab vais-je craquer pour un <a href=\"https:\/\/www.photoweb.fr\/deco-maison\/mug-magique\">mug magique<\/a>, un mug color\u00e9, un mug classique ? \u00bb. La prochaine question que vous vous poserez concernera la ou les photos \u00e0 int\u00e9grer \u00e0 votre cr\u00e9ation, et enfin quel TEXTE choisir\u2026 Voici alors quelques conseils pour vous aider \u00e0 trouver les mots.<\/p>\n<h2><strong>Mug personnalis\u00e9 texte : les th\u00e8mes Photoweb<\/strong><\/h2>\n<p>Vous souhaitez faire un cadeau photo mais vous n\u2019\u00eates pas inspir\u00e9 quant au choix du contenu texte ? Dans l\u2019outil de cr\u00e9ation de mugs Photoweb, vous pouvez choisir parmi plus de 30 th\u00e8mes, qui vous aideront \u00e0 finaliser votre \u0153uvre si l\u2019inspiration vous manque.<\/p>\n<p>Parfois les textes les plus courts sont les plus accrocheurs, les plus parlants. Pour la f\u00eate des m\u00e8res par exemple, un \u00ab SUPER Maman \u00bb peut suffire pour lui exprimer votre amour et la remercier de toutes ces ann\u00e9es pass\u00e9es \u00e0 vos c\u00f4t\u00e9s \u00e0 vous soutenir, vous \u00e9couter, vous rassurer\u2026<\/p>\n<p>\t\u201c <\/p>\n<p>\u00ab Demain, je me l\u00e8ve de Bonhneur. \u00bb<\/p>\n<p>\t\u201c <\/p>\n<h2>Les citations pour personnaliser vos mugs avec du texte<\/h2>\n<p>Les citations, c\u2019est un grand classique dont on ne se lasse jamais. Qu\u2019elles soient c\u00e9l\u00e8bres, vues et revues ou moins populaires, elles expriment des \u00e9motions, des valeurs, des fa\u00e7ons de penser\u2026 En fonction de la personne \u00e0 qui s\u2019adressera le mug personnalis\u00e9, le texte s\u2019adaptera car on a tous des v\u00e9cus, visions et sensibilit\u00e9s diff\u00e9rents.<\/p>\n<p>\u00ab Le matin tu peux rester couch\u00e9 pour poursuivre ton r\u00eave ou te lever pour le r\u00e9aliser. \u00bb<\/p>\n<p>\u00ab Je ne suis pas accro au chocolat, c\u2019est le chocolat qui est accro \u00e0 moi. \u00bb<\/p>\n<p>\u00ab Une journ\u00e9e sans rire est une journ\u00e9e perdue. \u00bb &#8211; Charlie Chaplin<\/p>\n<p>\u00ab R\u00e9veille-toi avec d\u00e9termination, endors-toi avec satisfaction. \u00bb<\/p>\n<p>\u00ab Aujourd\u2019hui je ne fais rien et si je n\u2019ai pas fini, je continuerai demain. \u00bb<\/p>\n<p>\u00ab Demain, je me l\u00e8ve de Bonheur. \u00bb<\/p>\n<p>\u00ab N\u2019oublie pas d\u2019\u00eatre incroyable, chaque jour. \u00bb<\/p>\n<p>\u00ab Restez-vous-m\u00eame. Tous les autres sont d\u00e9j\u00e0 pris. \u00bb &#8211; Oscar Wilde<\/p>\n<p>\u00ab La meilleure fa\u00e7on de r\u00e9aliser ses r\u00eaves, c\u2019est de se r\u00e9veiller. \u00bb &#8211; P. Val\u00e9ry<\/p>\n<p>\u00ab Si tu peux le r\u00eaver, tu peux le faire. \u00bb &#8211; Walt Disney<\/p>\n<p>\u00ab Un peu d\u2019amour, un peu d\u2019eau fra\u00eeche, et beaucoup de caf\u00e9s ! \u00bb<\/p>\n<p>\u00ab R\u00e9veil en cours, merci de patienter. \u00bb<\/p>\n<p>\u00ab Allergique au matin. \u00bb<\/p>\n<p>\t\u201c <\/p>\n<p>\u00ab If you can dream it, you can do it. \u00bb<\/p>\n<p>&#8211;<\/p>\n<p>\u00ab Si tu peux le r\u00eaver, tu peux le faire. \u00bb<\/p>\n<p>Walt Disney<\/p>\n<p>\t\u201c <\/p>\n<h2><strong>Personnaliser vos mugs avec des mots<br \/>\n100% vous<\/strong><\/h2>\n<p>Autant de possibilit\u00e9s textuelles vous permettront de personnaliser votre mug. Les citations sont un bon moyen de taquiner le destinaire du cadeau, de lui ouvrir les yeux ou de lui communiquer des mots qui vous parlent, \u00e0 vous comme \u00e0 lui.<\/p>\n<p>Si l\u2019id\u00e9e d\u2019int\u00e9grer une citation vous semble \u00eatre inapropri\u00e9e, pourquoi ne pas simplement lui offrir vos PROPRES mots, ceux que vous avez sur le c\u0153ur ?<\/p>\n<p>1.2.3.<br \/>\n<\/br>imprimez&#8239;!<\/p>\n<p>\t\t\t\t<a href=\"https:\/\/www.photoweb.fr\/deco-maison\/mug-personnalise\/listing\" target=\"_blank\" rel=\"noopener\"><br \/>\n\t\t\t\t<img loading=\"lazy\" decoding=\"async\" src=\"https:\/\/www.photoweb.fr\/espaces\/magazine\/wp-content\/uploads\/2017\/09\/mug-personnalisable-photoweb.jpg\" alt=\"mug personnalis\u00e9 photoweb\" height=\"600\" width=\"600\" title=\"mug personnalis\u00e9 photoweb\" \/><br \/>\n\t\t\t\t<\/a><br \/>\n\t<a href=\"https:\/\/www.photoweb.fr\/deco-maison\/mug-personnalise\/listing\"><br \/>\ncr\u00e9er mon mug personnalis\u00e9<\/a><\/p>\n","protected":false},"excerpt":{"rendered":"<p>Cr\u00e9er un mug personnalis\u00e9 passe premi\u00e8rement par le choix du support, \u00e0 savoir : \u00ab vais-je craquer pour un mug magique, color\u00e9 ou classique ? \u00bb. La prochaine question que vous vous poserez concernera la ou les photos \u00e0 int\u00e9grer \u00e0 votre cr\u00e9ation, et enfin quel TEXTE choisir\u2026<br \/>\nHumoristique, citation, proverbes, tic de langage\u2026 il n\u2019est pas si simple de faire un choix quant au texte que l\u2019on souhaite apporter \u00e0 son mug. Suivant l\u2019occasion pour laquelle on d\u00e9cide de cr\u00e9er un mug personnalis\u00e9, la t\u00e2che peut m\u00eame devenir encore plus compliqu\u00e9e\u2026<br \/>\nPas de panique ! Nous avons choisi de vous aider dans ce choix et de vous livrer tous nos conseils pour trouver les mots justes \u00e0 inscrire sur votre tasse \ud83d\ude09 <\/p>\n","protected":false},"author":21,"featured_media":1886,"comment_status":"open","ping_status":"open","sticky":false,"template":"single-standard.php","format":"standard","meta":{"footnotes":""},"categories":[5],"tags":[74],"class_list":["post-1553","post","type-post","status-publish","format-standard","has-post-thumbnail","hentry","category-carnet-de-tendances","tag-mug-personnalise-pas-cher"],"yoast_head":"<!-- This site is optimized with the Yoast SEO plugin v20.3 - https:\/\/yoast.com\/wordpress\/plugins\/seo\/ -->\n<title>Mug personnalis\u00e9 texte : quelques id\u00e9es pour personnaliser vos mugs<\/title>\n<meta name=\"description\" content=\"Mug personnalis\u00e9 texte : vous avez envie de cr\u00e9er un mug unique mais vous ne savez pas quel contenu texte choisir ? Voici quelques id\u00e9es !\" \/>\n<meta name=\"robots\" content=\"index, follow, max-snippet:-1, max-image-preview:large, max-video-preview:-1\" \/>\n<link rel=\"canonical\" href=\"https:\/\/www.photoweb.fr\/espaces\/magazine\/mug-personnalise-texte-idees-de-creations\/\" \/>\n<meta property=\"og:locale\" content=\"fr_FR\" \/>\n<meta property=\"og:type\" content=\"article\" \/>\n<meta property=\"og:title\" content=\"Mug personnalis\u00e9 texte : quelques id\u00e9es pour personnaliser vos mugs\" \/>\n<meta property=\"og:description\" content=\"Mug personnalis\u00e9 texte : vous avez envie de cr\u00e9er un mug unique mais vous ne savez pas quel contenu texte choisir ? Voici quelques id\u00e9es !\" \/>\n<meta property=\"og:url\" content=\"https:\/\/www.photoweb.fr\/espaces\/magazine\/mug-personnalise-texte-idees-de-creations\/\" \/>\n<meta property=\"og:site_name\" content=\"Photoweb, le mag\" \/>\n<meta property=\"article:publisher\" content=\"https:\/\/fr-fr.facebook.com\/Photoweb.fr\/\" \/>\n<meta property=\"article:published_time\" content=\"2017-09-25T08:50:09+00:00\" \/>\n<meta property=\"article:modified_time\" content=\"2019-10-08T09:23:57+00:00\" \/>\n<meta property=\"og:image\" content=\"https:\/\/www.photoweb.fr\/espaces\/magazine\/wp-content\/uploads\/2017\/09\/mug-personnalisable-citation.jpg\" \/>\n\t<meta property=\"og:image:width\" content=\"1280\" \/>\n\t<meta property=\"og:image:height\" content=\"960\" \/>\n\t<meta property=\"og:image:type\" content=\"image\/jpeg\" \/>\n<meta name=\"author\" content=\"melanie\" \/>\n<meta name=\"twitter:card\" content=\"summary_large_image\" \/>\n<meta name=\"twitter:creator\" content=\"@Photoweb_fr\" \/>\n<meta name=\"twitter:site\" content=\"@Photoweb_fr\" \/>\n<meta name=\"twitter:label1\" content=\"\u00c9crit par\" \/>\n\t<meta name=\"twitter:data1\" content=\"melanie\" \/>\n\t<meta name=\"twitter:label2\" content=\"Dur\u00e9e de lecture estim\u00e9e\" \/>\n\t<meta name=\"twitter:data2\" content=\"3 minutes\" \/>\n<script type=\"application\/ld+json\" class=\"yoast-schema-graph\">{\"@context\":\"https:\/\/schema.org\",\"@graph\":[{\"@type\":\"Article\",\"@id\":\"https:\/\/www.photoweb.fr\/espaces\/magazine\/mug-personnalise-texte-idees-de-creations\/#article\",\"isPartOf\":{\"@id\":\"https:\/\/www.photoweb.fr\/espaces\/magazine\/mug-personnalise-texte-idees-de-creations\/\"},\"author\":{\"name\":\"melanie\",\"@id\":\"https:\/\/www.photoweb.fr\/espaces\/magazine\/#\/schema\/person\/111451a615bb7cbe790bf8b1d6b24391\"},\"headline\":\"Mug personnalis\u00e9 texte : quelques id\u00e9es pour personnaliser vos mugs\",\"datePublished\":\"2017-09-25T08:50:09+00:00\",\"dateModified\":\"2019-10-08T09:23:57+00:00\",\"mainEntityOfPage\":{\"@id\":\"https:\/\/www.photoweb.fr\/espaces\/magazine\/mug-personnalise-texte-idees-de-creations\/\"},\"wordCount\":514,\"commentCount\":0,\"publisher\":{\"@id\":\"https:\/\/www.photoweb.fr\/espaces\/magazine\/#organization\"},\"keywords\":[\"mug personnalis\u00e9 pas cher\"],\"articleSection\":[\"Carnet de tendance\"],\"inLanguage\":\"fr-FR\",\"potentialAction\":[{\"@type\":\"CommentAction\",\"name\":\"Comment\",\"target\":[\"https:\/\/www.photoweb.fr\/espaces\/magazine\/mug-personnalise-texte-idees-de-creations\/#respond\"]}]},{\"@type\":\"WebPage\",\"@id\":\"https:\/\/www.photoweb.fr\/espaces\/magazine\/mug-personnalise-texte-idees-de-creations\/\",\"url\":\"https:\/\/www.photoweb.fr\/espaces\/magazine\/mug-personnalise-texte-idees-de-creations\/\",\"name\":\"Mug personnalis\u00e9 texte : quelques id\u00e9es pour personnaliser vos mugs\",\"isPartOf\":{\"@id\":\"https:\/\/www.photoweb.fr\/espaces\/magazine\/#website\"},\"datePublished\":\"2017-09-25T08:50:09+00:00\",\"dateModified\":\"2019-10-08T09:23:57+00:00\",\"description\":\"Mug personnalis\u00e9 texte : vous avez envie de cr\u00e9er un mug unique mais vous ne savez pas quel contenu texte choisir ? Voici quelques id\u00e9es !\",\"breadcrumb\":{\"@id\":\"https:\/\/www.photoweb.fr\/espaces\/magazine\/mug-personnalise-texte-idees-de-creations\/#breadcrumb\"},\"inLanguage\":\"fr-FR\",\"potentialAction\":[{\"@type\":\"ReadAction\",\"target\":[\"https:\/\/www.photoweb.fr\/espaces\/magazine\/mug-personnalise-texte-idees-de-creations\/\"]}]},{\"@type\":\"BreadcrumbList\",\"@id\":\"https:\/\/www.photoweb.fr\/espaces\/magazine\/mug-personnalise-texte-idees-de-creations\/#breadcrumb\",\"itemListElement\":[{\"@type\":\"ListItem\",\"position\":1,\"name\":\"Accueil\",\"item\":\"https:\/\/www.photoweb.fr\/espaces\/magazine\/\"},{\"@type\":\"ListItem\",\"position\":2,\"name\":\"Carnet de tendance\",\"item\":\"https:\/\/www.photoweb.fr\/espaces\/magazine\/carnet-de-tendances\/\"},{\"@type\":\"ListItem\",\"position\":3,\"name\":\"Mug personnalis\u00e9 texte : quelques id\u00e9es pour personnaliser vos mugs\"}]},{\"@type\":\"WebSite\",\"@id\":\"https:\/\/www.photoweb.fr\/espaces\/magazine\/#website\",\"url\":\"https:\/\/www.photoweb.fr\/espaces\/magazine\/\",\"name\":\"Photoweb, le mag\",\"description\":\"Le magazine de Photoweb\",\"publisher\":{\"@id\":\"https:\/\/www.photoweb.fr\/espaces\/magazine\/#organization\"},\"potentialAction\":[{\"@type\":\"SearchAction\",\"target\":{\"@type\":\"EntryPoint\",\"urlTemplate\":\"https:\/\/www.photoweb.fr\/espaces\/magazine\/?s={search_term_string}\"},\"query-input\":\"required name=search_term_string\"}],\"inLanguage\":\"fr-FR\"},{\"@type\":\"Organization\",\"@id\":\"https:\/\/www.photoweb.fr\/espaces\/magazine\/#organization\",\"name\":\"Photoweb\",\"url\":\"https:\/\/www.photoweb.fr\/espaces\/magazine\/\",\"logo\":{\"@type\":\"ImageObject\",\"inLanguage\":\"fr-FR\",\"@id\":\"https:\/\/www.photoweb.fr\/espaces\/magazine\/#\/schema\/logo\/image\/\",\"url\":\"https:\/\/www.photoweb.fr\/espaces\/magazine\/wp-content\/uploads\/2021\/02\/Logo-Photoweb.jpg\",\"contentUrl\":\"https:\/\/www.photoweb.fr\/espaces\/magazine\/wp-content\/uploads\/2021\/02\/Logo-Photoweb.jpg\",\"width\":780,\"height\":456,\"caption\":\"Photoweb\"},\"image\":{\"@id\":\"https:\/\/www.photoweb.fr\/espaces\/magazine\/#\/schema\/logo\/image\/\"},\"sameAs\":[\"https:\/\/fr-fr.facebook.com\/Photoweb.fr\/\",\"https:\/\/twitter.com\/Photoweb_fr\",\"https:\/\/www.instagram.com\/photowebfr\/\",\"https:\/\/www.linkedin.com\/company\/347094\/\",\"https:\/\/www.pinterest.fr\/inspirationsphotoweb\/_created\/\",\"https:\/\/www.youtube.com\/channel\/UCtcVmTvkAzKQLVkiwfOm8sg\"]},{\"@type\":\"Person\",\"@id\":\"https:\/\/www.photoweb.fr\/espaces\/magazine\/#\/schema\/person\/111451a615bb7cbe790bf8b1d6b24391\",\"name\":\"melanie\"}]}<\/script>\n<!-- \/ Yoast SEO plugin. -->","yoast_head_json":{"title":"Mug personnalis\u00e9 texte : quelques id\u00e9es pour personnaliser vos mugs","description":"Mug personnalis\u00e9 texte : vous avez envie de cr\u00e9er un mug unique mais vous ne savez pas quel contenu texte choisir ? Voici quelques id\u00e9es !","robots":{"index":"index","follow":"follow","max-snippet":"max-snippet:-1","max-image-preview":"max-image-preview:large","max-video-preview":"max-video-preview:-1"},"canonical":"https:\/\/www.photoweb.fr\/espaces\/magazine\/mug-personnalise-texte-idees-de-creations\/","og_locale":"fr_FR","og_type":"article","og_title":"Mug personnalis\u00e9 texte : quelques id\u00e9es pour personnaliser vos mugs","og_description":"Mug personnalis\u00e9 texte : vous avez envie de cr\u00e9er un mug unique mais vous ne savez pas quel contenu texte choisir ? Voici quelques id\u00e9es !","og_url":"https:\/\/www.photoweb.fr\/espaces\/magazine\/mug-personnalise-texte-idees-de-creations\/","og_site_name":"Photoweb, le mag","article_publisher":"https:\/\/fr-fr.facebook.com\/Photoweb.fr\/","article_published_time":"2017-09-25T08:50:09+00:00","article_modified_time":"2019-10-08T09:23:57+00:00","og_image":[{"width":1280,"height":960,"url":"https:\/\/www.photoweb.fr\/espaces\/magazine\/wp-content\/uploads\/2017\/09\/mug-personnalisable-citation.jpg","type":"image\/jpeg"}],"author":"melanie","twitter_card":"summary_large_image","twitter_creator":"@Photoweb_fr","twitter_site":"@Photoweb_fr","twitter_misc":{"\u00c9crit par":"melanie","Dur\u00e9e de lecture estim\u00e9e":"3 minutes"},"schema":{"@context":"https:\/\/schema.org","@graph":[{"@type":"Article","@id":"https:\/\/www.photoweb.fr\/espaces\/magazine\/mug-personnalise-texte-idees-de-creations\/#article","isPartOf":{"@id":"https:\/\/www.photoweb.fr\/espaces\/magazine\/mug-personnalise-texte-idees-de-creations\/"},"author":{"name":"melanie","@id":"https:\/\/www.photoweb.fr\/espaces\/magazine\/#\/schema\/person\/111451a615bb7cbe790bf8b1d6b24391"},"headline":"Mug personnalis\u00e9 texte : quelques id\u00e9es pour personnaliser vos mugs","datePublished":"2017-09-25T08:50:09+00:00","dateModified":"2019-10-08T09:23:57+00:00","mainEntityOfPage":{"@id":"https:\/\/www.photoweb.fr\/espaces\/magazine\/mug-personnalise-texte-idees-de-creations\/"},"wordCount":514,"commentCount":0,"publisher":{"@id":"https:\/\/www.photoweb.fr\/espaces\/magazine\/#organization"},"keywords":["mug personnalis\u00e9 pas cher"],"articleSection":["Carnet de tendance"],"inLanguage":"fr-FR","potentialAction":[{"@type":"CommentAction","name":"Comment","target":["https:\/\/www.photoweb.fr\/espaces\/magazine\/mug-personnalise-texte-idees-de-creations\/#respond"]}]},{"@type":"WebPage","@id":"https:\/\/www.photoweb.fr\/espaces\/magazine\/mug-personnalise-texte-idees-de-creations\/","url":"https:\/\/www.photoweb.fr\/espaces\/magazine\/mug-personnalise-texte-idees-de-creations\/","name":"Mug personnalis\u00e9 texte : quelques id\u00e9es pour personnaliser vos mugs","isPartOf":{"@id":"https:\/\/www.photoweb.fr\/espaces\/magazine\/#website"},"datePublished":"2017-09-25T08:50:09+00:00","dateModified":"2019-10-08T09:23:57+00:00","description":"Mug personnalis\u00e9 texte : vous avez envie de cr\u00e9er un mug unique mais vous ne savez pas quel contenu texte choisir ? Voici quelques id\u00e9es !","breadcrumb":{"@id":"https:\/\/www.photoweb.fr\/espaces\/magazine\/mug-personnalise-texte-idees-de-creations\/#breadcrumb"},"inLanguage":"fr-FR","potentialAction":[{"@type":"ReadAction","target":["https:\/\/www.photoweb.fr\/espaces\/magazine\/mug-personnalise-texte-idees-de-creations\/"]}]},{"@type":"BreadcrumbList","@id":"https:\/\/www.photoweb.fr\/espaces\/magazine\/mug-personnalise-texte-idees-de-creations\/#breadcrumb","itemListElement":[{"@type":"ListItem","position":1,"name":"Accueil","item":"https:\/\/www.photoweb.fr\/espaces\/magazine\/"},{"@type":"ListItem","position":2,"name":"Carnet de tendance","item":"https:\/\/www.photoweb.fr\/espaces\/magazine\/carnet-de-tendances\/"},{"@type":"ListItem","position":3,"name":"Mug personnalis\u00e9 texte : quelques id\u00e9es pour personnaliser vos mugs"}]},{"@type":"WebSite","@id":"https:\/\/www.photoweb.fr\/espaces\/magazine\/#website","url":"https:\/\/www.photoweb.fr\/espaces\/magazine\/","name":"Photoweb, le mag","description":"Le magazine de Photoweb","publisher":{"@id":"https:\/\/www.photoweb.fr\/espaces\/magazine\/#organization"},"potentialAction":[{"@type":"SearchAction","target":{"@type":"EntryPoint","urlTemplate":"https:\/\/www.photoweb.fr\/espaces\/magazine\/?s={search_term_string}"},"query-input":"required name=search_term_string"}],"inLanguage":"fr-FR"},{"@type":"Organization","@id":"https:\/\/www.photoweb.fr\/espaces\/magazine\/#organization","name":"Photoweb","url":"https:\/\/www.photoweb.fr\/espaces\/magazine\/","logo":{"@type":"ImageObject","inLanguage":"fr-FR","@id":"https:\/\/www.photoweb.fr\/espaces\/magazine\/#\/schema\/logo\/image\/","url":"https:\/\/www.photoweb.fr\/espaces\/magazine\/wp-content\/uploads\/2021\/02\/Logo-Photoweb.jpg","contentUrl":"https:\/\/www.photoweb.fr\/espaces\/magazine\/wp-content\/uploads\/2021\/02\/Logo-Photoweb.jpg","width":780,"height":456,"caption":"Photoweb"},"image":{"@id":"https:\/\/www.photoweb.fr\/espaces\/magazine\/#\/schema\/logo\/image\/"},"sameAs":["https:\/\/fr-fr.facebook.com\/Photoweb.fr\/","https:\/\/twitter.com\/Photoweb_fr","https:\/\/www.instagram.com\/photowebfr\/","https:\/\/www.linkedin.com\/company\/347094\/","https:\/\/www.pinterest.fr\/inspirationsphotoweb\/_created\/","https:\/\/www.youtube.com\/channel\/UCtcVmTvkAzKQLVkiwfOm8sg"]},{"@type":"Person","@id":"https:\/\/www.photoweb.fr\/espaces\/magazine\/#\/schema\/person\/111451a615bb7cbe790bf8b1d6b24391","name":"melanie"}]}},"acf":[],"_links":{"self":[{"href":"https:\/\/www.photoweb.fr\/espaces\/magazine\/wp-json\/wp\/v2\/posts\/1553","targetHints":{"allow":["GET"]}}],"collection":[{"href":"https:\/\/www.photoweb.fr\/espaces\/magazine\/wp-json\/wp\/v2\/posts"}],"about":[{"href":"https:\/\/www.photoweb.fr\/espaces\/magazine\/wp-json\/wp\/v2\/types\/post"}],"author":[{"embeddable":true,"href":"https:\/\/www.photoweb.fr\/espaces\/magazine\/wp-json\/wp\/v2\/users\/21"}],"replies":[{"embeddable":true,"href":"https:\/\/www.photoweb.fr\/espaces\/magazine\/wp-json\/wp\/v2\/comments?post=1553"}],"version-history":[{"count":0,"href":"https:\/\/www.photoweb.fr\/espaces\/magazine\/wp-json\/wp\/v2\/posts\/1553\/revisions"}],"wp:featuredmedia":[{"embeddable":true,"href":"https:\/\/www.photoweb.fr\/espaces\/magazine\/wp-json\/wp\/v2\/media\/1886"}],"wp:attachment":[{"href":"https:\/\/www.photoweb.fr\/espaces\/magazine\/wp-json\/wp\/v2\/media?parent=1553"}],"wp:term":[{"taxonomy":"category","embeddable":true,"href":"https:\/\/www.photoweb.fr\/espaces\/magazine\/wp-json\/wp\/v2\/categories?post=1553"},{"taxonomy":"post_tag","embeddable":true,"href":"https:\/\/www.photoweb.fr\/espaces\/magazine\/wp-json\/wp\/v2\/tags?post=1553"}],"curies":[{"name":"wp","href":"https:\/\/api.w.org\/{rel}","templated":true}]}}