{"id":16014,"date":"2026-08-28T15:21:41","date_gmt":"2026-08-28T13:21:41","guid":{"rendered":"https:\/\/www.photoweb.fr\/espaces\/magazine\/?p=16014"},"modified":"2026-08-28T15:49:00","modified_gmt":"2026-08-28T13:49:00","slug":"article-joomeo-bazar-du-quotidien","status":"publish","type":"post","link":"https:\/\/www.photoweb.fr\/espaces\/magazine\/article-joomeo-bazar-du-quotidien\/","title":{"rendered":"article joomeo &#8211; bazar du quotidien"},"content":{"rendered":"\r\n\r\n\t<p>On prend des photos tout le temps, mais on ne sait pas toujours o\u00f9 elles se trouvent vraiment. Dans le t\u00e9l\u00e9phone, sur l&rsquo;ordinateur, dans une conversation, dans un ancien dossier&#8230; Et si le bon r\u00e9flexe, avant m\u00eame de cr\u00e9er un livre photo ou de commander des tirages, \u00e9tait simplement de mieux les sauvegarder ?\u00a0<\/p>\r\n<figure itemscope itemtype=\"https:\/\/schema.org\/ImageObject\">\r\n\t\t\t\t<img decoding=\"async\" src=\"https:\/\/www.photoweb.fr\/espaces\/magazine\/wp-content\/uploads\/2026\/08\/enfant-et-papa.png\" alt=\"enfant et papa\" height=\"397\" width=\"597\" title=\"enfant et papa\" onerror=\"this.style.display='none'\" loading=\"lazy\" \/>\r\n\t<\/figure>\r\n\t<h2>Le bazar des photos du quotidien<\/h2>\r\n<p>Nos photos font partie de notre vie de tous les jours. Elles gardent une trace des grands moments, bien s\u00fbr, mais aussi de tout ce que l&rsquo;on capture sans trop y penser : une lumi\u00e8re dans le salon, un sourire, une table de f\u00eate, un paysage crois\u00e9 en vacances.\u00a0<\/p>\r\n<p>Le souci, c&rsquo;est qu&rsquo;elles s&rsquo;accumulent vite. Tr\u00e8s vite. On pense les avoir \u00ab\u00a0quelque part\u00a0\u00bb, jusqu&rsquo;au jour o\u00f9 il faut remettre la main dessus. Et l\u00e0, commence parfois une enqu\u00eate entre l&rsquo;appareil photo, le t\u00e9l\u00e9phone, l&rsquo;ordinateur, les messages re\u00e7us et les dossiers que l&rsquo;on avait pourtant promis de trier un jour.\u00a0<\/p>\r\n<p>Ce d\u00e9sordre num\u00e9rique n&rsquo;a rien d&rsquo;exceptionnel. Il concerne presque tout le monde. Mais lorsqu&rsquo;il s&rsquo;agit de photos importantes, il peut devenir plus emb\u00eatant qu&rsquo;on ne l&rsquo;imagine.\u00a0<\/p>\r\n<h2>Sauvegarder ses photos, ce n&rsquo;est pas \u00eatre trop prudent\u00a0<\/h2>\r\n<p>On a souvent l&rsquo;impression que nos photos sont en s\u00e9curit\u00e9 parce qu&rsquo;elles sont encore visibles sur notre t\u00e9l\u00e9phone. Pourtant, un appareil peut se perdre, tomber en panne ou \u00eatre remplac\u00e9 un peu trop vite. Un mauvais r\u00e9glage, une synchronisation incompl\u00e8te ou un dossier oubli\u00e9 peuvent aussi suffire \u00e0 faire dispara\u00eetre des images que l&rsquo;on pensait bien conserv\u00e9es.\u00a0<\/p>\r\n<p>Sauvegarder ses photos, ce n&rsquo;est donc pas \u00eatre excessivement pr\u00e9cautionneux. C&rsquo;est simplement reconna\u00eetre qu&rsquo;elles ont de la valeur. Contrairement \u00e0 d&rsquo;autres fichiers, elles ne se remplacent pas toujours. Certaines racontent une p\u00e9riode, une personne, une histoire familiale ou un moment que l&rsquo;on ne pourra pas reprendre une deuxi\u00e8me fois.\u00a0<\/p>\r\n<p>Prendre le temps de les prot\u00e9ger, c&rsquo;est se rendre service pour plus tard.\u00a0<\/p>\r\n<figure itemscope itemtype=\"https:\/\/schema.org\/ImageObject\">\r\n\t\t\t\t<img decoding=\"async\" src=\"https:\/\/www.photoweb.fr\/espaces\/magazine\/wp-content\/uploads\/2026\/08\/enfants.png\" alt=\"enfants\" height=\"398\" width=\"601\" title=\"enfants\" onerror=\"this.style.display='none'\" loading=\"lazy\" \/>\r\n\t<\/figure>\r\n\t<h2>Le cloud photo, ce r\u00e9flexe qui change tout\u00a0<\/h2>\r\n<p>Le cloud photo r\u00e9pond justement \u00e0 ce besoin : ne plus d\u00e9pendre d&rsquo;un seul appareil ou d&rsquo;un seul dossier. En regroupant ses photos dans un espace d\u00e9di\u00e9, on gagne en tranquillit\u00e9, mais aussi en simplicit\u00e9.\u00a0<\/p>\r\n<p>Les images sont plus faciles \u00e0 retrouver, \u00e0 classer et \u00e0 consulter depuis plusieurs supports. On peut cr\u00e9er des albums, pr\u00e9parer une s\u00e9lection, partager certaines photos avec ses proches ou simplement garder un espace clair pour ce qui compte vraiment.\u00a0<\/p>\r\n<p>C&rsquo;est un r\u00e9flexe simple, mais il change beaucoup de choses. Au lieu d&rsquo;attendre le moment o\u00f9 l&rsquo;on cherche une photo dans l&rsquo;urgence, on cr\u00e9e progressivement une organisation plus fluide. Moins de dispersion, moins d&rsquo;h\u00e9sitation, plus de plaisir \u00e0 retrouver ses images.<\/p>\r\n<h2>Et quand ce cloud est fran\u00e7ais, c&rsquo;est encore plus rassurant\u00a0<\/h2>\r\n<p>Confier ses photos \u00e0 un service en ligne n&rsquo;est pas un geste anodin. Derri\u00e8re chaque image, il y a souvent des visages, des lieux familiers, des moments personnels. La question de la confiance est donc essentielle.\u00a0<\/p>\r\n<p>Choisir un cloud photo fran\u00e7ais, c&rsquo;est faire le choix d&rsquo;un acteur plus proche, avec une attention particuli\u00e8re port\u00e9e \u00e0 la protection des donn\u00e9es et \u00e0 l&rsquo;accompagnement des utilisateurs. C&rsquo;est aussi savoir \u00e0 qui l&rsquo;on confie ses fichiers, dans quel cadre, et avec quelles garanties.\u00a0<\/p>\r\n<p>Pour des photos personnelles, cette proximit\u00e9 peut faire toute la diff\u00e9rence. Elle apporte un suppl\u00e9ment de s\u00e9r\u00e9nit\u00e9, surtout lorsque l&rsquo;on souhaite conserver ses images sur le long terme.\u00a0<\/p>\r\n<h2><a href=\"https:\/\/www.photowebcloud.fr\/\">Photoweb Cloud<\/a>, le lien naturel avec vos cr\u00e9ations photo\u00a0<\/h2>\r\n<p>C&rsquo;est dans cette logique que<a href=\"https:\/\/www.photowebcloud.fr\/\"> Photoweb Cloud<\/a> trouve tout son sens. Le service aide \u00e0 sauvegarder, organiser et partager ses photos dans un espace s\u00e9curis\u00e9, pens\u00e9 pour accompagner les usages du quotidien.\u00a0<\/p>\r\n<p>Mais son vrai plus, c&rsquo;est aussi son lien naturel avec l&rsquo;univers <a href=\"https:\/\/www.photoweb.fr\/\">Photoweb<\/a>. Vous connaissez d\u00e9j\u00e0 Photoweb pour cr\u00e9er des livres photo, commander des tirages, imaginer une d\u00e9coration murale ou pr\u00e9parer un cadeau personnalis\u00e9. <a href=\"https:\/\/www.photowebcloud.fr\/\">Photoweb Cloud<\/a> vient simplement se placer avant cette \u00e9tape : au moment o\u00f9 l&rsquo;on rassemble ses images, o\u00f9 l&rsquo;on choisit les plus belles, o\u00f9 l&rsquo;on pr\u00e9pare ce que l&rsquo;on aura envie d&rsquo;en faire.\u00a0<\/p>\r\n<p>Parce qu&rsquo;une photo bien sauvegard\u00e9e est plus facile \u00e0 retrouver. Parce qu&rsquo;une photo bien organis\u00e9e est plus simple \u00e0 partager. Et parce qu&rsquo;une photo que l&rsquo;on retrouve au bon moment a plus de chances de devenir une belle cr\u00e9ation.\u00a0<\/p>\r\n<p>Avec <a href=\"https:\/\/www.photowebcloud.fr\/\">Photoweb Cloud<\/a>, vos photos disposent enfin d&rsquo;un espace pour \u00eatre prot\u00e9g\u00e9es, rang\u00e9es et pr\u00eates \u00e0 vivre pleinement, en ligne comme sur papier.<\/p>\r\n<figure itemscope itemtype=\"https:\/\/schema.org\/ImageObject\">\r\n\t\t\t\t<a href=\"https:\/\/www.photowebcloud.fr\/\"  target=\"_self\" itemprop=\"url\">\r\n\t\t\t\t<img decoding=\"async\" src=\"https:\/\/www.photoweb.fr\/espaces\/magazine\/wp-content\/uploads\/2026\/08\/ordinateur.png\" alt=\"ordinateur\" height=\"427\" width=\"601\" title=\"ordinateur\" onerror=\"this.style.display='none'\" loading=\"lazy\" \/>\r\n\t\t\t\t<\/a>\r\n\t<\/figure>\r\n\t1.2.3.\r\nimprimez&#8239;!\r\n<figure itemscope itemtype=\"https:\/\/schema.org\/ImageObject\">\r\n\t\t\t\t<a href=\"https:\/\/www.photoweb.fr\/cadre-photo-creatif\"  target=\"_blank\" rel=\"noopener\"  itemprop=\"url\">\r\n\t\t\t\t<img decoding=\"async\" src=\"https:\/\/www.photoweb.fr\/espaces\/magazine\/wp-content\/uploads\/2024\/08\/livre-retrospective-31.png\" alt=\"cadre photo cr\u00e9atif\" height=\"600\" width=\"600\" title=\"cadre photo cr\u00e9atif\" onerror=\"this.style.display='none'\" loading=\"lazy\" \/>\r\n\t\t\t\t<\/a>\r\n\t<\/figure>\r\n\t<a target=\"_blank\" href=\"https:\/\/www.photoweb.fr\/cadre-photo-creatif\">\r\nCr\u00e9ez votre cadre photo<\/a>\r\n<figure itemscope itemtype=\"https:\/\/schema.org\/ImageObject\">\r\n\t\t\t\t<a href=\"https:\/\/www.photoweb.fr\/livre-photo\/livre-photo-carre\"  target=\"_blank\" rel=\"noopener\"  itemprop=\"url\">\r\n\t\t\t\t<img decoding=\"async\" src=\"https:\/\/www.photoweb.fr\/espaces\/magazine\/wp-content\/uploads\/2018\/07\/livre-retrospective.png\" alt=\"livre carr\u00e9\" height=\"600\" width=\"600\" title=\"livre carr\u00e9\" onerror=\"this.style.display='none'\" loading=\"lazy\" \/>\r\n\t\t\t\t<\/a>\r\n\t<\/figure>\r\n\t<a target=\"_blank\" href=\"https:\/\/www.photoweb.fr\/livre-photo\/livre-photo-carre\">\r\nCr\u00e9ez votre livre photo carr\u00e9<\/a>\r\n<figure itemscope itemtype=\"https:\/\/schema.org\/ImageObject\">\r\n\t\t\t\t<a href=\"https:\/\/www.photoweb.fr\/puzzle-personnalise\"  target=\"_blank\" rel=\"noopener\"  itemprop=\"url\">\r\n\t\t\t\t<img decoding=\"async\" src=\"https:\/\/www.photoweb.fr\/espaces\/magazine\/wp-content\/uploads\/2018\/07\/puzzle.png\" alt=\"puzzle\" height=\"600\" width=\"600\" title=\"puzzle\" onerror=\"this.style.display='none'\" loading=\"lazy\" \/>\r\n\t\t\t\t<\/a>\r\n\t<\/figure>\r\n\t<a target=\"_blank\" href=\"https:\/\/www.photoweb.fr\/puzzle-personnalise\">\r\nCr\u00e9ez votre puzzle<\/a>\r\n\r\n","protected":false},"excerpt":{"rendered":"<p>On prend des photos tout le temps, mais on ne sait pas toujours o\u00f9 elles se trouvent vraiment. Dans le t\u00e9l\u00e9phone, sur l&rsquo;ordinateur, dans une conversation, dans un ancien dossier&#8230; Et si le bon r\u00e9flexe, avant m\u00eame de cr\u00e9er un livre photo ou de commander des tirages, \u00e9tait simplement de mieux les sauvegarder ?\u00a0 Le&hellip;<\/p>\n","protected":false},"author":46,"featured_media":16018,"comment_status":"open","ping_status":"open","sticky":false,"template":"single-standard.php","format":"standard","meta":{"footnotes":""},"categories":[91,18],"tags":[],"class_list":["post-16014","post","type-post","status-publish","format-standard","has-post-thumbnail","hentry","category-aide","category-conseils-photo"],"yoast_head":"<!-- This site is optimized with the Yoast SEO plugin v28.1 - https:\/\/yoast.com\/product\/yoast-seo-wordpress\/ -->\n<title>article joomeo - bazar du quotidien<\/title>\n<meta name=\"description\" content=\"On prend des photos tout le temps, mais on ne sait pas toujours o\u00f9 elles se trouvent vraiment. Dans le t\u00e9l\u00e9phone, sur l&#039;ordinateur, dans une conversation,\" \/>\n<meta name=\"robots\" content=\"index, follow, max-snippet:-1, max-image-preview:large, max-video-preview:-1\" \/>\n<link rel=\"canonical\" href=\"https:\/\/www.photoweb.fr\/espaces\/magazine\/article-joomeo-bazar-du-quotidien\/\" \/>\n<meta property=\"og:locale\" content=\"fr_FR\" \/>\n<meta property=\"og:type\" content=\"article\" \/>\n<meta property=\"og:title\" content=\"article joomeo - bazar du quotidien\" \/>\n<meta property=\"og:description\" content=\"On prend des photos tout le temps, mais on ne sait pas toujours o\u00f9 elles se trouvent vraiment. Dans le t\u00e9l\u00e9phone, sur l&#039;ordinateur, dans une conversation,\" \/>\n<meta property=\"og:url\" content=\"https:\/\/www.photoweb.fr\/espaces\/magazine\/article-joomeo-bazar-du-quotidien\/\" \/>\n<meta property=\"og:site_name\" content=\"Photoweb, le mag\" \/>\n<meta property=\"article:publisher\" content=\"https:\/\/fr-fr.facebook.com\/Photoweb.fr\/\" \/>\n<meta property=\"article:published_time\" content=\"2026-08-28T13:21:41+00:00\" \/>\n<meta property=\"article:modified_time\" content=\"2026-08-28T13:49:00+00:00\" \/>\n<meta property=\"og:image\" content=\"https:\/\/www.photoweb.fr\/espaces\/magazine\/wp-content\/uploads\/2026\/08\/enfants.png\" \/>\n\t<meta property=\"og:image:width\" content=\"601\" \/>\n\t<meta property=\"og:image:height\" content=\"398\" \/>\n\t<meta property=\"og:image:type\" content=\"image\/png\" \/>\n<meta name=\"author\" content=\"Louise\" \/>\n<meta name=\"twitter:card\" content=\"summary_large_image\" \/>\n<meta name=\"twitter:creator\" content=\"@Photoweb_fr\" \/>\n<meta name=\"twitter:site\" content=\"@Photoweb_fr\" \/>\n<meta name=\"twitter:label1\" content=\"\u00c9crit par\" \/>\n\t<meta name=\"twitter:data1\" content=\"Louise\" \/>\n\t<meta name=\"twitter:label2\" content=\"Dur\u00e9e de lecture estim\u00e9e\" \/>\n\t<meta name=\"twitter:data2\" content=\"5 minutes\" \/>\n<script type=\"application\/ld+json\" class=\"yoast-schema-graph\">{\"@context\":\"https:\\\/\\\/schema.org\",\"@graph\":[{\"@type\":\"Article\",\"@id\":\"https:\\\/\\\/www.photoweb.fr\\\/espaces\\\/magazine\\\/article-joomeo-bazar-du-quotidien\\\/#article\",\"isPartOf\":{\"@id\":\"https:\\\/\\\/www.photoweb.fr\\\/espaces\\\/magazine\\\/article-joomeo-bazar-du-quotidien\\\/\"},\"author\":{\"name\":\"Louise\",\"@id\":\"https:\\\/\\\/www.photoweb.fr\\\/espaces\\\/magazine\\\/#\\\/schema\\\/person\\\/0c38a1afacdb3a9474ca473716f01308\"},\"headline\":\"article joomeo &#8211; bazar du quotidien\",\"datePublished\":\"2026-08-28T13:21:41+00:00\",\"dateModified\":\"2026-08-28T13:49:00+00:00\",\"mainEntityOfPage\":{\"@id\":\"https:\\\/\\\/www.photoweb.fr\\\/espaces\\\/magazine\\\/article-joomeo-bazar-du-quotidien\\\/\"},\"wordCount\":789,\"commentCount\":0,\"publisher\":{\"@id\":\"https:\\\/\\\/www.photoweb.fr\\\/espaces\\\/magazine\\\/#organization\"},\"image\":{\"@id\":\"https:\\\/\\\/www.photoweb.fr\\\/espaces\\\/magazine\\\/article-joomeo-bazar-du-quotidien\\\/#primaryimage\"},\"thumbnailUrl\":\"https:\\\/\\\/www.photoweb.fr\\\/espaces\\\/magazine\\\/wp-content\\\/uploads\\\/2026\\\/08\\\/enfants.png\",\"articleSection\":[\"Aide\",\"Conseils photo\"],\"inLanguage\":\"fr-FR\",\"potentialAction\":[{\"@type\":\"CommentAction\",\"name\":\"Comment\",\"target\":[\"https:\\\/\\\/www.photoweb.fr\\\/espaces\\\/magazine\\\/article-joomeo-bazar-du-quotidien\\\/#respond\"]}]},{\"@type\":\"WebPage\",\"@id\":\"https:\\\/\\\/www.photoweb.fr\\\/espaces\\\/magazine\\\/article-joomeo-bazar-du-quotidien\\\/\",\"url\":\"https:\\\/\\\/www.photoweb.fr\\\/espaces\\\/magazine\\\/article-joomeo-bazar-du-quotidien\\\/\",\"name\":\"article joomeo - bazar du quotidien\",\"isPartOf\":{\"@id\":\"https:\\\/\\\/www.photoweb.fr\\\/espaces\\\/magazine\\\/#website\"},\"primaryImageOfPage\":{\"@id\":\"https:\\\/\\\/www.photoweb.fr\\\/espaces\\\/magazine\\\/article-joomeo-bazar-du-quotidien\\\/#primaryimage\"},\"image\":{\"@id\":\"https:\\\/\\\/www.photoweb.fr\\\/espaces\\\/magazine\\\/article-joomeo-bazar-du-quotidien\\\/#primaryimage\"},\"thumbnailUrl\":\"https:\\\/\\\/www.photoweb.fr\\\/espaces\\\/magazine\\\/wp-content\\\/uploads\\\/2026\\\/08\\\/enfants.png\",\"datePublished\":\"2026-08-28T13:21:41+00:00\",\"dateModified\":\"2026-08-28T13:49:00+00:00\",\"description\":\"On prend des photos tout le temps, mais on ne sait pas toujours o\u00f9 elles se trouvent vraiment. Dans le t\u00e9l\u00e9phone, sur l'ordinateur, dans une conversation,\",\"breadcrumb\":{\"@id\":\"https:\\\/\\\/www.photoweb.fr\\\/espaces\\\/magazine\\\/article-joomeo-bazar-du-quotidien\\\/#breadcrumb\"},\"inLanguage\":\"fr-FR\",\"potentialAction\":[{\"@type\":\"ReadAction\",\"target\":[\"https:\\\/\\\/www.photoweb.fr\\\/espaces\\\/magazine\\\/article-joomeo-bazar-du-quotidien\\\/\"]}]},{\"@type\":\"ImageObject\",\"inLanguage\":\"fr-FR\",\"@id\":\"https:\\\/\\\/www.photoweb.fr\\\/espaces\\\/magazine\\\/article-joomeo-bazar-du-quotidien\\\/#primaryimage\",\"url\":\"https:\\\/\\\/www.photoweb.fr\\\/espaces\\\/magazine\\\/wp-content\\\/uploads\\\/2026\\\/08\\\/enfants.png\",\"contentUrl\":\"https:\\\/\\\/www.photoweb.fr\\\/espaces\\\/magazine\\\/wp-content\\\/uploads\\\/2026\\\/08\\\/enfants.png\",\"width\":601,\"height\":398},{\"@type\":\"BreadcrumbList\",\"@id\":\"https:\\\/\\\/www.photoweb.fr\\\/espaces\\\/magazine\\\/article-joomeo-bazar-du-quotidien\\\/#breadcrumb\",\"itemListElement\":[{\"@type\":\"ListItem\",\"position\":1,\"name\":\"Accueil\",\"item\":\"https:\\\/\\\/www.photoweb.fr\\\/espaces\\\/magazine\\\/\"},{\"@type\":\"ListItem\",\"position\":2,\"name\":\"Aide\",\"item\":\"https:\\\/\\\/www.photoweb.fr\\\/espaces\\\/magazine\\\/aide\\\/\"},{\"@type\":\"ListItem\",\"position\":3,\"name\":\"article joomeo &#8211; bazar du quotidien\"}]},{\"@type\":\"WebSite\",\"@id\":\"https:\\\/\\\/www.photoweb.fr\\\/espaces\\\/magazine\\\/#website\",\"url\":\"https:\\\/\\\/www.photoweb.fr\\\/espaces\\\/magazine\\\/\",\"name\":\"Photoweb, le mag\",\"description\":\"Le magazine de Photoweb\",\"publisher\":{\"@id\":\"https:\\\/\\\/www.photoweb.fr\\\/espaces\\\/magazine\\\/#organization\"},\"potentialAction\":[{\"@type\":\"SearchAction\",\"target\":{\"@type\":\"EntryPoint\",\"urlTemplate\":\"https:\\\/\\\/www.photoweb.fr\\\/espaces\\\/magazine\\\/?s={search_term_string}\"},\"query-input\":{\"@type\":\"PropertyValueSpecification\",\"valueRequired\":true,\"valueName\":\"search_term_string\"}}],\"inLanguage\":\"fr-FR\"},{\"@type\":\"Organization\",\"@id\":\"https:\\\/\\\/www.photoweb.fr\\\/espaces\\\/magazine\\\/#organization\",\"name\":\"Photoweb\",\"url\":\"https:\\\/\\\/www.photoweb.fr\\\/espaces\\\/magazine\\\/\",\"logo\":{\"@type\":\"ImageObject\",\"inLanguage\":\"fr-FR\",\"@id\":\"https:\\\/\\\/www.photoweb.fr\\\/espaces\\\/magazine\\\/#\\\/schema\\\/logo\\\/image\\\/\",\"url\":\"https:\\\/\\\/www.photoweb.fr\\\/espaces\\\/magazine\\\/wp-content\\\/uploads\\\/2021\\\/02\\\/Logo-Photoweb.jpg\",\"contentUrl\":\"https:\\\/\\\/www.photoweb.fr\\\/espaces\\\/magazine\\\/wp-content\\\/uploads\\\/2021\\\/02\\\/Logo-Photoweb.jpg\",\"width\":780,\"height\":456,\"caption\":\"Photoweb\"},\"image\":{\"@id\":\"https:\\\/\\\/www.photoweb.fr\\\/espaces\\\/magazine\\\/#\\\/schema\\\/logo\\\/image\\\/\"},\"sameAs\":[\"https:\\\/\\\/fr-fr.facebook.com\\\/Photoweb.fr\\\/\",\"https:\\\/\\\/x.com\\\/Photoweb_fr\",\"https:\\\/\\\/www.instagram.com\\\/photowebfr\\\/\",\"https:\\\/\\\/www.linkedin.com\\\/company\\\/347094\\\/\",\"https:\\\/\\\/www.pinterest.fr\\\/inspirationsphotoweb\\\/_created\\\/\",\"https:\\\/\\\/www.youtube.com\\\/channel\\\/UCtcVmTvkAzKQLVkiwfOm8sg\"]},{\"@type\":\"Person\",\"@id\":\"https:\\\/\\\/www.photoweb.fr\\\/espaces\\\/magazine\\\/#\\\/schema\\\/person\\\/0c38a1afacdb3a9474ca473716f01308\",\"name\":\"Louise\"}]}<\/script>\n<!-- \/ Yoast SEO plugin. -->","yoast_head_json":{"title":"article joomeo - bazar du quotidien","description":"On prend des photos tout le temps, mais on ne sait pas toujours o\u00f9 elles se trouvent vraiment. Dans le t\u00e9l\u00e9phone, sur l'ordinateur, dans une conversation,","robots":{"index":"index","follow":"follow","max-snippet":"max-snippet:-1","max-image-preview":"max-image-preview:large","max-video-preview":"max-video-preview:-1"},"canonical":"https:\/\/www.photoweb.fr\/espaces\/magazine\/article-joomeo-bazar-du-quotidien\/","og_locale":"fr_FR","og_type":"article","og_title":"article joomeo - bazar du quotidien","og_description":"On prend des photos tout le temps, mais on ne sait pas toujours o\u00f9 elles se trouvent vraiment. Dans le t\u00e9l\u00e9phone, sur l'ordinateur, dans une conversation,","og_url":"https:\/\/www.photoweb.fr\/espaces\/magazine\/article-joomeo-bazar-du-quotidien\/","og_site_name":"Photoweb, le mag","article_publisher":"https:\/\/fr-fr.facebook.com\/Photoweb.fr\/","article_published_time":"2026-08-28T13:21:41+00:00","article_modified_time":"2026-08-28T13:49:00+00:00","og_image":[{"width":601,"height":398,"url":"https:\/\/www.photoweb.fr\/espaces\/magazine\/wp-content\/uploads\/2026\/08\/enfants.png","type":"image\/png"}],"author":"Louise","twitter_card":"summary_large_image","twitter_creator":"@Photoweb_fr","twitter_site":"@Photoweb_fr","twitter_misc":{"\u00c9crit par":"Louise","Dur\u00e9e de lecture estim\u00e9e":"5 minutes"},"schema":{"@context":"https:\/\/schema.org","@graph":[{"@type":"Article","@id":"https:\/\/www.photoweb.fr\/espaces\/magazine\/article-joomeo-bazar-du-quotidien\/#article","isPartOf":{"@id":"https:\/\/www.photoweb.fr\/espaces\/magazine\/article-joomeo-bazar-du-quotidien\/"},"author":{"name":"Louise","@id":"https:\/\/www.photoweb.fr\/espaces\/magazine\/#\/schema\/person\/0c38a1afacdb3a9474ca473716f01308"},"headline":"article joomeo &#8211; bazar du quotidien","datePublished":"2026-08-28T13:21:41+00:00","dateModified":"2026-08-28T13:49:00+00:00","mainEntityOfPage":{"@id":"https:\/\/www.photoweb.fr\/espaces\/magazine\/article-joomeo-bazar-du-quotidien\/"},"wordCount":789,"commentCount":0,"publisher":{"@id":"https:\/\/www.photoweb.fr\/espaces\/magazine\/#organization"},"image":{"@id":"https:\/\/www.photoweb.fr\/espaces\/magazine\/article-joomeo-bazar-du-quotidien\/#primaryimage"},"thumbnailUrl":"https:\/\/www.photoweb.fr\/espaces\/magazine\/wp-content\/uploads\/2026\/08\/enfants.png","articleSection":["Aide","Conseils photo"],"inLanguage":"fr-FR","potentialAction":[{"@type":"CommentAction","name":"Comment","target":["https:\/\/www.photoweb.fr\/espaces\/magazine\/article-joomeo-bazar-du-quotidien\/#respond"]}]},{"@type":"WebPage","@id":"https:\/\/www.photoweb.fr\/espaces\/magazine\/article-joomeo-bazar-du-quotidien\/","url":"https:\/\/www.photoweb.fr\/espaces\/magazine\/article-joomeo-bazar-du-quotidien\/","name":"article joomeo - bazar du quotidien","isPartOf":{"@id":"https:\/\/www.photoweb.fr\/espaces\/magazine\/#website"},"primaryImageOfPage":{"@id":"https:\/\/www.photoweb.fr\/espaces\/magazine\/article-joomeo-bazar-du-quotidien\/#primaryimage"},"image":{"@id":"https:\/\/www.photoweb.fr\/espaces\/magazine\/article-joomeo-bazar-du-quotidien\/#primaryimage"},"thumbnailUrl":"https:\/\/www.photoweb.fr\/espaces\/magazine\/wp-content\/uploads\/2026\/08\/enfants.png","datePublished":"2026-08-28T13:21:41+00:00","dateModified":"2026-08-28T13:49:00+00:00","description":"On prend des photos tout le temps, mais on ne sait pas toujours o\u00f9 elles se trouvent vraiment. Dans le t\u00e9l\u00e9phone, sur l'ordinateur, dans une conversation,","breadcrumb":{"@id":"https:\/\/www.photoweb.fr\/espaces\/magazine\/article-joomeo-bazar-du-quotidien\/#breadcrumb"},"inLanguage":"fr-FR","potentialAction":[{"@type":"ReadAction","target":["https:\/\/www.photoweb.fr\/espaces\/magazine\/article-joomeo-bazar-du-quotidien\/"]}]},{"@type":"ImageObject","inLanguage":"fr-FR","@id":"https:\/\/www.photoweb.fr\/espaces\/magazine\/article-joomeo-bazar-du-quotidien\/#primaryimage","url":"https:\/\/www.photoweb.fr\/espaces\/magazine\/wp-content\/uploads\/2026\/08\/enfants.png","contentUrl":"https:\/\/www.photoweb.fr\/espaces\/magazine\/wp-content\/uploads\/2026\/08\/enfants.png","width":601,"height":398},{"@type":"BreadcrumbList","@id":"https:\/\/www.photoweb.fr\/espaces\/magazine\/article-joomeo-bazar-du-quotidien\/#breadcrumb","itemListElement":[{"@type":"ListItem","position":1,"name":"Accueil","item":"https:\/\/www.photoweb.fr\/espaces\/magazine\/"},{"@type":"ListItem","position":2,"name":"Aide","item":"https:\/\/www.photoweb.fr\/espaces\/magazine\/aide\/"},{"@type":"ListItem","position":3,"name":"article joomeo &#8211; bazar du quotidien"}]},{"@type":"WebSite","@id":"https:\/\/www.photoweb.fr\/espaces\/magazine\/#website","url":"https:\/\/www.photoweb.fr\/espaces\/magazine\/","name":"Photoweb, le mag","description":"Le magazine de Photoweb","publisher":{"@id":"https:\/\/www.photoweb.fr\/espaces\/magazine\/#organization"},"potentialAction":[{"@type":"SearchAction","target":{"@type":"EntryPoint","urlTemplate":"https:\/\/www.photoweb.fr\/espaces\/magazine\/?s={search_term_string}"},"query-input":{"@type":"PropertyValueSpecification","valueRequired":true,"valueName":"search_term_string"}}],"inLanguage":"fr-FR"},{"@type":"Organization","@id":"https:\/\/www.photoweb.fr\/espaces\/magazine\/#organization","name":"Photoweb","url":"https:\/\/www.photoweb.fr\/espaces\/magazine\/","logo":{"@type":"ImageObject","inLanguage":"fr-FR","@id":"https:\/\/www.photoweb.fr\/espaces\/magazine\/#\/schema\/logo\/image\/","url":"https:\/\/www.photoweb.fr\/espaces\/magazine\/wp-content\/uploads\/2021\/02\/Logo-Photoweb.jpg","contentUrl":"https:\/\/www.photoweb.fr\/espaces\/magazine\/wp-content\/uploads\/2021\/02\/Logo-Photoweb.jpg","width":780,"height":456,"caption":"Photoweb"},"image":{"@id":"https:\/\/www.photoweb.fr\/espaces\/magazine\/#\/schema\/logo\/image\/"},"sameAs":["https:\/\/fr-fr.facebook.com\/Photoweb.fr\/","https:\/\/x.com\/Photoweb_fr","https:\/\/www.instagram.com\/photowebfr\/","https:\/\/www.linkedin.com\/company\/347094\/","https:\/\/www.pinterest.fr\/inspirationsphotoweb\/_created\/","https:\/\/www.youtube.com\/channel\/UCtcVmTvkAzKQLVkiwfOm8sg"]},{"@type":"Person","@id":"https:\/\/www.photoweb.fr\/espaces\/magazine\/#\/schema\/person\/0c38a1afacdb3a9474ca473716f01308","name":"Louise"}]}},"acf":[],"_links":{"self":[{"href":"https:\/\/www.photoweb.fr\/espaces\/magazine\/wp-json\/wp\/v2\/posts\/16014","targetHints":{"allow":["GET"]}}],"collection":[{"href":"https:\/\/www.photoweb.fr\/espaces\/magazine\/wp-json\/wp\/v2\/posts"}],"about":[{"href":"https:\/\/www.photoweb.fr\/espaces\/magazine\/wp-json\/wp\/v2\/types\/post"}],"author":[{"embeddable":true,"href":"https:\/\/www.photoweb.fr\/espaces\/magazine\/wp-json\/wp\/v2\/users\/46"}],"replies":[{"embeddable":true,"href":"https:\/\/www.photoweb.fr\/espaces\/magazine\/wp-json\/wp\/v2\/comments?post=16014"}],"version-history":[{"count":3,"href":"https:\/\/www.photoweb.fr\/espaces\/magazine\/wp-json\/wp\/v2\/posts\/16014\/revisions"}],"predecessor-version":[{"id":16021,"href":"https:\/\/www.photoweb.fr\/espaces\/magazine\/wp-json\/wp\/v2\/posts\/16014\/revisions\/16021"}],"wp:featuredmedia":[{"embeddable":true,"href":"https:\/\/www.photoweb.fr\/espaces\/magazine\/wp-json\/wp\/v2\/media\/16018"}],"wp:attachment":[{"href":"https:\/\/www.photoweb.fr\/espaces\/magazine\/wp-json\/wp\/v2\/media?parent=16014"}],"wp:term":[{"taxonomy":"category","embeddable":true,"href":"https:\/\/www.photoweb.fr\/espaces\/magazine\/wp-json\/wp\/v2\/categories?post=16014"},{"taxonomy":"post_tag","embeddable":true,"href":"https:\/\/www.photoweb.fr\/espaces\/magazine\/wp-json\/wp\/v2\/tags?post=16014"}],"curies":[{"name":"wp","href":"https:\/\/api.w.org\/{rel}","templated":true}]}}