{"id":1616,"date":"2017-09-19T13:54:25","date_gmt":"2017-09-19T13:54:25","guid":{"rendered":"https:\/\/www.photoweb.fr\/espaces\/magazine\/magazine\/?p=1616"},"modified":"2024-04-16T17:03:01","modified_gmt":"2024-04-16T15:03:01","slug":"creer-album-photo-de-naissance","status":"publish","type":"post","link":"https:\/\/www.photoweb.fr\/espaces\/magazine\/creer-album-photo-de-naissance\/","title":{"rendered":"Album de naissance : cr\u00e9er un album photo pour la premi\u00e8re bougie"},"content":{"rendered":"\n\n\t<p>Bient\u00f4t le jour J. Votre b\u00e9b\u00e9 va f\u00eater ses 1 an. Il est donc grand temps pour vous de penser aux pr\u00e9paratifs de cet \u00e9v\u00e9nement unique afin que ces instants soient \u00e0 jamais conserv\u00e9s dans <a href=\"https:\/\/www.photoweb.fr\/livre-photo\/elegance-bebe\">un <strong>album de naissance<\/strong><\/a> plein d&rsquo;\u00e9motions.<\/p>\n\t<p>Car oui, en plus d&rsquo;immortaliser les moments \u00e0 la maternit\u00e9, son premier bain, son premier repas, son premier sourire&#8230; Un <a href=\"https:\/\/www.photoweb.fr\/livre-photo\/elegance-bebe\">livre de naissance <\/a>retrace le premier anniversaire de petit c\u0153ur. Il se doit donc d&rsquo;\u00eatre inoubliable. Voici 5 id\u00e9es d\u00e9co pour sublimer vos photos le jour J et ainsi cr\u00e9er de super souvenirs !<\/p>\n<p>Avant de partir sur des cr\u00e9ations sp\u00e9cifiques, il pourrait \u00eatre int\u00e9ressant de choisir une th\u00e9matique fil rouge qui vous permettra de r\u00e9aliser un d\u00e9cor d&rsquo;ensemble coh\u00e9rent. Ce sera d&rsquo;autant plus facile pour vous d&rsquo;imaginer les \u00e9l\u00e9ments d\u00e9coratifs !<\/p>\n\t<h2><strong>La table gourmande pour un album de naissance d\u00e9licieux<\/strong><\/h2>\n<p>G\u00e2teau, cupcakes, biscuits, bonbons&#8230; Tous ces d\u00e9lices sont un des imp\u00e9ratifs \u00e0 pr\u00e9voir pour le 1<sup>er<\/sup> anniversaire de votre enfant. En plus d&rsquo;\u00eatre agr\u00e9ables au go\u00fbt, ils font office de d\u00e9coration (enfin, pas bien longtemps au passage des plus gourmands) ! Si vous aimez cuisiner, les possibilit\u00e9s sont infinies.<\/p>\n<p>L&rsquo;objet de notre article \u00e9tant le fameux <a href=\"https:\/\/www.photoweb.fr\/livre-photo\/listing\">album photo<\/a> naissance, il faut pouvoir penser \u00e0 tout si vous souhaitez cr\u00e9er un univers et raconter une histoire. Cela passe par la prise des d\u00e9cors, des actions et des personnes qui vous entoure.<\/p>\n<p>D&rsquo;ailleurs \u00e0 ce sujet, un anniversaire est un des \u00e9v\u00e8nements interg\u00e9n\u00e9rationnels les plus r\u00e9pandus. C&rsquo;est pourquoi vos pr\u00e9parations devront s&rsquo;adapter \u00e0 tout le monde : du b\u00e9b\u00e9 aux grands-parents.<\/p>\n\t\t\t\t<img loading=\"lazy\" decoding=\"async\" src=\"https:\/\/www.photoweb.fr\/espaces\/magazine\/wp-content\/uploads\/2017\/09\/deco-anniversaire-bebe-photo.jpg\" alt=\"deco anniversaire b\u00e9b\u00e9 photo\" itemprop=\"image\" height=\"960\" width=\"1280\" title=\"deco anniversaire b\u00e9b\u00e9 photo\" onerror=\"this.style.display='none'\"  \/>\n\t<h2>D\u00e9co photo : b\u00e9b\u00e9 au c\u0153ur de tout, c&rsquo;est son jour apr\u00e8s tout !<\/h2>\n<p>Pour un album de naissance r\u00e9ussi, apr\u00e8s le shooting de vos jolies cr\u00e9ations sucr\u00e9es, laissons place \u00e0 la d\u00e9coration de la pi\u00e8ce dans laquelle vous allez accueillir vos invit\u00e9s. Puisqu&rsquo;on parle photo, que pensez-vous d&rsquo;utiliser quelques clich\u00e9s de b\u00e9b\u00e9 pour apporter un peu plus de bonheur \u00e0 la f\u00eate ?<\/p>\n<p>Car apr\u00e8s tout, c&rsquo;est LE jour de b\u00e9b\u00e9. C&rsquo;est son premier anniversaire. Il m\u00e9rite alors d&rsquo;\u00eatre mis en avant et pour cela vous avez une infinit\u00e9 de possibilit\u00e9s cr\u00e9atives : dessiner le chiffre 1 gr\u00e2ce \u00e0 des tirages photo, cr\u00e9er une banderole photo, un tableau photo, etc. Sur le buffet ou contre un mur, vos d\u00e9corations personnalis\u00e9es ne passeront pas inaper\u00e7ues !<\/p>\n\t\t\t\t<img loading=\"lazy\" decoding=\"async\" src=\"https:\/\/www.photoweb.fr\/espaces\/magazine\/wp-content\/uploads\/2017\/09\/album-de-naissance-1yo5.jpg\" alt=\"album photo naissance d\u00e9co\" itemprop=\"image\" height=\"960\" width=\"1280\" title=\"album-de-naissance-1yo5\" onerror=\"this.style.display='none'\"  \/>\n\t\thttp:\/\/bit.ly\/photos-diy |\nhttp:\/\/bit.ly\/photos-1an\n\t<h2><strong>Album naissance : le tr\u00f4ne royal pour sa majest\u00e9<\/strong><\/h2>\n<p>L\u00e0 o\u00f9 b\u00e9b\u00e9 passera la majorit\u00e9 de son temps, c&rsquo;est bien sur sa chaise haute, que l&rsquo;on pourrait facilement qualifier de tr\u00f4ne. Le petit \u00eatre royal aura en effet toute l&rsquo;attention port\u00e9e sur lui tout au long de la f\u00eate. Il serait dommage de ne pas tirer profit de cet objet !<\/p>\n<p>Qu&rsquo;est-ce que cela veut dire ? En fait, pour des photos r\u00e9ussies \u00e0 int\u00e9grer \u00e0 votre <a href=\"https:\/\/www.photoweb.fr\/livre-photo\/matelasse\/listing\">album photo enfant<\/a>, il serait sympathique de d\u00e9corer la chaise haute afin de faire poser b\u00e9b\u00e9 comme un top mod\u00e8le ! Qu&rsquo;en d\u00eetes-vous ? Adaptez bien entendu cette d\u00e9co \u00e0 la th\u00e9matique initialement choisie. Gardez en t\u00eate qu&rsquo;il vous faut raconter une histoire, qui sera ensuite retranscrite dans votre album photo naissance.<\/p>\n\t\t\t\t<img loading=\"lazy\" decoding=\"async\" src=\"https:\/\/www.photoweb.fr\/espaces\/magazine\/wp-content\/uploads\/2017\/09\/album-de-naissance-chaise-haute.jpg\" alt=\"album de naissance chaise haute\" itemprop=\"image\" height=\"960\" width=\"1280\" title=\"album de naissance chaise haute\" onerror=\"this.style.display='none'\"  \/>\n\t<p>La petite astuce<\/p>\n\t<p>Pour aller plus loin  dans votre album photo b\u00e9b\u00e9, vous pouvez pr\u00e9voir pour l&rsquo;anniversaire de votre bout d&rsquo;chou des banderoles, des ballons&#8230;<\/p>\n<p>&nbsp;<\/p>\n\t1.2.3.\nimprimez&#8239;!\n\t\t\t\t<a href=\"https:\/\/www.photoweb.fr\/livre-photo\/elegance-bebe\" target=\"_blank\" rel=\"noopener\" itemprop=\"url\">\n\t\t\t\t<img loading=\"lazy\" decoding=\"async\" src=\"https:\/\/www.photoweb.fr\/espaces\/magazine\/wp-content\/uploads\/2017\/08\/livre-photo-moderne-carre-photoweb.jpg\" alt=\"livre de naissance\" itemprop=\"image\" height=\"600\" width=\"600\" title=\"livre de naissance\" onerror=\"this.style.display='none'\"  \/>\n\t\t\t\t<\/a>\n\t<a href=\"https:\/\/www.photoweb.fr\/livre-photo\/elegance-bebe\">\ncr\u00e9er mon album de naissance<\/a>\n\n","protected":false},"excerpt":{"rendered":"<p>Son anniversaire est bient\u00f4t l\u00e0 ! B\u00e9b\u00e9 va souffler sa premi\u00e8re bougie, quelle \u00e9motion vous ressentez en tant que parent. Il serait peut-\u00eatre alors temps de songer aux pr\u00e9paratifs de cet \u00e9v\u00e8nement autant important pour votre enfant que pour vous. Et pour cause, vous n\u2019y pensez pas encore mais sa journ\u00e9e d\u2019anniversaire figurera dans son album de naissance : \u00e0 toutes les premi\u00e8res fois son instant de gloire ! Alors pourquoi ne pas pr\u00e9parer une super f\u00eate pour obtenir de jolies photos et ainsi concevoir un album naissance plein d\u2019\u00e9motions ? En effet, entre son premier anniversaire, son premier sourire, sa premi\u00e8re dent, son premier bain ou repas\u2026 Votre future cr\u00e9ation risque de vous faire verser quelques larmes. Se souvenir des instants pr\u00e9cieux gr\u00e2ce \u00e0 la photo est touchant, voire bouleversant. C\u2019est pourquoi son anniversaire doit \u00eatre parfait : d\u00e9coration, sucreries, g\u00e2teaux\u2026 Surprenez vos invit\u00e9s et surtout pr\u00e9parez le d\u00e9cor de votre shooting photo car vous n\u2019allez pas l\u00e2cher votre appareil ! Il vous faudra par contre trouver une th\u00e9matique g\u00e9n\u00e9rale pour la d\u00e9cliner sur l\u2019ensemble de vos \u00e9l\u00e9ments d\u00e9coratifs. Voici quelques id\u00e9es pour repartir inspir\u00e9 !<\/p>\n","protected":false},"author":21,"featured_media":1617,"comment_status":"open","ping_status":"open","sticky":false,"template":"single-standard.php","format":"standard","meta":{"footnotes":""},"categories":[31],"tags":[87],"class_list":["post-1616","post","type-post","status-publish","format-standard","has-post-thumbnail","hentry","category-instants-de-vie","tag-creer-album-photo"],"yoast_head":"<!-- This site is optimized with the Yoast SEO plugin v20.3 - https:\/\/yoast.com\/wordpress\/plugins\/seo\/ -->\n<title>Album de naissance : Cr\u00e9er un album naissance pour sa premi\u00e8re bougie !<\/title>\n<meta name=\"description\" content=\"Envie d\u2019un album de naissance magique ? Pensez alors \u00e0 ce que le premier anniversaire de b\u00e9b\u00e9 pourrait ressembler. Voici quelques id\u00e9es d\u00e9co !\" \/>\n<meta name=\"robots\" content=\"index, follow, max-snippet:-1, max-image-preview:large, max-video-preview:-1\" \/>\n<link rel=\"canonical\" href=\"https:\/\/www.photoweb.fr\/espaces\/magazine\/creer-album-photo-de-naissance\/\" \/>\n<meta property=\"og:locale\" content=\"fr_FR\" \/>\n<meta property=\"og:type\" content=\"article\" \/>\n<meta property=\"og:title\" content=\"Album de naissance : Cr\u00e9er un album naissance pour sa premi\u00e8re bougie !\" \/>\n<meta property=\"og:description\" content=\"Envie d\u2019un album de naissance magique ? Pensez alors \u00e0 ce que le premier anniversaire de b\u00e9b\u00e9 pourrait ressembler. Voici quelques id\u00e9es d\u00e9co !\" \/>\n<meta property=\"og:url\" content=\"https:\/\/www.photoweb.fr\/espaces\/magazine\/creer-album-photo-de-naissance\/\" \/>\n<meta property=\"og:site_name\" content=\"Photoweb, le mag\" \/>\n<meta property=\"article:publisher\" content=\"https:\/\/fr-fr.facebook.com\/Photoweb.fr\/\" \/>\n<meta property=\"article:published_time\" content=\"2017-09-19T13:54:25+00:00\" \/>\n<meta property=\"article:modified_time\" content=\"2024-04-16T15:03:01+00:00\" \/>\n<meta property=\"og:image\" content=\"https:\/\/www.photoweb.fr\/espaces\/magazine\/wp-content\/uploads\/2017\/09\/album-de-naissance-1yo.jpg\" \/>\n\t<meta property=\"og:image:width\" content=\"1280\" \/>\n\t<meta property=\"og:image:height\" content=\"960\" \/>\n\t<meta property=\"og:image:type\" content=\"image\/jpeg\" \/>\n<meta name=\"author\" content=\"melanie\" \/>\n<meta name=\"twitter:card\" content=\"summary_large_image\" \/>\n<meta name=\"twitter:creator\" content=\"@Photoweb_fr\" \/>\n<meta name=\"twitter:site\" content=\"@Photoweb_fr\" \/>\n<meta name=\"twitter:label1\" content=\"\u00c9crit par\" \/>\n\t<meta name=\"twitter:data1\" content=\"melanie\" \/>\n\t<meta name=\"twitter:label2\" content=\"Dur\u00e9e de lecture estim\u00e9e\" \/>\n\t<meta name=\"twitter:data2\" content=\"3 minutes\" \/>\n<script type=\"application\/ld+json\" class=\"yoast-schema-graph\">{\"@context\":\"https:\/\/schema.org\",\"@graph\":[{\"@type\":\"Article\",\"@id\":\"https:\/\/www.photoweb.fr\/espaces\/magazine\/creer-album-photo-de-naissance\/#article\",\"isPartOf\":{\"@id\":\"https:\/\/www.photoweb.fr\/espaces\/magazine\/creer-album-photo-de-naissance\/\"},\"author\":{\"name\":\"melanie\",\"@id\":\"https:\/\/www.photoweb.fr\/espaces\/magazine\/#\/schema\/person\/111451a615bb7cbe790bf8b1d6b24391\"},\"headline\":\"Album de naissance : cr\u00e9er un album photo pour la premi\u00e8re bougie\",\"datePublished\":\"2017-09-19T13:54:25+00:00\",\"dateModified\":\"2024-04-16T15:03:01+00:00\",\"mainEntityOfPage\":{\"@id\":\"https:\/\/www.photoweb.fr\/espaces\/magazine\/creer-album-photo-de-naissance\/\"},\"wordCount\":622,\"commentCount\":0,\"publisher\":{\"@id\":\"https:\/\/www.photoweb.fr\/espaces\/magazine\/#organization\"},\"keywords\":[\"cr\u00e9er un album photo\"],\"articleSection\":[\"Instants de vie\"],\"inLanguage\":\"fr-FR\",\"potentialAction\":[{\"@type\":\"CommentAction\",\"name\":\"Comment\",\"target\":[\"https:\/\/www.photoweb.fr\/espaces\/magazine\/creer-album-photo-de-naissance\/#respond\"]}]},{\"@type\":\"WebPage\",\"@id\":\"https:\/\/www.photoweb.fr\/espaces\/magazine\/creer-album-photo-de-naissance\/\",\"url\":\"https:\/\/www.photoweb.fr\/espaces\/magazine\/creer-album-photo-de-naissance\/\",\"name\":\"Album de naissance : Cr\u00e9er un album naissance pour sa premi\u00e8re bougie !\",\"isPartOf\":{\"@id\":\"https:\/\/www.photoweb.fr\/espaces\/magazine\/#website\"},\"datePublished\":\"2017-09-19T13:54:25+00:00\",\"dateModified\":\"2024-04-16T15:03:01+00:00\",\"description\":\"Envie d\u2019un album de naissance magique ? Pensez alors \u00e0 ce que le premier anniversaire de b\u00e9b\u00e9 pourrait ressembler. Voici quelques id\u00e9es d\u00e9co !\",\"breadcrumb\":{\"@id\":\"https:\/\/www.photoweb.fr\/espaces\/magazine\/creer-album-photo-de-naissance\/#breadcrumb\"},\"inLanguage\":\"fr-FR\",\"potentialAction\":[{\"@type\":\"ReadAction\",\"target\":[\"https:\/\/www.photoweb.fr\/espaces\/magazine\/creer-album-photo-de-naissance\/\"]}]},{\"@type\":\"BreadcrumbList\",\"@id\":\"https:\/\/www.photoweb.fr\/espaces\/magazine\/creer-album-photo-de-naissance\/#breadcrumb\",\"itemListElement\":[{\"@type\":\"ListItem\",\"position\":1,\"name\":\"Accueil\",\"item\":\"https:\/\/www.photoweb.fr\/espaces\/magazine\/\"},{\"@type\":\"ListItem\",\"position\":2,\"name\":\"Instants de vie\",\"item\":\"https:\/\/www.photoweb.fr\/espaces\/magazine\/instants-de-vie\/\"},{\"@type\":\"ListItem\",\"position\":3,\"name\":\"Album de naissance : cr\u00e9er un album photo pour la premi\u00e8re bougie\"}]},{\"@type\":\"WebSite\",\"@id\":\"https:\/\/www.photoweb.fr\/espaces\/magazine\/#website\",\"url\":\"https:\/\/www.photoweb.fr\/espaces\/magazine\/\",\"name\":\"Photoweb, le mag\",\"description\":\"Le magazine de Photoweb\",\"publisher\":{\"@id\":\"https:\/\/www.photoweb.fr\/espaces\/magazine\/#organization\"},\"potentialAction\":[{\"@type\":\"SearchAction\",\"target\":{\"@type\":\"EntryPoint\",\"urlTemplate\":\"https:\/\/www.photoweb.fr\/espaces\/magazine\/?s={search_term_string}\"},\"query-input\":\"required name=search_term_string\"}],\"inLanguage\":\"fr-FR\"},{\"@type\":\"Organization\",\"@id\":\"https:\/\/www.photoweb.fr\/espaces\/magazine\/#organization\",\"name\":\"Photoweb\",\"url\":\"https:\/\/www.photoweb.fr\/espaces\/magazine\/\",\"logo\":{\"@type\":\"ImageObject\",\"inLanguage\":\"fr-FR\",\"@id\":\"https:\/\/www.photoweb.fr\/espaces\/magazine\/#\/schema\/logo\/image\/\",\"url\":\"https:\/\/www.photoweb.fr\/espaces\/magazine\/wp-content\/uploads\/2021\/02\/Logo-Photoweb.jpg\",\"contentUrl\":\"https:\/\/www.photoweb.fr\/espaces\/magazine\/wp-content\/uploads\/2021\/02\/Logo-Photoweb.jpg\",\"width\":780,\"height\":456,\"caption\":\"Photoweb\"},\"image\":{\"@id\":\"https:\/\/www.photoweb.fr\/espaces\/magazine\/#\/schema\/logo\/image\/\"},\"sameAs\":[\"https:\/\/fr-fr.facebook.com\/Photoweb.fr\/\",\"https:\/\/twitter.com\/Photoweb_fr\",\"https:\/\/www.instagram.com\/photowebfr\/\",\"https:\/\/www.linkedin.com\/company\/347094\/\",\"https:\/\/www.pinterest.fr\/inspirationsphotoweb\/_created\/\",\"https:\/\/www.youtube.com\/channel\/UCtcVmTvkAzKQLVkiwfOm8sg\"]},{\"@type\":\"Person\",\"@id\":\"https:\/\/www.photoweb.fr\/espaces\/magazine\/#\/schema\/person\/111451a615bb7cbe790bf8b1d6b24391\",\"name\":\"melanie\"}]}<\/script>\n<!-- \/ Yoast SEO plugin. -->","yoast_head_json":{"title":"Album de naissance : Cr\u00e9er un album naissance pour sa premi\u00e8re bougie !","description":"Envie d\u2019un album de naissance magique ? Pensez alors \u00e0 ce que le premier anniversaire de b\u00e9b\u00e9 pourrait ressembler. Voici quelques id\u00e9es d\u00e9co !","robots":{"index":"index","follow":"follow","max-snippet":"max-snippet:-1","max-image-preview":"max-image-preview:large","max-video-preview":"max-video-preview:-1"},"canonical":"https:\/\/www.photoweb.fr\/espaces\/magazine\/creer-album-photo-de-naissance\/","og_locale":"fr_FR","og_type":"article","og_title":"Album de naissance : Cr\u00e9er un album naissance pour sa premi\u00e8re bougie !","og_description":"Envie d\u2019un album de naissance magique ? Pensez alors \u00e0 ce que le premier anniversaire de b\u00e9b\u00e9 pourrait ressembler. Voici quelques id\u00e9es d\u00e9co !","og_url":"https:\/\/www.photoweb.fr\/espaces\/magazine\/creer-album-photo-de-naissance\/","og_site_name":"Photoweb, le mag","article_publisher":"https:\/\/fr-fr.facebook.com\/Photoweb.fr\/","article_published_time":"2017-09-19T13:54:25+00:00","article_modified_time":"2024-04-16T15:03:01+00:00","og_image":[{"width":1280,"height":960,"url":"https:\/\/www.photoweb.fr\/espaces\/magazine\/wp-content\/uploads\/2017\/09\/album-de-naissance-1yo.jpg","type":"image\/jpeg"}],"author":"melanie","twitter_card":"summary_large_image","twitter_creator":"@Photoweb_fr","twitter_site":"@Photoweb_fr","twitter_misc":{"\u00c9crit par":"melanie","Dur\u00e9e de lecture estim\u00e9e":"3 minutes"},"schema":{"@context":"https:\/\/schema.org","@graph":[{"@type":"Article","@id":"https:\/\/www.photoweb.fr\/espaces\/magazine\/creer-album-photo-de-naissance\/#article","isPartOf":{"@id":"https:\/\/www.photoweb.fr\/espaces\/magazine\/creer-album-photo-de-naissance\/"},"author":{"name":"melanie","@id":"https:\/\/www.photoweb.fr\/espaces\/magazine\/#\/schema\/person\/111451a615bb7cbe790bf8b1d6b24391"},"headline":"Album de naissance : cr\u00e9er un album photo pour la premi\u00e8re bougie","datePublished":"2017-09-19T13:54:25+00:00","dateModified":"2024-04-16T15:03:01+00:00","mainEntityOfPage":{"@id":"https:\/\/www.photoweb.fr\/espaces\/magazine\/creer-album-photo-de-naissance\/"},"wordCount":622,"commentCount":0,"publisher":{"@id":"https:\/\/www.photoweb.fr\/espaces\/magazine\/#organization"},"keywords":["cr\u00e9er un album photo"],"articleSection":["Instants de vie"],"inLanguage":"fr-FR","potentialAction":[{"@type":"CommentAction","name":"Comment","target":["https:\/\/www.photoweb.fr\/espaces\/magazine\/creer-album-photo-de-naissance\/#respond"]}]},{"@type":"WebPage","@id":"https:\/\/www.photoweb.fr\/espaces\/magazine\/creer-album-photo-de-naissance\/","url":"https:\/\/www.photoweb.fr\/espaces\/magazine\/creer-album-photo-de-naissance\/","name":"Album de naissance : Cr\u00e9er un album naissance pour sa premi\u00e8re bougie !","isPartOf":{"@id":"https:\/\/www.photoweb.fr\/espaces\/magazine\/#website"},"datePublished":"2017-09-19T13:54:25+00:00","dateModified":"2024-04-16T15:03:01+00:00","description":"Envie d\u2019un album de naissance magique ? Pensez alors \u00e0 ce que le premier anniversaire de b\u00e9b\u00e9 pourrait ressembler. Voici quelques id\u00e9es d\u00e9co !","breadcrumb":{"@id":"https:\/\/www.photoweb.fr\/espaces\/magazine\/creer-album-photo-de-naissance\/#breadcrumb"},"inLanguage":"fr-FR","potentialAction":[{"@type":"ReadAction","target":["https:\/\/www.photoweb.fr\/espaces\/magazine\/creer-album-photo-de-naissance\/"]}]},{"@type":"BreadcrumbList","@id":"https:\/\/www.photoweb.fr\/espaces\/magazine\/creer-album-photo-de-naissance\/#breadcrumb","itemListElement":[{"@type":"ListItem","position":1,"name":"Accueil","item":"https:\/\/www.photoweb.fr\/espaces\/magazine\/"},{"@type":"ListItem","position":2,"name":"Instants de vie","item":"https:\/\/www.photoweb.fr\/espaces\/magazine\/instants-de-vie\/"},{"@type":"ListItem","position":3,"name":"Album de naissance : cr\u00e9er un album photo pour la premi\u00e8re bougie"}]},{"@type":"WebSite","@id":"https:\/\/www.photoweb.fr\/espaces\/magazine\/#website","url":"https:\/\/www.photoweb.fr\/espaces\/magazine\/","name":"Photoweb, le mag","description":"Le magazine de Photoweb","publisher":{"@id":"https:\/\/www.photoweb.fr\/espaces\/magazine\/#organization"},"potentialAction":[{"@type":"SearchAction","target":{"@type":"EntryPoint","urlTemplate":"https:\/\/www.photoweb.fr\/espaces\/magazine\/?s={search_term_string}"},"query-input":"required name=search_term_string"}],"inLanguage":"fr-FR"},{"@type":"Organization","@id":"https:\/\/www.photoweb.fr\/espaces\/magazine\/#organization","name":"Photoweb","url":"https:\/\/www.photoweb.fr\/espaces\/magazine\/","logo":{"@type":"ImageObject","inLanguage":"fr-FR","@id":"https:\/\/www.photoweb.fr\/espaces\/magazine\/#\/schema\/logo\/image\/","url":"https:\/\/www.photoweb.fr\/espaces\/magazine\/wp-content\/uploads\/2021\/02\/Logo-Photoweb.jpg","contentUrl":"https:\/\/www.photoweb.fr\/espaces\/magazine\/wp-content\/uploads\/2021\/02\/Logo-Photoweb.jpg","width":780,"height":456,"caption":"Photoweb"},"image":{"@id":"https:\/\/www.photoweb.fr\/espaces\/magazine\/#\/schema\/logo\/image\/"},"sameAs":["https:\/\/fr-fr.facebook.com\/Photoweb.fr\/","https:\/\/twitter.com\/Photoweb_fr","https:\/\/www.instagram.com\/photowebfr\/","https:\/\/www.linkedin.com\/company\/347094\/","https:\/\/www.pinterest.fr\/inspirationsphotoweb\/_created\/","https:\/\/www.youtube.com\/channel\/UCtcVmTvkAzKQLVkiwfOm8sg"]},{"@type":"Person","@id":"https:\/\/www.photoweb.fr\/espaces\/magazine\/#\/schema\/person\/111451a615bb7cbe790bf8b1d6b24391","name":"melanie"}]}},"acf":[],"_links":{"self":[{"href":"https:\/\/www.photoweb.fr\/espaces\/magazine\/wp-json\/wp\/v2\/posts\/1616","targetHints":{"allow":["GET"]}}],"collection":[{"href":"https:\/\/www.photoweb.fr\/espaces\/magazine\/wp-json\/wp\/v2\/posts"}],"about":[{"href":"https:\/\/www.photoweb.fr\/espaces\/magazine\/wp-json\/wp\/v2\/types\/post"}],"author":[{"embeddable":true,"href":"https:\/\/www.photoweb.fr\/espaces\/magazine\/wp-json\/wp\/v2\/users\/21"}],"replies":[{"embeddable":true,"href":"https:\/\/www.photoweb.fr\/espaces\/magazine\/wp-json\/wp\/v2\/comments?post=1616"}],"version-history":[{"count":2,"href":"https:\/\/www.photoweb.fr\/espaces\/magazine\/wp-json\/wp\/v2\/posts\/1616\/revisions"}],"predecessor-version":[{"id":12821,"href":"https:\/\/www.photoweb.fr\/espaces\/magazine\/wp-json\/wp\/v2\/posts\/1616\/revisions\/12821"}],"wp:featuredmedia":[{"embeddable":true,"href":"https:\/\/www.photoweb.fr\/espaces\/magazine\/wp-json\/wp\/v2\/media\/1617"}],"wp:attachment":[{"href":"https:\/\/www.photoweb.fr\/espaces\/magazine\/wp-json\/wp\/v2\/media?parent=1616"}],"wp:term":[{"taxonomy":"category","embeddable":true,"href":"https:\/\/www.photoweb.fr\/espaces\/magazine\/wp-json\/wp\/v2\/categories?post=1616"},{"taxonomy":"post_tag","embeddable":true,"href":"https:\/\/www.photoweb.fr\/espaces\/magazine\/wp-json\/wp\/v2\/tags?post=1616"}],"curies":[{"name":"wp","href":"https:\/\/api.w.org\/{rel}","templated":true}]}}