{"id":1673,"date":"2017-09-14T10:31:33","date_gmt":"2017-09-14T10:31:33","guid":{"rendered":"https:\/\/www.photoweb.fr\/espaces\/magazine\/magazine\/?p=1673"},"modified":"2017-10-12T09:29:22","modified_gmt":"2017-10-12T09:29:22","slug":"photoweb-odyssea-lutte-contre-le-cancer-du-sein","status":"publish","type":"post","link":"https:\/\/www.photoweb.fr\/espaces\/magazine\/photoweb-odyssea-lutte-contre-le-cancer-du-sein\/","title":{"rendered":"Photoweb et Odyssea : ensemble contre le cancer du sein"},"content":{"rendered":"<p><strong><em>\u00ab On n\u2019est jamais aussi heureux que dans le bonheur qu\u2019on donne. Donner, c\u2019est recevoir. \u00bb <\/em><\/strong><\/p>\n<p><strong><em>Abb\u00e9 Pierre<\/em><\/strong><\/p>\n<p>3 femmes, un espoir, une conviction, une envie, celle de <strong>soutenir la lutte contre le cancer du sein<\/strong>\u2026 Fr\u00e9d\u00e9rique QUENTIN,  Fr\u00e9d\u00e9rique JULES et Anne BERGOUGNOUX sont \u00e0 l\u2019origine de cette association. Elles ont d\u00e9marr\u00e9 l\u2019aventure en 2002 avec la premi\u00e8re \u00e9dition d\u2019Odyssea \u00e0 Paris !<\/p>\n<p>En 16 ans, la solidarit\u00e9 de plus de <strong>650 000 participants<\/strong> et <strong>3 000 b\u00e9n\u00e9voles<\/strong> ont r\u00e9colt\u00e9 plus de 6 millions d\u2019euros au profit de la recherche contre cancer du sein, qui touche pr\u00e8s d\u2019une femme sur 9 en France au cours de sa vie.<\/p>\n<p>Chaque ann\u00e9e, l\u2019Association Odyssea organise 10 courses dans toute la France afin de collecter un maximum de fond.  Depuis sa cr\u00e9ation, les dons des participants ont \u00e9t\u00e9 revers\u00e9s \u00e0 plus de 100 associations en faveur de la lutte du cancer du sein.<\/p>\n<p>\t\t\t\t<img loading=\"lazy\" decoding=\"async\" src=\"https:\/\/www.photoweb.fr\/espaces\/magazine\/wp-content\/uploads\/2017\/09\/banderole-odyssea.png\" alt=\"banderole odyssea\" height=\"483\" width=\"1920\" \/><br \/>\n\t\u201c <\/p>\n<p style=\"text-align: center\"><em>Le plus important, ce n\u2019est pas ce que nous faisons, mais l\u2019amour avec lequel nous le faisons. <\/em><\/strong><\/p>\n<p style=\"text-align: center\"><em>M\u00e8re Teresa<\/em><\/strong><\/p>\n<p>\t\u201c <\/p>\n<p>Nous sommes fiers, pour la 1<sup>\u00e8re<\/sup> ann\u00e9e, de nous unir \u00e0 Odyssea en \u00e9tant <strong>partenaire officiel de la course de Paris 2017<\/strong> qui se d\u00e9roulera les 30 Septembre et 1<sup>er<\/sup> Octobre prochain \u00e0 l\u2019Hippodrome de Vincennes.<\/p>\n<p><strong>Cette course nous tient \u00e0 c\u0153ur <\/strong>et cette aventure nous voulons la d\u00e9fendre avec vous !<\/p>\n<p style=\"text-align: center\">A chacun, sa fa\u00e7on de montrer son soutien\u2026<\/p>\n<p><strong>Une \u00e9quipe de 6 photowebeurs (Claire, Samantha, Teddy, Nicolas, Amandine, Nathalie) sera aux c\u00f4t\u00e9s des nombreux coureurs pour soutenir cette cause<\/strong>.<\/p>\n<p>Un week-end pour tout donner et se surpasser, rejoignez-nous avec vos amis, famille, coll\u00e8gues pour vivre 48h remplis d\u2019amour, d\u2019\u00e9motions et de soutien\u2026 Pour toutes ces femmes qui se battent au quotidien !<\/p>\n<p><strong><u>Odyssea Paris 2017 c\u2019est : <\/u><\/strong><\/p>\n<ul>\n<li>Des marches ou courses de 1km, 5kms et 10kms<\/li>\n<li>Un moment de partage entre filles, famille, amis, entreprise\u2026<\/li>\n<li>Des fonds collect\u00e9s revers\u00e9s \u00e0 l\u2019institut Gustave Roussy<\/li>\n<\/ul>\n<p>Pour en savoir + : <a href=\"http:\/\/www.odyssea.info\/\">www.odyssea.info\/<\/a><\/p>\n<p>\t\u201c <\/p>\n<p style=\"text-align: center\">Ensemble, d\u00e9passons l\u2019objectif d\u20191 million d\u2019euros de dons et de 120 000 participants !<\/p>\n<p>\t\u201c <\/p>\n<p>A cette occasion, Photoweb <strong>offre \u00e0 12 audacieux coureurs<\/strong> leurs dossards (6 lots de 2 dossards) 3 lots sont \u00e0 gagner sur la page Facebook <strong>@Photoweb.fr<\/strong> et 3 autres lots sur le compte Instagram <strong>@Photowebfr.<\/strong><\/p>\n<p>Le jeu-concours aura lieu du <strong>17 au 20 Septembre 2017<\/strong>, il suffit d\u2019identifier la personne avec qui vous souhaitez partager ce moment.<\/p>\n","protected":false},"excerpt":{"rendered":"<p>3 femmes, un espoir, une conviction, une envie, celle de soutenir la lutte contre le cancer du sein\u2026 Fr\u00e9d\u00e9rique QUENTIN,  Fr\u00e9d\u00e9rique JULES et Anne BERGOUGNOUX sont \u00e0 l\u2019origine de cette association. Elles ont d\u00e9marr\u00e9 l\u2019aventure en 2002 avec la premi\u00e8re \u00e9dition d\u2019Odyssea \u00e0 Paris ! <\/p>\n","protected":false},"author":21,"featured_media":1674,"comment_status":"open","ping_status":"open","sticky":false,"template":"single-standard.php","format":"standard","meta":{"footnotes":""},"categories":[30],"tags":[],"class_list":["post-1673","post","type-post","status-publish","format-standard","has-post-thumbnail","hentry","category-coulisses"],"yoast_head":"<!-- This site is optimized with the Yoast SEO plugin v20.3 - https:\/\/yoast.com\/wordpress\/plugins\/seo\/ -->\n<title>Photoweb et Odyssea : ensemble contre le cancer du sein<\/title>\n<meta name=\"description\" content=\"Nous sommes fiers, pour la 1\u00e8re ann\u00e9e, de nous unir \u00e0 Odyssea en \u00e9tant partenaire officiel de la course de Paris 2017 !\" \/>\n<meta name=\"robots\" content=\"index, follow, max-snippet:-1, max-image-preview:large, max-video-preview:-1\" \/>\n<link rel=\"canonical\" href=\"https:\/\/www.photoweb.fr\/espaces\/magazine\/photoweb-odyssea-lutte-contre-le-cancer-du-sein\/\" \/>\n<meta property=\"og:locale\" content=\"fr_FR\" \/>\n<meta property=\"og:type\" content=\"article\" \/>\n<meta property=\"og:title\" content=\"Photoweb et Odyssea : ensemble contre le cancer du sein\" \/>\n<meta property=\"og:description\" content=\"Nous sommes fiers, pour la 1\u00e8re ann\u00e9e, de nous unir \u00e0 Odyssea en \u00e9tant partenaire officiel de la course de Paris 2017 !\" \/>\n<meta property=\"og:url\" content=\"https:\/\/www.photoweb.fr\/espaces\/magazine\/photoweb-odyssea-lutte-contre-le-cancer-du-sein\/\" \/>\n<meta property=\"og:site_name\" content=\"Photoweb, le mag\" \/>\n<meta property=\"article:publisher\" content=\"https:\/\/fr-fr.facebook.com\/Photoweb.fr\/\" \/>\n<meta property=\"article:published_time\" content=\"2017-09-14T10:31:33+00:00\" \/>\n<meta property=\"article:modified_time\" content=\"2017-10-12T09:29:22+00:00\" \/>\n<meta property=\"og:image\" content=\"https:\/\/www.photoweb.fr\/espaces\/magazine\/wp-content\/uploads\/2017\/09\/odyssea-photoweb-cancer-du-sein.png\" \/>\n\t<meta property=\"og:image:width\" content=\"1750\" \/>\n\t<meta property=\"og:image:height\" content=\"1331\" \/>\n\t<meta property=\"og:image:type\" content=\"image\/png\" \/>\n<meta name=\"author\" content=\"melanie\" \/>\n<meta name=\"twitter:card\" content=\"summary_large_image\" \/>\n<meta name=\"twitter:creator\" content=\"@Photoweb_fr\" \/>\n<meta name=\"twitter:site\" content=\"@Photoweb_fr\" \/>\n<meta name=\"twitter:label1\" content=\"\u00c9crit par\" \/>\n\t<meta name=\"twitter:data1\" content=\"melanie\" \/>\n\t<meta name=\"twitter:label2\" content=\"Dur\u00e9e de lecture estim\u00e9e\" \/>\n\t<meta name=\"twitter:data2\" content=\"2 minutes\" \/>\n<script type=\"application\/ld+json\" class=\"yoast-schema-graph\">{\"@context\":\"https:\/\/schema.org\",\"@graph\":[{\"@type\":\"Article\",\"@id\":\"https:\/\/www.photoweb.fr\/espaces\/magazine\/photoweb-odyssea-lutte-contre-le-cancer-du-sein\/#article\",\"isPartOf\":{\"@id\":\"https:\/\/www.photoweb.fr\/espaces\/magazine\/photoweb-odyssea-lutte-contre-le-cancer-du-sein\/\"},\"author\":{\"name\":\"melanie\",\"@id\":\"https:\/\/www.photoweb.fr\/espaces\/magazine\/#\/schema\/person\/111451a615bb7cbe790bf8b1d6b24391\"},\"headline\":\"Photoweb et Odyssea : ensemble contre le cancer du sein\",\"datePublished\":\"2017-09-14T10:31:33+00:00\",\"dateModified\":\"2017-10-12T09:29:22+00:00\",\"mainEntityOfPage\":{\"@id\":\"https:\/\/www.photoweb.fr\/espaces\/magazine\/photoweb-odyssea-lutte-contre-le-cancer-du-sein\/\"},\"wordCount\":404,\"commentCount\":1,\"publisher\":{\"@id\":\"https:\/\/www.photoweb.fr\/espaces\/magazine\/#organization\"},\"articleSection\":[\"Coulisses\"],\"inLanguage\":\"fr-FR\",\"potentialAction\":[{\"@type\":\"CommentAction\",\"name\":\"Comment\",\"target\":[\"https:\/\/www.photoweb.fr\/espaces\/magazine\/photoweb-odyssea-lutte-contre-le-cancer-du-sein\/#respond\"]}]},{\"@type\":\"WebPage\",\"@id\":\"https:\/\/www.photoweb.fr\/espaces\/magazine\/photoweb-odyssea-lutte-contre-le-cancer-du-sein\/\",\"url\":\"https:\/\/www.photoweb.fr\/espaces\/magazine\/photoweb-odyssea-lutte-contre-le-cancer-du-sein\/\",\"name\":\"Photoweb et Odyssea : ensemble contre le cancer du sein\",\"isPartOf\":{\"@id\":\"https:\/\/www.photoweb.fr\/espaces\/magazine\/#website\"},\"datePublished\":\"2017-09-14T10:31:33+00:00\",\"dateModified\":\"2017-10-12T09:29:22+00:00\",\"description\":\"Nous sommes fiers, pour la 1\u00e8re ann\u00e9e, de nous unir \u00e0 Odyssea en \u00e9tant partenaire officiel de la course de Paris 2017 !\",\"breadcrumb\":{\"@id\":\"https:\/\/www.photoweb.fr\/espaces\/magazine\/photoweb-odyssea-lutte-contre-le-cancer-du-sein\/#breadcrumb\"},\"inLanguage\":\"fr-FR\",\"potentialAction\":[{\"@type\":\"ReadAction\",\"target\":[\"https:\/\/www.photoweb.fr\/espaces\/magazine\/photoweb-odyssea-lutte-contre-le-cancer-du-sein\/\"]}]},{\"@type\":\"BreadcrumbList\",\"@id\":\"https:\/\/www.photoweb.fr\/espaces\/magazine\/photoweb-odyssea-lutte-contre-le-cancer-du-sein\/#breadcrumb\",\"itemListElement\":[{\"@type\":\"ListItem\",\"position\":1,\"name\":\"Accueil\",\"item\":\"https:\/\/www.photoweb.fr\/espaces\/magazine\/\"},{\"@type\":\"ListItem\",\"position\":2,\"name\":\"Coulisses\",\"item\":\"https:\/\/www.photoweb.fr\/espaces\/magazine\/coulisses\/\"},{\"@type\":\"ListItem\",\"position\":3,\"name\":\"Photoweb et Odyssea : ensemble contre le cancer du sein\"}]},{\"@type\":\"WebSite\",\"@id\":\"https:\/\/www.photoweb.fr\/espaces\/magazine\/#website\",\"url\":\"https:\/\/www.photoweb.fr\/espaces\/magazine\/\",\"name\":\"Photoweb, le mag\",\"description\":\"Le magazine de Photoweb\",\"publisher\":{\"@id\":\"https:\/\/www.photoweb.fr\/espaces\/magazine\/#organization\"},\"potentialAction\":[{\"@type\":\"SearchAction\",\"target\":{\"@type\":\"EntryPoint\",\"urlTemplate\":\"https:\/\/www.photoweb.fr\/espaces\/magazine\/?s={search_term_string}\"},\"query-input\":\"required name=search_term_string\"}],\"inLanguage\":\"fr-FR\"},{\"@type\":\"Organization\",\"@id\":\"https:\/\/www.photoweb.fr\/espaces\/magazine\/#organization\",\"name\":\"Photoweb\",\"url\":\"https:\/\/www.photoweb.fr\/espaces\/magazine\/\",\"logo\":{\"@type\":\"ImageObject\",\"inLanguage\":\"fr-FR\",\"@id\":\"https:\/\/www.photoweb.fr\/espaces\/magazine\/#\/schema\/logo\/image\/\",\"url\":\"https:\/\/www.photoweb.fr\/espaces\/magazine\/wp-content\/uploads\/2021\/02\/Logo-Photoweb.jpg\",\"contentUrl\":\"https:\/\/www.photoweb.fr\/espaces\/magazine\/wp-content\/uploads\/2021\/02\/Logo-Photoweb.jpg\",\"width\":780,\"height\":456,\"caption\":\"Photoweb\"},\"image\":{\"@id\":\"https:\/\/www.photoweb.fr\/espaces\/magazine\/#\/schema\/logo\/image\/\"},\"sameAs\":[\"https:\/\/fr-fr.facebook.com\/Photoweb.fr\/\",\"https:\/\/twitter.com\/Photoweb_fr\",\"https:\/\/www.instagram.com\/photowebfr\/\",\"https:\/\/www.linkedin.com\/company\/347094\/\",\"https:\/\/www.pinterest.fr\/inspirationsphotoweb\/_created\/\",\"https:\/\/www.youtube.com\/channel\/UCtcVmTvkAzKQLVkiwfOm8sg\"]},{\"@type\":\"Person\",\"@id\":\"https:\/\/www.photoweb.fr\/espaces\/magazine\/#\/schema\/person\/111451a615bb7cbe790bf8b1d6b24391\",\"name\":\"melanie\"}]}<\/script>\n<!-- \/ Yoast SEO plugin. -->","yoast_head_json":{"title":"Photoweb et Odyssea : ensemble contre le cancer du sein","description":"Nous sommes fiers, pour la 1\u00e8re ann\u00e9e, de nous unir \u00e0 Odyssea en \u00e9tant partenaire officiel de la course de Paris 2017 !","robots":{"index":"index","follow":"follow","max-snippet":"max-snippet:-1","max-image-preview":"max-image-preview:large","max-video-preview":"max-video-preview:-1"},"canonical":"https:\/\/www.photoweb.fr\/espaces\/magazine\/photoweb-odyssea-lutte-contre-le-cancer-du-sein\/","og_locale":"fr_FR","og_type":"article","og_title":"Photoweb et Odyssea : ensemble contre le cancer du sein","og_description":"Nous sommes fiers, pour la 1\u00e8re ann\u00e9e, de nous unir \u00e0 Odyssea en \u00e9tant partenaire officiel de la course de Paris 2017 !","og_url":"https:\/\/www.photoweb.fr\/espaces\/magazine\/photoweb-odyssea-lutte-contre-le-cancer-du-sein\/","og_site_name":"Photoweb, le mag","article_publisher":"https:\/\/fr-fr.facebook.com\/Photoweb.fr\/","article_published_time":"2017-09-14T10:31:33+00:00","article_modified_time":"2017-10-12T09:29:22+00:00","og_image":[{"width":1750,"height":1331,"url":"https:\/\/www.photoweb.fr\/espaces\/magazine\/wp-content\/uploads\/2017\/09\/odyssea-photoweb-cancer-du-sein.png","type":"image\/png"}],"author":"melanie","twitter_card":"summary_large_image","twitter_creator":"@Photoweb_fr","twitter_site":"@Photoweb_fr","twitter_misc":{"\u00c9crit par":"melanie","Dur\u00e9e de lecture estim\u00e9e":"2 minutes"},"schema":{"@context":"https:\/\/schema.org","@graph":[{"@type":"Article","@id":"https:\/\/www.photoweb.fr\/espaces\/magazine\/photoweb-odyssea-lutte-contre-le-cancer-du-sein\/#article","isPartOf":{"@id":"https:\/\/www.photoweb.fr\/espaces\/magazine\/photoweb-odyssea-lutte-contre-le-cancer-du-sein\/"},"author":{"name":"melanie","@id":"https:\/\/www.photoweb.fr\/espaces\/magazine\/#\/schema\/person\/111451a615bb7cbe790bf8b1d6b24391"},"headline":"Photoweb et Odyssea : ensemble contre le cancer du sein","datePublished":"2017-09-14T10:31:33+00:00","dateModified":"2017-10-12T09:29:22+00:00","mainEntityOfPage":{"@id":"https:\/\/www.photoweb.fr\/espaces\/magazine\/photoweb-odyssea-lutte-contre-le-cancer-du-sein\/"},"wordCount":404,"commentCount":1,"publisher":{"@id":"https:\/\/www.photoweb.fr\/espaces\/magazine\/#organization"},"articleSection":["Coulisses"],"inLanguage":"fr-FR","potentialAction":[{"@type":"CommentAction","name":"Comment","target":["https:\/\/www.photoweb.fr\/espaces\/magazine\/photoweb-odyssea-lutte-contre-le-cancer-du-sein\/#respond"]}]},{"@type":"WebPage","@id":"https:\/\/www.photoweb.fr\/espaces\/magazine\/photoweb-odyssea-lutte-contre-le-cancer-du-sein\/","url":"https:\/\/www.photoweb.fr\/espaces\/magazine\/photoweb-odyssea-lutte-contre-le-cancer-du-sein\/","name":"Photoweb et Odyssea : ensemble contre le cancer du sein","isPartOf":{"@id":"https:\/\/www.photoweb.fr\/espaces\/magazine\/#website"},"datePublished":"2017-09-14T10:31:33+00:00","dateModified":"2017-10-12T09:29:22+00:00","description":"Nous sommes fiers, pour la 1\u00e8re ann\u00e9e, de nous unir \u00e0 Odyssea en \u00e9tant partenaire officiel de la course de Paris 2017 !","breadcrumb":{"@id":"https:\/\/www.photoweb.fr\/espaces\/magazine\/photoweb-odyssea-lutte-contre-le-cancer-du-sein\/#breadcrumb"},"inLanguage":"fr-FR","potentialAction":[{"@type":"ReadAction","target":["https:\/\/www.photoweb.fr\/espaces\/magazine\/photoweb-odyssea-lutte-contre-le-cancer-du-sein\/"]}]},{"@type":"BreadcrumbList","@id":"https:\/\/www.photoweb.fr\/espaces\/magazine\/photoweb-odyssea-lutte-contre-le-cancer-du-sein\/#breadcrumb","itemListElement":[{"@type":"ListItem","position":1,"name":"Accueil","item":"https:\/\/www.photoweb.fr\/espaces\/magazine\/"},{"@type":"ListItem","position":2,"name":"Coulisses","item":"https:\/\/www.photoweb.fr\/espaces\/magazine\/coulisses\/"},{"@type":"ListItem","position":3,"name":"Photoweb et Odyssea : ensemble contre le cancer du sein"}]},{"@type":"WebSite","@id":"https:\/\/www.photoweb.fr\/espaces\/magazine\/#website","url":"https:\/\/www.photoweb.fr\/espaces\/magazine\/","name":"Photoweb, le mag","description":"Le magazine de Photoweb","publisher":{"@id":"https:\/\/www.photoweb.fr\/espaces\/magazine\/#organization"},"potentialAction":[{"@type":"SearchAction","target":{"@type":"EntryPoint","urlTemplate":"https:\/\/www.photoweb.fr\/espaces\/magazine\/?s={search_term_string}"},"query-input":"required name=search_term_string"}],"inLanguage":"fr-FR"},{"@type":"Organization","@id":"https:\/\/www.photoweb.fr\/espaces\/magazine\/#organization","name":"Photoweb","url":"https:\/\/www.photoweb.fr\/espaces\/magazine\/","logo":{"@type":"ImageObject","inLanguage":"fr-FR","@id":"https:\/\/www.photoweb.fr\/espaces\/magazine\/#\/schema\/logo\/image\/","url":"https:\/\/www.photoweb.fr\/espaces\/magazine\/wp-content\/uploads\/2021\/02\/Logo-Photoweb.jpg","contentUrl":"https:\/\/www.photoweb.fr\/espaces\/magazine\/wp-content\/uploads\/2021\/02\/Logo-Photoweb.jpg","width":780,"height":456,"caption":"Photoweb"},"image":{"@id":"https:\/\/www.photoweb.fr\/espaces\/magazine\/#\/schema\/logo\/image\/"},"sameAs":["https:\/\/fr-fr.facebook.com\/Photoweb.fr\/","https:\/\/twitter.com\/Photoweb_fr","https:\/\/www.instagram.com\/photowebfr\/","https:\/\/www.linkedin.com\/company\/347094\/","https:\/\/www.pinterest.fr\/inspirationsphotoweb\/_created\/","https:\/\/www.youtube.com\/channel\/UCtcVmTvkAzKQLVkiwfOm8sg"]},{"@type":"Person","@id":"https:\/\/www.photoweb.fr\/espaces\/magazine\/#\/schema\/person\/111451a615bb7cbe790bf8b1d6b24391","name":"melanie"}]}},"acf":[],"_links":{"self":[{"href":"https:\/\/www.photoweb.fr\/espaces\/magazine\/wp-json\/wp\/v2\/posts\/1673","targetHints":{"allow":["GET"]}}],"collection":[{"href":"https:\/\/www.photoweb.fr\/espaces\/magazine\/wp-json\/wp\/v2\/posts"}],"about":[{"href":"https:\/\/www.photoweb.fr\/espaces\/magazine\/wp-json\/wp\/v2\/types\/post"}],"author":[{"embeddable":true,"href":"https:\/\/www.photoweb.fr\/espaces\/magazine\/wp-json\/wp\/v2\/users\/21"}],"replies":[{"embeddable":true,"href":"https:\/\/www.photoweb.fr\/espaces\/magazine\/wp-json\/wp\/v2\/comments?post=1673"}],"version-history":[{"count":0,"href":"https:\/\/www.photoweb.fr\/espaces\/magazine\/wp-json\/wp\/v2\/posts\/1673\/revisions"}],"wp:featuredmedia":[{"embeddable":true,"href":"https:\/\/www.photoweb.fr\/espaces\/magazine\/wp-json\/wp\/v2\/media\/1674"}],"wp:attachment":[{"href":"https:\/\/www.photoweb.fr\/espaces\/magazine\/wp-json\/wp\/v2\/media?parent=1673"}],"wp:term":[{"taxonomy":"category","embeddable":true,"href":"https:\/\/www.photoweb.fr\/espaces\/magazine\/wp-json\/wp\/v2\/categories?post=1673"},{"taxonomy":"post_tag","embeddable":true,"href":"https:\/\/www.photoweb.fr\/espaces\/magazine\/wp-json\/wp\/v2\/tags?post=1673"}],"curies":[{"name":"wp","href":"https:\/\/api.w.org\/{rel}","templated":true}]}}