{"id":19,"date":"2017-06-21T08:26:46","date_gmt":"2017-06-21T08:26:46","guid":{"rendered":"http:\/\/dev-cms-01.photoweb.pri\/espaces\/magazine\/?p=19"},"modified":"2025-11-19T16:50:02","modified_gmt":"2025-11-19T14:50:02","slug":"creez-marque-place-personnalise","status":"publish","type":"post","link":"https:\/\/www.photoweb.fr\/espaces\/magazine\/creez-marque-place-personnalise\/","title":{"rendered":"Cr\u00e9ez votre propre marque place 100% personnalis\u00e9"},"content":{"rendered":"\n\n\t<p>Il y a les f\u00eates de fin d&rsquo;ann\u00e9e mais pas seulement, pas besoin de pr\u00e9texte pour r\u00e9unir sa petite famille autour d&rsquo;un bon diner. Passer du temps avec les siens est, et sera \u00e9ternellement un instant que nous ch\u00e9rissons le plus dans notre vie. Les <strong>r\u00e9unions de famille<\/strong> sont toujours remplies de joie et de bonne humeur avec des retrouvailles partag\u00e9es entre petits et grands.<\/p>\n\t\u00a0\u00bb \n\t<p>\u00ab La famille, c&rsquo;est une grande table, et tout le monde autour. \u00bb<\/p>\n<p>Laetitia Casta<\/p>\n\t\u00a0\u00bb \n\t<p>Pour parfaire votre table, nous vous proposons une id\u00e9e cr\u00e9ative avec un <strong>marque-place <\/strong>100% personnalis\u00e9 pour tous les membres de votre famille fait par vous-m\u00eame. \u00c9tonnez vos invit\u00e9s avec cette id\u00e9e d\u00e9co qu&rsquo;ils pourront garder pr\u00e9cieusement en souvenir de votre repas de famille. Une <strong>petite attention<\/strong> qui donne du baume au c\u0153ur.<\/p>\n<p>Que vous ayez choisi de faire une simple table ou un repas \u00e0 th\u00e8me, ce DIY s&rsquo;adapte en toute circonstance, oubliez le marque place classique pour une <strong>d\u00e9coration personnalis\u00e9e et atypique.<\/strong><\/p>\n<p>Entre deux plats qui mijotent au four, faites un saut sur notre site internet <a href=\"https:\/\/www.photoweb.fr\/\" target=\"_blank\" rel=\"noopener\">Photoweb.fr<\/a> pour la cr\u00e9ation en ligne de vos <a href=\"https:\/\/www.photoweb.fr\/tirage-photo-retro\" target=\"_blank\" rel=\"noopener\"><strong>tirages r\u00e9tro<\/strong><\/a>, la grande tendance du moment avec son format parfait pour la cr\u00e9ation de notre marque-place personnalisable.<\/p>\n\t\t\t\t<img loading=\"lazy\" decoding=\"async\" src=\"https:\/\/www.photoweb.fr\/espaces\/magazine\/wp-content\/uploads\/2025\/05\/IMG_4555-Web-1.jpg\" alt=\"Tirage photo\" itemprop=\"image\" height=\"828\" width=\"1242\" title=\"IMG_4555-Web (1)\" onerror=\"this.style.display='none'\"  \/>\n\tIl ne vous reste plus qu&rsquo;\u00e0 appuyer sur le bouton pour valider votre commande et nous se chargeons du reste !<br \/>\nQuelques jours plus tard, avec notre livraison rapide vous recevez vos marque-places \u00e0 la qualit\u00e9 papier couch\u00e9 moderne satin\u00e9 au pelliculage mat au recto ET verso ! <em>(On est soucieux du d\u00e9tail chez Photoweb on y peut rien !)<\/em>\n<p>Allez plus loin dans l&rsquo;originalit\u00e9, confectionnez des marque-places pour bien d&rsquo;autres occasions, voici quelques id\u00e9es :<\/p>\n\t<h2>Une soir\u00e9e \u00e0 th\u00e8me<\/h2>\n<p>Vous \u00eates la reine des soir\u00e9es, profitez d&rsquo;un repas entre amis pour leur <strong>proposer un th\u00e8me<\/strong> \u00ab chic, d\u00e9guis\u00e9, ann\u00e9e 80, cluedo, Disney \u00bb ou \u00e0 l&rsquo;occasion d&rsquo;un \u00e9v\u00e9nement \u00ab Coupe du monde, JO, F\u00eate de la musique&#8230;\u00bb. Faites leur propre marque-place pour peaufiner la d\u00e9coration de votre th\u00e8me.<\/p>\n\t\t\t\t<img decoding=\"async\" src=\"https:\/\/www.photoweb.fr\/espaces\/magazine\/wp-content\/uploads\/2017\/06\/marque-place-soiree-a-theme-850x638.jpg\" alt=\"soir\u00e9e \u00e0 th\u00e8me\" itemprop=\"image\" title=\"soir\u00e9e \u00e0 th\u00e8me\" onerror=\"this.style.display='none'\"  \/>\n\t<h2>L&rsquo;annonce d&rsquo;un heureux \u00e9v\u00e9nement<\/h2>\n<p>Vous allez annoncer une jolie nouvelle, vous \u00eates enceinte ? Imprimez la photo de votre premi\u00e8re \u00e9chographie avec le sexe du b\u00e9b\u00e9, retournez les au verso pour faire durer le suspense et d\u00e9couvrez les r\u00e9actions une fois \u00e0 table.<\/p>\n\t<h2>Une Baby Shower<\/h2>\n<p>Pr\u00e9parez un petit souvenir pour chacune de vos copines pour les remercier de leur pr\u00e9sence \u00e0 votre Baby Shower avec un marque-place personnalis\u00e9 sp\u00e9cial b\u00e9b\u00e9.<\/p>\n\t\t\t\t<img loading=\"lazy\" decoding=\"async\" src=\"https:\/\/www.photoweb.fr\/espaces\/magazine\/wp-content\/uploads\/2017\/07\/creation-marque-page-800x600.jpg\" alt=\"creation marque page\" itemprop=\"image\" height=\"600\" width=\"800\" title=\"creation marque page\" onerror=\"this.style.display='none'\"  \/>\n\t<h2>L&rsquo;anniversaire de votre petit bout<\/h2>\n<p>La table d&rsquo;anniversaire de votre enfant est pr\u00eate, il ne vous manque plus que vos marque-places et chacun y trouvera sa place au moment de souffler les bougies !<\/p>\n\t1.2.3.\nimprimez&#8239;!\n\t\t\t\t<a href=\"https:\/\/www.photoweb.fr\/tirage-photo-retro\" target=\"_blank\" rel=\"noopener\" itemprop=\"url\">\n\t\t\t\t<img loading=\"lazy\" decoding=\"async\" src=\"https:\/\/www.photoweb.fr\/espaces\/magazine\/wp-content\/uploads\/2025\/11\/Tirages-retro.png\" alt=\"Tirages r\u00e9tro\" itemprop=\"image\" height=\"600\" width=\"600\" title=\"Tirages r\u00e9tro\" onerror=\"this.style.display='none'\"  \/>\n\t\t\t\t<\/a>\n\t<a href=\"https:\/\/www.photoweb.fr\/tirage-photo-retro\">\ncr\u00e9er mes tirages r\u00e9tro<\/a>\n\n","protected":false},"excerpt":{"rendered":"<p>Il y a les f\u00eates de fin d\u2019ann\u00e9e mais pas seulement, pas besoin de pr\u00e9texte pour r\u00e9unir sa petite famille autour d\u2019un bon diner. Passer du temps avec les siens est, et sera \u00e9ternellement un instant que nous ch\u00e9rissons le plus dans notre vie. Les r\u00e9unions de famille sont toujours remplies de joie et de bonne humeur avec des retrouvailles partag\u00e9es entre petits et grands. <\/p>\n","protected":false},"author":21,"featured_media":1007,"comment_status":"open","ping_status":"open","sticky":false,"template":"single-standard.php","format":"standard","meta":{"footnotes":""},"categories":[5],"tags":[],"class_list":["post-19","post","type-post","status-publish","format-standard","has-post-thumbnail","hentry","category-carnet-de-tendances"],"yoast_head":"<!-- This site is optimized with the Yoast SEO plugin v20.3 - https:\/\/yoast.com\/wordpress\/plugins\/seo\/ -->\n<title>Cr\u00e9ez votre propre marque place 100% personnalis\u00e9<\/title>\n<meta name=\"description\" content=\"Cr\u00e9ez facilement un marque place tendance et personnalis\u00e9 pour vos convives. Une petite touche de d\u00e9coration parfaite pour vos prochains d\u00eeners.\" \/>\n<meta name=\"robots\" content=\"index, follow, max-snippet:-1, max-image-preview:large, max-video-preview:-1\" \/>\n<link rel=\"canonical\" href=\"https:\/\/www.photoweb.fr\/espaces\/magazine\/creez-marque-place-personnalise\/\" \/>\n<meta property=\"og:locale\" content=\"fr_FR\" \/>\n<meta property=\"og:type\" content=\"article\" \/>\n<meta property=\"og:title\" content=\"Cr\u00e9ez votre propre marque place 100% personnalis\u00e9\" \/>\n<meta property=\"og:description\" content=\"Cr\u00e9ez facilement un marque place tendance et personnalis\u00e9 pour vos convives. Une petite touche de d\u00e9coration parfaite pour vos prochains d\u00eeners.\" \/>\n<meta property=\"og:url\" content=\"https:\/\/www.photoweb.fr\/espaces\/magazine\/creez-marque-place-personnalise\/\" \/>\n<meta property=\"og:site_name\" content=\"Photoweb, le mag\" \/>\n<meta property=\"article:publisher\" content=\"https:\/\/fr-fr.facebook.com\/Photoweb.fr\/\" \/>\n<meta property=\"article:published_time\" content=\"2017-06-21T08:26:46+00:00\" \/>\n<meta property=\"article:modified_time\" content=\"2025-11-19T14:50:02+00:00\" \/>\n<meta property=\"og:image\" content=\"https:\/\/www.photoweb.fr\/espaces\/magazine\/wp-content\/uploads\/2017\/06\/marque-place-personnalise-plan-de-table.jpg\" \/>\n\t<meta property=\"og:image:width\" content=\"1200\" \/>\n\t<meta property=\"og:image:height\" content=\"900\" \/>\n\t<meta property=\"og:image:type\" content=\"image\/jpeg\" \/>\n<meta name=\"author\" content=\"melanie\" \/>\n<meta name=\"twitter:card\" content=\"summary_large_image\" \/>\n<meta name=\"twitter:creator\" content=\"@Photoweb_fr\" \/>\n<meta name=\"twitter:site\" content=\"@Photoweb_fr\" \/>\n<meta name=\"twitter:label1\" content=\"\u00c9crit par\" \/>\n\t<meta name=\"twitter:data1\" content=\"melanie\" \/>\n\t<meta name=\"twitter:label2\" content=\"Dur\u00e9e de lecture estim\u00e9e\" \/>\n\t<meta name=\"twitter:data2\" content=\"4 minutes\" \/>\n<script type=\"application\/ld+json\" class=\"yoast-schema-graph\">{\"@context\":\"https:\/\/schema.org\",\"@graph\":[{\"@type\":\"Article\",\"@id\":\"https:\/\/www.photoweb.fr\/espaces\/magazine\/creez-marque-place-personnalise\/#article\",\"isPartOf\":{\"@id\":\"https:\/\/www.photoweb.fr\/espaces\/magazine\/creez-marque-place-personnalise\/\"},\"author\":{\"name\":\"melanie\",\"@id\":\"https:\/\/www.photoweb.fr\/espaces\/magazine\/#\/schema\/person\/111451a615bb7cbe790bf8b1d6b24391\"},\"headline\":\"Cr\u00e9ez votre propre marque place 100% personnalis\u00e9\",\"datePublished\":\"2017-06-21T08:26:46+00:00\",\"dateModified\":\"2025-11-19T14:50:02+00:00\",\"mainEntityOfPage\":{\"@id\":\"https:\/\/www.photoweb.fr\/espaces\/magazine\/creez-marque-place-personnalise\/\"},\"wordCount\":476,\"commentCount\":3,\"publisher\":{\"@id\":\"https:\/\/www.photoweb.fr\/espaces\/magazine\/#organization\"},\"articleSection\":[\"Carnet de tendance\"],\"inLanguage\":\"fr-FR\",\"potentialAction\":[{\"@type\":\"CommentAction\",\"name\":\"Comment\",\"target\":[\"https:\/\/www.photoweb.fr\/espaces\/magazine\/creez-marque-place-personnalise\/#respond\"]}]},{\"@type\":\"WebPage\",\"@id\":\"https:\/\/www.photoweb.fr\/espaces\/magazine\/creez-marque-place-personnalise\/\",\"url\":\"https:\/\/www.photoweb.fr\/espaces\/magazine\/creez-marque-place-personnalise\/\",\"name\":\"Cr\u00e9ez votre propre marque place 100% personnalis\u00e9\",\"isPartOf\":{\"@id\":\"https:\/\/www.photoweb.fr\/espaces\/magazine\/#website\"},\"datePublished\":\"2017-06-21T08:26:46+00:00\",\"dateModified\":\"2025-11-19T14:50:02+00:00\",\"description\":\"Cr\u00e9ez facilement un marque place tendance et personnalis\u00e9 pour vos convives. Une petite touche de d\u00e9coration parfaite pour vos prochains d\u00eeners.\",\"breadcrumb\":{\"@id\":\"https:\/\/www.photoweb.fr\/espaces\/magazine\/creez-marque-place-personnalise\/#breadcrumb\"},\"inLanguage\":\"fr-FR\",\"potentialAction\":[{\"@type\":\"ReadAction\",\"target\":[\"https:\/\/www.photoweb.fr\/espaces\/magazine\/creez-marque-place-personnalise\/\"]}]},{\"@type\":\"BreadcrumbList\",\"@id\":\"https:\/\/www.photoweb.fr\/espaces\/magazine\/creez-marque-place-personnalise\/#breadcrumb\",\"itemListElement\":[{\"@type\":\"ListItem\",\"position\":1,\"name\":\"Accueil\",\"item\":\"https:\/\/www.photoweb.fr\/espaces\/magazine\/\"},{\"@type\":\"ListItem\",\"position\":2,\"name\":\"Carnet de tendance\",\"item\":\"https:\/\/www.photoweb.fr\/espaces\/magazine\/carnet-de-tendances\/\"},{\"@type\":\"ListItem\",\"position\":3,\"name\":\"Cr\u00e9ez votre propre marque place 100% personnalis\u00e9\"}]},{\"@type\":\"WebSite\",\"@id\":\"https:\/\/www.photoweb.fr\/espaces\/magazine\/#website\",\"url\":\"https:\/\/www.photoweb.fr\/espaces\/magazine\/\",\"name\":\"Photoweb, le mag\",\"description\":\"Le magazine de Photoweb\",\"publisher\":{\"@id\":\"https:\/\/www.photoweb.fr\/espaces\/magazine\/#organization\"},\"potentialAction\":[{\"@type\":\"SearchAction\",\"target\":{\"@type\":\"EntryPoint\",\"urlTemplate\":\"https:\/\/www.photoweb.fr\/espaces\/magazine\/?s={search_term_string}\"},\"query-input\":\"required name=search_term_string\"}],\"inLanguage\":\"fr-FR\"},{\"@type\":\"Organization\",\"@id\":\"https:\/\/www.photoweb.fr\/espaces\/magazine\/#organization\",\"name\":\"Photoweb\",\"url\":\"https:\/\/www.photoweb.fr\/espaces\/magazine\/\",\"logo\":{\"@type\":\"ImageObject\",\"inLanguage\":\"fr-FR\",\"@id\":\"https:\/\/www.photoweb.fr\/espaces\/magazine\/#\/schema\/logo\/image\/\",\"url\":\"https:\/\/www.photoweb.fr\/espaces\/magazine\/wp-content\/uploads\/2021\/02\/Logo-Photoweb.jpg\",\"contentUrl\":\"https:\/\/www.photoweb.fr\/espaces\/magazine\/wp-content\/uploads\/2021\/02\/Logo-Photoweb.jpg\",\"width\":780,\"height\":456,\"caption\":\"Photoweb\"},\"image\":{\"@id\":\"https:\/\/www.photoweb.fr\/espaces\/magazine\/#\/schema\/logo\/image\/\"},\"sameAs\":[\"https:\/\/fr-fr.facebook.com\/Photoweb.fr\/\",\"https:\/\/twitter.com\/Photoweb_fr\",\"https:\/\/www.instagram.com\/photowebfr\/\",\"https:\/\/www.linkedin.com\/company\/347094\/\",\"https:\/\/www.pinterest.fr\/inspirationsphotoweb\/_created\/\",\"https:\/\/www.youtube.com\/channel\/UCtcVmTvkAzKQLVkiwfOm8sg\"]},{\"@type\":\"Person\",\"@id\":\"https:\/\/www.photoweb.fr\/espaces\/magazine\/#\/schema\/person\/111451a615bb7cbe790bf8b1d6b24391\",\"name\":\"melanie\"}]}<\/script>\n<!-- \/ Yoast SEO plugin. -->","yoast_head_json":{"title":"Cr\u00e9ez votre propre marque place 100% personnalis\u00e9","description":"Cr\u00e9ez facilement un marque place tendance et personnalis\u00e9 pour vos convives. Une petite touche de d\u00e9coration parfaite pour vos prochains d\u00eeners.","robots":{"index":"index","follow":"follow","max-snippet":"max-snippet:-1","max-image-preview":"max-image-preview:large","max-video-preview":"max-video-preview:-1"},"canonical":"https:\/\/www.photoweb.fr\/espaces\/magazine\/creez-marque-place-personnalise\/","og_locale":"fr_FR","og_type":"article","og_title":"Cr\u00e9ez votre propre marque place 100% personnalis\u00e9","og_description":"Cr\u00e9ez facilement un marque place tendance et personnalis\u00e9 pour vos convives. Une petite touche de d\u00e9coration parfaite pour vos prochains d\u00eeners.","og_url":"https:\/\/www.photoweb.fr\/espaces\/magazine\/creez-marque-place-personnalise\/","og_site_name":"Photoweb, le mag","article_publisher":"https:\/\/fr-fr.facebook.com\/Photoweb.fr\/","article_published_time":"2017-06-21T08:26:46+00:00","article_modified_time":"2025-11-19T14:50:02+00:00","og_image":[{"width":1200,"height":900,"url":"https:\/\/www.photoweb.fr\/espaces\/magazine\/wp-content\/uploads\/2017\/06\/marque-place-personnalise-plan-de-table.jpg","type":"image\/jpeg"}],"author":"melanie","twitter_card":"summary_large_image","twitter_creator":"@Photoweb_fr","twitter_site":"@Photoweb_fr","twitter_misc":{"\u00c9crit par":"melanie","Dur\u00e9e de lecture estim\u00e9e":"4 minutes"},"schema":{"@context":"https:\/\/schema.org","@graph":[{"@type":"Article","@id":"https:\/\/www.photoweb.fr\/espaces\/magazine\/creez-marque-place-personnalise\/#article","isPartOf":{"@id":"https:\/\/www.photoweb.fr\/espaces\/magazine\/creez-marque-place-personnalise\/"},"author":{"name":"melanie","@id":"https:\/\/www.photoweb.fr\/espaces\/magazine\/#\/schema\/person\/111451a615bb7cbe790bf8b1d6b24391"},"headline":"Cr\u00e9ez votre propre marque place 100% personnalis\u00e9","datePublished":"2017-06-21T08:26:46+00:00","dateModified":"2025-11-19T14:50:02+00:00","mainEntityOfPage":{"@id":"https:\/\/www.photoweb.fr\/espaces\/magazine\/creez-marque-place-personnalise\/"},"wordCount":476,"commentCount":3,"publisher":{"@id":"https:\/\/www.photoweb.fr\/espaces\/magazine\/#organization"},"articleSection":["Carnet de tendance"],"inLanguage":"fr-FR","potentialAction":[{"@type":"CommentAction","name":"Comment","target":["https:\/\/www.photoweb.fr\/espaces\/magazine\/creez-marque-place-personnalise\/#respond"]}]},{"@type":"WebPage","@id":"https:\/\/www.photoweb.fr\/espaces\/magazine\/creez-marque-place-personnalise\/","url":"https:\/\/www.photoweb.fr\/espaces\/magazine\/creez-marque-place-personnalise\/","name":"Cr\u00e9ez votre propre marque place 100% personnalis\u00e9","isPartOf":{"@id":"https:\/\/www.photoweb.fr\/espaces\/magazine\/#website"},"datePublished":"2017-06-21T08:26:46+00:00","dateModified":"2025-11-19T14:50:02+00:00","description":"Cr\u00e9ez facilement un marque place tendance et personnalis\u00e9 pour vos convives. Une petite touche de d\u00e9coration parfaite pour vos prochains d\u00eeners.","breadcrumb":{"@id":"https:\/\/www.photoweb.fr\/espaces\/magazine\/creez-marque-place-personnalise\/#breadcrumb"},"inLanguage":"fr-FR","potentialAction":[{"@type":"ReadAction","target":["https:\/\/www.photoweb.fr\/espaces\/magazine\/creez-marque-place-personnalise\/"]}]},{"@type":"BreadcrumbList","@id":"https:\/\/www.photoweb.fr\/espaces\/magazine\/creez-marque-place-personnalise\/#breadcrumb","itemListElement":[{"@type":"ListItem","position":1,"name":"Accueil","item":"https:\/\/www.photoweb.fr\/espaces\/magazine\/"},{"@type":"ListItem","position":2,"name":"Carnet de tendance","item":"https:\/\/www.photoweb.fr\/espaces\/magazine\/carnet-de-tendances\/"},{"@type":"ListItem","position":3,"name":"Cr\u00e9ez votre propre marque place 100% personnalis\u00e9"}]},{"@type":"WebSite","@id":"https:\/\/www.photoweb.fr\/espaces\/magazine\/#website","url":"https:\/\/www.photoweb.fr\/espaces\/magazine\/","name":"Photoweb, le mag","description":"Le magazine de Photoweb","publisher":{"@id":"https:\/\/www.photoweb.fr\/espaces\/magazine\/#organization"},"potentialAction":[{"@type":"SearchAction","target":{"@type":"EntryPoint","urlTemplate":"https:\/\/www.photoweb.fr\/espaces\/magazine\/?s={search_term_string}"},"query-input":"required name=search_term_string"}],"inLanguage":"fr-FR"},{"@type":"Organization","@id":"https:\/\/www.photoweb.fr\/espaces\/magazine\/#organization","name":"Photoweb","url":"https:\/\/www.photoweb.fr\/espaces\/magazine\/","logo":{"@type":"ImageObject","inLanguage":"fr-FR","@id":"https:\/\/www.photoweb.fr\/espaces\/magazine\/#\/schema\/logo\/image\/","url":"https:\/\/www.photoweb.fr\/espaces\/magazine\/wp-content\/uploads\/2021\/02\/Logo-Photoweb.jpg","contentUrl":"https:\/\/www.photoweb.fr\/espaces\/magazine\/wp-content\/uploads\/2021\/02\/Logo-Photoweb.jpg","width":780,"height":456,"caption":"Photoweb"},"image":{"@id":"https:\/\/www.photoweb.fr\/espaces\/magazine\/#\/schema\/logo\/image\/"},"sameAs":["https:\/\/fr-fr.facebook.com\/Photoweb.fr\/","https:\/\/twitter.com\/Photoweb_fr","https:\/\/www.instagram.com\/photowebfr\/","https:\/\/www.linkedin.com\/company\/347094\/","https:\/\/www.pinterest.fr\/inspirationsphotoweb\/_created\/","https:\/\/www.youtube.com\/channel\/UCtcVmTvkAzKQLVkiwfOm8sg"]},{"@type":"Person","@id":"https:\/\/www.photoweb.fr\/espaces\/magazine\/#\/schema\/person\/111451a615bb7cbe790bf8b1d6b24391","name":"melanie"}]}},"acf":[],"_links":{"self":[{"href":"https:\/\/www.photoweb.fr\/espaces\/magazine\/wp-json\/wp\/v2\/posts\/19","targetHints":{"allow":["GET"]}}],"collection":[{"href":"https:\/\/www.photoweb.fr\/espaces\/magazine\/wp-json\/wp\/v2\/posts"}],"about":[{"href":"https:\/\/www.photoweb.fr\/espaces\/magazine\/wp-json\/wp\/v2\/types\/post"}],"author":[{"embeddable":true,"href":"https:\/\/www.photoweb.fr\/espaces\/magazine\/wp-json\/wp\/v2\/users\/21"}],"replies":[{"embeddable":true,"href":"https:\/\/www.photoweb.fr\/espaces\/magazine\/wp-json\/wp\/v2\/comments?post=19"}],"version-history":[{"count":6,"href":"https:\/\/www.photoweb.fr\/espaces\/magazine\/wp-json\/wp\/v2\/posts\/19\/revisions"}],"predecessor-version":[{"id":14465,"href":"https:\/\/www.photoweb.fr\/espaces\/magazine\/wp-json\/wp\/v2\/posts\/19\/revisions\/14465"}],"wp:featuredmedia":[{"embeddable":true,"href":"https:\/\/www.photoweb.fr\/espaces\/magazine\/wp-json\/wp\/v2\/media\/1007"}],"wp:attachment":[{"href":"https:\/\/www.photoweb.fr\/espaces\/magazine\/wp-json\/wp\/v2\/media?parent=19"}],"wp:term":[{"taxonomy":"category","embeddable":true,"href":"https:\/\/www.photoweb.fr\/espaces\/magazine\/wp-json\/wp\/v2\/categories?post=19"},{"taxonomy":"post_tag","embeddable":true,"href":"https:\/\/www.photoweb.fr\/espaces\/magazine\/wp-json\/wp\/v2\/tags?post=19"}],"curies":[{"name":"wp","href":"https:\/\/api.w.org\/{rel}","templated":true}]}}