{"id":1982,"date":"2017-10-23T11:06:08","date_gmt":"2017-10-23T11:06:08","guid":{"rendered":"https:\/\/www.photoweb.fr\/espaces\/magazine\/magazine\/?p=1982"},"modified":"2019-10-17T10:03:48","modified_gmt":"2019-10-17T10:03:48","slug":"calendrier-photo-pas-cher-2020-monopage","status":"publish","type":"post","link":"https:\/\/www.photoweb.fr\/espaces\/magazine\/calendrier-photo-pas-cher-2020-monopage\/","title":{"rendered":"Calendrier photo pas cher 2020 : optez pour le calendrier monopage"},"content":{"rendered":"<p>Votre c\u00f4t\u00e9 organisateur(rice) et cr\u00e9atif vous am\u00e8ne \u00e0 penser qu\u2019il serait sympa de confectionner un calendrier pour l\u2019ann\u00e9e \u00e0 venir. Vous \u00eates cependant \u00e0 la recherche d\u2019une solution peu on\u00e9reuse que vous pourrez offrir \u00e0 vos proches ou garder personnellement chez vous. Cette motivation de faire un <a href=\"https:\/\/www.photoweb.fr\/calendrier-photo\/bureau-mensuel\">calendrier photo pas cher<\/a> 2020 peut se concr\u00e9tiser au moyen du calendrier photo monopage. Voici quelques infos utiles avant de se lancer !<\/p>\n<h2><strong>Le calendrier monopage, c\u2019est quoi ?<\/strong><\/h2>\n<p>Pour les petits budgets, le calendrier photo pas cher 2020 par excellence est le calendrier photo monopage. Compos\u00e9 d\u2019une seule et unique page, il vous permet de voir en un clin d\u2019\u0153il comment l\u2019ann\u00e9e 2020 sera structur\u00e9e : mois, semaines, jours\u2026 Ce format est donc parfait pour des petites annotations organisationnelles comme noter les RDV, les anniversaires, les vacances\u2026<\/p>\n<p>C\u00f4t\u00e9 support, il contient une seule photo (imprim\u00e9e sur du papier argentique). Il vaut mieux alors prendre le temps de bien la choisir ! Une image peut exprimer \u00e0 elle seule de nombreuses \u00e9motions. Recentrez-vous donc sur l\u2019essentiel.<\/p>\n<h2><strong>Jusqu\u2019\u00e0 4 tailles au choix<\/strong><\/h2>\n<p>En vous lan\u00e7ant dans la cr\u00e9ation du calendrier photo pas cher 2020 monopage, vous avez le choix entre 4 dimensions en fonction de vos besoins : 15 x 20, 20 x 27, 30 x 40 et 50 x 66 cm.<\/p>\n<p>Si c\u2019est pour l\u2019afficher au mur, il est conseill\u00e9 d\u2019opter pour une grande taille, soit 30 x 40 ou 50 x 66 cm. Ce sera visuellement plus esth\u00e9tique et lisible. Les autres tailles sont plut\u00f4t adapt\u00e9es pour un affichage sur frigo ou \u00e0 c\u00f4t\u00e9 d\u2019un bureau. Ce ne sont que des suggestions car il n\u2019y a au fond pas de r\u00e8gles, \u00e0 vous de juger en fonction de vos pr\u00e9f\u00e9rences et surtout envies !<\/p>\n<p>\t\u201c <\/p>\n<p>\u00ab Au lieu de regarder le temps qui passe,<br \/>\nIl vaut mieux l&rsquo;utiliser. \u00bb<\/p>\n<p>N. Meftah<\/p>\n<p>\t\u201c <\/p>\n<h2><strong>A offrir ou \u00e0 garder pour soi !<\/strong><\/h2>\n<p>Comme le titre l\u2019indique, un <a href=\"https:\/\/www.photoweb.fr\/calendrier-photo\/monopage\">calendrier photo monopage<\/a> peut tout aussi bien faire l\u2019objet d\u2019un cadeau \u00e0 offrir car \u00e9tant 100% personnalis\u00e9, il fera plaisir \u00e0 tous les coups. Si vous voulez faire dans l\u2019original, vous \u00eates \u00e9galement bien tomb\u00e9. On ne s\u2019attend g\u00e9n\u00e9ralement pas \u00e0 ce genre de pr\u00e9sent alors surprenez vos proches !<\/p>\n<p>Rien ne vous emp\u00eache de confectionner votre propre <a href=\"https:\/\/www.photoweb.fr\/espaces\/magazine\/magazine\/calendrier-2020-pourquoi-en-avoir-un\/\">calendrier 2020<\/a>. Apr\u00e8s tout, il faut aussi savoir se faire plaisir de temps en temps !<\/p>\n<p>Sachez aussi qu\u2019une grande cr\u00e9ativit\u00e9 n\u2019est pas demand\u00e9e, tant que vous s\u00e9lectionnez avec amour la photo qui caract\u00e9risera votre <a href=\"https:\/\/www.photoweb.fr\/calendrier-photo\/A4-double\">calendrier personnalis\u00e9<\/a> pas cher 2020.<\/p>\n<p>\t\t\t\t<img loading=\"lazy\" decoding=\"async\" src=\"https:\/\/www.photoweb.fr\/espaces\/magazine\/wp-content\/uploads\/2017\/10\/calendrier-photo-pas-cher-2018-2.jpg\" alt=\"calendrier photo pas cher 2018\" height=\"1280\" width=\"1920\" title=\"calendrier photo pas cher 2018\" \/><\/p>\n<h2><strong>Calendrier photo pas cher 2020 : des prix d\u00e9fiants toute concurrence<\/strong><\/h2>\n<p>Vous trouverez le <a href=\"https:\/\/www.photoweb.fr\/calendrier-photo\/bureau-mensuel\">calendrier photo pas cher<\/a> 2020 monopage \u00e0 partir de 3,95\u20ac. A ce prix-l\u00e0, vous pouvez en faire un pour toute la famille pour la f\u00eate de No\u00ebl par exemple !<\/p>\n<p>Son petit +<\/p>\n<p>De nombreux th\u00e8mes existent, \u00e0 vous de trouver le v\u00f4tre !<br \/>\nEt en plus, il peut \u00eatre cr\u00e9\u00e9 soit \u00e0 l&rsquo;horizontal, soit \u00e0 la vertical !<\/p>\n<p>&nbsp;<\/p>\n<p>1.2.3.<br \/>\n<\/br>imprimez&#8239;!<\/p>\n<p>\t\t\t\t<a href=\"https:\/\/www.photoweb.fr\/calendrier-photo\/monopage\" target=\"_blank\" rel=\"noopener\"><br \/>\n\t\t\t\t<img loading=\"lazy\" decoding=\"async\" src=\"https:\/\/www.photoweb.fr\/espaces\/magazine\/wp-content\/uploads\/2017\/10\/calendrier-A4-papier-photo-photoweb.jpg\" alt=\"calendrier photo\" height=\"600\" width=\"600\" title=\"calendrier photo\" \/><br \/>\n\t\t\t\t<\/a><br \/>\n\t<a href=\"https:\/\/www.photoweb.fr\/calendrier-photo\/monopage\"><br \/>\ncr\u00e9er mon calendrier<\/a><\/p>\n","protected":false},"excerpt":{"rendered":"<p>Vous \u00eates cr\u00e9atif et plut\u00f4t organis\u00e9. Confectionner un calendrier pour l\u2019ann\u00e9e \u00e0 venir vous semble donc \u00eatre une id\u00e9e sympathique. Par contre, vous \u00eates \u00e0 la recherche d\u2019une solution peu co\u00fbteuse pour offrir \u00e0 vos proches ou garder chez vous personnellement (vous avez aussi le droit non ?). Faire un calendrier photo pas cher 2020 de qualit\u00e9 est pour vous une motivation certaine et peut tr\u00e8s bien voir le jour sur Photoweb.fr gr\u00e2ce au calendrier photo monopage. Compos\u00e9 d\u2019une seule et unique page, ce petit outil organisationnel vous plonge dans une ann\u00e9e, ses mois, semaines et jours pour apposer toute sorte d\u2019annotations : rendez-vous m\u00e9dicaux, divers, anniversaires, vacances\u2026 Il est propos\u00e9 dans plusieurs dimensions, 4 pr\u00e9cis\u00e9ment, pour tous les besoins. Pour moins de 4\u20ac, cr\u00e9ez \u00e0 volont\u00e9 vos calendriers photo en plusieurs exemplaires, qu\u2019ils soient similaires ou diff\u00e9rents. Veillez par contre \u00e0 bien choisir la photo qui fera office d\u2019\u00ab univers \u00bb pour le calendrier photo monopage. En effet, une seule image est possible \u00e0 la fois\u2026 Ayez le coup de c\u0153ur et lancez-vous !<\/p>\n","protected":false},"author":21,"featured_media":2272,"comment_status":"open","ping_status":"open","sticky":false,"template":"single-standard.php","format":"standard","meta":{"footnotes":""},"categories":[5],"tags":[],"class_list":["post-1982","post","type-post","status-publish","format-standard","has-post-thumbnail","hentry","category-carnet-de-tendances"],"yoast_head":"<!-- This site is optimized with the Yoast SEO plugin v20.3 - https:\/\/yoast.com\/wordpress\/plugins\/seo\/ -->\n<title>Calendrier photo pas cher 2020 : optez pour le calendrier monopage<\/title>\n<meta name=\"description\" content=\"Vous \u00eates \u00e0 la recherche d\u2019un calendrier photo pas cher 2020 ? Optez alors pour le calendrier monopage pour vous organiser l\u2019ann\u00e9e \u00e0 venir !\" \/>\n<meta name=\"robots\" content=\"index, follow, max-snippet:-1, max-image-preview:large, max-video-preview:-1\" \/>\n<link rel=\"canonical\" href=\"https:\/\/www.photoweb.fr\/espaces\/magazine\/calendrier-photo-pas-cher-2020-monopage\/\" \/>\n<meta property=\"og:locale\" content=\"fr_FR\" \/>\n<meta property=\"og:type\" content=\"article\" \/>\n<meta property=\"og:title\" content=\"Calendrier photo pas cher 2020 : optez pour le calendrier monopage\" \/>\n<meta property=\"og:description\" content=\"Vous \u00eates \u00e0 la recherche d\u2019un calendrier photo pas cher 2020 ? Optez alors pour le calendrier monopage pour vous organiser l\u2019ann\u00e9e \u00e0 venir !\" \/>\n<meta property=\"og:url\" content=\"https:\/\/www.photoweb.fr\/espaces\/magazine\/calendrier-photo-pas-cher-2020-monopage\/\" \/>\n<meta property=\"og:site_name\" content=\"Photoweb, le mag\" \/>\n<meta property=\"article:publisher\" content=\"https:\/\/fr-fr.facebook.com\/Photoweb.fr\/\" \/>\n<meta property=\"article:published_time\" content=\"2017-10-23T11:06:08+00:00\" \/>\n<meta property=\"article:modified_time\" content=\"2019-10-17T10:03:48+00:00\" \/>\n<meta property=\"og:image\" content=\"https:\/\/www.photoweb.fr\/espaces\/magazine\/wp-content\/uploads\/2017\/10\/calendrier-photo-pas-cher-1200x900.png\" \/>\n\t<meta property=\"og:image:width\" content=\"1200\" \/>\n\t<meta property=\"og:image:height\" content=\"900\" \/>\n\t<meta property=\"og:image:type\" content=\"image\/png\" \/>\n<meta name=\"author\" content=\"melanie\" \/>\n<meta name=\"twitter:card\" content=\"summary_large_image\" \/>\n<meta name=\"twitter:creator\" content=\"@Photoweb_fr\" \/>\n<meta name=\"twitter:site\" content=\"@Photoweb_fr\" \/>\n<meta name=\"twitter:label1\" content=\"\u00c9crit par\" \/>\n\t<meta name=\"twitter:data1\" content=\"melanie\" \/>\n\t<meta name=\"twitter:label2\" content=\"Dur\u00e9e de lecture estim\u00e9e\" \/>\n\t<meta name=\"twitter:data2\" content=\"2 minutes\" \/>\n<script type=\"application\/ld+json\" class=\"yoast-schema-graph\">{\"@context\":\"https:\/\/schema.org\",\"@graph\":[{\"@type\":\"Article\",\"@id\":\"https:\/\/www.photoweb.fr\/espaces\/magazine\/calendrier-photo-pas-cher-2020-monopage\/#article\",\"isPartOf\":{\"@id\":\"https:\/\/www.photoweb.fr\/espaces\/magazine\/calendrier-photo-pas-cher-2020-monopage\/\"},\"author\":{\"name\":\"melanie\",\"@id\":\"https:\/\/www.photoweb.fr\/espaces\/magazine\/#\/schema\/person\/111451a615bb7cbe790bf8b1d6b24391\"},\"headline\":\"Calendrier photo pas cher 2020 : optez pour le calendrier monopage\",\"datePublished\":\"2017-10-23T11:06:08+00:00\",\"dateModified\":\"2019-10-17T10:03:48+00:00\",\"mainEntityOfPage\":{\"@id\":\"https:\/\/www.photoweb.fr\/espaces\/magazine\/calendrier-photo-pas-cher-2020-monopage\/\"},\"wordCount\":506,\"commentCount\":0,\"publisher\":{\"@id\":\"https:\/\/www.photoweb.fr\/espaces\/magazine\/#organization\"},\"articleSection\":[\"Carnet de tendance\"],\"inLanguage\":\"fr-FR\",\"potentialAction\":[{\"@type\":\"CommentAction\",\"name\":\"Comment\",\"target\":[\"https:\/\/www.photoweb.fr\/espaces\/magazine\/calendrier-photo-pas-cher-2020-monopage\/#respond\"]}]},{\"@type\":\"WebPage\",\"@id\":\"https:\/\/www.photoweb.fr\/espaces\/magazine\/calendrier-photo-pas-cher-2020-monopage\/\",\"url\":\"https:\/\/www.photoweb.fr\/espaces\/magazine\/calendrier-photo-pas-cher-2020-monopage\/\",\"name\":\"Calendrier photo pas cher 2020 : optez pour le calendrier monopage\",\"isPartOf\":{\"@id\":\"https:\/\/www.photoweb.fr\/espaces\/magazine\/#website\"},\"datePublished\":\"2017-10-23T11:06:08+00:00\",\"dateModified\":\"2019-10-17T10:03:48+00:00\",\"description\":\"Vous \u00eates \u00e0 la recherche d\u2019un calendrier photo pas cher 2020 ? Optez alors pour le calendrier monopage pour vous organiser l\u2019ann\u00e9e \u00e0 venir !\",\"breadcrumb\":{\"@id\":\"https:\/\/www.photoweb.fr\/espaces\/magazine\/calendrier-photo-pas-cher-2020-monopage\/#breadcrumb\"},\"inLanguage\":\"fr-FR\",\"potentialAction\":[{\"@type\":\"ReadAction\",\"target\":[\"https:\/\/www.photoweb.fr\/espaces\/magazine\/calendrier-photo-pas-cher-2020-monopage\/\"]}]},{\"@type\":\"BreadcrumbList\",\"@id\":\"https:\/\/www.photoweb.fr\/espaces\/magazine\/calendrier-photo-pas-cher-2020-monopage\/#breadcrumb\",\"itemListElement\":[{\"@type\":\"ListItem\",\"position\":1,\"name\":\"Accueil\",\"item\":\"https:\/\/www.photoweb.fr\/espaces\/magazine\/\"},{\"@type\":\"ListItem\",\"position\":2,\"name\":\"Carnet de tendance\",\"item\":\"https:\/\/www.photoweb.fr\/espaces\/magazine\/carnet-de-tendances\/\"},{\"@type\":\"ListItem\",\"position\":3,\"name\":\"Calendrier photo pas cher 2020 : optez pour le calendrier monopage\"}]},{\"@type\":\"WebSite\",\"@id\":\"https:\/\/www.photoweb.fr\/espaces\/magazine\/#website\",\"url\":\"https:\/\/www.photoweb.fr\/espaces\/magazine\/\",\"name\":\"Photoweb, le mag\",\"description\":\"Le magazine de Photoweb\",\"publisher\":{\"@id\":\"https:\/\/www.photoweb.fr\/espaces\/magazine\/#organization\"},\"potentialAction\":[{\"@type\":\"SearchAction\",\"target\":{\"@type\":\"EntryPoint\",\"urlTemplate\":\"https:\/\/www.photoweb.fr\/espaces\/magazine\/?s={search_term_string}\"},\"query-input\":\"required name=search_term_string\"}],\"inLanguage\":\"fr-FR\"},{\"@type\":\"Organization\",\"@id\":\"https:\/\/www.photoweb.fr\/espaces\/magazine\/#organization\",\"name\":\"Photoweb\",\"url\":\"https:\/\/www.photoweb.fr\/espaces\/magazine\/\",\"logo\":{\"@type\":\"ImageObject\",\"inLanguage\":\"fr-FR\",\"@id\":\"https:\/\/www.photoweb.fr\/espaces\/magazine\/#\/schema\/logo\/image\/\",\"url\":\"https:\/\/www.photoweb.fr\/espaces\/magazine\/wp-content\/uploads\/2021\/02\/Logo-Photoweb.jpg\",\"contentUrl\":\"https:\/\/www.photoweb.fr\/espaces\/magazine\/wp-content\/uploads\/2021\/02\/Logo-Photoweb.jpg\",\"width\":780,\"height\":456,\"caption\":\"Photoweb\"},\"image\":{\"@id\":\"https:\/\/www.photoweb.fr\/espaces\/magazine\/#\/schema\/logo\/image\/\"},\"sameAs\":[\"https:\/\/fr-fr.facebook.com\/Photoweb.fr\/\",\"https:\/\/twitter.com\/Photoweb_fr\",\"https:\/\/www.instagram.com\/photowebfr\/\",\"https:\/\/www.linkedin.com\/company\/347094\/\",\"https:\/\/www.pinterest.fr\/inspirationsphotoweb\/_created\/\",\"https:\/\/www.youtube.com\/channel\/UCtcVmTvkAzKQLVkiwfOm8sg\"]},{\"@type\":\"Person\",\"@id\":\"https:\/\/www.photoweb.fr\/espaces\/magazine\/#\/schema\/person\/111451a615bb7cbe790bf8b1d6b24391\",\"name\":\"melanie\"}]}<\/script>\n<!-- \/ Yoast SEO plugin. -->","yoast_head_json":{"title":"Calendrier photo pas cher 2020 : optez pour le calendrier monopage","description":"Vous \u00eates \u00e0 la recherche d\u2019un calendrier photo pas cher 2020 ? Optez alors pour le calendrier monopage pour vous organiser l\u2019ann\u00e9e \u00e0 venir !","robots":{"index":"index","follow":"follow","max-snippet":"max-snippet:-1","max-image-preview":"max-image-preview:large","max-video-preview":"max-video-preview:-1"},"canonical":"https:\/\/www.photoweb.fr\/espaces\/magazine\/calendrier-photo-pas-cher-2020-monopage\/","og_locale":"fr_FR","og_type":"article","og_title":"Calendrier photo pas cher 2020 : optez pour le calendrier monopage","og_description":"Vous \u00eates \u00e0 la recherche d\u2019un calendrier photo pas cher 2020 ? Optez alors pour le calendrier monopage pour vous organiser l\u2019ann\u00e9e \u00e0 venir !","og_url":"https:\/\/www.photoweb.fr\/espaces\/magazine\/calendrier-photo-pas-cher-2020-monopage\/","og_site_name":"Photoweb, le mag","article_publisher":"https:\/\/fr-fr.facebook.com\/Photoweb.fr\/","article_published_time":"2017-10-23T11:06:08+00:00","article_modified_time":"2019-10-17T10:03:48+00:00","og_image":[{"width":1200,"height":900,"url":"https:\/\/www.photoweb.fr\/espaces\/magazine\/wp-content\/uploads\/2017\/10\/calendrier-photo-pas-cher-1200x900.png","type":"image\/png"}],"author":"melanie","twitter_card":"summary_large_image","twitter_creator":"@Photoweb_fr","twitter_site":"@Photoweb_fr","twitter_misc":{"\u00c9crit par":"melanie","Dur\u00e9e de lecture estim\u00e9e":"2 minutes"},"schema":{"@context":"https:\/\/schema.org","@graph":[{"@type":"Article","@id":"https:\/\/www.photoweb.fr\/espaces\/magazine\/calendrier-photo-pas-cher-2020-monopage\/#article","isPartOf":{"@id":"https:\/\/www.photoweb.fr\/espaces\/magazine\/calendrier-photo-pas-cher-2020-monopage\/"},"author":{"name":"melanie","@id":"https:\/\/www.photoweb.fr\/espaces\/magazine\/#\/schema\/person\/111451a615bb7cbe790bf8b1d6b24391"},"headline":"Calendrier photo pas cher 2020 : optez pour le calendrier monopage","datePublished":"2017-10-23T11:06:08+00:00","dateModified":"2019-10-17T10:03:48+00:00","mainEntityOfPage":{"@id":"https:\/\/www.photoweb.fr\/espaces\/magazine\/calendrier-photo-pas-cher-2020-monopage\/"},"wordCount":506,"commentCount":0,"publisher":{"@id":"https:\/\/www.photoweb.fr\/espaces\/magazine\/#organization"},"articleSection":["Carnet de tendance"],"inLanguage":"fr-FR","potentialAction":[{"@type":"CommentAction","name":"Comment","target":["https:\/\/www.photoweb.fr\/espaces\/magazine\/calendrier-photo-pas-cher-2020-monopage\/#respond"]}]},{"@type":"WebPage","@id":"https:\/\/www.photoweb.fr\/espaces\/magazine\/calendrier-photo-pas-cher-2020-monopage\/","url":"https:\/\/www.photoweb.fr\/espaces\/magazine\/calendrier-photo-pas-cher-2020-monopage\/","name":"Calendrier photo pas cher 2020 : optez pour le calendrier monopage","isPartOf":{"@id":"https:\/\/www.photoweb.fr\/espaces\/magazine\/#website"},"datePublished":"2017-10-23T11:06:08+00:00","dateModified":"2019-10-17T10:03:48+00:00","description":"Vous \u00eates \u00e0 la recherche d\u2019un calendrier photo pas cher 2020 ? Optez alors pour le calendrier monopage pour vous organiser l\u2019ann\u00e9e \u00e0 venir !","breadcrumb":{"@id":"https:\/\/www.photoweb.fr\/espaces\/magazine\/calendrier-photo-pas-cher-2020-monopage\/#breadcrumb"},"inLanguage":"fr-FR","potentialAction":[{"@type":"ReadAction","target":["https:\/\/www.photoweb.fr\/espaces\/magazine\/calendrier-photo-pas-cher-2020-monopage\/"]}]},{"@type":"BreadcrumbList","@id":"https:\/\/www.photoweb.fr\/espaces\/magazine\/calendrier-photo-pas-cher-2020-monopage\/#breadcrumb","itemListElement":[{"@type":"ListItem","position":1,"name":"Accueil","item":"https:\/\/www.photoweb.fr\/espaces\/magazine\/"},{"@type":"ListItem","position":2,"name":"Carnet de tendance","item":"https:\/\/www.photoweb.fr\/espaces\/magazine\/carnet-de-tendances\/"},{"@type":"ListItem","position":3,"name":"Calendrier photo pas cher 2020 : optez pour le calendrier monopage"}]},{"@type":"WebSite","@id":"https:\/\/www.photoweb.fr\/espaces\/magazine\/#website","url":"https:\/\/www.photoweb.fr\/espaces\/magazine\/","name":"Photoweb, le mag","description":"Le magazine de Photoweb","publisher":{"@id":"https:\/\/www.photoweb.fr\/espaces\/magazine\/#organization"},"potentialAction":[{"@type":"SearchAction","target":{"@type":"EntryPoint","urlTemplate":"https:\/\/www.photoweb.fr\/espaces\/magazine\/?s={search_term_string}"},"query-input":"required name=search_term_string"}],"inLanguage":"fr-FR"},{"@type":"Organization","@id":"https:\/\/www.photoweb.fr\/espaces\/magazine\/#organization","name":"Photoweb","url":"https:\/\/www.photoweb.fr\/espaces\/magazine\/","logo":{"@type":"ImageObject","inLanguage":"fr-FR","@id":"https:\/\/www.photoweb.fr\/espaces\/magazine\/#\/schema\/logo\/image\/","url":"https:\/\/www.photoweb.fr\/espaces\/magazine\/wp-content\/uploads\/2021\/02\/Logo-Photoweb.jpg","contentUrl":"https:\/\/www.photoweb.fr\/espaces\/magazine\/wp-content\/uploads\/2021\/02\/Logo-Photoweb.jpg","width":780,"height":456,"caption":"Photoweb"},"image":{"@id":"https:\/\/www.photoweb.fr\/espaces\/magazine\/#\/schema\/logo\/image\/"},"sameAs":["https:\/\/fr-fr.facebook.com\/Photoweb.fr\/","https:\/\/twitter.com\/Photoweb_fr","https:\/\/www.instagram.com\/photowebfr\/","https:\/\/www.linkedin.com\/company\/347094\/","https:\/\/www.pinterest.fr\/inspirationsphotoweb\/_created\/","https:\/\/www.youtube.com\/channel\/UCtcVmTvkAzKQLVkiwfOm8sg"]},{"@type":"Person","@id":"https:\/\/www.photoweb.fr\/espaces\/magazine\/#\/schema\/person\/111451a615bb7cbe790bf8b1d6b24391","name":"melanie"}]}},"acf":[],"_links":{"self":[{"href":"https:\/\/www.photoweb.fr\/espaces\/magazine\/wp-json\/wp\/v2\/posts\/1982","targetHints":{"allow":["GET"]}}],"collection":[{"href":"https:\/\/www.photoweb.fr\/espaces\/magazine\/wp-json\/wp\/v2\/posts"}],"about":[{"href":"https:\/\/www.photoweb.fr\/espaces\/magazine\/wp-json\/wp\/v2\/types\/post"}],"author":[{"embeddable":true,"href":"https:\/\/www.photoweb.fr\/espaces\/magazine\/wp-json\/wp\/v2\/users\/21"}],"replies":[{"embeddable":true,"href":"https:\/\/www.photoweb.fr\/espaces\/magazine\/wp-json\/wp\/v2\/comments?post=1982"}],"version-history":[{"count":0,"href":"https:\/\/www.photoweb.fr\/espaces\/magazine\/wp-json\/wp\/v2\/posts\/1982\/revisions"}],"wp:featuredmedia":[{"embeddable":true,"href":"https:\/\/www.photoweb.fr\/espaces\/magazine\/wp-json\/wp\/v2\/media\/2272"}],"wp:attachment":[{"href":"https:\/\/www.photoweb.fr\/espaces\/magazine\/wp-json\/wp\/v2\/media?parent=1982"}],"wp:term":[{"taxonomy":"category","embeddable":true,"href":"https:\/\/www.photoweb.fr\/espaces\/magazine\/wp-json\/wp\/v2\/categories?post=1982"},{"taxonomy":"post_tag","embeddable":true,"href":"https:\/\/www.photoweb.fr\/espaces\/magazine\/wp-json\/wp\/v2\/tags?post=1982"}],"curies":[{"name":"wp","href":"https:\/\/api.w.org\/{rel}","templated":true}]}}