{"id":1987,"date":"2019-10-16T10:30:51","date_gmt":"2019-10-16T10:30:51","guid":{"rendered":"https:\/\/www.photoweb.fr\/espaces\/magazine\/magazine\/?p=1987"},"modified":"2022-06-22T13:47:20","modified_gmt":"2022-06-22T13:47:20","slug":"calendrier-2020-pourquoi-en-avoir-un","status":"publish","type":"post","link":"https:\/\/www.photoweb.fr\/espaces\/magazine\/calendrier-2020-pourquoi-en-avoir-un\/","title":{"rendered":"Calendrier 2020 : pourquoi avoir un calendrier 2020 chez soi"},"content":{"rendered":"\n<p>L\u2019ann\u00e9e 2018 touche bient\u00f4t \u00e0 sa fin, ce qui suppose le d\u00e9but d\u2019une toute nouvelle p\u00e9riode. Des mois, des semaines, des jours passent\u2026 d\u2019autres voient le jour. Nous appartenons donc \u00e0 un cycle temporel compos\u00e9 d\u2019\u00e9v\u00e8nements tant divers que vari\u00e9s, qu\u2019ils soient ponctuels, quotidiens, hebdomadaires, mensuels ou annuels. Vous sentez-vous donc capable de vous en rappeler ? Voici les raisons d\u2019avoir un <strong>calendrier 2020<\/strong> chez soi, car la m\u00e9moire ne fait simplement pas tout ! Et lorsque vous serez convaincu, venez d\u00e9couvrir nos <a href=\"https:\/\/www.photoweb.fr\/calendrier-photo\/listing\">calendriers photos<\/a> !<\/p>\n<h2>Calendrier 2020 : pour noter les anniversaires<\/h2>\n<p>Tout le monde f\u00eate son anniversaire chaque ann\u00e9e. Ce n\u2019est pas une grande nouvelle. Mais ne vous est-il jamais arriv\u00e9 d\u2019oublier la date d\u2019anniversaire d\u2019un proche ? A nous si, et nous ne sommes pas fiers de cet oubli\u2026 Peut-\u00eatre connaissez-vous d\u00e9j\u00e0 ce sentiment et vous cherchez un moyen de vous organiser pour ne plus jamais oublier. Pensez alors au <strong>calendrier 2020<\/strong>, pour que cette future ann\u00e9e soit la fin des non-dits ! C\u2019est simple et pratique, vous annotez dans les cases correspondantes le nom de la personne concern\u00e9e et comme \u00e7a, en plus de vous en rappeler tous les jours de la semaine d\u2019avant, vous y penserez m\u00eame <strong>le jour J<\/strong> !<\/p>\n<p>&nbsp;<\/p>\n<h2><strong>Calendrier 2020 : pour planifier vos rendez-vous<\/strong><\/h2>\n<p>Par rendez-vous, il est question de deux types, que vous pouvez s\u00e9parer au moyen de deux calendriers 2020. Vous aurez d\u2019un c\u00f4t\u00e9 vos rendez-vous personnels et de l\u2019autre vos RDV professionnels.<\/p>\n<p>S\u2019ils commencent \u00e0 \u00eatre nombreux, ne comptez pas sur votre m\u00e9moire pour vous rappeler du jour, de l\u2019heure, de la nature du RDV. M\u00eame avec une tr\u00e8s grande facult\u00e9 \u00e0 se rappeler des \u00e9v\u00e8nements, il ne vaut mieux pas prendre le risque de se m\u00e9langer les pinceaux.<\/p>\n<p>Avoir un <strong><a href=\"https:\/\/www.photoweb.fr\/calendrier-photo\/listing\">calendrier personnalis\u00e9<\/a> <\/strong>vous permettrait donc de renseigner les rendez-vous m\u00e9dicaux par exemple, administratifs, les d\u00eeners chez les amis, les sorties du week-end\u2026 Aussi, sur un second calendrier 2020 d\u00e9di\u00e9, que pensez-vous d\u2019annoter vos RDV pros si votre m\u00e9tier le permet ? Et pourquoi pas m\u00eame les entretiens d\u2019embauche si vous \u00eates \u00e0 la recherche d\u2019un emploi.<\/p>\n<p>&nbsp;<\/p>\n<p>\t\u201c <\/p>\n<p>\u00ab Toute la gestion du temps<br \/>\ncommence par la planification. \u00bb<\/p>\n<p>\t\u201c <\/p>\n<h2><strong>Calendrier 2020 : pour conna\u00eetre les p\u00e9riodes de vacances<\/strong><\/h2>\n<p>C\u2019est \u00e9vident car c\u2019est une des fonctions premi\u00e8res du calendrier 2020. Les dates relatives aux vacances scolaires diff\u00e8rent selon les ann\u00e9es et les r\u00e9gions. Que vous ayez ou non des enfants, \u00eatre au courant des p\u00e9riodes creuses ou pleines de l\u2019ann\u00e9e vous aidera grandement \u00e0 vous organiser.<\/p>\n<p>Si vous \u00eates par exemple plut\u00f4t d\u2019humeur<strong> \u00ab je pars en vacances tranquille \u00bb<\/strong>, privil\u00e9giez alors les p\u00e9riodes hors vacances scolaires si vous avez la possibilit\u00e9 de le faire.<\/p>\n<h2>Calendrier 2020 : pour vous rappeler des f\u00eates officielles<\/h2>\n<p>Et enfin, le calendrier 2020 vous permettra de savoir quel jour les dates officielles tomberont : p\u00e2ques, f\u00eate du travail, f\u00eate nationale, armistice, No\u00ebl, jour de l\u2019an, etc.<\/p>\n<p>Les ponts, on en parle ? Prenez connaissance au travers du calendrier 2020 des longs week-ends, histoire de rendre visite quelques jours \u00e0 la famille ou de faire des activit\u00e9s insolites !<\/p>\n<p>1.2.3.<br \/>\n<\/br>imprimez&#8239;!<\/p>\n<p>\t\t\t\t<a href=\"https:\/\/www.photoweb.fr\/calendrier-photo\/listing\" target=\"_blank\" rel=\"noopener\"><br \/>\n\t\t\t\t<img loading=\"lazy\" decoding=\"async\" src=\"https:\/\/www.photoweb.fr\/espaces\/magazine\/wp-content\/uploads\/2017\/10\/bureau-mensuel.jpg\" alt=\"calendrier bureau mensuel\" height=\"600\" width=\"600\" title=\"calendrier bureau mensuel\" \/><br \/>\n\t\t\t\t<\/a><br \/>\n\t<a href=\"https:\/\/www.photoweb.fr\/calendrier-photo\/listing\"><br \/>\ncr\u00e9er mon calendrier<\/a><\/p>\n","protected":false},"excerpt":{"rendered":"<p>Une ann\u00e9e s\u2019\u00e9coule. 2019 touche bient\u00f4t \u00e0 sa fin ! Ce constat suppose le d\u00e9but d\u2019une toute nouvelle p\u00e9riode : l\u2019ann\u00e9e 2020 avec des mois, des semaines et des jours nouveaux.<\/p>\n","protected":false},"author":21,"featured_media":2141,"comment_status":"open","ping_status":"open","sticky":false,"template":"single-standard.php","format":"standard","meta":{"footnotes":""},"categories":[5],"tags":[],"class_list":["post-1987","post","type-post","status-publish","format-standard","has-post-thumbnail","hentry","category-carnet-de-tendances"],"yoast_head":"<!-- This site is optimized with the Yoast SEO plugin v20.3 - https:\/\/yoast.com\/wordpress\/plugins\/seo\/ -->\n<title>Calendrier 2020 : pourquoi avoir un calendrier 2020 chez soi<\/title>\n<meta name=\"description\" content=\"Calendrier 2020 : que vous ayez une tr\u00e8s bonne ou moins bonne m\u00e9moire, avoir un calendrier \u00e0 disposition est quand m\u00eame bien utile ! Voici les raisons.\" \/>\n<meta name=\"robots\" content=\"index, follow, max-snippet:-1, max-image-preview:large, max-video-preview:-1\" \/>\n<link rel=\"canonical\" href=\"https:\/\/www.photoweb.fr\/espaces\/magazine\/calendrier-2020-pourquoi-en-avoir-un\/\" \/>\n<meta property=\"og:locale\" content=\"fr_FR\" \/>\n<meta property=\"og:type\" content=\"article\" \/>\n<meta property=\"og:title\" content=\"Calendrier 2020 : pourquoi avoir un calendrier 2020 chez soi\" \/>\n<meta property=\"og:description\" content=\"Calendrier 2020 : que vous ayez une tr\u00e8s bonne ou moins bonne m\u00e9moire, avoir un calendrier \u00e0 disposition est quand m\u00eame bien utile ! Voici les raisons.\" \/>\n<meta property=\"og:url\" content=\"https:\/\/www.photoweb.fr\/espaces\/magazine\/calendrier-2020-pourquoi-en-avoir-un\/\" \/>\n<meta property=\"og:site_name\" content=\"Photoweb, le mag\" \/>\n<meta property=\"article:publisher\" content=\"https:\/\/fr-fr.facebook.com\/Photoweb.fr\/\" \/>\n<meta property=\"article:published_time\" content=\"2019-10-16T10:30:51+00:00\" \/>\n<meta property=\"article:modified_time\" content=\"2022-06-22T13:47:20+00:00\" \/>\n<meta property=\"og:image\" content=\"https:\/\/www.photoweb.fr\/espaces\/magazine\/wp-content\/uploads\/2017\/10\/calendrier-bureau-personnalisable.jpg\" \/>\n\t<meta property=\"og:image:width\" content=\"1280\" \/>\n\t<meta property=\"og:image:height\" content=\"960\" \/>\n\t<meta property=\"og:image:type\" content=\"image\/jpeg\" \/>\n<meta name=\"author\" content=\"melanie\" \/>\n<meta name=\"twitter:card\" content=\"summary_large_image\" \/>\n<meta name=\"twitter:creator\" content=\"@Photoweb_fr\" \/>\n<meta name=\"twitter:site\" content=\"@Photoweb_fr\" \/>\n<meta name=\"twitter:label1\" content=\"\u00c9crit par\" \/>\n\t<meta name=\"twitter:data1\" content=\"melanie\" \/>\n\t<meta name=\"twitter:label2\" content=\"Dur\u00e9e de lecture estim\u00e9e\" \/>\n\t<meta name=\"twitter:data2\" content=\"3 minutes\" \/>\n<script type=\"application\/ld+json\" class=\"yoast-schema-graph\">{\"@context\":\"https:\/\/schema.org\",\"@graph\":[{\"@type\":\"Article\",\"@id\":\"https:\/\/www.photoweb.fr\/espaces\/magazine\/calendrier-2020-pourquoi-en-avoir-un\/#article\",\"isPartOf\":{\"@id\":\"https:\/\/www.photoweb.fr\/espaces\/magazine\/calendrier-2020-pourquoi-en-avoir-un\/\"},\"author\":{\"name\":\"melanie\",\"@id\":\"https:\/\/www.photoweb.fr\/espaces\/magazine\/#\/schema\/person\/111451a615bb7cbe790bf8b1d6b24391\"},\"headline\":\"Calendrier 2020 : pourquoi avoir un calendrier 2020 chez soi\",\"datePublished\":\"2019-10-16T10:30:51+00:00\",\"dateModified\":\"2022-06-22T13:47:20+00:00\",\"mainEntityOfPage\":{\"@id\":\"https:\/\/www.photoweb.fr\/espaces\/magazine\/calendrier-2020-pourquoi-en-avoir-un\/\"},\"wordCount\":559,\"commentCount\":0,\"publisher\":{\"@id\":\"https:\/\/www.photoweb.fr\/espaces\/magazine\/#organization\"},\"articleSection\":[\"Carnet de tendance\"],\"inLanguage\":\"fr-FR\",\"potentialAction\":[{\"@type\":\"CommentAction\",\"name\":\"Comment\",\"target\":[\"https:\/\/www.photoweb.fr\/espaces\/magazine\/calendrier-2020-pourquoi-en-avoir-un\/#respond\"]}]},{\"@type\":\"WebPage\",\"@id\":\"https:\/\/www.photoweb.fr\/espaces\/magazine\/calendrier-2020-pourquoi-en-avoir-un\/\",\"url\":\"https:\/\/www.photoweb.fr\/espaces\/magazine\/calendrier-2020-pourquoi-en-avoir-un\/\",\"name\":\"Calendrier 2020 : pourquoi avoir un calendrier 2020 chez soi\",\"isPartOf\":{\"@id\":\"https:\/\/www.photoweb.fr\/espaces\/magazine\/#website\"},\"datePublished\":\"2019-10-16T10:30:51+00:00\",\"dateModified\":\"2022-06-22T13:47:20+00:00\",\"description\":\"Calendrier 2020 : que vous ayez une tr\u00e8s bonne ou moins bonne m\u00e9moire, avoir un calendrier \u00e0 disposition est quand m\u00eame bien utile ! Voici les raisons.\",\"breadcrumb\":{\"@id\":\"https:\/\/www.photoweb.fr\/espaces\/magazine\/calendrier-2020-pourquoi-en-avoir-un\/#breadcrumb\"},\"inLanguage\":\"fr-FR\",\"potentialAction\":[{\"@type\":\"ReadAction\",\"target\":[\"https:\/\/www.photoweb.fr\/espaces\/magazine\/calendrier-2020-pourquoi-en-avoir-un\/\"]}]},{\"@type\":\"BreadcrumbList\",\"@id\":\"https:\/\/www.photoweb.fr\/espaces\/magazine\/calendrier-2020-pourquoi-en-avoir-un\/#breadcrumb\",\"itemListElement\":[{\"@type\":\"ListItem\",\"position\":1,\"name\":\"Accueil\",\"item\":\"https:\/\/www.photoweb.fr\/espaces\/magazine\/\"},{\"@type\":\"ListItem\",\"position\":2,\"name\":\"Carnet de tendance\",\"item\":\"https:\/\/www.photoweb.fr\/espaces\/magazine\/carnet-de-tendances\/\"},{\"@type\":\"ListItem\",\"position\":3,\"name\":\"Calendrier 2020 : pourquoi avoir un calendrier 2020 chez soi\"}]},{\"@type\":\"WebSite\",\"@id\":\"https:\/\/www.photoweb.fr\/espaces\/magazine\/#website\",\"url\":\"https:\/\/www.photoweb.fr\/espaces\/magazine\/\",\"name\":\"Photoweb, le mag\",\"description\":\"Le magazine de Photoweb\",\"publisher\":{\"@id\":\"https:\/\/www.photoweb.fr\/espaces\/magazine\/#organization\"},\"potentialAction\":[{\"@type\":\"SearchAction\",\"target\":{\"@type\":\"EntryPoint\",\"urlTemplate\":\"https:\/\/www.photoweb.fr\/espaces\/magazine\/?s={search_term_string}\"},\"query-input\":\"required name=search_term_string\"}],\"inLanguage\":\"fr-FR\"},{\"@type\":\"Organization\",\"@id\":\"https:\/\/www.photoweb.fr\/espaces\/magazine\/#organization\",\"name\":\"Photoweb\",\"url\":\"https:\/\/www.photoweb.fr\/espaces\/magazine\/\",\"logo\":{\"@type\":\"ImageObject\",\"inLanguage\":\"fr-FR\",\"@id\":\"https:\/\/www.photoweb.fr\/espaces\/magazine\/#\/schema\/logo\/image\/\",\"url\":\"https:\/\/www.photoweb.fr\/espaces\/magazine\/wp-content\/uploads\/2021\/02\/Logo-Photoweb.jpg\",\"contentUrl\":\"https:\/\/www.photoweb.fr\/espaces\/magazine\/wp-content\/uploads\/2021\/02\/Logo-Photoweb.jpg\",\"width\":780,\"height\":456,\"caption\":\"Photoweb\"},\"image\":{\"@id\":\"https:\/\/www.photoweb.fr\/espaces\/magazine\/#\/schema\/logo\/image\/\"},\"sameAs\":[\"https:\/\/fr-fr.facebook.com\/Photoweb.fr\/\",\"https:\/\/twitter.com\/Photoweb_fr\",\"https:\/\/www.instagram.com\/photowebfr\/\",\"https:\/\/www.linkedin.com\/company\/347094\/\",\"https:\/\/www.pinterest.fr\/inspirationsphotoweb\/_created\/\",\"https:\/\/www.youtube.com\/channel\/UCtcVmTvkAzKQLVkiwfOm8sg\"]},{\"@type\":\"Person\",\"@id\":\"https:\/\/www.photoweb.fr\/espaces\/magazine\/#\/schema\/person\/111451a615bb7cbe790bf8b1d6b24391\",\"name\":\"melanie\"}]}<\/script>\n<!-- \/ Yoast SEO plugin. -->","yoast_head_json":{"title":"Calendrier 2020 : pourquoi avoir un calendrier 2020 chez soi","description":"Calendrier 2020 : que vous ayez une tr\u00e8s bonne ou moins bonne m\u00e9moire, avoir un calendrier \u00e0 disposition est quand m\u00eame bien utile ! Voici les raisons.","robots":{"index":"index","follow":"follow","max-snippet":"max-snippet:-1","max-image-preview":"max-image-preview:large","max-video-preview":"max-video-preview:-1"},"canonical":"https:\/\/www.photoweb.fr\/espaces\/magazine\/calendrier-2020-pourquoi-en-avoir-un\/","og_locale":"fr_FR","og_type":"article","og_title":"Calendrier 2020 : pourquoi avoir un calendrier 2020 chez soi","og_description":"Calendrier 2020 : que vous ayez une tr\u00e8s bonne ou moins bonne m\u00e9moire, avoir un calendrier \u00e0 disposition est quand m\u00eame bien utile ! Voici les raisons.","og_url":"https:\/\/www.photoweb.fr\/espaces\/magazine\/calendrier-2020-pourquoi-en-avoir-un\/","og_site_name":"Photoweb, le mag","article_publisher":"https:\/\/fr-fr.facebook.com\/Photoweb.fr\/","article_published_time":"2019-10-16T10:30:51+00:00","article_modified_time":"2022-06-22T13:47:20+00:00","og_image":[{"width":1280,"height":960,"url":"https:\/\/www.photoweb.fr\/espaces\/magazine\/wp-content\/uploads\/2017\/10\/calendrier-bureau-personnalisable.jpg","type":"image\/jpeg"}],"author":"melanie","twitter_card":"summary_large_image","twitter_creator":"@Photoweb_fr","twitter_site":"@Photoweb_fr","twitter_misc":{"\u00c9crit par":"melanie","Dur\u00e9e de lecture estim\u00e9e":"3 minutes"},"schema":{"@context":"https:\/\/schema.org","@graph":[{"@type":"Article","@id":"https:\/\/www.photoweb.fr\/espaces\/magazine\/calendrier-2020-pourquoi-en-avoir-un\/#article","isPartOf":{"@id":"https:\/\/www.photoweb.fr\/espaces\/magazine\/calendrier-2020-pourquoi-en-avoir-un\/"},"author":{"name":"melanie","@id":"https:\/\/www.photoweb.fr\/espaces\/magazine\/#\/schema\/person\/111451a615bb7cbe790bf8b1d6b24391"},"headline":"Calendrier 2020 : pourquoi avoir un calendrier 2020 chez soi","datePublished":"2019-10-16T10:30:51+00:00","dateModified":"2022-06-22T13:47:20+00:00","mainEntityOfPage":{"@id":"https:\/\/www.photoweb.fr\/espaces\/magazine\/calendrier-2020-pourquoi-en-avoir-un\/"},"wordCount":559,"commentCount":0,"publisher":{"@id":"https:\/\/www.photoweb.fr\/espaces\/magazine\/#organization"},"articleSection":["Carnet de tendance"],"inLanguage":"fr-FR","potentialAction":[{"@type":"CommentAction","name":"Comment","target":["https:\/\/www.photoweb.fr\/espaces\/magazine\/calendrier-2020-pourquoi-en-avoir-un\/#respond"]}]},{"@type":"WebPage","@id":"https:\/\/www.photoweb.fr\/espaces\/magazine\/calendrier-2020-pourquoi-en-avoir-un\/","url":"https:\/\/www.photoweb.fr\/espaces\/magazine\/calendrier-2020-pourquoi-en-avoir-un\/","name":"Calendrier 2020 : pourquoi avoir un calendrier 2020 chez soi","isPartOf":{"@id":"https:\/\/www.photoweb.fr\/espaces\/magazine\/#website"},"datePublished":"2019-10-16T10:30:51+00:00","dateModified":"2022-06-22T13:47:20+00:00","description":"Calendrier 2020 : que vous ayez une tr\u00e8s bonne ou moins bonne m\u00e9moire, avoir un calendrier \u00e0 disposition est quand m\u00eame bien utile ! Voici les raisons.","breadcrumb":{"@id":"https:\/\/www.photoweb.fr\/espaces\/magazine\/calendrier-2020-pourquoi-en-avoir-un\/#breadcrumb"},"inLanguage":"fr-FR","potentialAction":[{"@type":"ReadAction","target":["https:\/\/www.photoweb.fr\/espaces\/magazine\/calendrier-2020-pourquoi-en-avoir-un\/"]}]},{"@type":"BreadcrumbList","@id":"https:\/\/www.photoweb.fr\/espaces\/magazine\/calendrier-2020-pourquoi-en-avoir-un\/#breadcrumb","itemListElement":[{"@type":"ListItem","position":1,"name":"Accueil","item":"https:\/\/www.photoweb.fr\/espaces\/magazine\/"},{"@type":"ListItem","position":2,"name":"Carnet de tendance","item":"https:\/\/www.photoweb.fr\/espaces\/magazine\/carnet-de-tendances\/"},{"@type":"ListItem","position":3,"name":"Calendrier 2020 : pourquoi avoir un calendrier 2020 chez soi"}]},{"@type":"WebSite","@id":"https:\/\/www.photoweb.fr\/espaces\/magazine\/#website","url":"https:\/\/www.photoweb.fr\/espaces\/magazine\/","name":"Photoweb, le mag","description":"Le magazine de Photoweb","publisher":{"@id":"https:\/\/www.photoweb.fr\/espaces\/magazine\/#organization"},"potentialAction":[{"@type":"SearchAction","target":{"@type":"EntryPoint","urlTemplate":"https:\/\/www.photoweb.fr\/espaces\/magazine\/?s={search_term_string}"},"query-input":"required name=search_term_string"}],"inLanguage":"fr-FR"},{"@type":"Organization","@id":"https:\/\/www.photoweb.fr\/espaces\/magazine\/#organization","name":"Photoweb","url":"https:\/\/www.photoweb.fr\/espaces\/magazine\/","logo":{"@type":"ImageObject","inLanguage":"fr-FR","@id":"https:\/\/www.photoweb.fr\/espaces\/magazine\/#\/schema\/logo\/image\/","url":"https:\/\/www.photoweb.fr\/espaces\/magazine\/wp-content\/uploads\/2021\/02\/Logo-Photoweb.jpg","contentUrl":"https:\/\/www.photoweb.fr\/espaces\/magazine\/wp-content\/uploads\/2021\/02\/Logo-Photoweb.jpg","width":780,"height":456,"caption":"Photoweb"},"image":{"@id":"https:\/\/www.photoweb.fr\/espaces\/magazine\/#\/schema\/logo\/image\/"},"sameAs":["https:\/\/fr-fr.facebook.com\/Photoweb.fr\/","https:\/\/twitter.com\/Photoweb_fr","https:\/\/www.instagram.com\/photowebfr\/","https:\/\/www.linkedin.com\/company\/347094\/","https:\/\/www.pinterest.fr\/inspirationsphotoweb\/_created\/","https:\/\/www.youtube.com\/channel\/UCtcVmTvkAzKQLVkiwfOm8sg"]},{"@type":"Person","@id":"https:\/\/www.photoweb.fr\/espaces\/magazine\/#\/schema\/person\/111451a615bb7cbe790bf8b1d6b24391","name":"melanie"}]}},"acf":[],"_links":{"self":[{"href":"https:\/\/www.photoweb.fr\/espaces\/magazine\/wp-json\/wp\/v2\/posts\/1987","targetHints":{"allow":["GET"]}}],"collection":[{"href":"https:\/\/www.photoweb.fr\/espaces\/magazine\/wp-json\/wp\/v2\/posts"}],"about":[{"href":"https:\/\/www.photoweb.fr\/espaces\/magazine\/wp-json\/wp\/v2\/types\/post"}],"author":[{"embeddable":true,"href":"https:\/\/www.photoweb.fr\/espaces\/magazine\/wp-json\/wp\/v2\/users\/21"}],"replies":[{"embeddable":true,"href":"https:\/\/www.photoweb.fr\/espaces\/magazine\/wp-json\/wp\/v2\/comments?post=1987"}],"version-history":[{"count":1,"href":"https:\/\/www.photoweb.fr\/espaces\/magazine\/wp-json\/wp\/v2\/posts\/1987\/revisions"}],"predecessor-version":[{"id":11488,"href":"https:\/\/www.photoweb.fr\/espaces\/magazine\/wp-json\/wp\/v2\/posts\/1987\/revisions\/11488"}],"wp:featuredmedia":[{"embeddable":true,"href":"https:\/\/www.photoweb.fr\/espaces\/magazine\/wp-json\/wp\/v2\/media\/2141"}],"wp:attachment":[{"href":"https:\/\/www.photoweb.fr\/espaces\/magazine\/wp-json\/wp\/v2\/media?parent=1987"}],"wp:term":[{"taxonomy":"category","embeddable":true,"href":"https:\/\/www.photoweb.fr\/espaces\/magazine\/wp-json\/wp\/v2\/categories?post=1987"},{"taxonomy":"post_tag","embeddable":true,"href":"https:\/\/www.photoweb.fr\/espaces\/magazine\/wp-json\/wp\/v2\/tags?post=1987"}],"curies":[{"name":"wp","href":"https:\/\/api.w.org\/{rel}","templated":true}]}}