{"id":2026,"date":"2017-10-16T15:10:28","date_gmt":"2017-10-16T15:10:28","guid":{"rendered":"https:\/\/www.photoweb.fr\/espaces\/magazine\/magazine\/?p=2026"},"modified":"2020-11-19T10:26:49","modified_gmt":"2020-11-19T10:26:49","slug":"calendrier-de-l-avent-5-raisons-d-offrir","status":"publish","type":"post","link":"https:\/\/www.photoweb.fr\/espaces\/magazine\/calendrier-de-l-avent-5-raisons-d-offrir\/","title":{"rendered":"Calendrier de l\u2019avent 2020 : pourquoi offrir un calendrier de l&rsquo;avent ?"},"content":{"rendered":"<p>Vous \u00eates maman, vous \u00eates papa. Quel que soit l\u2019\u00e2ge de vos petits prot\u00e9g\u00e9s, ils grandissent, mais leur joie \u00e0 l\u2019arriv\u00e9e des f\u00eates de No\u00ebl reste inchang\u00e9e. Souvent tr\u00e8s impatients, vos enfants vous demandent sans cesse quand est-ce que le P\u00e8re No\u00ebl pointera le bout de son nez, qu\u2019ils y croient encore ou non. Vous h\u00e9sitez alors \u00e0 leur offrir un <strong>calendrier de l\u2019avent 2020<\/strong>. Voici 5 bonnes raisons qui vous donneront d\u00e9finitivement envie de leur offrir un <a href=\"https:\/\/www.photoweb.fr\/calendrier-photo\/avent\">calendrier de l&rsquo;avent original<\/a> !<\/p>\n<p>1<\/p>\n<h2>Apprendre \u00e0 attendre avec le calendrier de l\u2019avent 2020<\/h2>\n<p>La r\u00e8gle d\u2019or du calendrier de l\u2019avent, c\u2019est de n\u2019ouvrir qu\u2019une seule case par jour, le plus dur \u00e9tant de ne pas craquer ! Cela n\u2019est pas si simple pour un enfant, pas vrai ?<\/p>\n<p>A vous alors d\u2019intervenir et d\u2019expliquer sagement \u00e0 vos petits loups ce qu\u2019il faut faire et ce qu\u2019il ne faut pas. Pourquoi pas, d\u2019ailleurs, l\u2019ouvrir ensemble chaque matin ? C\u2019est en plus tr\u00e8s convivial et ils ne d\u00e9rogeront pas \u00e0 la r\u00e8gle.<\/p>\n<p>Un <strong><a href=\"https:\/\/www.photoweb.fr\/calendrier-photo\/avent\">calendrier de l\u2019avent personnalis\u00e9<\/a> <\/strong>serait donc un bon rituel pour apprendre aux enfants \u00e0 attendre patiemment la venue de No\u00ebl.<\/p>\n<p>2<\/p>\n<h2><strong>Le calendrier de l&rsquo;avent 2020 pour partager des moments en famille<\/strong><\/h2>\n<p>Et si vous retombiez en enfance gr\u00e2ce au calendrier de l\u2019avent 2020? Comme dit dans le point 1, en le faisant avec vos enfants, c\u2019est convivialit\u00e9 et complicit\u00e9 assur\u00e9e !<\/p>\n<p>Ce n\u2019est donc pas seulement fait pour les enfants. Cette <strong>petite tradition de fin d\u2019ann\u00e9e<\/strong> permet de se r\u00e9unir autour de valeurs fortes : le partage et la joie. La magie de No\u00ebl op\u00e8re ainsi \u00e9galement sur les parents, et \u00e7a rend les enfants plus heureux que jamais.<\/p>\n<p>\u201c<\/p>\n<p>\u00ab Il est grand temps de<br \/>\nrallumer les \u00e9toiles. \u00bb<\/p>\n<p>Guillaume Apollinaire<\/p>\n<p>\u201c<br \/>\n3<\/p>\n<h2><strong>Calendrier de l\u2019avent 2020 : une histoire, une tradition<\/strong><\/h2>\n<p>On parle de calendrier de l\u2019avent 2020, mais il y a bien une histoire et une tradition derri\u00e8re cela, et votre enfant m\u00e9rite de les conna\u00eetre. Expliquez-lui les origines de ce rituel souvent consid\u00e9r\u00e9 comme commercial alors qu\u2019il se cache quelque chose de bien plus profond qu\u2019un simple coup Marketing.<\/p>\n<p>Les premiers calendriers de l\u2019avent ont vu le jour au 19<sup>\u00e8me<\/sup> si\u00e8cle en Allemagne. Un bon nombre de familles religieuses distribuaient tous les jours aux enfants des images pieuses, jusqu\u2019au 24 d\u00e9cembre pour les faire patienter.<\/p>\n<p>Par la suite, ces images ont vite \u00e9t\u00e9 remplac\u00e9es par des biscuits, puis plus r\u00e9cemment par des chocolats et autres id\u00e9es originales : <strong>jouets miniatures, photos, petits mots&#8230;<\/strong><\/p>\n<p>4<\/p>\n<h2><strong>Le calendrier de l\u2019avent 2020, le d\u00e9but des festivit\u00e9s !<\/strong><\/h2>\n<p>No\u00ebl suppose des pr\u00e9paratifs donc vous savez mieux que personne qu\u2019avant le d\u00eener du 24 au soir, on pense \u00e0 installer \u00e0 la maison un sapin de No\u00ebl, \u00e0 s\u2019organiser pour les diff\u00e9rents achats de cadeaux, de d\u00e9corations diverses, etc.<\/p>\n<p><strong>Attendre 24 jours c\u2019est long<\/strong>, vos loulous s\u2019impatientent \u00e0 la vue des guirlandes et lumi\u00e8res qui scintillent et laissent penser que No\u00ebl approche\u2026 <a href=\"https:\/\/www.photoweb.fr\/calendrier-photo\/avent\">Le calendrier de l\u2019avent photo<\/a> est alors un bon moyen de marquer le d\u00e9but de ses festivit\u00e9s, viendront ensuite le reste !<\/p>\n<p>5<\/p>\n<h2><strong>Donner des rep\u00e8res \u00e0 votre petit bout<\/strong><\/h2>\n<p>Combien de fois avez-vous entendu <strong>\u00ab Maman, Papa, il vient quand le P\u00e8re No\u00ebl ? \u00bb<\/strong>. Avouez, c\u2019est souvent difficile de trouver une r\u00e9ponse qui ne rendra pas triste vos enfants. En effet, la notion de temps est plut\u00f4t abstraite pour les plus jeunes \u00e2ges. Usez donc du calendrier de l\u2019avent 2020 pour les aider \u00e0 trouver des rep\u00e8res concrets, puis comme dit pr\u00e9c\u00e9demment \u00e0 les faire patienter sereinement !<\/p>\n<p>Convaincus ? Vous lanceriez-vous dans la conception d\u2019un calendrier de l\u2019avent 2020 personnalis\u00e9 et de qualit\u00e9 pour ce mois de d\u00e9cembre ?<\/p>\n<p>Le petit plus : encha\u00eenez sur la cr\u00e9ation d&rsquo;un <a href=\"https:\/\/www.photoweb.fr\/calendrier-photo\/A4-double\">calendrier personnalis\u00e9<\/a> ! Ca serait dommage perdre vos jolies photos.<\/p>\n<p>1.2.3.<br \/>\nimprimez\u202f!<\/p>\n<p><a href=\"https:\/\/www.photoweb.fr\/calendrier-photo\/avent\" target=\"_blank\" rel=\"noopener\"><br \/>\n<img loading=\"lazy\" decoding=\"async\" title=\"calendrier-avent-ski-party\" src=\"https:\/\/www.photoweb.fr\/espaces\/magazine\/wp-content\/uploads\/2018\/11\/calendrier-avent-2020-mag.jpg\" alt=\"calendrier-avent-ski-party\" width=\"600\" height=\"600\" \/><br \/>\n<\/a><br \/>\n<a href=\"https:\/\/www.photoweb.fr\/calendrier-photo\/avent\"><br \/>\ncr\u00e9er mon calendrier de l&rsquo;avent<\/a><\/p>\n","protected":false},"excerpt":{"rendered":"<p>En tant que parents, vous voyez vos enfants grandir\u2026 A grande vitesse. Peu importe leur \u00e2ge, vous serez tous d\u2019accords pour dire que leur joie reste inchang\u00e9e \u00e0 l\u2019arriv\u00e9e des f\u00eates de No\u00ebl. Et pour cause, c\u2019est une p\u00e9riode de l\u2019ann\u00e9e souvent tr\u00e8s attendue. D\u2019ailleurs, souvent impatients, ils vous demandent quand est-ce que le P\u00e8re No\u00ebl viendra d\u00e9poser les cadeaux au pied du sapin, qu\u2019ils y croient encore ou non. Pas vrai ? Dans tout \u00e7a, vous h\u00e9sitez \u00e0 leur offrir un calendrier de l\u2019avent 2017. Croyez-nous, avec les 5 raisons pr\u00e9sent\u00e9es dans cet article, vous allez sans aucun doute le faire. D\u00e9j\u00e0, de nombreux pr\u00e9paratifs sont \u00e0 pr\u00e9voir et parfois d\u00e8s le mois de Novembre : d\u00e9coration du sapin de No\u00ebl de multiples guirlandes et boules de No\u00ebl, pr\u00e9paration des cadeaux (mais \u00e7a il ne faut pas le dire s\u2019ils croient encore au papa No\u00ebl), achat d\u2019un calendrier de l\u2019avent 2017\u2026 C\u2019est celui-ci qui marquera le d\u00e9but des festivit\u00e9s ! Vos enfants pourront attendre patiemment en sachant qu\u2019une surprise les attend chaque jour du mois. D\u00e9couvrez tous les avantages \u00e0 offrir un calendrier de l\u2019avent 2017\u2026<\/p>\n","protected":false},"author":21,"featured_media":9139,"comment_status":"open","ping_status":"open","sticky":false,"template":"single-expert.php","format":"standard","meta":{"footnotes":""},"categories":[5],"tags":[],"class_list":["post-2026","post","type-post","status-publish","format-standard","has-post-thumbnail","hentry","category-carnet-de-tendances"],"yoast_head":"<!-- This site is optimized with the Yoast SEO plugin v20.3 - https:\/\/yoast.com\/wordpress\/plugins\/seo\/ -->\n<title>Calendrier de l\u2019avent 2020 : pourquoi offrir un calendrier de l&#039;avent ?<\/title>\n<meta name=\"description\" content=\"Vous h\u00e9sitez \u00e0 offrir un calendrier de l\u2019avent 2018 ? Voici 5 bonnes raisons qui vous feront sans aucun doute changer d\u2019avis rapidement !\" \/>\n<meta name=\"robots\" content=\"index, follow, max-snippet:-1, max-image-preview:large, max-video-preview:-1\" \/>\n<link rel=\"canonical\" href=\"https:\/\/www.photoweb.fr\/espaces\/magazine\/calendrier-de-l-avent-5-raisons-d-offrir\/\" \/>\n<meta property=\"og:locale\" content=\"fr_FR\" \/>\n<meta property=\"og:type\" content=\"article\" \/>\n<meta property=\"og:title\" content=\"Calendrier de l\u2019avent 2020 : pourquoi offrir un calendrier de l&#039;avent ?\" \/>\n<meta property=\"og:description\" content=\"Vous h\u00e9sitez \u00e0 offrir un calendrier de l\u2019avent 2018 ? Voici 5 bonnes raisons qui vous feront sans aucun doute changer d\u2019avis rapidement !\" \/>\n<meta property=\"og:url\" content=\"https:\/\/www.photoweb.fr\/espaces\/magazine\/calendrier-de-l-avent-5-raisons-d-offrir\/\" \/>\n<meta property=\"og:site_name\" content=\"Photoweb, le mag\" \/>\n<meta property=\"article:publisher\" content=\"https:\/\/fr-fr.facebook.com\/Photoweb.fr\/\" \/>\n<meta property=\"article:published_time\" content=\"2017-10-16T15:10:28+00:00\" \/>\n<meta property=\"article:modified_time\" content=\"2020-11-19T10:26:49+00:00\" \/>\n<meta property=\"og:image\" content=\"https:\/\/www.photoweb.fr\/espaces\/magazine\/wp-content\/uploads\/2018\/11\/calendrier-avent-mag.jpg\" \/>\n\t<meta property=\"og:image:width\" content=\"800\" \/>\n\t<meta property=\"og:image:height\" content=\"600\" \/>\n\t<meta property=\"og:image:type\" content=\"image\/jpeg\" \/>\n<meta name=\"author\" content=\"melanie\" \/>\n<meta name=\"twitter:card\" content=\"summary_large_image\" \/>\n<meta name=\"twitter:creator\" content=\"@Photoweb_fr\" \/>\n<meta name=\"twitter:site\" content=\"@Photoweb_fr\" \/>\n<meta name=\"twitter:label1\" content=\"\u00c9crit par\" \/>\n\t<meta name=\"twitter:data1\" content=\"melanie\" \/>\n\t<meta name=\"twitter:label2\" content=\"Dur\u00e9e de lecture estim\u00e9e\" \/>\n\t<meta name=\"twitter:data2\" content=\"3 minutes\" \/>\n<script type=\"application\/ld+json\" class=\"yoast-schema-graph\">{\"@context\":\"https:\/\/schema.org\",\"@graph\":[{\"@type\":\"Article\",\"@id\":\"https:\/\/www.photoweb.fr\/espaces\/magazine\/calendrier-de-l-avent-5-raisons-d-offrir\/#article\",\"isPartOf\":{\"@id\":\"https:\/\/www.photoweb.fr\/espaces\/magazine\/calendrier-de-l-avent-5-raisons-d-offrir\/\"},\"author\":{\"name\":\"melanie\",\"@id\":\"https:\/\/www.photoweb.fr\/espaces\/magazine\/#\/schema\/person\/111451a615bb7cbe790bf8b1d6b24391\"},\"headline\":\"Calendrier de l\u2019avent 2020 : pourquoi offrir un calendrier de l&rsquo;avent ?\",\"datePublished\":\"2017-10-16T15:10:28+00:00\",\"dateModified\":\"2020-11-19T10:26:49+00:00\",\"mainEntityOfPage\":{\"@id\":\"https:\/\/www.photoweb.fr\/espaces\/magazine\/calendrier-de-l-avent-5-raisons-d-offrir\/\"},\"wordCount\":690,\"commentCount\":0,\"publisher\":{\"@id\":\"https:\/\/www.photoweb.fr\/espaces\/magazine\/#organization\"},\"articleSection\":[\"Carnet de tendance\"],\"inLanguage\":\"fr-FR\",\"potentialAction\":[{\"@type\":\"CommentAction\",\"name\":\"Comment\",\"target\":[\"https:\/\/www.photoweb.fr\/espaces\/magazine\/calendrier-de-l-avent-5-raisons-d-offrir\/#respond\"]}]},{\"@type\":\"WebPage\",\"@id\":\"https:\/\/www.photoweb.fr\/espaces\/magazine\/calendrier-de-l-avent-5-raisons-d-offrir\/\",\"url\":\"https:\/\/www.photoweb.fr\/espaces\/magazine\/calendrier-de-l-avent-5-raisons-d-offrir\/\",\"name\":\"Calendrier de l\u2019avent 2020 : pourquoi offrir un calendrier de l'avent ?\",\"isPartOf\":{\"@id\":\"https:\/\/www.photoweb.fr\/espaces\/magazine\/#website\"},\"datePublished\":\"2017-10-16T15:10:28+00:00\",\"dateModified\":\"2020-11-19T10:26:49+00:00\",\"description\":\"Vous h\u00e9sitez \u00e0 offrir un calendrier de l\u2019avent 2018 ? Voici 5 bonnes raisons qui vous feront sans aucun doute changer d\u2019avis rapidement !\",\"breadcrumb\":{\"@id\":\"https:\/\/www.photoweb.fr\/espaces\/magazine\/calendrier-de-l-avent-5-raisons-d-offrir\/#breadcrumb\"},\"inLanguage\":\"fr-FR\",\"potentialAction\":[{\"@type\":\"ReadAction\",\"target\":[\"https:\/\/www.photoweb.fr\/espaces\/magazine\/calendrier-de-l-avent-5-raisons-d-offrir\/\"]}]},{\"@type\":\"BreadcrumbList\",\"@id\":\"https:\/\/www.photoweb.fr\/espaces\/magazine\/calendrier-de-l-avent-5-raisons-d-offrir\/#breadcrumb\",\"itemListElement\":[{\"@type\":\"ListItem\",\"position\":1,\"name\":\"Accueil\",\"item\":\"https:\/\/www.photoweb.fr\/espaces\/magazine\/\"},{\"@type\":\"ListItem\",\"position\":2,\"name\":\"Carnet de tendance\",\"item\":\"https:\/\/www.photoweb.fr\/espaces\/magazine\/carnet-de-tendances\/\"},{\"@type\":\"ListItem\",\"position\":3,\"name\":\"Calendrier de l\u2019avent 2020 : pourquoi offrir un calendrier de l&rsquo;avent ?\"}]},{\"@type\":\"WebSite\",\"@id\":\"https:\/\/www.photoweb.fr\/espaces\/magazine\/#website\",\"url\":\"https:\/\/www.photoweb.fr\/espaces\/magazine\/\",\"name\":\"Photoweb, le mag\",\"description\":\"Le magazine de Photoweb\",\"publisher\":{\"@id\":\"https:\/\/www.photoweb.fr\/espaces\/magazine\/#organization\"},\"potentialAction\":[{\"@type\":\"SearchAction\",\"target\":{\"@type\":\"EntryPoint\",\"urlTemplate\":\"https:\/\/www.photoweb.fr\/espaces\/magazine\/?s={search_term_string}\"},\"query-input\":\"required name=search_term_string\"}],\"inLanguage\":\"fr-FR\"},{\"@type\":\"Organization\",\"@id\":\"https:\/\/www.photoweb.fr\/espaces\/magazine\/#organization\",\"name\":\"Photoweb\",\"url\":\"https:\/\/www.photoweb.fr\/espaces\/magazine\/\",\"logo\":{\"@type\":\"ImageObject\",\"inLanguage\":\"fr-FR\",\"@id\":\"https:\/\/www.photoweb.fr\/espaces\/magazine\/#\/schema\/logo\/image\/\",\"url\":\"https:\/\/www.photoweb.fr\/espaces\/magazine\/wp-content\/uploads\/2021\/02\/Logo-Photoweb.jpg\",\"contentUrl\":\"https:\/\/www.photoweb.fr\/espaces\/magazine\/wp-content\/uploads\/2021\/02\/Logo-Photoweb.jpg\",\"width\":780,\"height\":456,\"caption\":\"Photoweb\"},\"image\":{\"@id\":\"https:\/\/www.photoweb.fr\/espaces\/magazine\/#\/schema\/logo\/image\/\"},\"sameAs\":[\"https:\/\/fr-fr.facebook.com\/Photoweb.fr\/\",\"https:\/\/twitter.com\/Photoweb_fr\",\"https:\/\/www.instagram.com\/photowebfr\/\",\"https:\/\/www.linkedin.com\/company\/347094\/\",\"https:\/\/www.pinterest.fr\/inspirationsphotoweb\/_created\/\",\"https:\/\/www.youtube.com\/channel\/UCtcVmTvkAzKQLVkiwfOm8sg\"]},{\"@type\":\"Person\",\"@id\":\"https:\/\/www.photoweb.fr\/espaces\/magazine\/#\/schema\/person\/111451a615bb7cbe790bf8b1d6b24391\",\"name\":\"melanie\"}]}<\/script>\n<!-- \/ Yoast SEO plugin. -->","yoast_head_json":{"title":"Calendrier de l\u2019avent 2020 : pourquoi offrir un calendrier de l'avent ?","description":"Vous h\u00e9sitez \u00e0 offrir un calendrier de l\u2019avent 2018 ? Voici 5 bonnes raisons qui vous feront sans aucun doute changer d\u2019avis rapidement !","robots":{"index":"index","follow":"follow","max-snippet":"max-snippet:-1","max-image-preview":"max-image-preview:large","max-video-preview":"max-video-preview:-1"},"canonical":"https:\/\/www.photoweb.fr\/espaces\/magazine\/calendrier-de-l-avent-5-raisons-d-offrir\/","og_locale":"fr_FR","og_type":"article","og_title":"Calendrier de l\u2019avent 2020 : pourquoi offrir un calendrier de l'avent ?","og_description":"Vous h\u00e9sitez \u00e0 offrir un calendrier de l\u2019avent 2018 ? Voici 5 bonnes raisons qui vous feront sans aucun doute changer d\u2019avis rapidement !","og_url":"https:\/\/www.photoweb.fr\/espaces\/magazine\/calendrier-de-l-avent-5-raisons-d-offrir\/","og_site_name":"Photoweb, le mag","article_publisher":"https:\/\/fr-fr.facebook.com\/Photoweb.fr\/","article_published_time":"2017-10-16T15:10:28+00:00","article_modified_time":"2020-11-19T10:26:49+00:00","og_image":[{"width":800,"height":600,"url":"https:\/\/www.photoweb.fr\/espaces\/magazine\/wp-content\/uploads\/2018\/11\/calendrier-avent-mag.jpg","type":"image\/jpeg"}],"author":"melanie","twitter_card":"summary_large_image","twitter_creator":"@Photoweb_fr","twitter_site":"@Photoweb_fr","twitter_misc":{"\u00c9crit par":"melanie","Dur\u00e9e de lecture estim\u00e9e":"3 minutes"},"schema":{"@context":"https:\/\/schema.org","@graph":[{"@type":"Article","@id":"https:\/\/www.photoweb.fr\/espaces\/magazine\/calendrier-de-l-avent-5-raisons-d-offrir\/#article","isPartOf":{"@id":"https:\/\/www.photoweb.fr\/espaces\/magazine\/calendrier-de-l-avent-5-raisons-d-offrir\/"},"author":{"name":"melanie","@id":"https:\/\/www.photoweb.fr\/espaces\/magazine\/#\/schema\/person\/111451a615bb7cbe790bf8b1d6b24391"},"headline":"Calendrier de l\u2019avent 2020 : pourquoi offrir un calendrier de l&rsquo;avent ?","datePublished":"2017-10-16T15:10:28+00:00","dateModified":"2020-11-19T10:26:49+00:00","mainEntityOfPage":{"@id":"https:\/\/www.photoweb.fr\/espaces\/magazine\/calendrier-de-l-avent-5-raisons-d-offrir\/"},"wordCount":690,"commentCount":0,"publisher":{"@id":"https:\/\/www.photoweb.fr\/espaces\/magazine\/#organization"},"articleSection":["Carnet de tendance"],"inLanguage":"fr-FR","potentialAction":[{"@type":"CommentAction","name":"Comment","target":["https:\/\/www.photoweb.fr\/espaces\/magazine\/calendrier-de-l-avent-5-raisons-d-offrir\/#respond"]}]},{"@type":"WebPage","@id":"https:\/\/www.photoweb.fr\/espaces\/magazine\/calendrier-de-l-avent-5-raisons-d-offrir\/","url":"https:\/\/www.photoweb.fr\/espaces\/magazine\/calendrier-de-l-avent-5-raisons-d-offrir\/","name":"Calendrier de l\u2019avent 2020 : pourquoi offrir un calendrier de l'avent ?","isPartOf":{"@id":"https:\/\/www.photoweb.fr\/espaces\/magazine\/#website"},"datePublished":"2017-10-16T15:10:28+00:00","dateModified":"2020-11-19T10:26:49+00:00","description":"Vous h\u00e9sitez \u00e0 offrir un calendrier de l\u2019avent 2018 ? Voici 5 bonnes raisons qui vous feront sans aucun doute changer d\u2019avis rapidement !","breadcrumb":{"@id":"https:\/\/www.photoweb.fr\/espaces\/magazine\/calendrier-de-l-avent-5-raisons-d-offrir\/#breadcrumb"},"inLanguage":"fr-FR","potentialAction":[{"@type":"ReadAction","target":["https:\/\/www.photoweb.fr\/espaces\/magazine\/calendrier-de-l-avent-5-raisons-d-offrir\/"]}]},{"@type":"BreadcrumbList","@id":"https:\/\/www.photoweb.fr\/espaces\/magazine\/calendrier-de-l-avent-5-raisons-d-offrir\/#breadcrumb","itemListElement":[{"@type":"ListItem","position":1,"name":"Accueil","item":"https:\/\/www.photoweb.fr\/espaces\/magazine\/"},{"@type":"ListItem","position":2,"name":"Carnet de tendance","item":"https:\/\/www.photoweb.fr\/espaces\/magazine\/carnet-de-tendances\/"},{"@type":"ListItem","position":3,"name":"Calendrier de l\u2019avent 2020 : pourquoi offrir un calendrier de l&rsquo;avent ?"}]},{"@type":"WebSite","@id":"https:\/\/www.photoweb.fr\/espaces\/magazine\/#website","url":"https:\/\/www.photoweb.fr\/espaces\/magazine\/","name":"Photoweb, le mag","description":"Le magazine de Photoweb","publisher":{"@id":"https:\/\/www.photoweb.fr\/espaces\/magazine\/#organization"},"potentialAction":[{"@type":"SearchAction","target":{"@type":"EntryPoint","urlTemplate":"https:\/\/www.photoweb.fr\/espaces\/magazine\/?s={search_term_string}"},"query-input":"required name=search_term_string"}],"inLanguage":"fr-FR"},{"@type":"Organization","@id":"https:\/\/www.photoweb.fr\/espaces\/magazine\/#organization","name":"Photoweb","url":"https:\/\/www.photoweb.fr\/espaces\/magazine\/","logo":{"@type":"ImageObject","inLanguage":"fr-FR","@id":"https:\/\/www.photoweb.fr\/espaces\/magazine\/#\/schema\/logo\/image\/","url":"https:\/\/www.photoweb.fr\/espaces\/magazine\/wp-content\/uploads\/2021\/02\/Logo-Photoweb.jpg","contentUrl":"https:\/\/www.photoweb.fr\/espaces\/magazine\/wp-content\/uploads\/2021\/02\/Logo-Photoweb.jpg","width":780,"height":456,"caption":"Photoweb"},"image":{"@id":"https:\/\/www.photoweb.fr\/espaces\/magazine\/#\/schema\/logo\/image\/"},"sameAs":["https:\/\/fr-fr.facebook.com\/Photoweb.fr\/","https:\/\/twitter.com\/Photoweb_fr","https:\/\/www.instagram.com\/photowebfr\/","https:\/\/www.linkedin.com\/company\/347094\/","https:\/\/www.pinterest.fr\/inspirationsphotoweb\/_created\/","https:\/\/www.youtube.com\/channel\/UCtcVmTvkAzKQLVkiwfOm8sg"]},{"@type":"Person","@id":"https:\/\/www.photoweb.fr\/espaces\/magazine\/#\/schema\/person\/111451a615bb7cbe790bf8b1d6b24391","name":"melanie"}]}},"acf":[],"_links":{"self":[{"href":"https:\/\/www.photoweb.fr\/espaces\/magazine\/wp-json\/wp\/v2\/posts\/2026","targetHints":{"allow":["GET"]}}],"collection":[{"href":"https:\/\/www.photoweb.fr\/espaces\/magazine\/wp-json\/wp\/v2\/posts"}],"about":[{"href":"https:\/\/www.photoweb.fr\/espaces\/magazine\/wp-json\/wp\/v2\/types\/post"}],"author":[{"embeddable":true,"href":"https:\/\/www.photoweb.fr\/espaces\/magazine\/wp-json\/wp\/v2\/users\/21"}],"replies":[{"embeddable":true,"href":"https:\/\/www.photoweb.fr\/espaces\/magazine\/wp-json\/wp\/v2\/comments?post=2026"}],"version-history":[{"count":0,"href":"https:\/\/www.photoweb.fr\/espaces\/magazine\/wp-json\/wp\/v2\/posts\/2026\/revisions"}],"wp:featuredmedia":[{"embeddable":true,"href":"https:\/\/www.photoweb.fr\/espaces\/magazine\/wp-json\/wp\/v2\/media\/9139"}],"wp:attachment":[{"href":"https:\/\/www.photoweb.fr\/espaces\/magazine\/wp-json\/wp\/v2\/media?parent=2026"}],"wp:term":[{"taxonomy":"category","embeddable":true,"href":"https:\/\/www.photoweb.fr\/espaces\/magazine\/wp-json\/wp\/v2\/categories?post=2026"},{"taxonomy":"post_tag","embeddable":true,"href":"https:\/\/www.photoweb.fr\/espaces\/magazine\/wp-json\/wp\/v2\/tags?post=2026"}],"curies":[{"name":"wp","href":"https:\/\/api.w.org\/{rel}","templated":true}]}}