{"id":2036,"date":"2017-10-23T11:04:09","date_gmt":"2017-10-23T11:04:09","guid":{"rendered":"https:\/\/www.photoweb.fr\/espaces\/magazine\/magazine\/?p=2036"},"modified":"2024-03-25T13:20:14","modified_gmt":"2024-03-25T11:20:14","slug":"calendrier-de-l-avent-original-comment-faire","status":"publish","type":"post","link":"https:\/\/www.photoweb.fr\/espaces\/magazine\/calendrier-de-l-avent-original-comment-faire\/","title":{"rendered":"Calendrier de l&rsquo;avent original : changer du traditionnel chocolat"},"content":{"rendered":"\n\n\t<p>Vous connaissez le concept de calendrier de l&rsquo;avent, n&rsquo;est-ce pas ? Jusque-l\u00e0 tout va bien. On pense souvent au commercial, achet\u00e9 en magasin et compos\u00e9 de chocolats&#8230; de toutes sortes. M\u00eame si \u00e7a fera toujours le bonheur des enfants, c&rsquo;est vu et revu et il serait temps d&rsquo;innover ! Voici quelques conseils pour concevoir un <strong><a href=\"https:\/\/www.photoweb.fr\/calendrier-photo\/avent\">calendrier de l&rsquo;avent original<\/a>, <\/strong>et en plus personnalis\u00e9 ! \u00ab Wow, super ! \u00bb<\/p>\n<p><em>Note : ces conseils fonctionnent aussi sur un calendrier de l&rsquo;avent original pour adultes. Il suffit alors d&rsquo;adapter mais \u00e7a on vous fait confiance.<\/em><\/p>\n\t<h2>Calendrier de l&rsquo;avent original : optez pour les photos<\/h2>\n<p>Les photos, vous le savez, c&rsquo;est notre sp\u00e9cialit\u00e9. Alors voici une bonne raison pour vous en parler. Vous pourriez tr\u00e8s bien imaginer cr\u00e9er votre <a href=\"https:\/\/www.photoweb.fr\/calendrier-photo\/avent\">calendrier de l&rsquo;avent<\/a> en y int\u00e9grant de jolies photos des idoles de vos enfants, qu&rsquo;il s&rsquo;agisse des stars de cin\u00e9ma, musique, des personnages de BD ou jeux vid\u00e9o. En gros leurs super-h\u00e9ros.<\/p>\n<p>Ce n&rsquo;est pas tout, vous avez aussi la possibilit\u00e9 de glisser quelques photos de famille, de mamie, de papa, de maman, de votre animal de compagnie. A vous d&rsquo;imaginer quels clich\u00e9s pourraient plaire \u00e0 vos enfants, les rendre heureux et surtout les faire attendre patiemment les f\u00eates de No\u00ebl.<\/p>\n<h2><strong>Pour un calendrier de l&rsquo;avent original, cachez des indices sur les cadeaux<\/strong><\/h2>\n<p>Apr\u00e8s les photos dites plus \u00ab traditionnelles \u00bb, que diriez-vous de cacher dans les petites cases journali\u00e8res de votre calendrier de l&rsquo;avent des indices sur les cadeaux que le gentil papa No\u00ebl am\u00e8nera le 25 d\u00e9cembre ?<\/p>\n<p>Vous pourriez traduire cela par des devinettes par exemple, ou par des images li\u00e9es pour amener votre enfant \u00e0 r\u00e9fl\u00e9chir sur ce que le P\u00e8re No\u00ebl a pr\u00e9vu d&rsquo;apporter sous le sapin. Attention \u00e0 ne pas \u00eatre trop r\u00e9v\u00e9lateur, car les enfants sont malins : ils savent en partie ce qu&rsquo;ils ont indiqu\u00e9 sur leur liste de No\u00ebl ! Et quand bien m\u00eame, ce serait dommage de g\u00e2cher la surprise le jour J.<\/p>\n\t\t\t\t<img loading=\"lazy\" decoding=\"async\" src=\"https:\/\/www.photoweb.fr\/espaces\/magazine\/wp-content\/uploads\/2018\/11\/2020-calendrier-avent.jpg\" alt=\"calendrier de l'Avent original\" itemprop=\"image\" height=\"600\" width=\"800\" title=\"Calendrier-avent\" onerror=\"this.style.display='none'\"  \/>\n\t<h2><strong>Calendrier de l&rsquo;avent original : ins\u00e9rez des petits mots<\/strong><\/h2>\n<p>Et enfin, vous pouvez \u00e9galement ins\u00e9rer de nombreux messages au travers des mots. Cela suppose que vous r\u00e9veillez votre cr\u00e9ativit\u00e9 au fond de vous.<\/p>\n<p>De nombreuses possibilit\u00e9s existent l\u00e0 aussi, en recherchant les paroles des chansons favorites de vos enfants, des phrases culte de leurs films pr\u00e9f\u00e9r\u00e9s, des citations, des po\u00e8mes ou encore et tout simplement des messages personnalis\u00e9s de vous.<\/p>\n<p>C&rsquo;est rare que les enfants n&rsquo;adressent pas en cours d&rsquo;ann\u00e9e des dessins ou petits mots faits \u00e0 l&rsquo;\u00e9cole et montrant l&rsquo;amour qu&rsquo;ils portent \u00e0 leurs parents. Pourquoi n&rsquo;inverserons-nous pas la tendance ?<\/p>\n\t\u00a0\u00bb \n\t<p>\u00ab Le talent provient de l&rsquo;originalit\u00e9, qui est une mati\u00e8re sp\u00e9ciale de penser, de voir, de comprendre et de juger. \u00bb<\/p>\n<p>Guy de Maupassant<\/p>\n\t\u00a0\u00bb \n\t1.2.3.\nimprimez&#8239;!\n\t\t\t\t<a href=\"https:\/\/www.photoweb.fr\/calendrier-photo\/avent\" target=\"_blank\" rel=\"noopener\" itemprop=\"url\">\n\t\t\t\t<img loading=\"lazy\" decoding=\"async\" src=\"https:\/\/www.photoweb.fr\/espaces\/magazine\/wp-content\/uploads\/2018\/11\/calendrier-avent-2020-mag.jpg\" alt=\"calendrier-avent-ski-party\" itemprop=\"image\" height=\"600\" width=\"600\" title=\"calendrier-avent-ski-party\" onerror=\"this.style.display='none'\"  \/>\n\t\t\t\t<\/a>\n\t<a href=\"https:\/\/www.photoweb.fr\/calendrier-photo\/avent\">\ncr\u00e9er mon calendrier de l&rsquo;avent<\/a>\n\n","protected":false},"excerpt":{"rendered":"<p>Le calendrier de l\u2019avent, tout le monde conna\u00eet, c\u2019est certain. Jusque-l\u00e0 pas de souci. La version commerciale et Marketing est cependant souvent cit\u00e9e. Quel dommage, surtout lorsqu\u2019on sait que c\u2019est bien plus profond que \u00e7a, et que des valeurs sont transmises notamment. M\u00eame si les chocolats font toujours plaisir, aux enfants comme aux adules, il serait temps d\u2019innover un peu ! Nous \u00e9voquons dans cet article quelques id\u00e9es qui pourraient vous inspirer pour r\u00e9aliser votre propre calendrier de l\u2019avent original. Et en plus, il sera 100% personnalis\u00e9 PAR vous. Pour les plus petits comme les plus grands, ces conseils s\u2019adapteront tr\u00e8s bien \u00e0 vos cibles et envies. Alors, on commence quand ? Le calendrier de l\u2019avent 2017 peut autant s\u2019articuler autour du chocolat, comme c\u2019est le cas pour beaucoup d\u2019offres commerciales, mais de bien multiples possibilit\u00e9s peuvent \u00eatre pr\u00e9f\u00e9r\u00e9es comme l\u2019utilisation unique des photos et images. Nous vous proposons cette version-l\u00e0 via notre logiciel d\u2019aide \u00e0 la cr\u00e9ation en ligne. Choisissez les messages que vous souhaitez communiquer et cr\u00e9er les 24 images qui d\u00e9finiront et marquerons votre calendrier de l\u2019avent original.<\/p>\n","protected":false},"author":21,"featured_media":2267,"comment_status":"open","ping_status":"open","sticky":false,"template":"single-standard.php","format":"standard","meta":{"footnotes":""},"categories":[5],"tags":[],"class_list":["post-2036","post","type-post","status-publish","format-standard","has-post-thumbnail","hentry","category-carnet-de-tendances"],"yoast_head":"<!-- This site is optimized with the Yoast SEO plugin v20.3 - https:\/\/yoast.com\/wordpress\/plugins\/seo\/ -->\n<title>Calendrier de l&#039;avent original : changer du traditionnel chocolat<\/title>\n<meta name=\"description\" content=\"Tout le monde (ou presque) conna\u00eet le concept de calendrier de l\u2019avent. Mais comment faire un calendrier de l\u2019avent original ? C\u2019est tr\u00e8s simple.\" \/>\n<meta name=\"robots\" content=\"index, follow, max-snippet:-1, max-image-preview:large, max-video-preview:-1\" \/>\n<link rel=\"canonical\" href=\"https:\/\/www.photoweb.fr\/espaces\/magazine\/calendrier-de-l-avent-original-comment-faire\/\" \/>\n<meta property=\"og:locale\" content=\"fr_FR\" \/>\n<meta property=\"og:type\" content=\"article\" \/>\n<meta property=\"og:title\" content=\"Calendrier de l&#039;avent original : changer du traditionnel chocolat\" \/>\n<meta property=\"og:description\" content=\"Tout le monde (ou presque) conna\u00eet le concept de calendrier de l\u2019avent. Mais comment faire un calendrier de l\u2019avent original ? C\u2019est tr\u00e8s simple.\" \/>\n<meta property=\"og:url\" content=\"https:\/\/www.photoweb.fr\/espaces\/magazine\/calendrier-de-l-avent-original-comment-faire\/\" \/>\n<meta property=\"og:site_name\" content=\"Photoweb, le mag\" \/>\n<meta property=\"article:publisher\" content=\"https:\/\/fr-fr.facebook.com\/Photoweb.fr\/\" \/>\n<meta property=\"article:published_time\" content=\"2017-10-23T11:04:09+00:00\" \/>\n<meta property=\"article:modified_time\" content=\"2024-03-25T11:20:14+00:00\" \/>\n<meta property=\"og:image\" content=\"https:\/\/www.photoweb.fr\/espaces\/magazine\/wp-content\/uploads\/2017\/10\/idee-calendrier-avent.jpg\" \/>\n\t<meta property=\"og:image:width\" content=\"1280\" \/>\n\t<meta property=\"og:image:height\" content=\"960\" \/>\n\t<meta property=\"og:image:type\" content=\"image\/jpeg\" \/>\n<meta name=\"author\" content=\"melanie\" \/>\n<meta name=\"twitter:card\" content=\"summary_large_image\" \/>\n<meta name=\"twitter:creator\" content=\"@Photoweb_fr\" \/>\n<meta name=\"twitter:site\" content=\"@Photoweb_fr\" \/>\n<meta name=\"twitter:label1\" content=\"\u00c9crit par\" \/>\n\t<meta name=\"twitter:data1\" content=\"melanie\" \/>\n\t<meta name=\"twitter:label2\" content=\"Dur\u00e9e de lecture estim\u00e9e\" \/>\n\t<meta name=\"twitter:data2\" content=\"3 minutes\" \/>\n<script type=\"application\/ld+json\" class=\"yoast-schema-graph\">{\"@context\":\"https:\/\/schema.org\",\"@graph\":[{\"@type\":\"Article\",\"@id\":\"https:\/\/www.photoweb.fr\/espaces\/magazine\/calendrier-de-l-avent-original-comment-faire\/#article\",\"isPartOf\":{\"@id\":\"https:\/\/www.photoweb.fr\/espaces\/magazine\/calendrier-de-l-avent-original-comment-faire\/\"},\"author\":{\"name\":\"melanie\",\"@id\":\"https:\/\/www.photoweb.fr\/espaces\/magazine\/#\/schema\/person\/111451a615bb7cbe790bf8b1d6b24391\"},\"headline\":\"Calendrier de l&rsquo;avent original : changer du traditionnel chocolat\",\"datePublished\":\"2017-10-23T11:04:09+00:00\",\"dateModified\":\"2024-03-25T11:20:14+00:00\",\"mainEntityOfPage\":{\"@id\":\"https:\/\/www.photoweb.fr\/espaces\/magazine\/calendrier-de-l-avent-original-comment-faire\/\"},\"wordCount\":488,\"commentCount\":0,\"publisher\":{\"@id\":\"https:\/\/www.photoweb.fr\/espaces\/magazine\/#organization\"},\"articleSection\":[\"Carnet de tendance\"],\"inLanguage\":\"fr-FR\",\"potentialAction\":[{\"@type\":\"CommentAction\",\"name\":\"Comment\",\"target\":[\"https:\/\/www.photoweb.fr\/espaces\/magazine\/calendrier-de-l-avent-original-comment-faire\/#respond\"]}]},{\"@type\":\"WebPage\",\"@id\":\"https:\/\/www.photoweb.fr\/espaces\/magazine\/calendrier-de-l-avent-original-comment-faire\/\",\"url\":\"https:\/\/www.photoweb.fr\/espaces\/magazine\/calendrier-de-l-avent-original-comment-faire\/\",\"name\":\"Calendrier de l'avent original : changer du traditionnel chocolat\",\"isPartOf\":{\"@id\":\"https:\/\/www.photoweb.fr\/espaces\/magazine\/#website\"},\"datePublished\":\"2017-10-23T11:04:09+00:00\",\"dateModified\":\"2024-03-25T11:20:14+00:00\",\"description\":\"Tout le monde (ou presque) conna\u00eet le concept de calendrier de l\u2019avent. Mais comment faire un calendrier de l\u2019avent original ? C\u2019est tr\u00e8s simple.\",\"breadcrumb\":{\"@id\":\"https:\/\/www.photoweb.fr\/espaces\/magazine\/calendrier-de-l-avent-original-comment-faire\/#breadcrumb\"},\"inLanguage\":\"fr-FR\",\"potentialAction\":[{\"@type\":\"ReadAction\",\"target\":[\"https:\/\/www.photoweb.fr\/espaces\/magazine\/calendrier-de-l-avent-original-comment-faire\/\"]}]},{\"@type\":\"BreadcrumbList\",\"@id\":\"https:\/\/www.photoweb.fr\/espaces\/magazine\/calendrier-de-l-avent-original-comment-faire\/#breadcrumb\",\"itemListElement\":[{\"@type\":\"ListItem\",\"position\":1,\"name\":\"Accueil\",\"item\":\"https:\/\/www.photoweb.fr\/espaces\/magazine\/\"},{\"@type\":\"ListItem\",\"position\":2,\"name\":\"Carnet de tendance\",\"item\":\"https:\/\/www.photoweb.fr\/espaces\/magazine\/carnet-de-tendances\/\"},{\"@type\":\"ListItem\",\"position\":3,\"name\":\"Calendrier de l&rsquo;avent original : changer du traditionnel chocolat\"}]},{\"@type\":\"WebSite\",\"@id\":\"https:\/\/www.photoweb.fr\/espaces\/magazine\/#website\",\"url\":\"https:\/\/www.photoweb.fr\/espaces\/magazine\/\",\"name\":\"Photoweb, le mag\",\"description\":\"Le magazine de Photoweb\",\"publisher\":{\"@id\":\"https:\/\/www.photoweb.fr\/espaces\/magazine\/#organization\"},\"potentialAction\":[{\"@type\":\"SearchAction\",\"target\":{\"@type\":\"EntryPoint\",\"urlTemplate\":\"https:\/\/www.photoweb.fr\/espaces\/magazine\/?s={search_term_string}\"},\"query-input\":\"required name=search_term_string\"}],\"inLanguage\":\"fr-FR\"},{\"@type\":\"Organization\",\"@id\":\"https:\/\/www.photoweb.fr\/espaces\/magazine\/#organization\",\"name\":\"Photoweb\",\"url\":\"https:\/\/www.photoweb.fr\/espaces\/magazine\/\",\"logo\":{\"@type\":\"ImageObject\",\"inLanguage\":\"fr-FR\",\"@id\":\"https:\/\/www.photoweb.fr\/espaces\/magazine\/#\/schema\/logo\/image\/\",\"url\":\"https:\/\/www.photoweb.fr\/espaces\/magazine\/wp-content\/uploads\/2021\/02\/Logo-Photoweb.jpg\",\"contentUrl\":\"https:\/\/www.photoweb.fr\/espaces\/magazine\/wp-content\/uploads\/2021\/02\/Logo-Photoweb.jpg\",\"width\":780,\"height\":456,\"caption\":\"Photoweb\"},\"image\":{\"@id\":\"https:\/\/www.photoweb.fr\/espaces\/magazine\/#\/schema\/logo\/image\/\"},\"sameAs\":[\"https:\/\/fr-fr.facebook.com\/Photoweb.fr\/\",\"https:\/\/twitter.com\/Photoweb_fr\",\"https:\/\/www.instagram.com\/photowebfr\/\",\"https:\/\/www.linkedin.com\/company\/347094\/\",\"https:\/\/www.pinterest.fr\/inspirationsphotoweb\/_created\/\",\"https:\/\/www.youtube.com\/channel\/UCtcVmTvkAzKQLVkiwfOm8sg\"]},{\"@type\":\"Person\",\"@id\":\"https:\/\/www.photoweb.fr\/espaces\/magazine\/#\/schema\/person\/111451a615bb7cbe790bf8b1d6b24391\",\"name\":\"melanie\"}]}<\/script>\n<!-- \/ Yoast SEO plugin. -->","yoast_head_json":{"title":"Calendrier de l'avent original : changer du traditionnel chocolat","description":"Tout le monde (ou presque) conna\u00eet le concept de calendrier de l\u2019avent. Mais comment faire un calendrier de l\u2019avent original ? C\u2019est tr\u00e8s simple.","robots":{"index":"index","follow":"follow","max-snippet":"max-snippet:-1","max-image-preview":"max-image-preview:large","max-video-preview":"max-video-preview:-1"},"canonical":"https:\/\/www.photoweb.fr\/espaces\/magazine\/calendrier-de-l-avent-original-comment-faire\/","og_locale":"fr_FR","og_type":"article","og_title":"Calendrier de l'avent original : changer du traditionnel chocolat","og_description":"Tout le monde (ou presque) conna\u00eet le concept de calendrier de l\u2019avent. Mais comment faire un calendrier de l\u2019avent original ? C\u2019est tr\u00e8s simple.","og_url":"https:\/\/www.photoweb.fr\/espaces\/magazine\/calendrier-de-l-avent-original-comment-faire\/","og_site_name":"Photoweb, le mag","article_publisher":"https:\/\/fr-fr.facebook.com\/Photoweb.fr\/","article_published_time":"2017-10-23T11:04:09+00:00","article_modified_time":"2024-03-25T11:20:14+00:00","og_image":[{"width":1280,"height":960,"url":"https:\/\/www.photoweb.fr\/espaces\/magazine\/wp-content\/uploads\/2017\/10\/idee-calendrier-avent.jpg","type":"image\/jpeg"}],"author":"melanie","twitter_card":"summary_large_image","twitter_creator":"@Photoweb_fr","twitter_site":"@Photoweb_fr","twitter_misc":{"\u00c9crit par":"melanie","Dur\u00e9e de lecture estim\u00e9e":"3 minutes"},"schema":{"@context":"https:\/\/schema.org","@graph":[{"@type":"Article","@id":"https:\/\/www.photoweb.fr\/espaces\/magazine\/calendrier-de-l-avent-original-comment-faire\/#article","isPartOf":{"@id":"https:\/\/www.photoweb.fr\/espaces\/magazine\/calendrier-de-l-avent-original-comment-faire\/"},"author":{"name":"melanie","@id":"https:\/\/www.photoweb.fr\/espaces\/magazine\/#\/schema\/person\/111451a615bb7cbe790bf8b1d6b24391"},"headline":"Calendrier de l&rsquo;avent original : changer du traditionnel chocolat","datePublished":"2017-10-23T11:04:09+00:00","dateModified":"2024-03-25T11:20:14+00:00","mainEntityOfPage":{"@id":"https:\/\/www.photoweb.fr\/espaces\/magazine\/calendrier-de-l-avent-original-comment-faire\/"},"wordCount":488,"commentCount":0,"publisher":{"@id":"https:\/\/www.photoweb.fr\/espaces\/magazine\/#organization"},"articleSection":["Carnet de tendance"],"inLanguage":"fr-FR","potentialAction":[{"@type":"CommentAction","name":"Comment","target":["https:\/\/www.photoweb.fr\/espaces\/magazine\/calendrier-de-l-avent-original-comment-faire\/#respond"]}]},{"@type":"WebPage","@id":"https:\/\/www.photoweb.fr\/espaces\/magazine\/calendrier-de-l-avent-original-comment-faire\/","url":"https:\/\/www.photoweb.fr\/espaces\/magazine\/calendrier-de-l-avent-original-comment-faire\/","name":"Calendrier de l'avent original : changer du traditionnel chocolat","isPartOf":{"@id":"https:\/\/www.photoweb.fr\/espaces\/magazine\/#website"},"datePublished":"2017-10-23T11:04:09+00:00","dateModified":"2024-03-25T11:20:14+00:00","description":"Tout le monde (ou presque) conna\u00eet le concept de calendrier de l\u2019avent. Mais comment faire un calendrier de l\u2019avent original ? C\u2019est tr\u00e8s simple.","breadcrumb":{"@id":"https:\/\/www.photoweb.fr\/espaces\/magazine\/calendrier-de-l-avent-original-comment-faire\/#breadcrumb"},"inLanguage":"fr-FR","potentialAction":[{"@type":"ReadAction","target":["https:\/\/www.photoweb.fr\/espaces\/magazine\/calendrier-de-l-avent-original-comment-faire\/"]}]},{"@type":"BreadcrumbList","@id":"https:\/\/www.photoweb.fr\/espaces\/magazine\/calendrier-de-l-avent-original-comment-faire\/#breadcrumb","itemListElement":[{"@type":"ListItem","position":1,"name":"Accueil","item":"https:\/\/www.photoweb.fr\/espaces\/magazine\/"},{"@type":"ListItem","position":2,"name":"Carnet de tendance","item":"https:\/\/www.photoweb.fr\/espaces\/magazine\/carnet-de-tendances\/"},{"@type":"ListItem","position":3,"name":"Calendrier de l&rsquo;avent original : changer du traditionnel chocolat"}]},{"@type":"WebSite","@id":"https:\/\/www.photoweb.fr\/espaces\/magazine\/#website","url":"https:\/\/www.photoweb.fr\/espaces\/magazine\/","name":"Photoweb, le mag","description":"Le magazine de Photoweb","publisher":{"@id":"https:\/\/www.photoweb.fr\/espaces\/magazine\/#organization"},"potentialAction":[{"@type":"SearchAction","target":{"@type":"EntryPoint","urlTemplate":"https:\/\/www.photoweb.fr\/espaces\/magazine\/?s={search_term_string}"},"query-input":"required name=search_term_string"}],"inLanguage":"fr-FR"},{"@type":"Organization","@id":"https:\/\/www.photoweb.fr\/espaces\/magazine\/#organization","name":"Photoweb","url":"https:\/\/www.photoweb.fr\/espaces\/magazine\/","logo":{"@type":"ImageObject","inLanguage":"fr-FR","@id":"https:\/\/www.photoweb.fr\/espaces\/magazine\/#\/schema\/logo\/image\/","url":"https:\/\/www.photoweb.fr\/espaces\/magazine\/wp-content\/uploads\/2021\/02\/Logo-Photoweb.jpg","contentUrl":"https:\/\/www.photoweb.fr\/espaces\/magazine\/wp-content\/uploads\/2021\/02\/Logo-Photoweb.jpg","width":780,"height":456,"caption":"Photoweb"},"image":{"@id":"https:\/\/www.photoweb.fr\/espaces\/magazine\/#\/schema\/logo\/image\/"},"sameAs":["https:\/\/fr-fr.facebook.com\/Photoweb.fr\/","https:\/\/twitter.com\/Photoweb_fr","https:\/\/www.instagram.com\/photowebfr\/","https:\/\/www.linkedin.com\/company\/347094\/","https:\/\/www.pinterest.fr\/inspirationsphotoweb\/_created\/","https:\/\/www.youtube.com\/channel\/UCtcVmTvkAzKQLVkiwfOm8sg"]},{"@type":"Person","@id":"https:\/\/www.photoweb.fr\/espaces\/magazine\/#\/schema\/person\/111451a615bb7cbe790bf8b1d6b24391","name":"melanie"}]}},"acf":[],"_links":{"self":[{"href":"https:\/\/www.photoweb.fr\/espaces\/magazine\/wp-json\/wp\/v2\/posts\/2036","targetHints":{"allow":["GET"]}}],"collection":[{"href":"https:\/\/www.photoweb.fr\/espaces\/magazine\/wp-json\/wp\/v2\/posts"}],"about":[{"href":"https:\/\/www.photoweb.fr\/espaces\/magazine\/wp-json\/wp\/v2\/types\/post"}],"author":[{"embeddable":true,"href":"https:\/\/www.photoweb.fr\/espaces\/magazine\/wp-json\/wp\/v2\/users\/21"}],"replies":[{"embeddable":true,"href":"https:\/\/www.photoweb.fr\/espaces\/magazine\/wp-json\/wp\/v2\/comments?post=2036"}],"version-history":[{"count":4,"href":"https:\/\/www.photoweb.fr\/espaces\/magazine\/wp-json\/wp\/v2\/posts\/2036\/revisions"}],"predecessor-version":[{"id":12691,"href":"https:\/\/www.photoweb.fr\/espaces\/magazine\/wp-json\/wp\/v2\/posts\/2036\/revisions\/12691"}],"wp:featuredmedia":[{"embeddable":true,"href":"https:\/\/www.photoweb.fr\/espaces\/magazine\/wp-json\/wp\/v2\/media\/2267"}],"wp:attachment":[{"href":"https:\/\/www.photoweb.fr\/espaces\/magazine\/wp-json\/wp\/v2\/media?parent=2036"}],"wp:term":[{"taxonomy":"category","embeddable":true,"href":"https:\/\/www.photoweb.fr\/espaces\/magazine\/wp-json\/wp\/v2\/categories?post=2036"},{"taxonomy":"post_tag","embeddable":true,"href":"https:\/\/www.photoweb.fr\/espaces\/magazine\/wp-json\/wp\/v2\/tags?post=2036"}],"curies":[{"name":"wp","href":"https:\/\/api.w.org\/{rel}","templated":true}]}}