{"id":2086,"date":"2017-10-11T15:04:43","date_gmt":"2017-10-11T15:04:43","guid":{"rendered":"https:\/\/www.photoweb.fr\/espaces\/magazine\/magazine\/?p=2086"},"modified":"2022-10-28T13:21:32","modified_gmt":"2022-10-28T13:21:32","slug":"comment-reussir-photo-culinaire","status":"publish","type":"post","link":"https:\/\/www.photoweb.fr\/espaces\/magazine\/comment-reussir-photo-culinaire\/","title":{"rendered":"Comment r\u00e9ussir ses photos culinaires ?"},"content":{"rendered":"\n\n\t<p>Nous mettons \u00e0 l&rsquo;honneur \u00ab La Semaine Du Go\u00fbt \u00ae \u00bb sur Photoweb Le Mag ! Nous collaborons avec la \u00ab succulente \u00bb Anne-Sophie, r\u00e9dactrice du blog \u00ab <a href=\"http:\/\/majoliefood.com\/\" target=\"_blank\" rel=\"noopener\">Ma Jolie Food <\/a>\u00bb. Nous l&rsquo;avons questionn\u00e9 \u00e0 petit feu pour d\u00e9nicher les meilleures astuces pour r\u00e9ussir vos photos culinaires !<\/p>\n\t<h2>1. Comment tu es venue \u00e0 te lancer dans un blog \u00ab\u00a0food\u00a0\u00bb ?<\/h2>\n<p>J&rsquo;ai toujours ador\u00e9 cuisiner et je me souviens petite passer beaucoup de temps en cuisine avec mes s\u0153urs \u00e0 pr\u00e9parer des g\u00e2teaux. J&rsquo;ai aussi <strong>une maman<\/strong> qui cuisine tr\u00e8s bien, c&rsquo;est elle qui m&rsquo;a donn\u00e9 <strong>le go\u00fbt des bonnes choses.<\/strong> Je partageais r\u00e9guli\u00e8rement les photos de mes r\u00e9alisations aupr\u00e8s de mes amis et sur Instagram et comme on me demandait souvent les recettes j&rsquo;ai eu envie de tout compiler sur un blog ! Pendant mon cong\u00e9 mat j&rsquo;ai commenc\u00e9 \u00e0 r\u00e9fl\u00e9chir \u00e0 mon blog que j&rsquo;ai finalement lanc\u00e9 en <strong>Juillet 2016<\/strong> !<\/p>\n<p>Une histoire derri\u00e8re ton blog ?<\/p>\n<p>Au d\u00e9but c&rsquo;est mon mari [photographe amateur] qui prenait les photos et au fur et \u00e0 mesure j&rsquo;ai pris le relais&#8230; Mais conserv\u00e9 son appareil photo ! D&rsquo;ailleurs on me demande encore r\u00e9guli\u00e8rement si c&rsquo;est toujours lui qui prend les photos ?<\/p>\n<h2><img loading=\"lazy\" decoding=\"async\" src=\"https:\/\/www.photoweb.fr\/espaces\/magazine\/wp-content\/uploads\/2017\/10\/MaJolieFood-Logo.jpg\" alt=\"Ma Jolie Food Logo\" width=\"175\" height=\"173\" \/><br \/>\n2. Selon toi, quels sont les \u00ab ingr\u00e9dients \u00bb d&rsquo;une photo culinaire r\u00e9ussie ?<\/h2>\n<p>Il y a pas mal de choses qui entrent en compte dans la r\u00e9ussite d&rsquo;une <strong>photo culinaire<\/strong>.<\/p>\n<p>Tout d&rsquo;abord je dirais <strong>la lumi\u00e8re<\/strong>. Il est important de se placer pr\u00e8s d&rsquo;une fen\u00eatre pour avoir le plus de lumi\u00e8re possible. S&rsquo;il fait sombre, vous pouvez utiliser des r\u00e9flecteurs pour r\u00e9fl\u00e9chir au maximum la lumi\u00e8re sur votre mise en sc\u00e8ne.<\/p>\n<p>Ensuite, <strong>\u00e9quipez-vous<\/strong> : fond, ustensiles, linge de table&#8230; Faites en sorte de penser \u00e0 l&rsquo;avance votre photo pour cr\u00e9er un univers qui corresponde \u00e0 ce que vous voulez transmettre <em>(plut\u00f4t un th\u00e8me rustique, \u00e9pur\u00e9, contemporain&#8230;)<\/em> et r\u00e9fl\u00e9chissez aussi \u00e0 la prise de vue de votre photo <em>(profil, \u00be, plong\u00e9e)<\/em>.<\/p>\n<p>Pr\u00e9parez votre mise en sc\u00e8ne, faites vos <strong>r\u00e9glages sur votre appareil photo<\/strong> et placez le plat au dernier moment de fa\u00e7on \u00e0 ce qu&rsquo;il ne s&rsquo;affaisse pas avant que vous ayez eu le temps de prendre la photo.<\/p>\n<p>Enfin, <strong>retouchez si besoin<\/strong> votre photo pour \u00e9ventuellement l&rsquo;\u00e9claircir, accentuer les contrastes, les ombres&#8230; J&rsquo;utilise le logiciel Lightroom d&rsquo;Adobe.<\/p>\n<h2>3. O\u00f9 trouves-tu ton inspiration ? \/ O\u00f9 partager ses photos sur les r\u00e9seaux sociaux ?<\/h2>\n<p>Je m&rsquo;inspire beaucoup du contenu d&rsquo;<strong>Instagram<\/strong>, de <strong>Pinterest<\/strong> mais aussi des magazines de cuisine que j&rsquo;adore feuilleter. Que ce soit au niveau des photos ou des recettes j&rsquo;y puise beaucoup d&rsquo;inspiration. Je passe pas mal de temps \u00e0 scruter les <strong>tendances food<\/strong> sur ces r\u00e9seaux sociaux et j&rsquo;aime y prendre des id\u00e9es puis faire la recette \u00ab \u00e0 ma sauce \u00bb par la suite avec ma touche personnelle. Si je devais citer des personnes qui m&rsquo;inspirent, je dirai sans h\u00e9sitation ; <strong><a href=\"http:\/\/fraise-basilic.com\" target=\"_blank\" rel=\"noopener\">Fraise et Basilic<\/a><\/strong> pour ses superbes photos, Petits B\u00e9guins pour son doux univers et<strong> <a href=\"https:\/\/www.instagram.com\/hinalys\/\" target=\"_blank\" rel=\"noopener\">@Hinalys<\/a> <\/strong>pour sa gourmandise sur Instagram.<\/p>\n<p>Je partage les photos de <a href=\"http:\/\/www.majoliefood.com\">mon blog<\/a> sur 3 r\u00e9seaux sociaux : Instagram, Facebook et Pinterest. Le visuel est tr\u00e8s important, ce sont des m\u00e9dias d&rsquo;image donc la photo doit \u00eatre r\u00e9ussie pour cr\u00e9er de l&rsquo;\u00e9motion. Sur mon blog, on trouve des recettes pour tous les jours, certaines un peu plus \u00e9labor\u00e9es, j&rsquo;aime la cuisine qui a du go\u00fbt et je partage ainsi mes coups de c\u0153ur culinaires.<\/p>\n<h2>4. Un premier conseil pour les personnes qui souhaitent se lancer dans la photo culinaire ?<\/h2>\n<p>Tout d&rsquo;abord choisissez un <strong>univers qui vous corresponde<\/strong> et entra\u00eenez-vous \u00e0 faire de jolies compositions. Essayez ensuite de <strong>jouer avec la lumi\u00e8re<\/strong> pour trouver la perspective qui mettra le plus en valeur vos plats avant de les photographier.<\/p>\n<h2>5. Quels sont tes 3 cr\u00e9ations pr\u00e9f\u00e9r\u00e9es ?<\/h2>\n<p>J&rsquo;aime les mises en sc\u00e8ne lumineuses avec une touche de couleur pour apporter <strong>du peps \u00e0 la photo<\/strong> ! Parmi mes derni\u00e8res cr\u00e9ations, j&rsquo;ai pris beaucoup de plaisir \u00e0 r\u00e9aliser cet \u00e9t\u00e9 des tartes froides que j&rsquo;ai d\u00e9clin\u00e9es avec de la ricotta, des tomates et du basilic pour l&rsquo;une et de l&rsquo;aneth, du saumon fum\u00e9 et du concombre pour l&rsquo;autre. Quelle fra\u00eecheur ! J&rsquo;ai cuisin\u00e9 \u00e0 plusieurs reprises ma tarte aux fraises et elle a beaucoup plu, tant par son visuel que par son go\u00fbt <em>(et sa l\u00e9g\u00e8ret\u00e9 malgr\u00e9 le sabl\u00e9 breton ;))<\/em>. Enfin, ma soupe froide past\u00e8que, f\u00eata, basilic est un must do de l&rsquo;\u00e9t\u00e9, elle est si rafra\u00eechissante !<\/p>\n<img loading=\"lazy\" decoding=\"async\" src=\"https:\/\/www.photoweb.fr\/espaces\/magazine\/wp-content\/uploads\/2017\/10\/ma-jolie-food-tarte.jpg\" alt=\"ma jolie food tarte\" width=\"1280\" height=\"960\" \/><br \/>\n<img loading=\"lazy\" decoding=\"async\" src=\"https:\/\/www.photoweb.fr\/espaces\/magazine\/wp-content\/uploads\/2017\/10\/ma-jolie-food-pasteque.jpg\" alt=\"ma jolie food past\u00e8que\" width=\"1280\" height=\"960\" \/><br \/>\n<img loading=\"lazy\" decoding=\"async\" src=\"https:\/\/www.photoweb.fr\/espaces\/magazine\/wp-content\/uploads\/2017\/10\/ma-jolie-food-saumon.jpg\" alt=\"ma jolie food saumon\" width=\"1280\" height=\"960\" \/>\n\n","protected":false},"excerpt":{"rendered":"<p>Nous mettons \u00e0 l\u2019honneur \u00ab La Semaine Du Go\u00fbt \u00ae \u00bb sur Photoweb Le Mag ! Nous collaborons avec la \u00ab succulente \u00bb Anne-Sophie, r\u00e9dactrice du blog \u00ab Ma Jolie Food \u00bb. Nous l\u2019avons questionn\u00e9 \u00e0 petit feu pour d\u00e9nicher les meilleures astuces pour r\u00e9ussir vos photos culinaires ! <\/p>\n","protected":false},"author":21,"featured_media":2097,"comment_status":"open","ping_status":"open","sticky":false,"template":"single-expert.php","format":"standard","meta":{"footnotes":""},"categories":[18],"tags":[],"class_list":["post-2086","post","type-post","status-publish","format-standard","has-post-thumbnail","hentry","category-conseils-expets"],"yoast_head":"<!-- This site is optimized with the Yoast SEO plugin v20.3 - https:\/\/yoast.com\/wordpress\/plugins\/seo\/ -->\n<title>Comment r\u00e9ussir ses photos culinaires ?<\/title>\n<meta name=\"description\" content=\"Lancez-vous dans la photographie culinaire avec nos meilleurs conseils pour r\u00e9ussir vos photos aussi bonnes que vos plats !\" \/>\n<meta name=\"robots\" content=\"index, follow, max-snippet:-1, max-image-preview:large, max-video-preview:-1\" \/>\n<link rel=\"canonical\" href=\"https:\/\/www.photoweb.fr\/espaces\/magazine\/comment-reussir-photo-culinaire\/\" \/>\n<meta property=\"og:locale\" content=\"fr_FR\" \/>\n<meta property=\"og:type\" content=\"article\" \/>\n<meta property=\"og:title\" content=\"Comment r\u00e9ussir ses photos culinaires ?\" \/>\n<meta property=\"og:description\" content=\"Lancez-vous dans la photographie culinaire avec nos meilleurs conseils pour r\u00e9ussir vos photos aussi bonnes que vos plats !\" \/>\n<meta property=\"og:url\" content=\"https:\/\/www.photoweb.fr\/espaces\/magazine\/comment-reussir-photo-culinaire\/\" \/>\n<meta property=\"og:site_name\" content=\"Photoweb, le mag\" \/>\n<meta property=\"article:publisher\" content=\"https:\/\/fr-fr.facebook.com\/Photoweb.fr\/\" \/>\n<meta property=\"article:published_time\" content=\"2017-10-11T15:04:43+00:00\" \/>\n<meta property=\"article:modified_time\" content=\"2022-10-28T13:21:32+00:00\" \/>\n<meta property=\"og:image\" content=\"https:\/\/www.photoweb.fr\/espaces\/magazine\/wp-content\/uploads\/2017\/10\/ma-jolie-food-cuisine.jpg\" \/>\n\t<meta property=\"og:image:width\" content=\"1280\" \/>\n\t<meta property=\"og:image:height\" content=\"960\" \/>\n\t<meta property=\"og:image:type\" content=\"image\/jpeg\" \/>\n<meta name=\"author\" content=\"melanie\" \/>\n<meta name=\"twitter:card\" content=\"summary_large_image\" \/>\n<meta name=\"twitter:creator\" content=\"@Photoweb_fr\" \/>\n<meta name=\"twitter:site\" content=\"@Photoweb_fr\" \/>\n<meta name=\"twitter:label1\" content=\"\u00c9crit par\" \/>\n\t<meta name=\"twitter:data1\" content=\"melanie\" \/>\n\t<meta name=\"twitter:label2\" content=\"Dur\u00e9e de lecture estim\u00e9e\" \/>\n\t<meta name=\"twitter:data2\" content=\"4 minutes\" \/>\n<script type=\"application\/ld+json\" class=\"yoast-schema-graph\">{\"@context\":\"https:\/\/schema.org\",\"@graph\":[{\"@type\":\"Article\",\"@id\":\"https:\/\/www.photoweb.fr\/espaces\/magazine\/comment-reussir-photo-culinaire\/#article\",\"isPartOf\":{\"@id\":\"https:\/\/www.photoweb.fr\/espaces\/magazine\/comment-reussir-photo-culinaire\/\"},\"author\":{\"name\":\"melanie\",\"@id\":\"https:\/\/www.photoweb.fr\/espaces\/magazine\/#\/schema\/person\/111451a615bb7cbe790bf8b1d6b24391\"},\"headline\":\"Comment r\u00e9ussir ses photos culinaires ?\",\"datePublished\":\"2017-10-11T15:04:43+00:00\",\"dateModified\":\"2022-10-28T13:21:32+00:00\",\"mainEntityOfPage\":{\"@id\":\"https:\/\/www.photoweb.fr\/espaces\/magazine\/comment-reussir-photo-culinaire\/\"},\"wordCount\":762,\"commentCount\":1,\"publisher\":{\"@id\":\"https:\/\/www.photoweb.fr\/espaces\/magazine\/#organization\"},\"articleSection\":[\"Conseils experts\"],\"inLanguage\":\"fr-FR\",\"potentialAction\":[{\"@type\":\"CommentAction\",\"name\":\"Comment\",\"target\":[\"https:\/\/www.photoweb.fr\/espaces\/magazine\/comment-reussir-photo-culinaire\/#respond\"]}]},{\"@type\":\"WebPage\",\"@id\":\"https:\/\/www.photoweb.fr\/espaces\/magazine\/comment-reussir-photo-culinaire\/\",\"url\":\"https:\/\/www.photoweb.fr\/espaces\/magazine\/comment-reussir-photo-culinaire\/\",\"name\":\"Comment r\u00e9ussir ses photos culinaires ?\",\"isPartOf\":{\"@id\":\"https:\/\/www.photoweb.fr\/espaces\/magazine\/#website\"},\"datePublished\":\"2017-10-11T15:04:43+00:00\",\"dateModified\":\"2022-10-28T13:21:32+00:00\",\"description\":\"Lancez-vous dans la photographie culinaire avec nos meilleurs conseils pour r\u00e9ussir vos photos aussi bonnes que vos plats !\",\"breadcrumb\":{\"@id\":\"https:\/\/www.photoweb.fr\/espaces\/magazine\/comment-reussir-photo-culinaire\/#breadcrumb\"},\"inLanguage\":\"fr-FR\",\"potentialAction\":[{\"@type\":\"ReadAction\",\"target\":[\"https:\/\/www.photoweb.fr\/espaces\/magazine\/comment-reussir-photo-culinaire\/\"]}]},{\"@type\":\"BreadcrumbList\",\"@id\":\"https:\/\/www.photoweb.fr\/espaces\/magazine\/comment-reussir-photo-culinaire\/#breadcrumb\",\"itemListElement\":[{\"@type\":\"ListItem\",\"position\":1,\"name\":\"Accueil\",\"item\":\"https:\/\/www.photoweb.fr\/espaces\/magazine\/\"},{\"@type\":\"ListItem\",\"position\":2,\"name\":\"Conseils experts\",\"item\":\"https:\/\/www.photoweb.fr\/espaces\/magazine\/conseils-expets\/\"},{\"@type\":\"ListItem\",\"position\":3,\"name\":\"Comment r\u00e9ussir ses photos culinaires ?\"}]},{\"@type\":\"WebSite\",\"@id\":\"https:\/\/www.photoweb.fr\/espaces\/magazine\/#website\",\"url\":\"https:\/\/www.photoweb.fr\/espaces\/magazine\/\",\"name\":\"Photoweb, le mag\",\"description\":\"Le magazine de Photoweb\",\"publisher\":{\"@id\":\"https:\/\/www.photoweb.fr\/espaces\/magazine\/#organization\"},\"potentialAction\":[{\"@type\":\"SearchAction\",\"target\":{\"@type\":\"EntryPoint\",\"urlTemplate\":\"https:\/\/www.photoweb.fr\/espaces\/magazine\/?s={search_term_string}\"},\"query-input\":\"required name=search_term_string\"}],\"inLanguage\":\"fr-FR\"},{\"@type\":\"Organization\",\"@id\":\"https:\/\/www.photoweb.fr\/espaces\/magazine\/#organization\",\"name\":\"Photoweb\",\"url\":\"https:\/\/www.photoweb.fr\/espaces\/magazine\/\",\"logo\":{\"@type\":\"ImageObject\",\"inLanguage\":\"fr-FR\",\"@id\":\"https:\/\/www.photoweb.fr\/espaces\/magazine\/#\/schema\/logo\/image\/\",\"url\":\"https:\/\/www.photoweb.fr\/espaces\/magazine\/wp-content\/uploads\/2021\/02\/Logo-Photoweb.jpg\",\"contentUrl\":\"https:\/\/www.photoweb.fr\/espaces\/magazine\/wp-content\/uploads\/2021\/02\/Logo-Photoweb.jpg\",\"width\":780,\"height\":456,\"caption\":\"Photoweb\"},\"image\":{\"@id\":\"https:\/\/www.photoweb.fr\/espaces\/magazine\/#\/schema\/logo\/image\/\"},\"sameAs\":[\"https:\/\/fr-fr.facebook.com\/Photoweb.fr\/\",\"https:\/\/twitter.com\/Photoweb_fr\",\"https:\/\/www.instagram.com\/photowebfr\/\",\"https:\/\/www.linkedin.com\/company\/347094\/\",\"https:\/\/www.pinterest.fr\/inspirationsphotoweb\/_created\/\",\"https:\/\/www.youtube.com\/channel\/UCtcVmTvkAzKQLVkiwfOm8sg\"]},{\"@type\":\"Person\",\"@id\":\"https:\/\/www.photoweb.fr\/espaces\/magazine\/#\/schema\/person\/111451a615bb7cbe790bf8b1d6b24391\",\"name\":\"melanie\"}]}<\/script>\n<!-- \/ Yoast SEO plugin. -->","yoast_head_json":{"title":"Comment r\u00e9ussir ses photos culinaires ?","description":"Lancez-vous dans la photographie culinaire avec nos meilleurs conseils pour r\u00e9ussir vos photos aussi bonnes que vos plats !","robots":{"index":"index","follow":"follow","max-snippet":"max-snippet:-1","max-image-preview":"max-image-preview:large","max-video-preview":"max-video-preview:-1"},"canonical":"https:\/\/www.photoweb.fr\/espaces\/magazine\/comment-reussir-photo-culinaire\/","og_locale":"fr_FR","og_type":"article","og_title":"Comment r\u00e9ussir ses photos culinaires ?","og_description":"Lancez-vous dans la photographie culinaire avec nos meilleurs conseils pour r\u00e9ussir vos photos aussi bonnes que vos plats !","og_url":"https:\/\/www.photoweb.fr\/espaces\/magazine\/comment-reussir-photo-culinaire\/","og_site_name":"Photoweb, le mag","article_publisher":"https:\/\/fr-fr.facebook.com\/Photoweb.fr\/","article_published_time":"2017-10-11T15:04:43+00:00","article_modified_time":"2022-10-28T13:21:32+00:00","og_image":[{"width":1280,"height":960,"url":"https:\/\/www.photoweb.fr\/espaces\/magazine\/wp-content\/uploads\/2017\/10\/ma-jolie-food-cuisine.jpg","type":"image\/jpeg"}],"author":"melanie","twitter_card":"summary_large_image","twitter_creator":"@Photoweb_fr","twitter_site":"@Photoweb_fr","twitter_misc":{"\u00c9crit par":"melanie","Dur\u00e9e de lecture estim\u00e9e":"4 minutes"},"schema":{"@context":"https:\/\/schema.org","@graph":[{"@type":"Article","@id":"https:\/\/www.photoweb.fr\/espaces\/magazine\/comment-reussir-photo-culinaire\/#article","isPartOf":{"@id":"https:\/\/www.photoweb.fr\/espaces\/magazine\/comment-reussir-photo-culinaire\/"},"author":{"name":"melanie","@id":"https:\/\/www.photoweb.fr\/espaces\/magazine\/#\/schema\/person\/111451a615bb7cbe790bf8b1d6b24391"},"headline":"Comment r\u00e9ussir ses photos culinaires ?","datePublished":"2017-10-11T15:04:43+00:00","dateModified":"2022-10-28T13:21:32+00:00","mainEntityOfPage":{"@id":"https:\/\/www.photoweb.fr\/espaces\/magazine\/comment-reussir-photo-culinaire\/"},"wordCount":762,"commentCount":1,"publisher":{"@id":"https:\/\/www.photoweb.fr\/espaces\/magazine\/#organization"},"articleSection":["Conseils experts"],"inLanguage":"fr-FR","potentialAction":[{"@type":"CommentAction","name":"Comment","target":["https:\/\/www.photoweb.fr\/espaces\/magazine\/comment-reussir-photo-culinaire\/#respond"]}]},{"@type":"WebPage","@id":"https:\/\/www.photoweb.fr\/espaces\/magazine\/comment-reussir-photo-culinaire\/","url":"https:\/\/www.photoweb.fr\/espaces\/magazine\/comment-reussir-photo-culinaire\/","name":"Comment r\u00e9ussir ses photos culinaires ?","isPartOf":{"@id":"https:\/\/www.photoweb.fr\/espaces\/magazine\/#website"},"datePublished":"2017-10-11T15:04:43+00:00","dateModified":"2022-10-28T13:21:32+00:00","description":"Lancez-vous dans la photographie culinaire avec nos meilleurs conseils pour r\u00e9ussir vos photos aussi bonnes que vos plats !","breadcrumb":{"@id":"https:\/\/www.photoweb.fr\/espaces\/magazine\/comment-reussir-photo-culinaire\/#breadcrumb"},"inLanguage":"fr-FR","potentialAction":[{"@type":"ReadAction","target":["https:\/\/www.photoweb.fr\/espaces\/magazine\/comment-reussir-photo-culinaire\/"]}]},{"@type":"BreadcrumbList","@id":"https:\/\/www.photoweb.fr\/espaces\/magazine\/comment-reussir-photo-culinaire\/#breadcrumb","itemListElement":[{"@type":"ListItem","position":1,"name":"Accueil","item":"https:\/\/www.photoweb.fr\/espaces\/magazine\/"},{"@type":"ListItem","position":2,"name":"Conseils experts","item":"https:\/\/www.photoweb.fr\/espaces\/magazine\/conseils-expets\/"},{"@type":"ListItem","position":3,"name":"Comment r\u00e9ussir ses photos culinaires ?"}]},{"@type":"WebSite","@id":"https:\/\/www.photoweb.fr\/espaces\/magazine\/#website","url":"https:\/\/www.photoweb.fr\/espaces\/magazine\/","name":"Photoweb, le mag","description":"Le magazine de Photoweb","publisher":{"@id":"https:\/\/www.photoweb.fr\/espaces\/magazine\/#organization"},"potentialAction":[{"@type":"SearchAction","target":{"@type":"EntryPoint","urlTemplate":"https:\/\/www.photoweb.fr\/espaces\/magazine\/?s={search_term_string}"},"query-input":"required name=search_term_string"}],"inLanguage":"fr-FR"},{"@type":"Organization","@id":"https:\/\/www.photoweb.fr\/espaces\/magazine\/#organization","name":"Photoweb","url":"https:\/\/www.photoweb.fr\/espaces\/magazine\/","logo":{"@type":"ImageObject","inLanguage":"fr-FR","@id":"https:\/\/www.photoweb.fr\/espaces\/magazine\/#\/schema\/logo\/image\/","url":"https:\/\/www.photoweb.fr\/espaces\/magazine\/wp-content\/uploads\/2021\/02\/Logo-Photoweb.jpg","contentUrl":"https:\/\/www.photoweb.fr\/espaces\/magazine\/wp-content\/uploads\/2021\/02\/Logo-Photoweb.jpg","width":780,"height":456,"caption":"Photoweb"},"image":{"@id":"https:\/\/www.photoweb.fr\/espaces\/magazine\/#\/schema\/logo\/image\/"},"sameAs":["https:\/\/fr-fr.facebook.com\/Photoweb.fr\/","https:\/\/twitter.com\/Photoweb_fr","https:\/\/www.instagram.com\/photowebfr\/","https:\/\/www.linkedin.com\/company\/347094\/","https:\/\/www.pinterest.fr\/inspirationsphotoweb\/_created\/","https:\/\/www.youtube.com\/channel\/UCtcVmTvkAzKQLVkiwfOm8sg"]},{"@type":"Person","@id":"https:\/\/www.photoweb.fr\/espaces\/magazine\/#\/schema\/person\/111451a615bb7cbe790bf8b1d6b24391","name":"melanie"}]}},"acf":[],"_links":{"self":[{"href":"https:\/\/www.photoweb.fr\/espaces\/magazine\/wp-json\/wp\/v2\/posts\/2086","targetHints":{"allow":["GET"]}}],"collection":[{"href":"https:\/\/www.photoweb.fr\/espaces\/magazine\/wp-json\/wp\/v2\/posts"}],"about":[{"href":"https:\/\/www.photoweb.fr\/espaces\/magazine\/wp-json\/wp\/v2\/types\/post"}],"author":[{"embeddable":true,"href":"https:\/\/www.photoweb.fr\/espaces\/magazine\/wp-json\/wp\/v2\/users\/21"}],"replies":[{"embeddable":true,"href":"https:\/\/www.photoweb.fr\/espaces\/magazine\/wp-json\/wp\/v2\/comments?post=2086"}],"version-history":[{"count":1,"href":"https:\/\/www.photoweb.fr\/espaces\/magazine\/wp-json\/wp\/v2\/posts\/2086\/revisions"}],"predecessor-version":[{"id":11848,"href":"https:\/\/www.photoweb.fr\/espaces\/magazine\/wp-json\/wp\/v2\/posts\/2086\/revisions\/11848"}],"wp:featuredmedia":[{"embeddable":true,"href":"https:\/\/www.photoweb.fr\/espaces\/magazine\/wp-json\/wp\/v2\/media\/2097"}],"wp:attachment":[{"href":"https:\/\/www.photoweb.fr\/espaces\/magazine\/wp-json\/wp\/v2\/media?parent=2086"}],"wp:term":[{"taxonomy":"category","embeddable":true,"href":"https:\/\/www.photoweb.fr\/espaces\/magazine\/wp-json\/wp\/v2\/categories?post=2086"},{"taxonomy":"post_tag","embeddable":true,"href":"https:\/\/www.photoweb.fr\/espaces\/magazine\/wp-json\/wp\/v2\/tags?post=2086"}],"curies":[{"name":"wp","href":"https:\/\/api.w.org\/{rel}","templated":true}]}}