{"id":2234,"date":"2017-10-23T11:11:54","date_gmt":"2017-10-23T11:11:54","guid":{"rendered":"https:\/\/www.photoweb.fr\/espaces\/magazine\/magazine\/?p=2234"},"modified":"2020-11-19T10:15:15","modified_gmt":"2020-11-19T10:15:15","slug":"calendrier-de-lavent-enfant-comment-faire","status":"publish","type":"post","link":"https:\/\/www.photoweb.fr\/espaces\/magazine\/calendrier-de-lavent-enfant-comment-faire\/","title":{"rendered":"Calendrier de l\u2019avent enfant facile et rapide : comment faire ?"},"content":{"rendered":"<p>Cette ann\u00e9e, vous avez envie de trouver une id\u00e9e de <a href=\"https:\/\/www.photoweb.fr\/calendrier-photo\/avent\">calendrier de l\u2019avent personnalis\u00e9<\/a> \u00e0 offrir \u00e0 vos enfants. Vous \u00eates alors pr\u00eat \u00e0 mettre de c\u00f4t\u00e9 le traditionnel au chocolat. Que d\u00eetes-vous d\u2019un joli <a href=\"https:\/\/www.photoweb.fr\/calendrier-photo\/avent\"><strong>calendrier de l\u2019avent enfant<\/strong><\/a> rempli de photos et images surprises ? Croyez-nous, vous allez faire des heureux avant l\u2019heure avec ce cadeau personnalis\u00e9. Voici quelques conseils pratiques pour cr\u00e9er la surprise !<\/p>\n<h2><strong>1. Choisissez vos images<\/strong><\/h2>\n<p>Il existe de nombreuses possibilit\u00e9s pour remplir les 24 fen\u00eatres correspondantes aux jours pr\u00e9c\u00e9dents le r\u00e9veillon de No\u00ebl. Voici quelques id\u00e9es pour un <a href=\"https:\/\/www.photoweb.fr\/calendrier-photo\/avent\">calendrier de l&rsquo;avent photo<\/a> pour enfant :<\/p>\n<p>1 jour = une photo de famille. Photos th\u00e9matiques, rigolotes, grimaces\u2026 Toutes les raisons sont bonnes pour afficher la famille enti\u00e8re en pleine action ! Vos enfants se presseront chaque matin pour d\u00e9couvrir, par exemple, qui se cache derri\u00e8re la prochaine grimace !<\/p>\n<p>1 jour = 1 photo de ses h\u00e9ros pr\u00e9f\u00e9r\u00e9s. Quel enfant n\u2019est pas fan d\u2019un chanteur, d\u2019un personnage de BD ou de dessin anim\u00e9 ? T\u00e9l\u00e9chargez en un clin d\u2019\u0153il les photos de ses idoles et glissez-les sous les 24 fen\u00eatres pr\u00e9d\u00e9coup\u00e9es, pour un calendrier de l\u2019avent enfant \u00e0 son image.<\/p>\n<p>1 jour = 1 indice. Les enfants sont tr\u00e8s impatients de d\u00e9couvrir leurs cadeaux le jour de No\u00ebl. Vous pourriez tr\u00e8s bien leur faire part de quelques indices pour les aider \u00e0 tenir jusqu\u2019au jour J !<\/p>\n<h2><strong>2. Craquez pour le calendrier de l\u2019avent enfant \u00ab Ski Party \u00bb<\/strong><\/h2>\n<p>Une fois d\u00e9cid\u00e9s sur la ou les th\u00e9matiques de votre <a href=\"https:\/\/www.photoweb.fr\/calendrier-photo\/avent\">calendrier de l\u2019avent 2020<\/a> pour enfant, c\u2019est le moment de passer aux choses s\u00e9rieuses : la cr\u00e9ation. Nous vous proposons pour cela le mod\u00e8le de qualit\u00e9 \u00ab Ski Party \u00bb avec son design aux couleurs de l\u2019\u00e9v\u00e8nement :<\/p>\n<ul>\n<li>Plus grand qu\u2019un format A4 : 360 x 278 mm,<\/li>\n<li>24 fen\u00eatres pr\u00e9d\u00e9coup\u00e9es recouvertes d\u2019un vernis mat,<\/li>\n<li>Photos imprim\u00e9es sur papier \u00e9pais (350 g\/m\u00b2),<\/li>\n<li>Un prix accessible tout doux et une livraison rapide !<\/li>\n<\/ul>\n<h2><strong>3. Suivez le guide pour un calendrier de l\u2019avent enfant r\u00e9ussi !<\/strong><\/h2>\n<p>Vous \u00eates pr\u00eats ?<\/p>\n<p><strong>Etape 1<\/strong> : rendez-vous sur le lien suivant : <a href=\"https:\/\/www.photoweb.fr\/calendrier-photo\/avent\">calendrier de l\u2019avent<\/a> et cliquez sur \u00ab Je cr\u00e9\u00e9 mon calendrier \u00bb. Vous allez \u00eatre redirig\u00e9s vers notre logiciel d\u2019aide \u00e0 la cr\u00e9ation.<\/p>\n<p><strong>Etape 2<\/strong> : s\u00e9lectionnez dans le premier onglet en bas de la fen\u00eatre le mod\u00e8le \u00ab Ski Party \u00bb parmi les 3 propos\u00e9s. T\u00e9l\u00e9chargez ensuite vos photos gr\u00e2ce au bouton \u00ab Transf\u00e9rer mes photos \u00bb \u00e0 droite de votre \u00e9cran et glissez les dans les cases de votre choix.<\/p>\n<p><em>Notes pratiques : vous pouvez pivoter ou redimensionner vos images si besoin en cliquant dessus. Le bouton \u00ab Sauvegarder \u00bb en haut \u00e0 gauche vous permet d\u2019enregistrer votre cr\u00e9ation, id\u00e9al si vous souhaitez la terminer plus tard. En dessous du calendrier, vous pouvez choisir entre un aper\u00e7u avec \u00ab fen\u00eatres ouvertes \u00bb ou \u00ab fen\u00eatres ferm\u00e9es \u00bb. Enfin, en haut \u00e0 droite, il est possible de masquer ou afficher les num\u00e9ros des fen\u00eatres.<\/em><\/p>\n<p><strong>Etape 3<\/strong> : cliquez sur \u00ab Pr\u00e9visualiser &amp; commander \u00bb en haut \u00e0 droite de votre \u00e9cran. V\u00e9rifiez si la cr\u00e9ation vous convient et si c\u2019est le cas, il ne vous reste plus qu\u2019\u00e0 commander !<\/p>\n<p>Sinon, vous pouvez toujours revenir en arri\u00e8re \u00e0 l\u2019aide du bouton \u00ab Modifier votre cr\u00e9ation \u00bb en haut \u00e0 gauche de votre \u00e9cran.<\/p>\n<p>La petite astuce<\/p>\n<p>Vous pouvez t\u00e9l\u00e9charger vos photos et images dans votre compte personnel avant m\u00eame de commencer la cr\u00e9ation ! Utilisez ces photos pour faire votre <a href=\"https:\/\/www.photoweb.fr\/calendrier-photo\/A4-double\">calendrier personnalis\u00e9<\/a> ;-)!<\/p>\n<p>&nbsp;<\/p>\n<p>1.2.3.<br \/>\n<\/br>imprimez&#8239;!<\/p>\n<p>\t\t\t\t<a href=\"https:\/\/www.photoweb.fr\/calendrier-photo\/avent\" target=\"_blank\" rel=\"noopener\"><br \/>\n\t\t\t\t<img loading=\"lazy\" decoding=\"async\" src=\"https:\/\/www.photoweb.fr\/espaces\/magazine\/wp-content\/uploads\/2018\/11\/calendrier-avent-2020-mag.jpg\" alt=\"calendrier-avent-ski-party\" height=\"600\" width=\"600\" title=\"calendrier-avent-ski-party\" \/><br \/>\n\t\t\t\t<\/a><br \/>\n\t<a href=\"https:\/\/www.photoweb.fr\/calendrier-photo\/avent\"><br \/>\ncr\u00e9er mon calendrier de l&rsquo;avent<\/a><\/p>\n","protected":false},"excerpt":{"rendered":"<p>A l\u2019arriv\u00e9e de No\u00ebl, un mois avant le R\u00e9veillon, les enfants sont impatients d\u2019\u00eatre le jour J. Pour que chaque jour soit synonyme d\u2019\u00e9merveillement, et pour les faire patienter de mani\u00e8re amusante, cr\u00e9ez d\u00e8s aujourd\u2019hui un calendrier de l\u2019avent enfant. Cependant, vous avez d\u00e9cid\u00e9 que cette ann\u00e9e, vous trouveriez une id\u00e9e de calendrier original \u00e0 offrir \u00e0 vos frimousses. C\u2019est l\u2019heure de dire aurevoir au traditionnel chocolat pour laisser place \u00e0 un joli calendrier de l\u2019avent pour enfant rempli de photos et images surprises ! \u00c7a vous dit ? D\u00e9couvrez dans cet article tuto quelques conseils pour un calendrier de l\u2019avent original r\u00e9ussi. Cr\u00e9ons la surprise ensemble ! Il vous suffit de r\u00e9fl\u00e9chir \u00e0 ce que vous allez mettre dedans : photos de famille insolites ? Portraits de ses h\u00e9ros pr\u00e9f\u00e9r\u00e9s ? Indices sur les cadeaux de No\u00ebl ? De nombreuses id\u00e9es pourront illuminer le c\u0153ur de vos bouts d\u2019choux. Faites un choix et cr\u00e9ez l\u2019unique \u00e0 l\u2019aide du calendrier \u00ab La hotte du P\u00e8re No\u00ebl \u00bb, un mod\u00e8le adapt\u00e9 pour les enfants en qu\u00eate de surprises. Il ne vous restera plus qu\u2019\u00e0 suivre le guide, notre logiciel d\u2019aide \u00e0 la cr\u00e9ation fera le travail \u00e0 votre place, c\u2019est facile, rapide et amusant ! A vous !<\/p>\n","protected":false},"author":21,"featured_media":2235,"comment_status":"open","ping_status":"open","sticky":false,"template":"single-standard.php","format":"standard","meta":{"footnotes":""},"categories":[18],"tags":[],"class_list":["post-2234","post","type-post","status-publish","format-standard","has-post-thumbnail","hentry","category-conseils-expets"],"yoast_head":"<!-- This site is optimized with the Yoast SEO plugin v20.3 - https:\/\/yoast.com\/wordpress\/plugins\/seo\/ -->\n<title>Calendrier de l\u2019avent enfant facile et rapide : comment faire ?<\/title>\n<meta name=\"description\" content=\"No\u00ebl approche. Vous souhaitez cr\u00e9er un calendrier de l\u2019avent enfant 100% personnalis\u00e9 mais vous avez besoin de conseils pratiques ? Les voici !\" \/>\n<meta name=\"robots\" content=\"index, follow, max-snippet:-1, max-image-preview:large, max-video-preview:-1\" \/>\n<link rel=\"canonical\" href=\"https:\/\/www.photoweb.fr\/espaces\/magazine\/calendrier-de-lavent-enfant-comment-faire\/\" \/>\n<meta property=\"og:locale\" content=\"fr_FR\" \/>\n<meta property=\"og:type\" content=\"article\" \/>\n<meta property=\"og:title\" content=\"Calendrier de l\u2019avent enfant facile et rapide : comment faire ?\" \/>\n<meta property=\"og:description\" content=\"No\u00ebl approche. Vous souhaitez cr\u00e9er un calendrier de l\u2019avent enfant 100% personnalis\u00e9 mais vous avez besoin de conseils pratiques ? Les voici !\" \/>\n<meta property=\"og:url\" content=\"https:\/\/www.photoweb.fr\/espaces\/magazine\/calendrier-de-lavent-enfant-comment-faire\/\" \/>\n<meta property=\"og:site_name\" content=\"Photoweb, le mag\" \/>\n<meta property=\"article:publisher\" content=\"https:\/\/fr-fr.facebook.com\/Photoweb.fr\/\" \/>\n<meta property=\"article:published_time\" content=\"2017-10-23T11:11:54+00:00\" \/>\n<meta property=\"article:modified_time\" content=\"2020-11-19T10:15:15+00:00\" \/>\n<meta property=\"og:image\" content=\"https:\/\/www.photoweb.fr\/espaces\/magazine\/wp-content\/uploads\/2017\/10\/calendrier-avent-enfant-1.jpg\" \/>\n\t<meta property=\"og:image:width\" content=\"1280\" \/>\n\t<meta property=\"og:image:height\" content=\"960\" \/>\n\t<meta property=\"og:image:type\" content=\"image\/jpeg\" \/>\n<meta name=\"author\" content=\"melanie\" \/>\n<meta name=\"twitter:card\" content=\"summary_large_image\" \/>\n<meta name=\"twitter:creator\" content=\"@Photoweb_fr\" \/>\n<meta name=\"twitter:site\" content=\"@Photoweb_fr\" \/>\n<meta name=\"twitter:label1\" content=\"\u00c9crit par\" \/>\n\t<meta name=\"twitter:data1\" content=\"melanie\" \/>\n\t<meta name=\"twitter:label2\" content=\"Dur\u00e9e de lecture estim\u00e9e\" \/>\n\t<meta name=\"twitter:data2\" content=\"3 minutes\" \/>\n<script type=\"application\/ld+json\" class=\"yoast-schema-graph\">{\"@context\":\"https:\/\/schema.org\",\"@graph\":[{\"@type\":\"Article\",\"@id\":\"https:\/\/www.photoweb.fr\/espaces\/magazine\/calendrier-de-lavent-enfant-comment-faire\/#article\",\"isPartOf\":{\"@id\":\"https:\/\/www.photoweb.fr\/espaces\/magazine\/calendrier-de-lavent-enfant-comment-faire\/\"},\"author\":{\"name\":\"melanie\",\"@id\":\"https:\/\/www.photoweb.fr\/espaces\/magazine\/#\/schema\/person\/111451a615bb7cbe790bf8b1d6b24391\"},\"headline\":\"Calendrier de l\u2019avent enfant facile et rapide : comment faire ?\",\"datePublished\":\"2017-10-23T11:11:54+00:00\",\"dateModified\":\"2020-11-19T10:15:15+00:00\",\"mainEntityOfPage\":{\"@id\":\"https:\/\/www.photoweb.fr\/espaces\/magazine\/calendrier-de-lavent-enfant-comment-faire\/\"},\"wordCount\":624,\"commentCount\":0,\"publisher\":{\"@id\":\"https:\/\/www.photoweb.fr\/espaces\/magazine\/#organization\"},\"articleSection\":[\"Conseils experts\"],\"inLanguage\":\"fr-FR\",\"potentialAction\":[{\"@type\":\"CommentAction\",\"name\":\"Comment\",\"target\":[\"https:\/\/www.photoweb.fr\/espaces\/magazine\/calendrier-de-lavent-enfant-comment-faire\/#respond\"]}]},{\"@type\":\"WebPage\",\"@id\":\"https:\/\/www.photoweb.fr\/espaces\/magazine\/calendrier-de-lavent-enfant-comment-faire\/\",\"url\":\"https:\/\/www.photoweb.fr\/espaces\/magazine\/calendrier-de-lavent-enfant-comment-faire\/\",\"name\":\"Calendrier de l\u2019avent enfant facile et rapide : comment faire ?\",\"isPartOf\":{\"@id\":\"https:\/\/www.photoweb.fr\/espaces\/magazine\/#website\"},\"datePublished\":\"2017-10-23T11:11:54+00:00\",\"dateModified\":\"2020-11-19T10:15:15+00:00\",\"description\":\"No\u00ebl approche. Vous souhaitez cr\u00e9er un calendrier de l\u2019avent enfant 100% personnalis\u00e9 mais vous avez besoin de conseils pratiques ? Les voici !\",\"breadcrumb\":{\"@id\":\"https:\/\/www.photoweb.fr\/espaces\/magazine\/calendrier-de-lavent-enfant-comment-faire\/#breadcrumb\"},\"inLanguage\":\"fr-FR\",\"potentialAction\":[{\"@type\":\"ReadAction\",\"target\":[\"https:\/\/www.photoweb.fr\/espaces\/magazine\/calendrier-de-lavent-enfant-comment-faire\/\"]}]},{\"@type\":\"BreadcrumbList\",\"@id\":\"https:\/\/www.photoweb.fr\/espaces\/magazine\/calendrier-de-lavent-enfant-comment-faire\/#breadcrumb\",\"itemListElement\":[{\"@type\":\"ListItem\",\"position\":1,\"name\":\"Accueil\",\"item\":\"https:\/\/www.photoweb.fr\/espaces\/magazine\/\"},{\"@type\":\"ListItem\",\"position\":2,\"name\":\"Conseils experts\",\"item\":\"https:\/\/www.photoweb.fr\/espaces\/magazine\/conseils-expets\/\"},{\"@type\":\"ListItem\",\"position\":3,\"name\":\"Calendrier de l\u2019avent enfant facile et rapide : comment faire ?\"}]},{\"@type\":\"WebSite\",\"@id\":\"https:\/\/www.photoweb.fr\/espaces\/magazine\/#website\",\"url\":\"https:\/\/www.photoweb.fr\/espaces\/magazine\/\",\"name\":\"Photoweb, le mag\",\"description\":\"Le magazine de Photoweb\",\"publisher\":{\"@id\":\"https:\/\/www.photoweb.fr\/espaces\/magazine\/#organization\"},\"potentialAction\":[{\"@type\":\"SearchAction\",\"target\":{\"@type\":\"EntryPoint\",\"urlTemplate\":\"https:\/\/www.photoweb.fr\/espaces\/magazine\/?s={search_term_string}\"},\"query-input\":\"required name=search_term_string\"}],\"inLanguage\":\"fr-FR\"},{\"@type\":\"Organization\",\"@id\":\"https:\/\/www.photoweb.fr\/espaces\/magazine\/#organization\",\"name\":\"Photoweb\",\"url\":\"https:\/\/www.photoweb.fr\/espaces\/magazine\/\",\"logo\":{\"@type\":\"ImageObject\",\"inLanguage\":\"fr-FR\",\"@id\":\"https:\/\/www.photoweb.fr\/espaces\/magazine\/#\/schema\/logo\/image\/\",\"url\":\"https:\/\/www.photoweb.fr\/espaces\/magazine\/wp-content\/uploads\/2021\/02\/Logo-Photoweb.jpg\",\"contentUrl\":\"https:\/\/www.photoweb.fr\/espaces\/magazine\/wp-content\/uploads\/2021\/02\/Logo-Photoweb.jpg\",\"width\":780,\"height\":456,\"caption\":\"Photoweb\"},\"image\":{\"@id\":\"https:\/\/www.photoweb.fr\/espaces\/magazine\/#\/schema\/logo\/image\/\"},\"sameAs\":[\"https:\/\/fr-fr.facebook.com\/Photoweb.fr\/\",\"https:\/\/twitter.com\/Photoweb_fr\",\"https:\/\/www.instagram.com\/photowebfr\/\",\"https:\/\/www.linkedin.com\/company\/347094\/\",\"https:\/\/www.pinterest.fr\/inspirationsphotoweb\/_created\/\",\"https:\/\/www.youtube.com\/channel\/UCtcVmTvkAzKQLVkiwfOm8sg\"]},{\"@type\":\"Person\",\"@id\":\"https:\/\/www.photoweb.fr\/espaces\/magazine\/#\/schema\/person\/111451a615bb7cbe790bf8b1d6b24391\",\"name\":\"melanie\"}]}<\/script>\n<!-- \/ Yoast SEO plugin. -->","yoast_head_json":{"title":"Calendrier de l\u2019avent enfant facile et rapide : comment faire ?","description":"No\u00ebl approche. Vous souhaitez cr\u00e9er un calendrier de l\u2019avent enfant 100% personnalis\u00e9 mais vous avez besoin de conseils pratiques ? Les voici !","robots":{"index":"index","follow":"follow","max-snippet":"max-snippet:-1","max-image-preview":"max-image-preview:large","max-video-preview":"max-video-preview:-1"},"canonical":"https:\/\/www.photoweb.fr\/espaces\/magazine\/calendrier-de-lavent-enfant-comment-faire\/","og_locale":"fr_FR","og_type":"article","og_title":"Calendrier de l\u2019avent enfant facile et rapide : comment faire ?","og_description":"No\u00ebl approche. Vous souhaitez cr\u00e9er un calendrier de l\u2019avent enfant 100% personnalis\u00e9 mais vous avez besoin de conseils pratiques ? Les voici !","og_url":"https:\/\/www.photoweb.fr\/espaces\/magazine\/calendrier-de-lavent-enfant-comment-faire\/","og_site_name":"Photoweb, le mag","article_publisher":"https:\/\/fr-fr.facebook.com\/Photoweb.fr\/","article_published_time":"2017-10-23T11:11:54+00:00","article_modified_time":"2020-11-19T10:15:15+00:00","og_image":[{"width":1280,"height":960,"url":"https:\/\/www.photoweb.fr\/espaces\/magazine\/wp-content\/uploads\/2017\/10\/calendrier-avent-enfant-1.jpg","type":"image\/jpeg"}],"author":"melanie","twitter_card":"summary_large_image","twitter_creator":"@Photoweb_fr","twitter_site":"@Photoweb_fr","twitter_misc":{"\u00c9crit par":"melanie","Dur\u00e9e de lecture estim\u00e9e":"3 minutes"},"schema":{"@context":"https:\/\/schema.org","@graph":[{"@type":"Article","@id":"https:\/\/www.photoweb.fr\/espaces\/magazine\/calendrier-de-lavent-enfant-comment-faire\/#article","isPartOf":{"@id":"https:\/\/www.photoweb.fr\/espaces\/magazine\/calendrier-de-lavent-enfant-comment-faire\/"},"author":{"name":"melanie","@id":"https:\/\/www.photoweb.fr\/espaces\/magazine\/#\/schema\/person\/111451a615bb7cbe790bf8b1d6b24391"},"headline":"Calendrier de l\u2019avent enfant facile et rapide : comment faire ?","datePublished":"2017-10-23T11:11:54+00:00","dateModified":"2020-11-19T10:15:15+00:00","mainEntityOfPage":{"@id":"https:\/\/www.photoweb.fr\/espaces\/magazine\/calendrier-de-lavent-enfant-comment-faire\/"},"wordCount":624,"commentCount":0,"publisher":{"@id":"https:\/\/www.photoweb.fr\/espaces\/magazine\/#organization"},"articleSection":["Conseils experts"],"inLanguage":"fr-FR","potentialAction":[{"@type":"CommentAction","name":"Comment","target":["https:\/\/www.photoweb.fr\/espaces\/magazine\/calendrier-de-lavent-enfant-comment-faire\/#respond"]}]},{"@type":"WebPage","@id":"https:\/\/www.photoweb.fr\/espaces\/magazine\/calendrier-de-lavent-enfant-comment-faire\/","url":"https:\/\/www.photoweb.fr\/espaces\/magazine\/calendrier-de-lavent-enfant-comment-faire\/","name":"Calendrier de l\u2019avent enfant facile et rapide : comment faire ?","isPartOf":{"@id":"https:\/\/www.photoweb.fr\/espaces\/magazine\/#website"},"datePublished":"2017-10-23T11:11:54+00:00","dateModified":"2020-11-19T10:15:15+00:00","description":"No\u00ebl approche. Vous souhaitez cr\u00e9er un calendrier de l\u2019avent enfant 100% personnalis\u00e9 mais vous avez besoin de conseils pratiques ? Les voici !","breadcrumb":{"@id":"https:\/\/www.photoweb.fr\/espaces\/magazine\/calendrier-de-lavent-enfant-comment-faire\/#breadcrumb"},"inLanguage":"fr-FR","potentialAction":[{"@type":"ReadAction","target":["https:\/\/www.photoweb.fr\/espaces\/magazine\/calendrier-de-lavent-enfant-comment-faire\/"]}]},{"@type":"BreadcrumbList","@id":"https:\/\/www.photoweb.fr\/espaces\/magazine\/calendrier-de-lavent-enfant-comment-faire\/#breadcrumb","itemListElement":[{"@type":"ListItem","position":1,"name":"Accueil","item":"https:\/\/www.photoweb.fr\/espaces\/magazine\/"},{"@type":"ListItem","position":2,"name":"Conseils experts","item":"https:\/\/www.photoweb.fr\/espaces\/magazine\/conseils-expets\/"},{"@type":"ListItem","position":3,"name":"Calendrier de l\u2019avent enfant facile et rapide : comment faire ?"}]},{"@type":"WebSite","@id":"https:\/\/www.photoweb.fr\/espaces\/magazine\/#website","url":"https:\/\/www.photoweb.fr\/espaces\/magazine\/","name":"Photoweb, le mag","description":"Le magazine de Photoweb","publisher":{"@id":"https:\/\/www.photoweb.fr\/espaces\/magazine\/#organization"},"potentialAction":[{"@type":"SearchAction","target":{"@type":"EntryPoint","urlTemplate":"https:\/\/www.photoweb.fr\/espaces\/magazine\/?s={search_term_string}"},"query-input":"required name=search_term_string"}],"inLanguage":"fr-FR"},{"@type":"Organization","@id":"https:\/\/www.photoweb.fr\/espaces\/magazine\/#organization","name":"Photoweb","url":"https:\/\/www.photoweb.fr\/espaces\/magazine\/","logo":{"@type":"ImageObject","inLanguage":"fr-FR","@id":"https:\/\/www.photoweb.fr\/espaces\/magazine\/#\/schema\/logo\/image\/","url":"https:\/\/www.photoweb.fr\/espaces\/magazine\/wp-content\/uploads\/2021\/02\/Logo-Photoweb.jpg","contentUrl":"https:\/\/www.photoweb.fr\/espaces\/magazine\/wp-content\/uploads\/2021\/02\/Logo-Photoweb.jpg","width":780,"height":456,"caption":"Photoweb"},"image":{"@id":"https:\/\/www.photoweb.fr\/espaces\/magazine\/#\/schema\/logo\/image\/"},"sameAs":["https:\/\/fr-fr.facebook.com\/Photoweb.fr\/","https:\/\/twitter.com\/Photoweb_fr","https:\/\/www.instagram.com\/photowebfr\/","https:\/\/www.linkedin.com\/company\/347094\/","https:\/\/www.pinterest.fr\/inspirationsphotoweb\/_created\/","https:\/\/www.youtube.com\/channel\/UCtcVmTvkAzKQLVkiwfOm8sg"]},{"@type":"Person","@id":"https:\/\/www.photoweb.fr\/espaces\/magazine\/#\/schema\/person\/111451a615bb7cbe790bf8b1d6b24391","name":"melanie"}]}},"acf":[],"_links":{"self":[{"href":"https:\/\/www.photoweb.fr\/espaces\/magazine\/wp-json\/wp\/v2\/posts\/2234","targetHints":{"allow":["GET"]}}],"collection":[{"href":"https:\/\/www.photoweb.fr\/espaces\/magazine\/wp-json\/wp\/v2\/posts"}],"about":[{"href":"https:\/\/www.photoweb.fr\/espaces\/magazine\/wp-json\/wp\/v2\/types\/post"}],"author":[{"embeddable":true,"href":"https:\/\/www.photoweb.fr\/espaces\/magazine\/wp-json\/wp\/v2\/users\/21"}],"replies":[{"embeddable":true,"href":"https:\/\/www.photoweb.fr\/espaces\/magazine\/wp-json\/wp\/v2\/comments?post=2234"}],"version-history":[{"count":0,"href":"https:\/\/www.photoweb.fr\/espaces\/magazine\/wp-json\/wp\/v2\/posts\/2234\/revisions"}],"wp:featuredmedia":[{"embeddable":true,"href":"https:\/\/www.photoweb.fr\/espaces\/magazine\/wp-json\/wp\/v2\/media\/2235"}],"wp:attachment":[{"href":"https:\/\/www.photoweb.fr\/espaces\/magazine\/wp-json\/wp\/v2\/media?parent=2234"}],"wp:term":[{"taxonomy":"category","embeddable":true,"href":"https:\/\/www.photoweb.fr\/espaces\/magazine\/wp-json\/wp\/v2\/categories?post=2234"},{"taxonomy":"post_tag","embeddable":true,"href":"https:\/\/www.photoweb.fr\/espaces\/magazine\/wp-json\/wp\/v2\/tags?post=2234"}],"curies":[{"name":"wp","href":"https:\/\/api.w.org\/{rel}","templated":true}]}}