{"id":2361,"date":"2017-05-07T11:25:02","date_gmt":"2017-05-07T11:25:02","guid":{"rendered":"https:\/\/www.photoweb.fr\/espaces\/magazine\/magazine\/?p=2361"},"modified":"2022-05-24T13:54:26","modified_gmt":"2022-05-24T13:54:26","slug":"le-recadrage-photo","status":"publish","type":"post","link":"https:\/\/www.photoweb.fr\/espaces\/magazine\/le-recadrage-photo\/","title":{"rendered":"Recadrer photo : Comment recadrer une photo ?"},"content":{"rendered":"<p>Pour compenser les diff\u00e9rences de proportion entre votre image et le format de <a href=\"https:\/\/www.photoweb.fr\/produits\/tirage-photo\">tirage photo<\/a> d\u00e9sir\u00e9, nous vous proposons d&rsquo;utiliser notre option afin de recadrer vos photos.<\/p>\n<h2>Recadrage photo : Comment recadrer une photo ?<\/h2>\n<p>Lorsque vous choisissez d&rsquo;utiliser l&rsquo;option de recadrage photo, pour recadrer une photo, celles-ci sont rogn\u00e9es pour correspondre au format de tirage photo s\u00e9lectionn\u00e9. Il s&rsquo;agit d&rsquo;un recadrage photo centr\u00e9 appliqu\u00e9 automatiquement : nous n&rsquo;intervenons pas manuellement pour recadrer votre photo.<\/p>\n<p>La photo de gauche repr\u00e9sente votre photo d&rsquo;origine. Celle de droite, le recadrage photo que nous op\u00e9rons automatiquement.<\/p>\n<p>\t\t\t\t<img loading=\"lazy\" decoding=\"async\" src=\"https:\/\/www.photoweb.fr\/espaces\/magazine\/wp-content\/uploads\/2017\/10\/option-recadrage.jpg\" alt=\"recadrer photo\" height=\"157\" width=\"400\" title=\"recadrer photo\" \/><\/p>\n<p><strong>Attention : <\/strong>Recadrer une photo ne convient pas pour des plans serr\u00e9s ou des portraits.<\/p>\n<p>Cette option n&rsquo;a d&rsquo;effet que si votre fichier n&rsquo;a pas les m\u00eames proportions que le format de tirage command\u00e9.<\/p>\n<p>Elle s&rsquo;applique automatiquement aux <a href=\"https:\/\/www.photoweb.fr\/tirage-photo\/economique\">tirages photos \u00e9conomiques<\/a> et aux cr\u00e9ations de produits photo si votre photo n&rsquo;a pas les bonnes proportions.<\/p>\n<p>Pour les d\u00e9veloppements de tirages classiques, il faut cochez la case \u00ab\u00a0Recadrage auto\u00a0\u00bb pour recadrer votre photo.<\/p>\n<p>A savoir, sur les commandes de tirage photo classique, vous pouvez \u00e9galement recadrer une photo manuellement gr\u00e2ce au recadrage photo personnalis\u00e9 (ce qui n&rsquo;est pas le cas pour les tirages photo \u00e9conomiques, o\u00f9 le recadrage photo est automatique). Vous pouvez visualiser le rendu final de votre image dans l&rsquo;aper\u00e7u.<\/p>\n<p>Sachez que nous vous proposons \u00e9galement un module de <a href=\"https:\/\/www.photoweb.fr\/espaces\/magazine\/magazine\/recadrage-photo-personnalise\/\"><strong>recadrage photo personnalis\u00e9<\/strong><\/a> vous permettant de choisir les zones rogn\u00e9es.<\/p>\n<p>1.2.3.<br \/>\n<\/br>imprimez&#8239;!<\/p>\n<p>\t\t\t\t<a href=\"https:\/\/www.photoweb.fr\/tirage-photo\/classique\" target=\"_blank\" rel=\"noopener\"><br \/>\n\t\t\t\t<img loading=\"lazy\" decoding=\"async\" src=\"https:\/\/www.photoweb.fr\/espaces\/magazine\/wp-content\/uploads\/2017\/06\/Tirages-classiques-photoweb.jpg\" alt=\"Tirages classiques photoweb\" height=\"600\" width=\"600\" title=\"Tirages classiques photoweb\" \/><br \/>\n\t\t\t\t<\/a><br \/>\n\t<a href=\"https:\/\/www.photoweb.fr\/tirage-photo\/classique\"><br \/>\ncr\u00e9er mes tirages photo<\/a><\/p>\n","protected":false},"excerpt":{"rendered":"<p>Pour compenser les diff\u00e9rences de proportion entre votre image et le format de tirage photo d\u00e9sir\u00e9, nous vous proposons d&rsquo;utiliser notre option afin de recadrer vos photos. Recadrage photo : Comment recadrer une photo ? Lorsque vous choisissez d&rsquo;utiliser l&rsquo;option de recadrage photo, pour recadrer une photo, celles-ci sont rogn\u00e9es pour correspondre au format de&hellip;<\/p>\n","protected":false},"author":6,"featured_media":3667,"comment_status":"closed","ping_status":"open","sticky":false,"template":"single-standard.php","format":"standard","meta":{"footnotes":""},"categories":[91],"tags":[92],"class_list":["post-2361","post","type-post","status-publish","format-standard","has-post-thumbnail","hentry","category-aide","tag-modifier-photo"],"yoast_head":"<!-- This site is optimized with the Yoast SEO plugin v20.3 - https:\/\/yoast.com\/wordpress\/plugins\/seo\/ -->\n<title>Recadrage photo : Recadrer toutes vos photos automatiquement !<\/title>\n<meta name=\"description\" content=\"Recadrer vos photos automatiquement avant de commander vos tirages photos gr\u00e2ce au recadrage automatique ! Recadrer ses photos n&#039;a jamais \u00e9t\u00e9 aussi facile !\" \/>\n<meta name=\"robots\" content=\"index, follow, max-snippet:-1, max-image-preview:large, max-video-preview:-1\" \/>\n<link rel=\"canonical\" href=\"https:\/\/www.photoweb.fr\/espaces\/magazine\/le-recadrage-photo\/\" \/>\n<meta property=\"og:locale\" content=\"fr_FR\" \/>\n<meta property=\"og:type\" content=\"article\" \/>\n<meta property=\"og:title\" content=\"Recadrage photo : Recadrer toutes vos photos automatiquement !\" \/>\n<meta property=\"og:description\" content=\"Recadrer vos photos automatiquement avant de commander vos tirages photos gr\u00e2ce au recadrage automatique ! Recadrer ses photos n&#039;a jamais \u00e9t\u00e9 aussi facile !\" \/>\n<meta property=\"og:url\" content=\"https:\/\/www.photoweb.fr\/espaces\/magazine\/le-recadrage-photo\/\" \/>\n<meta property=\"og:site_name\" content=\"Photoweb, le mag\" \/>\n<meta property=\"article:publisher\" content=\"https:\/\/fr-fr.facebook.com\/Photoweb.fr\/\" \/>\n<meta property=\"article:published_time\" content=\"2017-05-07T11:25:02+00:00\" \/>\n<meta property=\"article:modified_time\" content=\"2022-05-24T13:54:26+00:00\" \/>\n<meta property=\"og:image\" content=\"https:\/\/www.photoweb.fr\/espaces\/magazine\/wp-content\/uploads\/2017\/12\/recadrage-photo.jpg\" \/>\n\t<meta property=\"og:image:width\" content=\"800\" \/>\n\t<meta property=\"og:image:height\" content=\"600\" \/>\n\t<meta property=\"og:image:type\" content=\"image\/jpeg\" \/>\n<meta name=\"author\" content=\"Maud\" \/>\n<meta name=\"twitter:card\" content=\"summary_large_image\" \/>\n<meta name=\"twitter:creator\" content=\"@Photoweb_fr\" \/>\n<meta name=\"twitter:site\" content=\"@Photoweb_fr\" \/>\n<meta name=\"twitter:label1\" content=\"\u00c9crit par\" \/>\n\t<meta name=\"twitter:data1\" content=\"Maud\" \/>\n\t<meta name=\"twitter:label2\" content=\"Dur\u00e9e de lecture estim\u00e9e\" \/>\n\t<meta name=\"twitter:data2\" content=\"1 minute\" \/>\n<script type=\"application\/ld+json\" class=\"yoast-schema-graph\">{\"@context\":\"https:\/\/schema.org\",\"@graph\":[{\"@type\":\"Article\",\"@id\":\"https:\/\/www.photoweb.fr\/espaces\/magazine\/le-recadrage-photo\/#article\",\"isPartOf\":{\"@id\":\"https:\/\/www.photoweb.fr\/espaces\/magazine\/le-recadrage-photo\/\"},\"author\":{\"name\":\"Maud\",\"@id\":\"https:\/\/www.photoweb.fr\/espaces\/magazine\/#\/schema\/person\/f354e6bd2302e567e1329fa54e90ff15\"},\"headline\":\"Recadrer photo : Comment recadrer une photo ?\",\"datePublished\":\"2017-05-07T11:25:02+00:00\",\"dateModified\":\"2022-05-24T13:54:26+00:00\",\"mainEntityOfPage\":{\"@id\":\"https:\/\/www.photoweb.fr\/espaces\/magazine\/le-recadrage-photo\/\"},\"wordCount\":254,\"publisher\":{\"@id\":\"https:\/\/www.photoweb.fr\/espaces\/magazine\/#organization\"},\"keywords\":[\"Modifier photo\"],\"articleSection\":[\"Aide\"],\"inLanguage\":\"fr-FR\"},{\"@type\":\"WebPage\",\"@id\":\"https:\/\/www.photoweb.fr\/espaces\/magazine\/le-recadrage-photo\/\",\"url\":\"https:\/\/www.photoweb.fr\/espaces\/magazine\/le-recadrage-photo\/\",\"name\":\"Recadrage photo : Recadrer toutes vos photos automatiquement !\",\"isPartOf\":{\"@id\":\"https:\/\/www.photoweb.fr\/espaces\/magazine\/#website\"},\"datePublished\":\"2017-05-07T11:25:02+00:00\",\"dateModified\":\"2022-05-24T13:54:26+00:00\",\"description\":\"Recadrer vos photos automatiquement avant de commander vos tirages photos gr\u00e2ce au recadrage automatique ! Recadrer ses photos n'a jamais \u00e9t\u00e9 aussi facile !\",\"breadcrumb\":{\"@id\":\"https:\/\/www.photoweb.fr\/espaces\/magazine\/le-recadrage-photo\/#breadcrumb\"},\"inLanguage\":\"fr-FR\",\"potentialAction\":[{\"@type\":\"ReadAction\",\"target\":[\"https:\/\/www.photoweb.fr\/espaces\/magazine\/le-recadrage-photo\/\"]}]},{\"@type\":\"BreadcrumbList\",\"@id\":\"https:\/\/www.photoweb.fr\/espaces\/magazine\/le-recadrage-photo\/#breadcrumb\",\"itemListElement\":[{\"@type\":\"ListItem\",\"position\":1,\"name\":\"Accueil\",\"item\":\"https:\/\/www.photoweb.fr\/espaces\/magazine\/\"},{\"@type\":\"ListItem\",\"position\":2,\"name\":\"Aide\",\"item\":\"https:\/\/www.photoweb.fr\/espaces\/magazine\/aide\/\"},{\"@type\":\"ListItem\",\"position\":3,\"name\":\"Recadrer photo : Comment recadrer une photo ?\"}]},{\"@type\":\"WebSite\",\"@id\":\"https:\/\/www.photoweb.fr\/espaces\/magazine\/#website\",\"url\":\"https:\/\/www.photoweb.fr\/espaces\/magazine\/\",\"name\":\"Photoweb, le mag\",\"description\":\"Le magazine de Photoweb\",\"publisher\":{\"@id\":\"https:\/\/www.photoweb.fr\/espaces\/magazine\/#organization\"},\"potentialAction\":[{\"@type\":\"SearchAction\",\"target\":{\"@type\":\"EntryPoint\",\"urlTemplate\":\"https:\/\/www.photoweb.fr\/espaces\/magazine\/?s={search_term_string}\"},\"query-input\":\"required name=search_term_string\"}],\"inLanguage\":\"fr-FR\"},{\"@type\":\"Organization\",\"@id\":\"https:\/\/www.photoweb.fr\/espaces\/magazine\/#organization\",\"name\":\"Photoweb\",\"url\":\"https:\/\/www.photoweb.fr\/espaces\/magazine\/\",\"logo\":{\"@type\":\"ImageObject\",\"inLanguage\":\"fr-FR\",\"@id\":\"https:\/\/www.photoweb.fr\/espaces\/magazine\/#\/schema\/logo\/image\/\",\"url\":\"https:\/\/www.photoweb.fr\/espaces\/magazine\/wp-content\/uploads\/2021\/02\/Logo-Photoweb.jpg\",\"contentUrl\":\"https:\/\/www.photoweb.fr\/espaces\/magazine\/wp-content\/uploads\/2021\/02\/Logo-Photoweb.jpg\",\"width\":780,\"height\":456,\"caption\":\"Photoweb\"},\"image\":{\"@id\":\"https:\/\/www.photoweb.fr\/espaces\/magazine\/#\/schema\/logo\/image\/\"},\"sameAs\":[\"https:\/\/fr-fr.facebook.com\/Photoweb.fr\/\",\"https:\/\/twitter.com\/Photoweb_fr\",\"https:\/\/www.instagram.com\/photowebfr\/\",\"https:\/\/www.linkedin.com\/company\/347094\/\",\"https:\/\/www.pinterest.fr\/inspirationsphotoweb\/_created\/\",\"https:\/\/www.youtube.com\/channel\/UCtcVmTvkAzKQLVkiwfOm8sg\"]},{\"@type\":\"Person\",\"@id\":\"https:\/\/www.photoweb.fr\/espaces\/magazine\/#\/schema\/person\/f354e6bd2302e567e1329fa54e90ff15\",\"name\":\"Maud\"}]}<\/script>\n<!-- \/ Yoast SEO plugin. -->","yoast_head_json":{"title":"Recadrage photo : Recadrer toutes vos photos automatiquement !","description":"Recadrer vos photos automatiquement avant de commander vos tirages photos gr\u00e2ce au recadrage automatique ! Recadrer ses photos n'a jamais \u00e9t\u00e9 aussi facile !","robots":{"index":"index","follow":"follow","max-snippet":"max-snippet:-1","max-image-preview":"max-image-preview:large","max-video-preview":"max-video-preview:-1"},"canonical":"https:\/\/www.photoweb.fr\/espaces\/magazine\/le-recadrage-photo\/","og_locale":"fr_FR","og_type":"article","og_title":"Recadrage photo : Recadrer toutes vos photos automatiquement !","og_description":"Recadrer vos photos automatiquement avant de commander vos tirages photos gr\u00e2ce au recadrage automatique ! Recadrer ses photos n'a jamais \u00e9t\u00e9 aussi facile !","og_url":"https:\/\/www.photoweb.fr\/espaces\/magazine\/le-recadrage-photo\/","og_site_name":"Photoweb, le mag","article_publisher":"https:\/\/fr-fr.facebook.com\/Photoweb.fr\/","article_published_time":"2017-05-07T11:25:02+00:00","article_modified_time":"2022-05-24T13:54:26+00:00","og_image":[{"width":800,"height":600,"url":"https:\/\/www.photoweb.fr\/espaces\/magazine\/wp-content\/uploads\/2017\/12\/recadrage-photo.jpg","type":"image\/jpeg"}],"author":"Maud","twitter_card":"summary_large_image","twitter_creator":"@Photoweb_fr","twitter_site":"@Photoweb_fr","twitter_misc":{"\u00c9crit par":"Maud","Dur\u00e9e de lecture estim\u00e9e":"1 minute"},"schema":{"@context":"https:\/\/schema.org","@graph":[{"@type":"Article","@id":"https:\/\/www.photoweb.fr\/espaces\/magazine\/le-recadrage-photo\/#article","isPartOf":{"@id":"https:\/\/www.photoweb.fr\/espaces\/magazine\/le-recadrage-photo\/"},"author":{"name":"Maud","@id":"https:\/\/www.photoweb.fr\/espaces\/magazine\/#\/schema\/person\/f354e6bd2302e567e1329fa54e90ff15"},"headline":"Recadrer photo : Comment recadrer une photo ?","datePublished":"2017-05-07T11:25:02+00:00","dateModified":"2022-05-24T13:54:26+00:00","mainEntityOfPage":{"@id":"https:\/\/www.photoweb.fr\/espaces\/magazine\/le-recadrage-photo\/"},"wordCount":254,"publisher":{"@id":"https:\/\/www.photoweb.fr\/espaces\/magazine\/#organization"},"keywords":["Modifier photo"],"articleSection":["Aide"],"inLanguage":"fr-FR"},{"@type":"WebPage","@id":"https:\/\/www.photoweb.fr\/espaces\/magazine\/le-recadrage-photo\/","url":"https:\/\/www.photoweb.fr\/espaces\/magazine\/le-recadrage-photo\/","name":"Recadrage photo : Recadrer toutes vos photos automatiquement !","isPartOf":{"@id":"https:\/\/www.photoweb.fr\/espaces\/magazine\/#website"},"datePublished":"2017-05-07T11:25:02+00:00","dateModified":"2022-05-24T13:54:26+00:00","description":"Recadrer vos photos automatiquement avant de commander vos tirages photos gr\u00e2ce au recadrage automatique ! Recadrer ses photos n'a jamais \u00e9t\u00e9 aussi facile !","breadcrumb":{"@id":"https:\/\/www.photoweb.fr\/espaces\/magazine\/le-recadrage-photo\/#breadcrumb"},"inLanguage":"fr-FR","potentialAction":[{"@type":"ReadAction","target":["https:\/\/www.photoweb.fr\/espaces\/magazine\/le-recadrage-photo\/"]}]},{"@type":"BreadcrumbList","@id":"https:\/\/www.photoweb.fr\/espaces\/magazine\/le-recadrage-photo\/#breadcrumb","itemListElement":[{"@type":"ListItem","position":1,"name":"Accueil","item":"https:\/\/www.photoweb.fr\/espaces\/magazine\/"},{"@type":"ListItem","position":2,"name":"Aide","item":"https:\/\/www.photoweb.fr\/espaces\/magazine\/aide\/"},{"@type":"ListItem","position":3,"name":"Recadrer photo : Comment recadrer une photo ?"}]},{"@type":"WebSite","@id":"https:\/\/www.photoweb.fr\/espaces\/magazine\/#website","url":"https:\/\/www.photoweb.fr\/espaces\/magazine\/","name":"Photoweb, le mag","description":"Le magazine de Photoweb","publisher":{"@id":"https:\/\/www.photoweb.fr\/espaces\/magazine\/#organization"},"potentialAction":[{"@type":"SearchAction","target":{"@type":"EntryPoint","urlTemplate":"https:\/\/www.photoweb.fr\/espaces\/magazine\/?s={search_term_string}"},"query-input":"required name=search_term_string"}],"inLanguage":"fr-FR"},{"@type":"Organization","@id":"https:\/\/www.photoweb.fr\/espaces\/magazine\/#organization","name":"Photoweb","url":"https:\/\/www.photoweb.fr\/espaces\/magazine\/","logo":{"@type":"ImageObject","inLanguage":"fr-FR","@id":"https:\/\/www.photoweb.fr\/espaces\/magazine\/#\/schema\/logo\/image\/","url":"https:\/\/www.photoweb.fr\/espaces\/magazine\/wp-content\/uploads\/2021\/02\/Logo-Photoweb.jpg","contentUrl":"https:\/\/www.photoweb.fr\/espaces\/magazine\/wp-content\/uploads\/2021\/02\/Logo-Photoweb.jpg","width":780,"height":456,"caption":"Photoweb"},"image":{"@id":"https:\/\/www.photoweb.fr\/espaces\/magazine\/#\/schema\/logo\/image\/"},"sameAs":["https:\/\/fr-fr.facebook.com\/Photoweb.fr\/","https:\/\/twitter.com\/Photoweb_fr","https:\/\/www.instagram.com\/photowebfr\/","https:\/\/www.linkedin.com\/company\/347094\/","https:\/\/www.pinterest.fr\/inspirationsphotoweb\/_created\/","https:\/\/www.youtube.com\/channel\/UCtcVmTvkAzKQLVkiwfOm8sg"]},{"@type":"Person","@id":"https:\/\/www.photoweb.fr\/espaces\/magazine\/#\/schema\/person\/f354e6bd2302e567e1329fa54e90ff15","name":"Maud"}]}},"acf":[],"_links":{"self":[{"href":"https:\/\/www.photoweb.fr\/espaces\/magazine\/wp-json\/wp\/v2\/posts\/2361","targetHints":{"allow":["GET"]}}],"collection":[{"href":"https:\/\/www.photoweb.fr\/espaces\/magazine\/wp-json\/wp\/v2\/posts"}],"about":[{"href":"https:\/\/www.photoweb.fr\/espaces\/magazine\/wp-json\/wp\/v2\/types\/post"}],"author":[{"embeddable":true,"href":"https:\/\/www.photoweb.fr\/espaces\/magazine\/wp-json\/wp\/v2\/users\/6"}],"replies":[{"embeddable":true,"href":"https:\/\/www.photoweb.fr\/espaces\/magazine\/wp-json\/wp\/v2\/comments?post=2361"}],"version-history":[{"count":1,"href":"https:\/\/www.photoweb.fr\/espaces\/magazine\/wp-json\/wp\/v2\/posts\/2361\/revisions"}],"predecessor-version":[{"id":11061,"href":"https:\/\/www.photoweb.fr\/espaces\/magazine\/wp-json\/wp\/v2\/posts\/2361\/revisions\/11061"}],"wp:featuredmedia":[{"embeddable":true,"href":"https:\/\/www.photoweb.fr\/espaces\/magazine\/wp-json\/wp\/v2\/media\/3667"}],"wp:attachment":[{"href":"https:\/\/www.photoweb.fr\/espaces\/magazine\/wp-json\/wp\/v2\/media?parent=2361"}],"wp:term":[{"taxonomy":"category","embeddable":true,"href":"https:\/\/www.photoweb.fr\/espaces\/magazine\/wp-json\/wp\/v2\/categories?post=2361"},{"taxonomy":"post_tag","embeddable":true,"href":"https:\/\/www.photoweb.fr\/espaces\/magazine\/wp-json\/wp\/v2\/tags?post=2361"}],"curies":[{"name":"wp","href":"https:\/\/api.w.org\/{rel}","templated":true}]}}