{"id":2419,"date":"2017-05-14T11:22:11","date_gmt":"2017-05-14T11:22:11","guid":{"rendered":"https:\/\/www.photoweb.fr\/espaces\/magazine\/magazine\/?p=2419"},"modified":"2024-08-28T12:17:39","modified_gmt":"2024-08-28T10:17:39","slug":"rassembler-mes-photos","status":"publish","type":"post","link":"https:\/\/www.photoweb.fr\/espaces\/magazine\/rassembler-mes-photos\/","title":{"rendered":"Rassembler mes photos pour l&rsquo;\u00e9laboration de ma commande"},"content":{"rendered":"\n\n\t<p>Pour commander vos produits photo sur notre site, il faut que vos photos soient disponibles sur notre site, dans ce qu&rsquo;on appelle \u00ab\u00a0l&rsquo;album temporaire\u00a0\u00bb. Explications&#8230;<\/p>\n\t<h2><strong>Pour ajouter mes photos dans l&rsquo;album photo temporaire vous pouvez :<\/strong><\/h2>\n<h3><strong>1. Proc\u00e9der \u00e0 un nouveau t\u00e9l\u00e9chargement de vos <a href=\"https:\/\/www.photoweb.fr\/produits\/tirage-photo\">photos<\/a><\/strong><\/h3>\n<p>Pour cela, vous pouvez s\u00e9lectionner l&rsquo;un des modes de transfert propos\u00e9s sur notre site depuis le menu \u00a0\u00bb Mes photos\u00a0\u00bb rubrique \u00ab\u00a0Transf\u00e9rer mes photos\u00a0\u00bb.<\/p>\n<h3><strong>2. R\u00e9cup\u00e9rer mes photos t\u00e9l\u00e9charg\u00e9es<\/strong><\/h3>\n<p>Vous avez la possibilit\u00e9 de r\u00e9utiliser les images de vos pr\u00e9c\u00e9dentes commandes pour confectionner ou commander de nouveaux produits ou <a href=\"https:\/\/www.photoweb.fr\/produits\/tirage-photo\">tirages photo<\/a>. Pour cela, il vous suffit d&rsquo;acc\u00e9der au menu \u00ab\u00a0Mes photos\u00a0\u00bb de cliquer sur \u00ab\u00a0+ Ajouter des photos\u00a0\u00bb et d&rsquo;acc\u00e9der \u00e0 la rubrique \u00ab\u00a0J&rsquo;utilise les photos d&rsquo;une ancienne commande\u00a0\u00bb.<\/p>\n<h3>3. S\u00e9lectionner mes images d&rsquo;albums virtuels<\/h3>\n<p>Pour <a href=\"https:\/\/www.photoweb.fr\/espaces\/magazine\/magazine\/creer-album-photo\/\">cr\u00e9er un album photo<\/a> ou commander vos tirages photo, vous pouvez utiliser les photos de vos albums photo virtuels ou ceux d&rsquo;un tiers. Pour cela, rendez-vous sur votre menu \u00ab\u00a0Mes photos\u00a0\u00bb cliquez sur \u00ab\u00a0+ Ajoutez des photos\u00a0\u00bb et acc\u00e9dez \u00e0 la rubrique \u00ab\u00a0Je s\u00e9lectionne des photos d&rsquo;un album existant\u00a0\u00bb.<\/p>\n\t1.2.3.\nimprimez&#8239;!\n\t\t\t\t<a href=\"https:\/\/www.photoweb.fr\/produits\/tirage-photo\" target=\"_blank\" rel=\"noopener\" itemprop=\"url\">\n\t\t\t\t<img loading=\"lazy\" decoding=\"async\" src=\"https:\/\/www.photoweb.fr\/espaces\/magazine\/wp-content\/uploads\/2017\/06\/Tirages-classiques-photoweb.jpg\" alt=\"Tirages premium\" itemprop=\"image\" height=\"600\" width=\"600\" title=\"Tirages premium\" onerror=\"this.style.display='none'\"  \/>\n\t\t\t\t<\/a>\n\t<a href=\"https:\/\/www.photoweb.fr\/produits\/tirage-photo\">\nimprimer mes photos<\/a>\n\n","protected":false},"excerpt":{"rendered":"<p>Pour commander vos produits photo sur notre site, il faut que vos photos soient disponibles sur notre site, dans ce qu&rsquo;on appelle \u00ab\u00a0l&rsquo;album temporaire\u00a0\u00bb. Explications&#8230; Pour ajouter mes photos dans l&rsquo;album photo temporaire vous pouvez : 1. Proc\u00e9der \u00e0 un nouveau t\u00e9l\u00e9chargement de vos photos Pour cela, vous pouvez s\u00e9lectionner l&rsquo;un des modes de transfert&hellip;<\/p>\n","protected":false},"author":6,"featured_media":3746,"comment_status":"closed","ping_status":"open","sticky":false,"template":"single-standard.php","format":"standard","meta":{"footnotes":""},"categories":[91],"tags":[],"class_list":["post-2419","post","type-post","status-publish","format-standard","has-post-thumbnail","hentry","category-aide"],"yoast_head":"<!-- This site is optimized with the Yoast SEO plugin v20.3 - https:\/\/yoast.com\/wordpress\/plugins\/seo\/ -->\n<title>Comment rassembler mes photos pour l&#039;\u00e9laboration de ma commande ?<\/title>\n<meta name=\"description\" content=\"Vous souhaitez commander un album photo, un mug personnalis\u00e9... Pour cela, d\u00e9couvrez comment rassembler vos photos qui appara\u00eetront dans votre cr\u00e9ation !\" \/>\n<meta name=\"robots\" content=\"index, follow, max-snippet:-1, max-image-preview:large, max-video-preview:-1\" \/>\n<link rel=\"canonical\" href=\"https:\/\/www.photoweb.fr\/espaces\/magazine\/rassembler-mes-photos\/\" \/>\n<meta property=\"og:locale\" content=\"fr_FR\" \/>\n<meta property=\"og:type\" content=\"article\" \/>\n<meta property=\"og:title\" content=\"Comment rassembler mes photos pour l&#039;\u00e9laboration de ma commande ?\" \/>\n<meta property=\"og:description\" content=\"Vous souhaitez commander un album photo, un mug personnalis\u00e9... Pour cela, d\u00e9couvrez comment rassembler vos photos qui appara\u00eetront dans votre cr\u00e9ation !\" \/>\n<meta property=\"og:url\" content=\"https:\/\/www.photoweb.fr\/espaces\/magazine\/rassembler-mes-photos\/\" \/>\n<meta property=\"og:site_name\" content=\"Photoweb, le mag\" \/>\n<meta property=\"article:publisher\" content=\"https:\/\/fr-fr.facebook.com\/Photoweb.fr\/\" \/>\n<meta property=\"article:published_time\" content=\"2017-05-14T11:22:11+00:00\" \/>\n<meta property=\"article:modified_time\" content=\"2024-08-28T10:17:39+00:00\" \/>\n<meta property=\"og:image\" content=\"https:\/\/www.photoweb.fr\/espaces\/magazine\/wp-content\/uploads\/2017\/12\/rassembler-mes-images.jpg\" \/>\n\t<meta property=\"og:image:width\" content=\"800\" \/>\n\t<meta property=\"og:image:height\" content=\"600\" \/>\n\t<meta property=\"og:image:type\" content=\"image\/jpeg\" \/>\n<meta name=\"author\" content=\"Maud\" \/>\n<meta name=\"twitter:card\" content=\"summary_large_image\" \/>\n<meta name=\"twitter:creator\" content=\"@Photoweb_fr\" \/>\n<meta name=\"twitter:site\" content=\"@Photoweb_fr\" \/>\n<meta name=\"twitter:label1\" content=\"\u00c9crit par\" \/>\n\t<meta name=\"twitter:data1\" content=\"Maud\" \/>\n\t<meta name=\"twitter:label2\" content=\"Dur\u00e9e de lecture estim\u00e9e\" \/>\n\t<meta name=\"twitter:data2\" content=\"1 minute\" \/>\n<script type=\"application\/ld+json\" class=\"yoast-schema-graph\">{\"@context\":\"https:\/\/schema.org\",\"@graph\":[{\"@type\":\"Article\",\"@id\":\"https:\/\/www.photoweb.fr\/espaces\/magazine\/rassembler-mes-photos\/#article\",\"isPartOf\":{\"@id\":\"https:\/\/www.photoweb.fr\/espaces\/magazine\/rassembler-mes-photos\/\"},\"author\":{\"name\":\"Maud\",\"@id\":\"https:\/\/www.photoweb.fr\/espaces\/magazine\/#\/schema\/person\/f354e6bd2302e567e1329fa54e90ff15\"},\"headline\":\"Rassembler mes photos pour l&rsquo;\u00e9laboration de ma commande\",\"datePublished\":\"2017-05-14T11:22:11+00:00\",\"dateModified\":\"2024-08-28T10:17:39+00:00\",\"mainEntityOfPage\":{\"@id\":\"https:\/\/www.photoweb.fr\/espaces\/magazine\/rassembler-mes-photos\/\"},\"wordCount\":203,\"publisher\":{\"@id\":\"https:\/\/www.photoweb.fr\/espaces\/magazine\/#organization\"},\"articleSection\":[\"Aide\"],\"inLanguage\":\"fr-FR\"},{\"@type\":\"WebPage\",\"@id\":\"https:\/\/www.photoweb.fr\/espaces\/magazine\/rassembler-mes-photos\/\",\"url\":\"https:\/\/www.photoweb.fr\/espaces\/magazine\/rassembler-mes-photos\/\",\"name\":\"Comment rassembler mes photos pour l'\u00e9laboration de ma commande ?\",\"isPartOf\":{\"@id\":\"https:\/\/www.photoweb.fr\/espaces\/magazine\/#website\"},\"datePublished\":\"2017-05-14T11:22:11+00:00\",\"dateModified\":\"2024-08-28T10:17:39+00:00\",\"description\":\"Vous souhaitez commander un album photo, un mug personnalis\u00e9... Pour cela, d\u00e9couvrez comment rassembler vos photos qui appara\u00eetront dans votre cr\u00e9ation !\",\"breadcrumb\":{\"@id\":\"https:\/\/www.photoweb.fr\/espaces\/magazine\/rassembler-mes-photos\/#breadcrumb\"},\"inLanguage\":\"fr-FR\",\"potentialAction\":[{\"@type\":\"ReadAction\",\"target\":[\"https:\/\/www.photoweb.fr\/espaces\/magazine\/rassembler-mes-photos\/\"]}]},{\"@type\":\"BreadcrumbList\",\"@id\":\"https:\/\/www.photoweb.fr\/espaces\/magazine\/rassembler-mes-photos\/#breadcrumb\",\"itemListElement\":[{\"@type\":\"ListItem\",\"position\":1,\"name\":\"Accueil\",\"item\":\"https:\/\/www.photoweb.fr\/espaces\/magazine\/\"},{\"@type\":\"ListItem\",\"position\":2,\"name\":\"Aide\",\"item\":\"https:\/\/www.photoweb.fr\/espaces\/magazine\/aide\/\"},{\"@type\":\"ListItem\",\"position\":3,\"name\":\"Rassembler mes photos pour l&rsquo;\u00e9laboration de ma commande\"}]},{\"@type\":\"WebSite\",\"@id\":\"https:\/\/www.photoweb.fr\/espaces\/magazine\/#website\",\"url\":\"https:\/\/www.photoweb.fr\/espaces\/magazine\/\",\"name\":\"Photoweb, le mag\",\"description\":\"Le magazine de Photoweb\",\"publisher\":{\"@id\":\"https:\/\/www.photoweb.fr\/espaces\/magazine\/#organization\"},\"potentialAction\":[{\"@type\":\"SearchAction\",\"target\":{\"@type\":\"EntryPoint\",\"urlTemplate\":\"https:\/\/www.photoweb.fr\/espaces\/magazine\/?s={search_term_string}\"},\"query-input\":\"required name=search_term_string\"}],\"inLanguage\":\"fr-FR\"},{\"@type\":\"Organization\",\"@id\":\"https:\/\/www.photoweb.fr\/espaces\/magazine\/#organization\",\"name\":\"Photoweb\",\"url\":\"https:\/\/www.photoweb.fr\/espaces\/magazine\/\",\"logo\":{\"@type\":\"ImageObject\",\"inLanguage\":\"fr-FR\",\"@id\":\"https:\/\/www.photoweb.fr\/espaces\/magazine\/#\/schema\/logo\/image\/\",\"url\":\"https:\/\/www.photoweb.fr\/espaces\/magazine\/wp-content\/uploads\/2021\/02\/Logo-Photoweb.jpg\",\"contentUrl\":\"https:\/\/www.photoweb.fr\/espaces\/magazine\/wp-content\/uploads\/2021\/02\/Logo-Photoweb.jpg\",\"width\":780,\"height\":456,\"caption\":\"Photoweb\"},\"image\":{\"@id\":\"https:\/\/www.photoweb.fr\/espaces\/magazine\/#\/schema\/logo\/image\/\"},\"sameAs\":[\"https:\/\/fr-fr.facebook.com\/Photoweb.fr\/\",\"https:\/\/twitter.com\/Photoweb_fr\",\"https:\/\/www.instagram.com\/photowebfr\/\",\"https:\/\/www.linkedin.com\/company\/347094\/\",\"https:\/\/www.pinterest.fr\/inspirationsphotoweb\/_created\/\",\"https:\/\/www.youtube.com\/channel\/UCtcVmTvkAzKQLVkiwfOm8sg\"]},{\"@type\":\"Person\",\"@id\":\"https:\/\/www.photoweb.fr\/espaces\/magazine\/#\/schema\/person\/f354e6bd2302e567e1329fa54e90ff15\",\"name\":\"Maud\"}]}<\/script>\n<!-- \/ Yoast SEO plugin. -->","yoast_head_json":{"title":"Comment rassembler mes photos pour l'\u00e9laboration de ma commande ?","description":"Vous souhaitez commander un album photo, un mug personnalis\u00e9... Pour cela, d\u00e9couvrez comment rassembler vos photos qui appara\u00eetront dans votre cr\u00e9ation !","robots":{"index":"index","follow":"follow","max-snippet":"max-snippet:-1","max-image-preview":"max-image-preview:large","max-video-preview":"max-video-preview:-1"},"canonical":"https:\/\/www.photoweb.fr\/espaces\/magazine\/rassembler-mes-photos\/","og_locale":"fr_FR","og_type":"article","og_title":"Comment rassembler mes photos pour l'\u00e9laboration de ma commande ?","og_description":"Vous souhaitez commander un album photo, un mug personnalis\u00e9... Pour cela, d\u00e9couvrez comment rassembler vos photos qui appara\u00eetront dans votre cr\u00e9ation !","og_url":"https:\/\/www.photoweb.fr\/espaces\/magazine\/rassembler-mes-photos\/","og_site_name":"Photoweb, le mag","article_publisher":"https:\/\/fr-fr.facebook.com\/Photoweb.fr\/","article_published_time":"2017-05-14T11:22:11+00:00","article_modified_time":"2024-08-28T10:17:39+00:00","og_image":[{"width":800,"height":600,"url":"https:\/\/www.photoweb.fr\/espaces\/magazine\/wp-content\/uploads\/2017\/12\/rassembler-mes-images.jpg","type":"image\/jpeg"}],"author":"Maud","twitter_card":"summary_large_image","twitter_creator":"@Photoweb_fr","twitter_site":"@Photoweb_fr","twitter_misc":{"\u00c9crit par":"Maud","Dur\u00e9e de lecture estim\u00e9e":"1 minute"},"schema":{"@context":"https:\/\/schema.org","@graph":[{"@type":"Article","@id":"https:\/\/www.photoweb.fr\/espaces\/magazine\/rassembler-mes-photos\/#article","isPartOf":{"@id":"https:\/\/www.photoweb.fr\/espaces\/magazine\/rassembler-mes-photos\/"},"author":{"name":"Maud","@id":"https:\/\/www.photoweb.fr\/espaces\/magazine\/#\/schema\/person\/f354e6bd2302e567e1329fa54e90ff15"},"headline":"Rassembler mes photos pour l&rsquo;\u00e9laboration de ma commande","datePublished":"2017-05-14T11:22:11+00:00","dateModified":"2024-08-28T10:17:39+00:00","mainEntityOfPage":{"@id":"https:\/\/www.photoweb.fr\/espaces\/magazine\/rassembler-mes-photos\/"},"wordCount":203,"publisher":{"@id":"https:\/\/www.photoweb.fr\/espaces\/magazine\/#organization"},"articleSection":["Aide"],"inLanguage":"fr-FR"},{"@type":"WebPage","@id":"https:\/\/www.photoweb.fr\/espaces\/magazine\/rassembler-mes-photos\/","url":"https:\/\/www.photoweb.fr\/espaces\/magazine\/rassembler-mes-photos\/","name":"Comment rassembler mes photos pour l'\u00e9laboration de ma commande ?","isPartOf":{"@id":"https:\/\/www.photoweb.fr\/espaces\/magazine\/#website"},"datePublished":"2017-05-14T11:22:11+00:00","dateModified":"2024-08-28T10:17:39+00:00","description":"Vous souhaitez commander un album photo, un mug personnalis\u00e9... Pour cela, d\u00e9couvrez comment rassembler vos photos qui appara\u00eetront dans votre cr\u00e9ation !","breadcrumb":{"@id":"https:\/\/www.photoweb.fr\/espaces\/magazine\/rassembler-mes-photos\/#breadcrumb"},"inLanguage":"fr-FR","potentialAction":[{"@type":"ReadAction","target":["https:\/\/www.photoweb.fr\/espaces\/magazine\/rassembler-mes-photos\/"]}]},{"@type":"BreadcrumbList","@id":"https:\/\/www.photoweb.fr\/espaces\/magazine\/rassembler-mes-photos\/#breadcrumb","itemListElement":[{"@type":"ListItem","position":1,"name":"Accueil","item":"https:\/\/www.photoweb.fr\/espaces\/magazine\/"},{"@type":"ListItem","position":2,"name":"Aide","item":"https:\/\/www.photoweb.fr\/espaces\/magazine\/aide\/"},{"@type":"ListItem","position":3,"name":"Rassembler mes photos pour l&rsquo;\u00e9laboration de ma commande"}]},{"@type":"WebSite","@id":"https:\/\/www.photoweb.fr\/espaces\/magazine\/#website","url":"https:\/\/www.photoweb.fr\/espaces\/magazine\/","name":"Photoweb, le mag","description":"Le magazine de Photoweb","publisher":{"@id":"https:\/\/www.photoweb.fr\/espaces\/magazine\/#organization"},"potentialAction":[{"@type":"SearchAction","target":{"@type":"EntryPoint","urlTemplate":"https:\/\/www.photoweb.fr\/espaces\/magazine\/?s={search_term_string}"},"query-input":"required name=search_term_string"}],"inLanguage":"fr-FR"},{"@type":"Organization","@id":"https:\/\/www.photoweb.fr\/espaces\/magazine\/#organization","name":"Photoweb","url":"https:\/\/www.photoweb.fr\/espaces\/magazine\/","logo":{"@type":"ImageObject","inLanguage":"fr-FR","@id":"https:\/\/www.photoweb.fr\/espaces\/magazine\/#\/schema\/logo\/image\/","url":"https:\/\/www.photoweb.fr\/espaces\/magazine\/wp-content\/uploads\/2021\/02\/Logo-Photoweb.jpg","contentUrl":"https:\/\/www.photoweb.fr\/espaces\/magazine\/wp-content\/uploads\/2021\/02\/Logo-Photoweb.jpg","width":780,"height":456,"caption":"Photoweb"},"image":{"@id":"https:\/\/www.photoweb.fr\/espaces\/magazine\/#\/schema\/logo\/image\/"},"sameAs":["https:\/\/fr-fr.facebook.com\/Photoweb.fr\/","https:\/\/twitter.com\/Photoweb_fr","https:\/\/www.instagram.com\/photowebfr\/","https:\/\/www.linkedin.com\/company\/347094\/","https:\/\/www.pinterest.fr\/inspirationsphotoweb\/_created\/","https:\/\/www.youtube.com\/channel\/UCtcVmTvkAzKQLVkiwfOm8sg"]},{"@type":"Person","@id":"https:\/\/www.photoweb.fr\/espaces\/magazine\/#\/schema\/person\/f354e6bd2302e567e1329fa54e90ff15","name":"Maud"}]}},"acf":[],"_links":{"self":[{"href":"https:\/\/www.photoweb.fr\/espaces\/magazine\/wp-json\/wp\/v2\/posts\/2419","targetHints":{"allow":["GET"]}}],"collection":[{"href":"https:\/\/www.photoweb.fr\/espaces\/magazine\/wp-json\/wp\/v2\/posts"}],"about":[{"href":"https:\/\/www.photoweb.fr\/espaces\/magazine\/wp-json\/wp\/v2\/types\/post"}],"author":[{"embeddable":true,"href":"https:\/\/www.photoweb.fr\/espaces\/magazine\/wp-json\/wp\/v2\/users\/6"}],"replies":[{"embeddable":true,"href":"https:\/\/www.photoweb.fr\/espaces\/magazine\/wp-json\/wp\/v2\/comments?post=2419"}],"version-history":[{"count":2,"href":"https:\/\/www.photoweb.fr\/espaces\/magazine\/wp-json\/wp\/v2\/posts\/2419\/revisions"}],"predecessor-version":[{"id":13395,"href":"https:\/\/www.photoweb.fr\/espaces\/magazine\/wp-json\/wp\/v2\/posts\/2419\/revisions\/13395"}],"wp:featuredmedia":[{"embeddable":true,"href":"https:\/\/www.photoweb.fr\/espaces\/magazine\/wp-json\/wp\/v2\/media\/3746"}],"wp:attachment":[{"href":"https:\/\/www.photoweb.fr\/espaces\/magazine\/wp-json\/wp\/v2\/media?parent=2419"}],"wp:term":[{"taxonomy":"category","embeddable":true,"href":"https:\/\/www.photoweb.fr\/espaces\/magazine\/wp-json\/wp\/v2\/categories?post=2419"},{"taxonomy":"post_tag","embeddable":true,"href":"https:\/\/www.photoweb.fr\/espaces\/magazine\/wp-json\/wp\/v2\/tags?post=2419"}],"curies":[{"name":"wp","href":"https:\/\/api.w.org\/{rel}","templated":true}]}}