{"id":2442,"date":"2017-10-19T11:20:21","date_gmt":"2017-10-19T11:20:21","guid":{"rendered":"https:\/\/www.photoweb.fr\/espaces\/magazine\/magazine\/?p=2442"},"modified":"2022-08-03T09:55:41","modified_gmt":"2022-08-03T09:55:41","slug":"cadeau-photo-la-tendance-pour-les-fetes","status":"publish","type":"post","link":"https:\/\/www.photoweb.fr\/espaces\/magazine\/cadeau-photo-la-tendance-pour-les-fetes\/","title":{"rendered":"Cadeau photo : la nouvelle tendance cadeau pour les f\u00eates !"},"content":{"rendered":"\n\n\t<p>A l&rsquo;approche des f\u00eates de No\u00ebl, et pour tout anniversaire, le cadeau photo est non seulement une bonne <a href=\"https:\/\/www.photoweb.fr\/cadeau-personnalise\/noel\/listing\">id\u00e9e de cadeau pour No\u00ebl<\/a>, mais aussi celle de surprendre votre entourage. Si vous n&rsquo;avez pas en votre possession de liste d&rsquo;envies, c&rsquo;est le moment de se lancer dans la confection d&rsquo;un <a href=\"https:\/\/www.photoweb.fr\/cadeau-personnalise\/listing\">cadeau personnalis\u00e9<\/a> ! Cap sur le <strong>cadeau photo<\/strong>, cette tendance de plus en plus populaire, et qui ne vous laissera pas indiff\u00e9rent(e).<\/p>\n\n\t<h2><strong>Le cadeau photo, entre surprise et originalit\u00e9<\/strong><\/h2>\n<p>N&rsquo;est-ce pas une belle raison pour personnaliser un objet photo ? Les f\u00eates, de toute nature, ont toujours ce petit brin de magie, qui les rendent aussi sp\u00e9ciales. Distinguez-vous donc des pr\u00e9sents traditionnels pour laisser place <a href=\"https:\/\/www.photoweb.fr\/cadeau-personnalise\/listing\">aux cadeaux personnalis\u00e9s<\/a>, ces petits objets personnalis\u00e9s qui donnent le sourire. Chaque personne \u00e9tant unique, surprendre et faire plaisir avec un cadeau original prend tout son sens.<\/p>\n<p>Oseriez-vous vous lancer dans le sur-mesure ?<\/p>\n<h2><strong>De l&rsquo;\u00e9motion au c\u0153ur du cadeau photo<\/strong><\/h2>\n<p>Apr\u00e8s surprise et originalit\u00e9, faites place \u00e0 l&rsquo;\u00e9motion. L&rsquo;investissement personnel apport\u00e9 \u00e0 votre cr\u00e9ation, fera de vos cadeaux des intentions uniques et exceptionnelles aux yeux de vos proches. N&rsquo;est-ce pas le but apr\u00e8s tout ? Les faire rire ? Les faire sourire, voire pleurer parfois ?<\/p>\n<p>Il est sans aucun doute appr\u00e9ciable de recevoir un cadeau photo 100% personnalis\u00e9 au nom de l&rsquo;amour et de l&rsquo;amiti\u00e9. C&rsquo;est la preuve d&rsquo;une relation forte, remplie d&rsquo;un tas de souvenirs.<\/p>\n<h2><strong>Un cadeau photo pour rappeler les<br \/>\nbons souvenirs !<\/strong><\/h2>\n<p>Les photos des \u00e9v\u00e8nements heureux du pass\u00e9 ne doivent pas \u00eatre oubli\u00e9es. C&rsquo;est en cela que le cadeau photo est l&rsquo;occasion de sortir des archives vos plus beaux clich\u00e9s, pour leur donner vie de nouveau. Les souvenirs comptent, ils vous lient avec les \u00eatres qui vous sont chers.<\/p>\n<p>Faites alors une s\u00e9lection de vos plus belles photos, et choisissez l&rsquo;objet \u00e0 personnaliser parmi de nombreuses id\u00e9es cadeaux : livre photo, mug personnalis\u00e9, toile photo, calendrier photo, etc.<\/p>\n<h2><strong>Votre cr\u00e9ativit\u00e9 au service de votre cadeau photo<\/strong><\/h2>\n<p>Vous avez envie de surprendre avec un produit sur mesure, et vous avez d\u00e9j\u00e0 s\u00e9lectionn\u00e9 la photo ou le souvenir \u00e0 sublimer, il est donc temps de mettre en valeur votre cr\u00e9ativit\u00e9. Vous seuls d\u00e9tenez les ingr\u00e9dients indispensables pour la r\u00e9alisation du cadeau photo. Une fois l&rsquo;objet \u00e0 personnaliser choisi, suivez le guide gr\u00e2ce \u00e0 notre logiciel de cr\u00e9ation : ajouts de photos, de textes, de petites illustrations, agencement, design&#8230; Laissez parler votre inventivit\u00e9 pour un cadeau photo 100% unique. Nous sommes d&rsquo;ailleurs certains que cette exp\u00e9rience vous apportera satisfaction, et que vous vous d\u00e9couvrirez sous un nouveau jour !<\/p>\n<p>&nbsp;<\/p>\n\n","protected":false},"excerpt":{"rendered":"<p>Que ce soit pour les f\u00eates de fin d\u2019ann\u00e9e, les anniversaires ou tout \u00e9v\u00e9nement o\u00f9 les cadeaux sont les bienvenus, le cadeau photo fera fureur ! Il est non seulement la nouvelle fa\u00e7on de faire plaisir, mais est aussi un moyen id\u00e9al de surprendre vos proches autour de vous. Aucune liste d\u2019envies dans les parages ? C\u2019est peut-\u00eatre le moment de se lancer dans la cr\u00e9ation d\u2019un cadeau personnalis\u00e9. Pourquoi c\u2019est top ? D\u00e9couvrez dans cet article cette nouvelle tendance qui fait de plus en plus d\u2019heureux. Le cadeau photo original est en effet une intention qui sort de l\u2019ordinaire et qui surprendrait \u00e0 coup s\u00fbr vos amis, votre famille, vos coll\u00e8gues ou votre moiti\u00e9. C\u2019est aussi un vecteur fort d\u2019\u00e9motions, permettant de redonner vie aux souvenirs qui vous tiennent \u00e0 c\u0153ur, \u00e0 vous et le destinataire du cadeau photo. Faire un cadeau personnalis\u00e9, c\u2019est aussi vous permettre d\u2019\u00e9veiller votre cr\u00e9ativit\u00e9, car oui, c\u2019est important de laisser aller son inventivit\u00e9, vous pourrez \u00eatre surpris rapidement !<\/p>\n","protected":false},"author":21,"featured_media":2443,"comment_status":"open","ping_status":"open","sticky":false,"template":"single-standard.php","format":"standard","meta":{"footnotes":""},"categories":[5],"tags":[52],"class_list":["post-2442","post","type-post","status-publish","format-standard","has-post-thumbnail","hentry","category-carnet-de-tendances","tag-cadeau-photo"],"yoast_head":"<!-- This site is optimized with the Yoast SEO plugin v20.3 - https:\/\/yoast.com\/wordpress\/plugins\/seo\/ -->\n<title>Cadeau photo : la nouvelle tendance cadeau pour les f\u00eates !<\/title>\n<meta name=\"description\" content=\"Cadeau photo : No\u00ebl, anniversaires\u2026 ces f\u00eates gorg\u00e9es de magie m\u00e9ritent un cadeau \u00e0 la hauteur, le cadeau photo original et surprenant !\" \/>\n<meta name=\"robots\" content=\"index, follow, max-snippet:-1, max-image-preview:large, max-video-preview:-1\" \/>\n<link rel=\"canonical\" href=\"https:\/\/www.photoweb.fr\/espaces\/magazine\/cadeau-photo-la-tendance-pour-les-fetes\/\" \/>\n<meta property=\"og:locale\" content=\"fr_FR\" \/>\n<meta property=\"og:type\" content=\"article\" \/>\n<meta property=\"og:title\" content=\"Cadeau photo : la nouvelle tendance cadeau pour les f\u00eates !\" \/>\n<meta property=\"og:description\" content=\"Cadeau photo : No\u00ebl, anniversaires\u2026 ces f\u00eates gorg\u00e9es de magie m\u00e9ritent un cadeau \u00e0 la hauteur, le cadeau photo original et surprenant !\" \/>\n<meta property=\"og:url\" content=\"https:\/\/www.photoweb.fr\/espaces\/magazine\/cadeau-photo-la-tendance-pour-les-fetes\/\" \/>\n<meta property=\"og:site_name\" content=\"Photoweb, le mag\" \/>\n<meta property=\"article:publisher\" content=\"https:\/\/fr-fr.facebook.com\/Photoweb.fr\/\" \/>\n<meta property=\"article:published_time\" content=\"2017-10-19T11:20:21+00:00\" \/>\n<meta property=\"article:modified_time\" content=\"2022-08-03T09:55:41+00:00\" \/>\n<meta property=\"og:image\" content=\"https:\/\/www.photoweb.fr\/espaces\/magazine\/wp-content\/uploads\/2017\/11\/cadeau-photo.jpg\" \/>\n\t<meta property=\"og:image:width\" content=\"1280\" \/>\n\t<meta property=\"og:image:height\" content=\"960\" \/>\n\t<meta property=\"og:image:type\" content=\"image\/jpeg\" \/>\n<meta name=\"author\" content=\"melanie\" \/>\n<meta name=\"twitter:card\" content=\"summary_large_image\" \/>\n<meta name=\"twitter:creator\" content=\"@Photoweb_fr\" \/>\n<meta name=\"twitter:site\" content=\"@Photoweb_fr\" \/>\n<meta name=\"twitter:label1\" content=\"\u00c9crit par\" \/>\n\t<meta name=\"twitter:data1\" content=\"melanie\" \/>\n\t<meta name=\"twitter:label2\" content=\"Dur\u00e9e de lecture estim\u00e9e\" \/>\n\t<meta name=\"twitter:data2\" content=\"2 minutes\" \/>\n<script type=\"application\/ld+json\" class=\"yoast-schema-graph\">{\"@context\":\"https:\/\/schema.org\",\"@graph\":[{\"@type\":\"Article\",\"@id\":\"https:\/\/www.photoweb.fr\/espaces\/magazine\/cadeau-photo-la-tendance-pour-les-fetes\/#article\",\"isPartOf\":{\"@id\":\"https:\/\/www.photoweb.fr\/espaces\/magazine\/cadeau-photo-la-tendance-pour-les-fetes\/\"},\"author\":{\"name\":\"melanie\",\"@id\":\"https:\/\/www.photoweb.fr\/espaces\/magazine\/#\/schema\/person\/111451a615bb7cbe790bf8b1d6b24391\"},\"headline\":\"Cadeau photo : la nouvelle tendance cadeau pour les f\u00eates !\",\"datePublished\":\"2017-10-19T11:20:21+00:00\",\"dateModified\":\"2022-08-03T09:55:41+00:00\",\"mainEntityOfPage\":{\"@id\":\"https:\/\/www.photoweb.fr\/espaces\/magazine\/cadeau-photo-la-tendance-pour-les-fetes\/\"},\"wordCount\":454,\"commentCount\":0,\"publisher\":{\"@id\":\"https:\/\/www.photoweb.fr\/espaces\/magazine\/#organization\"},\"keywords\":[\"cadeau photo\"],\"articleSection\":[\"Carnet de tendance\"],\"inLanguage\":\"fr-FR\",\"potentialAction\":[{\"@type\":\"CommentAction\",\"name\":\"Comment\",\"target\":[\"https:\/\/www.photoweb.fr\/espaces\/magazine\/cadeau-photo-la-tendance-pour-les-fetes\/#respond\"]}]},{\"@type\":\"WebPage\",\"@id\":\"https:\/\/www.photoweb.fr\/espaces\/magazine\/cadeau-photo-la-tendance-pour-les-fetes\/\",\"url\":\"https:\/\/www.photoweb.fr\/espaces\/magazine\/cadeau-photo-la-tendance-pour-les-fetes\/\",\"name\":\"Cadeau photo : la nouvelle tendance cadeau pour les f\u00eates !\",\"isPartOf\":{\"@id\":\"https:\/\/www.photoweb.fr\/espaces\/magazine\/#website\"},\"datePublished\":\"2017-10-19T11:20:21+00:00\",\"dateModified\":\"2022-08-03T09:55:41+00:00\",\"description\":\"Cadeau photo : No\u00ebl, anniversaires\u2026 ces f\u00eates gorg\u00e9es de magie m\u00e9ritent un cadeau \u00e0 la hauteur, le cadeau photo original et surprenant !\",\"breadcrumb\":{\"@id\":\"https:\/\/www.photoweb.fr\/espaces\/magazine\/cadeau-photo-la-tendance-pour-les-fetes\/#breadcrumb\"},\"inLanguage\":\"fr-FR\",\"potentialAction\":[{\"@type\":\"ReadAction\",\"target\":[\"https:\/\/www.photoweb.fr\/espaces\/magazine\/cadeau-photo-la-tendance-pour-les-fetes\/\"]}]},{\"@type\":\"BreadcrumbList\",\"@id\":\"https:\/\/www.photoweb.fr\/espaces\/magazine\/cadeau-photo-la-tendance-pour-les-fetes\/#breadcrumb\",\"itemListElement\":[{\"@type\":\"ListItem\",\"position\":1,\"name\":\"Accueil\",\"item\":\"https:\/\/www.photoweb.fr\/espaces\/magazine\/\"},{\"@type\":\"ListItem\",\"position\":2,\"name\":\"Carnet de tendance\",\"item\":\"https:\/\/www.photoweb.fr\/espaces\/magazine\/carnet-de-tendances\/\"},{\"@type\":\"ListItem\",\"position\":3,\"name\":\"Cadeau photo : la nouvelle tendance cadeau pour les f\u00eates !\"}]},{\"@type\":\"WebSite\",\"@id\":\"https:\/\/www.photoweb.fr\/espaces\/magazine\/#website\",\"url\":\"https:\/\/www.photoweb.fr\/espaces\/magazine\/\",\"name\":\"Photoweb, le mag\",\"description\":\"Le magazine de Photoweb\",\"publisher\":{\"@id\":\"https:\/\/www.photoweb.fr\/espaces\/magazine\/#organization\"},\"potentialAction\":[{\"@type\":\"SearchAction\",\"target\":{\"@type\":\"EntryPoint\",\"urlTemplate\":\"https:\/\/www.photoweb.fr\/espaces\/magazine\/?s={search_term_string}\"},\"query-input\":\"required name=search_term_string\"}],\"inLanguage\":\"fr-FR\"},{\"@type\":\"Organization\",\"@id\":\"https:\/\/www.photoweb.fr\/espaces\/magazine\/#organization\",\"name\":\"Photoweb\",\"url\":\"https:\/\/www.photoweb.fr\/espaces\/magazine\/\",\"logo\":{\"@type\":\"ImageObject\",\"inLanguage\":\"fr-FR\",\"@id\":\"https:\/\/www.photoweb.fr\/espaces\/magazine\/#\/schema\/logo\/image\/\",\"url\":\"https:\/\/www.photoweb.fr\/espaces\/magazine\/wp-content\/uploads\/2021\/02\/Logo-Photoweb.jpg\",\"contentUrl\":\"https:\/\/www.photoweb.fr\/espaces\/magazine\/wp-content\/uploads\/2021\/02\/Logo-Photoweb.jpg\",\"width\":780,\"height\":456,\"caption\":\"Photoweb\"},\"image\":{\"@id\":\"https:\/\/www.photoweb.fr\/espaces\/magazine\/#\/schema\/logo\/image\/\"},\"sameAs\":[\"https:\/\/fr-fr.facebook.com\/Photoweb.fr\/\",\"https:\/\/twitter.com\/Photoweb_fr\",\"https:\/\/www.instagram.com\/photowebfr\/\",\"https:\/\/www.linkedin.com\/company\/347094\/\",\"https:\/\/www.pinterest.fr\/inspirationsphotoweb\/_created\/\",\"https:\/\/www.youtube.com\/channel\/UCtcVmTvkAzKQLVkiwfOm8sg\"]},{\"@type\":\"Person\",\"@id\":\"https:\/\/www.photoweb.fr\/espaces\/magazine\/#\/schema\/person\/111451a615bb7cbe790bf8b1d6b24391\",\"name\":\"melanie\"}]}<\/script>\n<!-- \/ Yoast SEO plugin. -->","yoast_head_json":{"title":"Cadeau photo : la nouvelle tendance cadeau pour les f\u00eates !","description":"Cadeau photo : No\u00ebl, anniversaires\u2026 ces f\u00eates gorg\u00e9es de magie m\u00e9ritent un cadeau \u00e0 la hauteur, le cadeau photo original et surprenant !","robots":{"index":"index","follow":"follow","max-snippet":"max-snippet:-1","max-image-preview":"max-image-preview:large","max-video-preview":"max-video-preview:-1"},"canonical":"https:\/\/www.photoweb.fr\/espaces\/magazine\/cadeau-photo-la-tendance-pour-les-fetes\/","og_locale":"fr_FR","og_type":"article","og_title":"Cadeau photo : la nouvelle tendance cadeau pour les f\u00eates !","og_description":"Cadeau photo : No\u00ebl, anniversaires\u2026 ces f\u00eates gorg\u00e9es de magie m\u00e9ritent un cadeau \u00e0 la hauteur, le cadeau photo original et surprenant !","og_url":"https:\/\/www.photoweb.fr\/espaces\/magazine\/cadeau-photo-la-tendance-pour-les-fetes\/","og_site_name":"Photoweb, le mag","article_publisher":"https:\/\/fr-fr.facebook.com\/Photoweb.fr\/","article_published_time":"2017-10-19T11:20:21+00:00","article_modified_time":"2022-08-03T09:55:41+00:00","og_image":[{"width":1280,"height":960,"url":"https:\/\/www.photoweb.fr\/espaces\/magazine\/wp-content\/uploads\/2017\/11\/cadeau-photo.jpg","type":"image\/jpeg"}],"author":"melanie","twitter_card":"summary_large_image","twitter_creator":"@Photoweb_fr","twitter_site":"@Photoweb_fr","twitter_misc":{"\u00c9crit par":"melanie","Dur\u00e9e de lecture estim\u00e9e":"2 minutes"},"schema":{"@context":"https:\/\/schema.org","@graph":[{"@type":"Article","@id":"https:\/\/www.photoweb.fr\/espaces\/magazine\/cadeau-photo-la-tendance-pour-les-fetes\/#article","isPartOf":{"@id":"https:\/\/www.photoweb.fr\/espaces\/magazine\/cadeau-photo-la-tendance-pour-les-fetes\/"},"author":{"name":"melanie","@id":"https:\/\/www.photoweb.fr\/espaces\/magazine\/#\/schema\/person\/111451a615bb7cbe790bf8b1d6b24391"},"headline":"Cadeau photo : la nouvelle tendance cadeau pour les f\u00eates !","datePublished":"2017-10-19T11:20:21+00:00","dateModified":"2022-08-03T09:55:41+00:00","mainEntityOfPage":{"@id":"https:\/\/www.photoweb.fr\/espaces\/magazine\/cadeau-photo-la-tendance-pour-les-fetes\/"},"wordCount":454,"commentCount":0,"publisher":{"@id":"https:\/\/www.photoweb.fr\/espaces\/magazine\/#organization"},"keywords":["cadeau photo"],"articleSection":["Carnet de tendance"],"inLanguage":"fr-FR","potentialAction":[{"@type":"CommentAction","name":"Comment","target":["https:\/\/www.photoweb.fr\/espaces\/magazine\/cadeau-photo-la-tendance-pour-les-fetes\/#respond"]}]},{"@type":"WebPage","@id":"https:\/\/www.photoweb.fr\/espaces\/magazine\/cadeau-photo-la-tendance-pour-les-fetes\/","url":"https:\/\/www.photoweb.fr\/espaces\/magazine\/cadeau-photo-la-tendance-pour-les-fetes\/","name":"Cadeau photo : la nouvelle tendance cadeau pour les f\u00eates !","isPartOf":{"@id":"https:\/\/www.photoweb.fr\/espaces\/magazine\/#website"},"datePublished":"2017-10-19T11:20:21+00:00","dateModified":"2022-08-03T09:55:41+00:00","description":"Cadeau photo : No\u00ebl, anniversaires\u2026 ces f\u00eates gorg\u00e9es de magie m\u00e9ritent un cadeau \u00e0 la hauteur, le cadeau photo original et surprenant !","breadcrumb":{"@id":"https:\/\/www.photoweb.fr\/espaces\/magazine\/cadeau-photo-la-tendance-pour-les-fetes\/#breadcrumb"},"inLanguage":"fr-FR","potentialAction":[{"@type":"ReadAction","target":["https:\/\/www.photoweb.fr\/espaces\/magazine\/cadeau-photo-la-tendance-pour-les-fetes\/"]}]},{"@type":"BreadcrumbList","@id":"https:\/\/www.photoweb.fr\/espaces\/magazine\/cadeau-photo-la-tendance-pour-les-fetes\/#breadcrumb","itemListElement":[{"@type":"ListItem","position":1,"name":"Accueil","item":"https:\/\/www.photoweb.fr\/espaces\/magazine\/"},{"@type":"ListItem","position":2,"name":"Carnet de tendance","item":"https:\/\/www.photoweb.fr\/espaces\/magazine\/carnet-de-tendances\/"},{"@type":"ListItem","position":3,"name":"Cadeau photo : la nouvelle tendance cadeau pour les f\u00eates !"}]},{"@type":"WebSite","@id":"https:\/\/www.photoweb.fr\/espaces\/magazine\/#website","url":"https:\/\/www.photoweb.fr\/espaces\/magazine\/","name":"Photoweb, le mag","description":"Le magazine de Photoweb","publisher":{"@id":"https:\/\/www.photoweb.fr\/espaces\/magazine\/#organization"},"potentialAction":[{"@type":"SearchAction","target":{"@type":"EntryPoint","urlTemplate":"https:\/\/www.photoweb.fr\/espaces\/magazine\/?s={search_term_string}"},"query-input":"required name=search_term_string"}],"inLanguage":"fr-FR"},{"@type":"Organization","@id":"https:\/\/www.photoweb.fr\/espaces\/magazine\/#organization","name":"Photoweb","url":"https:\/\/www.photoweb.fr\/espaces\/magazine\/","logo":{"@type":"ImageObject","inLanguage":"fr-FR","@id":"https:\/\/www.photoweb.fr\/espaces\/magazine\/#\/schema\/logo\/image\/","url":"https:\/\/www.photoweb.fr\/espaces\/magazine\/wp-content\/uploads\/2021\/02\/Logo-Photoweb.jpg","contentUrl":"https:\/\/www.photoweb.fr\/espaces\/magazine\/wp-content\/uploads\/2021\/02\/Logo-Photoweb.jpg","width":780,"height":456,"caption":"Photoweb"},"image":{"@id":"https:\/\/www.photoweb.fr\/espaces\/magazine\/#\/schema\/logo\/image\/"},"sameAs":["https:\/\/fr-fr.facebook.com\/Photoweb.fr\/","https:\/\/twitter.com\/Photoweb_fr","https:\/\/www.instagram.com\/photowebfr\/","https:\/\/www.linkedin.com\/company\/347094\/","https:\/\/www.pinterest.fr\/inspirationsphotoweb\/_created\/","https:\/\/www.youtube.com\/channel\/UCtcVmTvkAzKQLVkiwfOm8sg"]},{"@type":"Person","@id":"https:\/\/www.photoweb.fr\/espaces\/magazine\/#\/schema\/person\/111451a615bb7cbe790bf8b1d6b24391","name":"melanie"}]}},"acf":[],"_links":{"self":[{"href":"https:\/\/www.photoweb.fr\/espaces\/magazine\/wp-json\/wp\/v2\/posts\/2442","targetHints":{"allow":["GET"]}}],"collection":[{"href":"https:\/\/www.photoweb.fr\/espaces\/magazine\/wp-json\/wp\/v2\/posts"}],"about":[{"href":"https:\/\/www.photoweb.fr\/espaces\/magazine\/wp-json\/wp\/v2\/types\/post"}],"author":[{"embeddable":true,"href":"https:\/\/www.photoweb.fr\/espaces\/magazine\/wp-json\/wp\/v2\/users\/21"}],"replies":[{"embeddable":true,"href":"https:\/\/www.photoweb.fr\/espaces\/magazine\/wp-json\/wp\/v2\/comments?post=2442"}],"version-history":[{"count":2,"href":"https:\/\/www.photoweb.fr\/espaces\/magazine\/wp-json\/wp\/v2\/posts\/2442\/revisions"}],"predecessor-version":[{"id":11713,"href":"https:\/\/www.photoweb.fr\/espaces\/magazine\/wp-json\/wp\/v2\/posts\/2442\/revisions\/11713"}],"wp:featuredmedia":[{"embeddable":true,"href":"https:\/\/www.photoweb.fr\/espaces\/magazine\/wp-json\/wp\/v2\/media\/2443"}],"wp:attachment":[{"href":"https:\/\/www.photoweb.fr\/espaces\/magazine\/wp-json\/wp\/v2\/media?parent=2442"}],"wp:term":[{"taxonomy":"category","embeddable":true,"href":"https:\/\/www.photoweb.fr\/espaces\/magazine\/wp-json\/wp\/v2\/categories?post=2442"},{"taxonomy":"post_tag","embeddable":true,"href":"https:\/\/www.photoweb.fr\/espaces\/magazine\/wp-json\/wp\/v2\/tags?post=2442"}],"curies":[{"name":"wp","href":"https:\/\/api.w.org\/{rel}","templated":true}]}}