{"id":2541,"date":"2017-05-14T13:40:54","date_gmt":"2017-05-14T13:40:54","guid":{"rendered":"https:\/\/www.photoweb.fr\/espaces\/magazine\/magazine\/?p=2541"},"modified":"2024-08-06T15:07:57","modified_gmt":"2024-08-06T13:07:57","slug":"ordre-des-pages-livre-photo","status":"publish","type":"post","link":"https:\/\/www.photoweb.fr\/espaces\/magazine\/ordre-des-pages-livre-photo\/","title":{"rendered":"Comment conna\u00eetre l&rsquo;ordre des pages de mon livre photo ?"},"content":{"rendered":"\n<p>Vous pouvez voir de quel c\u00f4t\u00e9 se trouvera chaque page de votre <a href=\"https:\/\/www.photoweb.fr\/livre-photo\/listing\">livre photo<\/a> dans l&rsquo;interface de cr\u00e9ation.<\/p>\n<p>Lorsque vous cliquez sur \u00ab\u00a0Je cr\u00e9e mon livre\u00a0\u00bb, l&rsquo;interface de cr\u00e9ation de celui-ci appara\u00eet. Il vous est alors possible de rep\u00e9rer la page de couverture et les autres pages de votre <a href=\"https:\/\/www.photoweb.fr\/livre-photo\/listing\">album photo<\/a> :<\/p>\n<ul>\n<li><strong>La premi\u00e8re page<\/strong> correspond \u00e0 la<strong> page de couverture<\/strong><\/li>\n<li><strong>La deuxi\u00e8me page<\/strong> du livre photo sera bien <strong>imprim\u00e9e au verso de la premi\u00e8re page<\/strong> : il est ainsi possible de visualiser les deux pages n\u00b0 2 et 3 en mettant le livre photo \u00e0 plat.<\/li>\n<li><strong>Les pages paires<\/strong> sont donc \u00e0 <strong>gauche<\/strong> de la reliure et les <strong>pages impaires<\/strong> \u00e0 <strong>droite<\/strong>.<\/li>\n<\/ul>\n<p>Voici comment dans l&rsquo;interface de cr\u00e9ation des livres photo, nous pouvons conna\u00eetre l&rsquo;ordre des pages de notre livre photo :<\/p>\n<p>&nbsp;<\/p>\n<p>\t\t\t\t<img loading=\"lazy\" decoding=\"async\" src=\"https:\/\/www.photoweb.fr\/espaces\/magazine\/wp-content\/uploads\/2017\/05\/page-livre-photo-1.jpg\" alt=\"page livre photo\" height=\"954\" width=\"1248\" title=\"page livre photo\" \/><\/p>\n","protected":false},"excerpt":{"rendered":"<p>Vous pouvez voir de quel c\u00f4t\u00e9 se trouvera chaque page de votre livre photo dans l&rsquo;interface de cr\u00e9ation. Lorsque vous cliquez sur \u00ab\u00a0Je cr\u00e9e mon livre\u00a0\u00bb, l&rsquo;interface de cr\u00e9ation de celui-ci appara\u00eet. Il vous est alors possible de rep\u00e9rer la page de couverture et les autres pages de votre album photo : La premi\u00e8re page&hellip;<\/p>\n","protected":false},"author":6,"featured_media":3760,"comment_status":"closed","ping_status":"open","sticky":false,"template":"single-standard.php","format":"standard","meta":{"footnotes":""},"categories":[91],"tags":[],"class_list":["post-2541","post","type-post","status-publish","format-standard","has-post-thumbnail","hentry","category-aide"],"yoast_head":"<!-- This site is optimized with the Yoast SEO plugin v20.3 - https:\/\/yoast.com\/wordpress\/plugins\/seo\/ -->\n<title>Comment conna\u00eetre l&#039;ordre des pages de mon livre photo ?<\/title>\n<meta name=\"description\" content=\"Vous souhaitez cr\u00e9er un livre photo personnalis\u00e9 unique ? Informez vous sur toutes les caract\u00e9ristiques possibles et d\u00e9butez votre cr\u00e9ation !\" \/>\n<meta name=\"robots\" content=\"index, follow, max-snippet:-1, max-image-preview:large, max-video-preview:-1\" \/>\n<link rel=\"canonical\" href=\"https:\/\/www.photoweb.fr\/espaces\/magazine\/ordre-des-pages-livre-photo\/\" \/>\n<meta property=\"og:locale\" content=\"fr_FR\" \/>\n<meta property=\"og:type\" content=\"article\" \/>\n<meta property=\"og:title\" content=\"Comment conna\u00eetre l&#039;ordre des pages de mon livre photo ?\" \/>\n<meta property=\"og:description\" content=\"Vous souhaitez cr\u00e9er un livre photo personnalis\u00e9 unique ? Informez vous sur toutes les caract\u00e9ristiques possibles et d\u00e9butez votre cr\u00e9ation !\" \/>\n<meta property=\"og:url\" content=\"https:\/\/www.photoweb.fr\/espaces\/magazine\/ordre-des-pages-livre-photo\/\" \/>\n<meta property=\"og:site_name\" content=\"Photoweb, le mag\" \/>\n<meta property=\"article:publisher\" content=\"https:\/\/fr-fr.facebook.com\/Photoweb.fr\/\" \/>\n<meta property=\"article:published_time\" content=\"2017-05-14T13:40:54+00:00\" \/>\n<meta property=\"article:modified_time\" content=\"2024-08-06T13:07:57+00:00\" \/>\n<meta property=\"og:image\" content=\"https:\/\/www.photoweb.fr\/espaces\/magazine\/wp-content\/uploads\/2017\/12\/page-livre-photo.jpg\" \/>\n\t<meta property=\"og:image:width\" content=\"800\" \/>\n\t<meta property=\"og:image:height\" content=\"600\" \/>\n\t<meta property=\"og:image:type\" content=\"image\/jpeg\" \/>\n<meta name=\"author\" content=\"Maud\" \/>\n<meta name=\"twitter:card\" content=\"summary_large_image\" \/>\n<meta name=\"twitter:creator\" content=\"@Photoweb_fr\" \/>\n<meta name=\"twitter:site\" content=\"@Photoweb_fr\" \/>\n<meta name=\"twitter:label1\" content=\"\u00c9crit par\" \/>\n\t<meta name=\"twitter:data1\" content=\"Maud\" \/>\n\t<meta name=\"twitter:label2\" content=\"Dur\u00e9e de lecture estim\u00e9e\" \/>\n\t<meta name=\"twitter:data2\" content=\"1 minute\" \/>\n<script type=\"application\/ld+json\" class=\"yoast-schema-graph\">{\"@context\":\"https:\/\/schema.org\",\"@graph\":[{\"@type\":\"Article\",\"@id\":\"https:\/\/www.photoweb.fr\/espaces\/magazine\/ordre-des-pages-livre-photo\/#article\",\"isPartOf\":{\"@id\":\"https:\/\/www.photoweb.fr\/espaces\/magazine\/ordre-des-pages-livre-photo\/\"},\"author\":{\"name\":\"Maud\",\"@id\":\"https:\/\/www.photoweb.fr\/espaces\/magazine\/#\/schema\/person\/f354e6bd2302e567e1329fa54e90ff15\"},\"headline\":\"Comment conna\u00eetre l&rsquo;ordre des pages de mon livre photo ?\",\"datePublished\":\"2017-05-14T13:40:54+00:00\",\"dateModified\":\"2024-08-06T13:07:57+00:00\",\"mainEntityOfPage\":{\"@id\":\"https:\/\/www.photoweb.fr\/espaces\/magazine\/ordre-des-pages-livre-photo\/\"},\"wordCount\":147,\"publisher\":{\"@id\":\"https:\/\/www.photoweb.fr\/espaces\/magazine\/#organization\"},\"articleSection\":[\"Aide\"],\"inLanguage\":\"fr-FR\"},{\"@type\":\"WebPage\",\"@id\":\"https:\/\/www.photoweb.fr\/espaces\/magazine\/ordre-des-pages-livre-photo\/\",\"url\":\"https:\/\/www.photoweb.fr\/espaces\/magazine\/ordre-des-pages-livre-photo\/\",\"name\":\"Comment conna\u00eetre l'ordre des pages de mon livre photo ?\",\"isPartOf\":{\"@id\":\"https:\/\/www.photoweb.fr\/espaces\/magazine\/#website\"},\"datePublished\":\"2017-05-14T13:40:54+00:00\",\"dateModified\":\"2024-08-06T13:07:57+00:00\",\"description\":\"Vous souhaitez cr\u00e9er un livre photo personnalis\u00e9 unique ? Informez vous sur toutes les caract\u00e9ristiques possibles et d\u00e9butez votre cr\u00e9ation !\",\"breadcrumb\":{\"@id\":\"https:\/\/www.photoweb.fr\/espaces\/magazine\/ordre-des-pages-livre-photo\/#breadcrumb\"},\"inLanguage\":\"fr-FR\",\"potentialAction\":[{\"@type\":\"ReadAction\",\"target\":[\"https:\/\/www.photoweb.fr\/espaces\/magazine\/ordre-des-pages-livre-photo\/\"]}]},{\"@type\":\"BreadcrumbList\",\"@id\":\"https:\/\/www.photoweb.fr\/espaces\/magazine\/ordre-des-pages-livre-photo\/#breadcrumb\",\"itemListElement\":[{\"@type\":\"ListItem\",\"position\":1,\"name\":\"Accueil\",\"item\":\"https:\/\/www.photoweb.fr\/espaces\/magazine\/\"},{\"@type\":\"ListItem\",\"position\":2,\"name\":\"Aide\",\"item\":\"https:\/\/www.photoweb.fr\/espaces\/magazine\/aide\/\"},{\"@type\":\"ListItem\",\"position\":3,\"name\":\"Comment conna\u00eetre l&rsquo;ordre des pages de mon livre photo ?\"}]},{\"@type\":\"WebSite\",\"@id\":\"https:\/\/www.photoweb.fr\/espaces\/magazine\/#website\",\"url\":\"https:\/\/www.photoweb.fr\/espaces\/magazine\/\",\"name\":\"Photoweb, le mag\",\"description\":\"Le magazine de Photoweb\",\"publisher\":{\"@id\":\"https:\/\/www.photoweb.fr\/espaces\/magazine\/#organization\"},\"potentialAction\":[{\"@type\":\"SearchAction\",\"target\":{\"@type\":\"EntryPoint\",\"urlTemplate\":\"https:\/\/www.photoweb.fr\/espaces\/magazine\/?s={search_term_string}\"},\"query-input\":\"required name=search_term_string\"}],\"inLanguage\":\"fr-FR\"},{\"@type\":\"Organization\",\"@id\":\"https:\/\/www.photoweb.fr\/espaces\/magazine\/#organization\",\"name\":\"Photoweb\",\"url\":\"https:\/\/www.photoweb.fr\/espaces\/magazine\/\",\"logo\":{\"@type\":\"ImageObject\",\"inLanguage\":\"fr-FR\",\"@id\":\"https:\/\/www.photoweb.fr\/espaces\/magazine\/#\/schema\/logo\/image\/\",\"url\":\"https:\/\/www.photoweb.fr\/espaces\/magazine\/wp-content\/uploads\/2021\/02\/Logo-Photoweb.jpg\",\"contentUrl\":\"https:\/\/www.photoweb.fr\/espaces\/magazine\/wp-content\/uploads\/2021\/02\/Logo-Photoweb.jpg\",\"width\":780,\"height\":456,\"caption\":\"Photoweb\"},\"image\":{\"@id\":\"https:\/\/www.photoweb.fr\/espaces\/magazine\/#\/schema\/logo\/image\/\"},\"sameAs\":[\"https:\/\/fr-fr.facebook.com\/Photoweb.fr\/\",\"https:\/\/twitter.com\/Photoweb_fr\",\"https:\/\/www.instagram.com\/photowebfr\/\",\"https:\/\/www.linkedin.com\/company\/347094\/\",\"https:\/\/www.pinterest.fr\/inspirationsphotoweb\/_created\/\",\"https:\/\/www.youtube.com\/channel\/UCtcVmTvkAzKQLVkiwfOm8sg\"]},{\"@type\":\"Person\",\"@id\":\"https:\/\/www.photoweb.fr\/espaces\/magazine\/#\/schema\/person\/f354e6bd2302e567e1329fa54e90ff15\",\"name\":\"Maud\"}]}<\/script>\n<!-- \/ Yoast SEO plugin. -->","yoast_head_json":{"title":"Comment conna\u00eetre l'ordre des pages de mon livre photo ?","description":"Vous souhaitez cr\u00e9er un livre photo personnalis\u00e9 unique ? Informez vous sur toutes les caract\u00e9ristiques possibles et d\u00e9butez votre cr\u00e9ation !","robots":{"index":"index","follow":"follow","max-snippet":"max-snippet:-1","max-image-preview":"max-image-preview:large","max-video-preview":"max-video-preview:-1"},"canonical":"https:\/\/www.photoweb.fr\/espaces\/magazine\/ordre-des-pages-livre-photo\/","og_locale":"fr_FR","og_type":"article","og_title":"Comment conna\u00eetre l'ordre des pages de mon livre photo ?","og_description":"Vous souhaitez cr\u00e9er un livre photo personnalis\u00e9 unique ? Informez vous sur toutes les caract\u00e9ristiques possibles et d\u00e9butez votre cr\u00e9ation !","og_url":"https:\/\/www.photoweb.fr\/espaces\/magazine\/ordre-des-pages-livre-photo\/","og_site_name":"Photoweb, le mag","article_publisher":"https:\/\/fr-fr.facebook.com\/Photoweb.fr\/","article_published_time":"2017-05-14T13:40:54+00:00","article_modified_time":"2024-08-06T13:07:57+00:00","og_image":[{"width":800,"height":600,"url":"https:\/\/www.photoweb.fr\/espaces\/magazine\/wp-content\/uploads\/2017\/12\/page-livre-photo.jpg","type":"image\/jpeg"}],"author":"Maud","twitter_card":"summary_large_image","twitter_creator":"@Photoweb_fr","twitter_site":"@Photoweb_fr","twitter_misc":{"\u00c9crit par":"Maud","Dur\u00e9e de lecture estim\u00e9e":"1 minute"},"schema":{"@context":"https:\/\/schema.org","@graph":[{"@type":"Article","@id":"https:\/\/www.photoweb.fr\/espaces\/magazine\/ordre-des-pages-livre-photo\/#article","isPartOf":{"@id":"https:\/\/www.photoweb.fr\/espaces\/magazine\/ordre-des-pages-livre-photo\/"},"author":{"name":"Maud","@id":"https:\/\/www.photoweb.fr\/espaces\/magazine\/#\/schema\/person\/f354e6bd2302e567e1329fa54e90ff15"},"headline":"Comment conna\u00eetre l&rsquo;ordre des pages de mon livre photo ?","datePublished":"2017-05-14T13:40:54+00:00","dateModified":"2024-08-06T13:07:57+00:00","mainEntityOfPage":{"@id":"https:\/\/www.photoweb.fr\/espaces\/magazine\/ordre-des-pages-livre-photo\/"},"wordCount":147,"publisher":{"@id":"https:\/\/www.photoweb.fr\/espaces\/magazine\/#organization"},"articleSection":["Aide"],"inLanguage":"fr-FR"},{"@type":"WebPage","@id":"https:\/\/www.photoweb.fr\/espaces\/magazine\/ordre-des-pages-livre-photo\/","url":"https:\/\/www.photoweb.fr\/espaces\/magazine\/ordre-des-pages-livre-photo\/","name":"Comment conna\u00eetre l'ordre des pages de mon livre photo ?","isPartOf":{"@id":"https:\/\/www.photoweb.fr\/espaces\/magazine\/#website"},"datePublished":"2017-05-14T13:40:54+00:00","dateModified":"2024-08-06T13:07:57+00:00","description":"Vous souhaitez cr\u00e9er un livre photo personnalis\u00e9 unique ? Informez vous sur toutes les caract\u00e9ristiques possibles et d\u00e9butez votre cr\u00e9ation !","breadcrumb":{"@id":"https:\/\/www.photoweb.fr\/espaces\/magazine\/ordre-des-pages-livre-photo\/#breadcrumb"},"inLanguage":"fr-FR","potentialAction":[{"@type":"ReadAction","target":["https:\/\/www.photoweb.fr\/espaces\/magazine\/ordre-des-pages-livre-photo\/"]}]},{"@type":"BreadcrumbList","@id":"https:\/\/www.photoweb.fr\/espaces\/magazine\/ordre-des-pages-livre-photo\/#breadcrumb","itemListElement":[{"@type":"ListItem","position":1,"name":"Accueil","item":"https:\/\/www.photoweb.fr\/espaces\/magazine\/"},{"@type":"ListItem","position":2,"name":"Aide","item":"https:\/\/www.photoweb.fr\/espaces\/magazine\/aide\/"},{"@type":"ListItem","position":3,"name":"Comment conna\u00eetre l&rsquo;ordre des pages de mon livre photo ?"}]},{"@type":"WebSite","@id":"https:\/\/www.photoweb.fr\/espaces\/magazine\/#website","url":"https:\/\/www.photoweb.fr\/espaces\/magazine\/","name":"Photoweb, le mag","description":"Le magazine de Photoweb","publisher":{"@id":"https:\/\/www.photoweb.fr\/espaces\/magazine\/#organization"},"potentialAction":[{"@type":"SearchAction","target":{"@type":"EntryPoint","urlTemplate":"https:\/\/www.photoweb.fr\/espaces\/magazine\/?s={search_term_string}"},"query-input":"required name=search_term_string"}],"inLanguage":"fr-FR"},{"@type":"Organization","@id":"https:\/\/www.photoweb.fr\/espaces\/magazine\/#organization","name":"Photoweb","url":"https:\/\/www.photoweb.fr\/espaces\/magazine\/","logo":{"@type":"ImageObject","inLanguage":"fr-FR","@id":"https:\/\/www.photoweb.fr\/espaces\/magazine\/#\/schema\/logo\/image\/","url":"https:\/\/www.photoweb.fr\/espaces\/magazine\/wp-content\/uploads\/2021\/02\/Logo-Photoweb.jpg","contentUrl":"https:\/\/www.photoweb.fr\/espaces\/magazine\/wp-content\/uploads\/2021\/02\/Logo-Photoweb.jpg","width":780,"height":456,"caption":"Photoweb"},"image":{"@id":"https:\/\/www.photoweb.fr\/espaces\/magazine\/#\/schema\/logo\/image\/"},"sameAs":["https:\/\/fr-fr.facebook.com\/Photoweb.fr\/","https:\/\/twitter.com\/Photoweb_fr","https:\/\/www.instagram.com\/photowebfr\/","https:\/\/www.linkedin.com\/company\/347094\/","https:\/\/www.pinterest.fr\/inspirationsphotoweb\/_created\/","https:\/\/www.youtube.com\/channel\/UCtcVmTvkAzKQLVkiwfOm8sg"]},{"@type":"Person","@id":"https:\/\/www.photoweb.fr\/espaces\/magazine\/#\/schema\/person\/f354e6bd2302e567e1329fa54e90ff15","name":"Maud"}]}},"acf":[],"_links":{"self":[{"href":"https:\/\/www.photoweb.fr\/espaces\/magazine\/wp-json\/wp\/v2\/posts\/2541","targetHints":{"allow":["GET"]}}],"collection":[{"href":"https:\/\/www.photoweb.fr\/espaces\/magazine\/wp-json\/wp\/v2\/posts"}],"about":[{"href":"https:\/\/www.photoweb.fr\/espaces\/magazine\/wp-json\/wp\/v2\/types\/post"}],"author":[{"embeddable":true,"href":"https:\/\/www.photoweb.fr\/espaces\/magazine\/wp-json\/wp\/v2\/users\/6"}],"replies":[{"embeddable":true,"href":"https:\/\/www.photoweb.fr\/espaces\/magazine\/wp-json\/wp\/v2\/comments?post=2541"}],"version-history":[{"count":2,"href":"https:\/\/www.photoweb.fr\/espaces\/magazine\/wp-json\/wp\/v2\/posts\/2541\/revisions"}],"predecessor-version":[{"id":13284,"href":"https:\/\/www.photoweb.fr\/espaces\/magazine\/wp-json\/wp\/v2\/posts\/2541\/revisions\/13284"}],"wp:featuredmedia":[{"embeddable":true,"href":"https:\/\/www.photoweb.fr\/espaces\/magazine\/wp-json\/wp\/v2\/media\/3760"}],"wp:attachment":[{"href":"https:\/\/www.photoweb.fr\/espaces\/magazine\/wp-json\/wp\/v2\/media?parent=2541"}],"wp:term":[{"taxonomy":"category","embeddable":true,"href":"https:\/\/www.photoweb.fr\/espaces\/magazine\/wp-json\/wp\/v2\/categories?post=2541"},{"taxonomy":"post_tag","embeddable":true,"href":"https:\/\/www.photoweb.fr\/espaces\/magazine\/wp-json\/wp\/v2\/tags?post=2541"}],"curies":[{"name":"wp","href":"https:\/\/api.w.org\/{rel}","templated":true}]}}