{"id":2677,"date":"2017-11-02T15:00:31","date_gmt":"2017-11-02T15:00:31","guid":{"rendered":"https:\/\/www.photoweb.fr\/espaces\/magazine\/magazine\/?p=2677"},"modified":"2024-04-18T12:11:24","modified_gmt":"2024-04-18T10:11:24","slug":"cadeau-noel-maman-album-photo","status":"publish","type":"post","link":"https:\/\/www.photoweb.fr\/espaces\/magazine\/cadeau-noel-maman-album-photo\/","title":{"rendered":"Cadeau Noel Maman : g\u00e2tez-l\u00e0 avec un album photo personnalis\u00e9"},"content":{"rendered":"\n\n\t<p>No\u00ebl arrivant \u00e0 grands pas, il est donc temps de penser \u00e0 pr\u00e9parer les <a href=\"https:\/\/www.photoweb.fr\/promotion\/cadeau-photo-noel.asp\">cadeaux de No\u00ebl<\/a>. Si vous lisez ceci, vous \u00eates s\u00fbrement \u00e0 la recherche d&rsquo;un <strong>cadeau \u00e0 offrir \u00e0 votre Maman<\/strong>. Elle aussi a le droit \u00e0 sa petite intention de fin d&rsquo;ann\u00e9e, n&rsquo;est-ce pas ? Nous vous sugg\u00e9rons l<a href=\"https:\/\/www.photoweb.fr\/livre-photo\/ruban\/listing\">&lsquo;album photo personnalis\u00e9<\/a>, <a href=\"https:\/\/www.photoweb.fr\/promotion\/cadeau-personnalise.asp\">un cadeau personnalis\u00e9<\/a> et original qui lui fera plaisir ! A vos souris et claviers !<\/p>\n\t<h2><strong>Pourquoi offrir un livre photo pour le cadeau de No\u00ebl de Maman ?<\/strong><\/h2>\n<p>Sans parler du caract\u00e8re original de ce <a href=\"https:\/\/www.photoweb.fr\/promotion\/cadeau-photo-noel.asp\">cadeau de No\u00ebl<\/a>, vous allez cr\u00e9er \u00e0 coup s\u00fbr un bel effet de surprise, saupoudr\u00e9 d&rsquo;\u00e9motions uniques&#8230;<\/p>\n<p>En effet, gr\u00e2ce \u00e0 cette intention 100% personnalis\u00e9e, vous allez pouvoir lui offrir plus qu&rsquo;un simple cadeau. Vous lui offrirez une partie de votre histoire. Elle en oubliera sa liste d&rsquo;envies avec cette id\u00e9e cadeau.<\/p>\n<p>De plus, les plus chouettes clich\u00e9s, en souvenir du pass\u00e9, ne doivent pas \u00eatre oubli\u00e9s. Donnez-leur une seconde vie gr\u00e2ce \u00e0 l&rsquo;<a href=\"https:\/\/www.photoweb.fr\/livre-photo\/listing\">album photo<\/a> ! Votre m\u00e8re pourra les consulter \u00e0 tout moment, seule ou en famille, pour se rem\u00e9morer les \u00e9v\u00e9nements heureux.<\/p>\n<h2><strong>Regroupez les plus belles photos pour le cadeau de No\u00ebl de votre maman<\/strong><\/h2>\n<p>Si le prochain cadeau de No\u00ebl de Maman est un album photo personnalis\u00e9, songez alors \u00e0 recenser les meilleurs instants pass\u00e9s en famille, jusqu&rsquo;\u00e0 maintenant. Vous ne devriez pas avoir de grosses difficult\u00e9s \u00e0 trouver de beaux clich\u00e9s parmi : les f\u00eates de fin d&rsquo;ann\u00e9e, les repas de famille, les anniversaires, mariages, naissances&#8230; Ou tout simplement les moments simples du quotidien.<\/p>\n<p>Il existe de nombreuses occasions pour lesquelles vous avez pu passer du temps avec votre m\u00e8re. Faites-les revivre au moyen du livre photo, pour que ces instants soient \u00e0 jamais grav\u00e9s.<\/p>\n<h2><strong>Cr\u00e9ez le cadeau de No\u00ebl de Maman directement en ligne<\/strong><\/h2>\n<p>Gr\u00e2ce \u00e0 notre logiciel de cr\u00e9ation, cr\u00e9ez le cadeau de No\u00ebl de Maman en un clin d&rsquo;\u0153il.<\/p>\n<p>Si vous \u00eates cr\u00e9atif et inspir\u00e9, laissez parler votre inventivit\u00e9 et personnalisez de A \u00e0 Z votre album photo : choix du support (format, taille, type de couverture, type de papier photo, etc.), du th\u00e8me, des couleurs, de l&#8217;emplacement des photos, etc. Une infinit\u00e9 de combinaisons vous permettra de cr\u00e9er le cadeau de No\u00ebl \u00e0 l&rsquo;image de votre Maman.<\/p>\n<p>Si vous n&rsquo;\u00eates pas d&rsquo;humeur cr\u00e9ative, laissez-vous simplement guider par les nombreuses th\u00e9matiques propos\u00e9es. Remplissez les espaces de vos plus chouettes clich\u00e9s, ajoutez du texte et le tour est jou\u00e9 ! C&rsquo;est simple, rapide et intuitif !<\/p>\n\n","protected":false},"excerpt":{"rendered":"<p>Vous recherchez un cadeau de No\u00ebl pour votre Maman, car vous ne savez pas quoi lui offrir cette ann\u00e9e. Si l&rsquo;id\u00e9e d&rsquo;un album photo personnalis\u00e9 ne vous est pas encore venue, vous allez peut-\u00eatre faire une d\u00e9couverte int\u00e9ressante dans cet article. Votre m\u00e8re vous a probablement fait part de sa liste d\u2019envies. Autant vous dire qu\u2019avec le livre photo personnalis\u00e9, elle va vite oublier les id\u00e9es cadeaux qu\u2019elle vous a communiqu\u00e9\u2026 En effet, quoi de mieux que d\u2019offrir un cadeau 100% unique, que vous avez-vous-m\u00eame confectionn\u00e9 ? N\u2019est-ce pas une belle intention ? En plus, l\u2019album photo retrace les plus beaux moments pass\u00e9s ensemble : en famille, entre amis ou coll\u00e8gues\u2026 Il s\u2019agit d\u2019une id\u00e9e cadeaux originale et surprenante ; elle ne s\u2019y attendra pas soyez-en certain. D\u00e9ployez d\u00e8s aujourd\u2019hui votre imagination, cr\u00e9ativit\u00e9 et inventivit\u00e9 pour cr\u00e9er un joli livre \u00e0 son image. D\u00e9couvrez les nombreuses fonctionnalit\u00e9s de notre logiciel de cr\u00e9ation : ajout d\u2019illustrations, de textes, diff\u00e9rents sc\u00e9narios de pr\u00e9sentation des photos, etc.<\/p>\n","protected":false},"author":21,"featured_media":2678,"comment_status":"open","ping_status":"open","sticky":false,"template":"single-standard.php","format":"standard","meta":{"footnotes":""},"categories":[31],"tags":[52],"class_list":["post-2677","post","type-post","status-publish","format-standard","has-post-thumbnail","hentry","category-instants-de-vie","tag-cadeau-photo"],"yoast_head":"<!-- This site is optimized with the Yoast SEO plugin v20.3 - https:\/\/yoast.com\/wordpress\/plugins\/seo\/ -->\n<title>Cadeau Noel Maman : g\u00e2tez-l\u00e0 avec un album photo personnalis\u00e9<\/title>\n<meta name=\"description\" content=\"Cadeau Noel Maman : que pensez-vous du livre photo personnalis\u00e9, ce moyen sympa de retracer les souvenirs des moments pass\u00e9s ensemble ?\" \/>\n<meta name=\"robots\" content=\"index, follow, max-snippet:-1, max-image-preview:large, max-video-preview:-1\" \/>\n<link rel=\"canonical\" href=\"https:\/\/www.photoweb.fr\/espaces\/magazine\/cadeau-noel-maman-album-photo\/\" \/>\n<meta property=\"og:locale\" content=\"fr_FR\" \/>\n<meta property=\"og:type\" content=\"article\" \/>\n<meta property=\"og:title\" content=\"Cadeau Noel Maman : g\u00e2tez-l\u00e0 avec un album photo personnalis\u00e9\" \/>\n<meta property=\"og:description\" content=\"Cadeau Noel Maman : que pensez-vous du livre photo personnalis\u00e9, ce moyen sympa de retracer les souvenirs des moments pass\u00e9s ensemble ?\" \/>\n<meta property=\"og:url\" content=\"https:\/\/www.photoweb.fr\/espaces\/magazine\/cadeau-noel-maman-album-photo\/\" \/>\n<meta property=\"og:site_name\" content=\"Photoweb, le mag\" \/>\n<meta property=\"article:publisher\" content=\"https:\/\/fr-fr.facebook.com\/Photoweb.fr\/\" \/>\n<meta property=\"article:published_time\" content=\"2017-11-02T15:00:31+00:00\" \/>\n<meta property=\"article:modified_time\" content=\"2024-04-18T10:11:24+00:00\" \/>\n<meta property=\"og:image\" content=\"https:\/\/www.photoweb.fr\/espaces\/magazine\/wp-content\/uploads\/2017\/11\/cadeau-noel-maman.jpg\" \/>\n\t<meta property=\"og:image:width\" content=\"1280\" \/>\n\t<meta property=\"og:image:height\" content=\"960\" \/>\n\t<meta property=\"og:image:type\" content=\"image\/jpeg\" \/>\n<meta name=\"author\" content=\"melanie\" \/>\n<meta name=\"twitter:card\" content=\"summary_large_image\" \/>\n<meta name=\"twitter:creator\" content=\"@Photoweb_fr\" \/>\n<meta name=\"twitter:site\" content=\"@Photoweb_fr\" \/>\n<meta name=\"twitter:label1\" content=\"\u00c9crit par\" \/>\n\t<meta name=\"twitter:data1\" content=\"melanie\" \/>\n\t<meta name=\"twitter:label2\" content=\"Dur\u00e9e de lecture estim\u00e9e\" \/>\n\t<meta name=\"twitter:data2\" content=\"2 minutes\" \/>\n<script type=\"application\/ld+json\" class=\"yoast-schema-graph\">{\"@context\":\"https:\/\/schema.org\",\"@graph\":[{\"@type\":\"Article\",\"@id\":\"https:\/\/www.photoweb.fr\/espaces\/magazine\/cadeau-noel-maman-album-photo\/#article\",\"isPartOf\":{\"@id\":\"https:\/\/www.photoweb.fr\/espaces\/magazine\/cadeau-noel-maman-album-photo\/\"},\"author\":{\"name\":\"melanie\",\"@id\":\"https:\/\/www.photoweb.fr\/espaces\/magazine\/#\/schema\/person\/111451a615bb7cbe790bf8b1d6b24391\"},\"headline\":\"Cadeau Noel Maman : g\u00e2tez-l\u00e0 avec un album photo personnalis\u00e9\",\"datePublished\":\"2017-11-02T15:00:31+00:00\",\"dateModified\":\"2024-04-18T10:11:24+00:00\",\"mainEntityOfPage\":{\"@id\":\"https:\/\/www.photoweb.fr\/espaces\/magazine\/cadeau-noel-maman-album-photo\/\"},\"wordCount\":443,\"commentCount\":2,\"publisher\":{\"@id\":\"https:\/\/www.photoweb.fr\/espaces\/magazine\/#organization\"},\"keywords\":[\"cadeau photo\"],\"articleSection\":[\"Instants de vie\"],\"inLanguage\":\"fr-FR\",\"potentialAction\":[{\"@type\":\"CommentAction\",\"name\":\"Comment\",\"target\":[\"https:\/\/www.photoweb.fr\/espaces\/magazine\/cadeau-noel-maman-album-photo\/#respond\"]}]},{\"@type\":\"WebPage\",\"@id\":\"https:\/\/www.photoweb.fr\/espaces\/magazine\/cadeau-noel-maman-album-photo\/\",\"url\":\"https:\/\/www.photoweb.fr\/espaces\/magazine\/cadeau-noel-maman-album-photo\/\",\"name\":\"Cadeau Noel Maman : g\u00e2tez-l\u00e0 avec un album photo personnalis\u00e9\",\"isPartOf\":{\"@id\":\"https:\/\/www.photoweb.fr\/espaces\/magazine\/#website\"},\"datePublished\":\"2017-11-02T15:00:31+00:00\",\"dateModified\":\"2024-04-18T10:11:24+00:00\",\"description\":\"Cadeau Noel Maman : que pensez-vous du livre photo personnalis\u00e9, ce moyen sympa de retracer les souvenirs des moments pass\u00e9s ensemble ?\",\"breadcrumb\":{\"@id\":\"https:\/\/www.photoweb.fr\/espaces\/magazine\/cadeau-noel-maman-album-photo\/#breadcrumb\"},\"inLanguage\":\"fr-FR\",\"potentialAction\":[{\"@type\":\"ReadAction\",\"target\":[\"https:\/\/www.photoweb.fr\/espaces\/magazine\/cadeau-noel-maman-album-photo\/\"]}]},{\"@type\":\"BreadcrumbList\",\"@id\":\"https:\/\/www.photoweb.fr\/espaces\/magazine\/cadeau-noel-maman-album-photo\/#breadcrumb\",\"itemListElement\":[{\"@type\":\"ListItem\",\"position\":1,\"name\":\"Accueil\",\"item\":\"https:\/\/www.photoweb.fr\/espaces\/magazine\/\"},{\"@type\":\"ListItem\",\"position\":2,\"name\":\"Instants de vie\",\"item\":\"https:\/\/www.photoweb.fr\/espaces\/magazine\/instants-de-vie\/\"},{\"@type\":\"ListItem\",\"position\":3,\"name\":\"Cadeau Noel Maman : g\u00e2tez-l\u00e0 avec un album photo personnalis\u00e9\"}]},{\"@type\":\"WebSite\",\"@id\":\"https:\/\/www.photoweb.fr\/espaces\/magazine\/#website\",\"url\":\"https:\/\/www.photoweb.fr\/espaces\/magazine\/\",\"name\":\"Photoweb, le mag\",\"description\":\"Le magazine de Photoweb\",\"publisher\":{\"@id\":\"https:\/\/www.photoweb.fr\/espaces\/magazine\/#organization\"},\"potentialAction\":[{\"@type\":\"SearchAction\",\"target\":{\"@type\":\"EntryPoint\",\"urlTemplate\":\"https:\/\/www.photoweb.fr\/espaces\/magazine\/?s={search_term_string}\"},\"query-input\":\"required name=search_term_string\"}],\"inLanguage\":\"fr-FR\"},{\"@type\":\"Organization\",\"@id\":\"https:\/\/www.photoweb.fr\/espaces\/magazine\/#organization\",\"name\":\"Photoweb\",\"url\":\"https:\/\/www.photoweb.fr\/espaces\/magazine\/\",\"logo\":{\"@type\":\"ImageObject\",\"inLanguage\":\"fr-FR\",\"@id\":\"https:\/\/www.photoweb.fr\/espaces\/magazine\/#\/schema\/logo\/image\/\",\"url\":\"https:\/\/www.photoweb.fr\/espaces\/magazine\/wp-content\/uploads\/2021\/02\/Logo-Photoweb.jpg\",\"contentUrl\":\"https:\/\/www.photoweb.fr\/espaces\/magazine\/wp-content\/uploads\/2021\/02\/Logo-Photoweb.jpg\",\"width\":780,\"height\":456,\"caption\":\"Photoweb\"},\"image\":{\"@id\":\"https:\/\/www.photoweb.fr\/espaces\/magazine\/#\/schema\/logo\/image\/\"},\"sameAs\":[\"https:\/\/fr-fr.facebook.com\/Photoweb.fr\/\",\"https:\/\/twitter.com\/Photoweb_fr\",\"https:\/\/www.instagram.com\/photowebfr\/\",\"https:\/\/www.linkedin.com\/company\/347094\/\",\"https:\/\/www.pinterest.fr\/inspirationsphotoweb\/_created\/\",\"https:\/\/www.youtube.com\/channel\/UCtcVmTvkAzKQLVkiwfOm8sg\"]},{\"@type\":\"Person\",\"@id\":\"https:\/\/www.photoweb.fr\/espaces\/magazine\/#\/schema\/person\/111451a615bb7cbe790bf8b1d6b24391\",\"name\":\"melanie\"}]}<\/script>\n<!-- \/ Yoast SEO plugin. -->","yoast_head_json":{"title":"Cadeau Noel Maman : g\u00e2tez-l\u00e0 avec un album photo personnalis\u00e9","description":"Cadeau Noel Maman : que pensez-vous du livre photo personnalis\u00e9, ce moyen sympa de retracer les souvenirs des moments pass\u00e9s ensemble ?","robots":{"index":"index","follow":"follow","max-snippet":"max-snippet:-1","max-image-preview":"max-image-preview:large","max-video-preview":"max-video-preview:-1"},"canonical":"https:\/\/www.photoweb.fr\/espaces\/magazine\/cadeau-noel-maman-album-photo\/","og_locale":"fr_FR","og_type":"article","og_title":"Cadeau Noel Maman : g\u00e2tez-l\u00e0 avec un album photo personnalis\u00e9","og_description":"Cadeau Noel Maman : que pensez-vous du livre photo personnalis\u00e9, ce moyen sympa de retracer les souvenirs des moments pass\u00e9s ensemble ?","og_url":"https:\/\/www.photoweb.fr\/espaces\/magazine\/cadeau-noel-maman-album-photo\/","og_site_name":"Photoweb, le mag","article_publisher":"https:\/\/fr-fr.facebook.com\/Photoweb.fr\/","article_published_time":"2017-11-02T15:00:31+00:00","article_modified_time":"2024-04-18T10:11:24+00:00","og_image":[{"width":1280,"height":960,"url":"https:\/\/www.photoweb.fr\/espaces\/magazine\/wp-content\/uploads\/2017\/11\/cadeau-noel-maman.jpg","type":"image\/jpeg"}],"author":"melanie","twitter_card":"summary_large_image","twitter_creator":"@Photoweb_fr","twitter_site":"@Photoweb_fr","twitter_misc":{"\u00c9crit par":"melanie","Dur\u00e9e de lecture estim\u00e9e":"2 minutes"},"schema":{"@context":"https:\/\/schema.org","@graph":[{"@type":"Article","@id":"https:\/\/www.photoweb.fr\/espaces\/magazine\/cadeau-noel-maman-album-photo\/#article","isPartOf":{"@id":"https:\/\/www.photoweb.fr\/espaces\/magazine\/cadeau-noel-maman-album-photo\/"},"author":{"name":"melanie","@id":"https:\/\/www.photoweb.fr\/espaces\/magazine\/#\/schema\/person\/111451a615bb7cbe790bf8b1d6b24391"},"headline":"Cadeau Noel Maman : g\u00e2tez-l\u00e0 avec un album photo personnalis\u00e9","datePublished":"2017-11-02T15:00:31+00:00","dateModified":"2024-04-18T10:11:24+00:00","mainEntityOfPage":{"@id":"https:\/\/www.photoweb.fr\/espaces\/magazine\/cadeau-noel-maman-album-photo\/"},"wordCount":443,"commentCount":2,"publisher":{"@id":"https:\/\/www.photoweb.fr\/espaces\/magazine\/#organization"},"keywords":["cadeau photo"],"articleSection":["Instants de vie"],"inLanguage":"fr-FR","potentialAction":[{"@type":"CommentAction","name":"Comment","target":["https:\/\/www.photoweb.fr\/espaces\/magazine\/cadeau-noel-maman-album-photo\/#respond"]}]},{"@type":"WebPage","@id":"https:\/\/www.photoweb.fr\/espaces\/magazine\/cadeau-noel-maman-album-photo\/","url":"https:\/\/www.photoweb.fr\/espaces\/magazine\/cadeau-noel-maman-album-photo\/","name":"Cadeau Noel Maman : g\u00e2tez-l\u00e0 avec un album photo personnalis\u00e9","isPartOf":{"@id":"https:\/\/www.photoweb.fr\/espaces\/magazine\/#website"},"datePublished":"2017-11-02T15:00:31+00:00","dateModified":"2024-04-18T10:11:24+00:00","description":"Cadeau Noel Maman : que pensez-vous du livre photo personnalis\u00e9, ce moyen sympa de retracer les souvenirs des moments pass\u00e9s ensemble ?","breadcrumb":{"@id":"https:\/\/www.photoweb.fr\/espaces\/magazine\/cadeau-noel-maman-album-photo\/#breadcrumb"},"inLanguage":"fr-FR","potentialAction":[{"@type":"ReadAction","target":["https:\/\/www.photoweb.fr\/espaces\/magazine\/cadeau-noel-maman-album-photo\/"]}]},{"@type":"BreadcrumbList","@id":"https:\/\/www.photoweb.fr\/espaces\/magazine\/cadeau-noel-maman-album-photo\/#breadcrumb","itemListElement":[{"@type":"ListItem","position":1,"name":"Accueil","item":"https:\/\/www.photoweb.fr\/espaces\/magazine\/"},{"@type":"ListItem","position":2,"name":"Instants de vie","item":"https:\/\/www.photoweb.fr\/espaces\/magazine\/instants-de-vie\/"},{"@type":"ListItem","position":3,"name":"Cadeau Noel Maman : g\u00e2tez-l\u00e0 avec un album photo personnalis\u00e9"}]},{"@type":"WebSite","@id":"https:\/\/www.photoweb.fr\/espaces\/magazine\/#website","url":"https:\/\/www.photoweb.fr\/espaces\/magazine\/","name":"Photoweb, le mag","description":"Le magazine de Photoweb","publisher":{"@id":"https:\/\/www.photoweb.fr\/espaces\/magazine\/#organization"},"potentialAction":[{"@type":"SearchAction","target":{"@type":"EntryPoint","urlTemplate":"https:\/\/www.photoweb.fr\/espaces\/magazine\/?s={search_term_string}"},"query-input":"required name=search_term_string"}],"inLanguage":"fr-FR"},{"@type":"Organization","@id":"https:\/\/www.photoweb.fr\/espaces\/magazine\/#organization","name":"Photoweb","url":"https:\/\/www.photoweb.fr\/espaces\/magazine\/","logo":{"@type":"ImageObject","inLanguage":"fr-FR","@id":"https:\/\/www.photoweb.fr\/espaces\/magazine\/#\/schema\/logo\/image\/","url":"https:\/\/www.photoweb.fr\/espaces\/magazine\/wp-content\/uploads\/2021\/02\/Logo-Photoweb.jpg","contentUrl":"https:\/\/www.photoweb.fr\/espaces\/magazine\/wp-content\/uploads\/2021\/02\/Logo-Photoweb.jpg","width":780,"height":456,"caption":"Photoweb"},"image":{"@id":"https:\/\/www.photoweb.fr\/espaces\/magazine\/#\/schema\/logo\/image\/"},"sameAs":["https:\/\/fr-fr.facebook.com\/Photoweb.fr\/","https:\/\/twitter.com\/Photoweb_fr","https:\/\/www.instagram.com\/photowebfr\/","https:\/\/www.linkedin.com\/company\/347094\/","https:\/\/www.pinterest.fr\/inspirationsphotoweb\/_created\/","https:\/\/www.youtube.com\/channel\/UCtcVmTvkAzKQLVkiwfOm8sg"]},{"@type":"Person","@id":"https:\/\/www.photoweb.fr\/espaces\/magazine\/#\/schema\/person\/111451a615bb7cbe790bf8b1d6b24391","name":"melanie"}]}},"acf":[],"_links":{"self":[{"href":"https:\/\/www.photoweb.fr\/espaces\/magazine\/wp-json\/wp\/v2\/posts\/2677","targetHints":{"allow":["GET"]}}],"collection":[{"href":"https:\/\/www.photoweb.fr\/espaces\/magazine\/wp-json\/wp\/v2\/posts"}],"about":[{"href":"https:\/\/www.photoweb.fr\/espaces\/magazine\/wp-json\/wp\/v2\/types\/post"}],"author":[{"embeddable":true,"href":"https:\/\/www.photoweb.fr\/espaces\/magazine\/wp-json\/wp\/v2\/users\/21"}],"replies":[{"embeddable":true,"href":"https:\/\/www.photoweb.fr\/espaces\/magazine\/wp-json\/wp\/v2\/comments?post=2677"}],"version-history":[{"count":6,"href":"https:\/\/www.photoweb.fr\/espaces\/magazine\/wp-json\/wp\/v2\/posts\/2677\/revisions"}],"predecessor-version":[{"id":12883,"href":"https:\/\/www.photoweb.fr\/espaces\/magazine\/wp-json\/wp\/v2\/posts\/2677\/revisions\/12883"}],"wp:featuredmedia":[{"embeddable":true,"href":"https:\/\/www.photoweb.fr\/espaces\/magazine\/wp-json\/wp\/v2\/media\/2678"}],"wp:attachment":[{"href":"https:\/\/www.photoweb.fr\/espaces\/magazine\/wp-json\/wp\/v2\/media?parent=2677"}],"wp:term":[{"taxonomy":"category","embeddable":true,"href":"https:\/\/www.photoweb.fr\/espaces\/magazine\/wp-json\/wp\/v2\/categories?post=2677"},{"taxonomy":"post_tag","embeddable":true,"href":"https:\/\/www.photoweb.fr\/espaces\/magazine\/wp-json\/wp\/v2\/tags?post=2677"}],"curies":[{"name":"wp","href":"https:\/\/api.w.org\/{rel}","templated":true}]}}