{"id":27,"date":"2017-06-21T22:17:46","date_gmt":"2017-06-21T22:17:46","guid":{"rendered":"http:\/\/dev-cms-01.photoweb.pri\/espaces\/magazine\/?p=27"},"modified":"2022-10-21T08:28:21","modified_gmt":"2022-10-21T08:28:21","slug":"transformation-de-vos-bocaux-de-verre-cadrephoto","status":"publish","type":"post","link":"https:\/\/www.photoweb.fr\/espaces\/magazine\/transformation-de-vos-bocaux-de-verre-cadrephoto\/","title":{"rendered":"Cr\u00e9ez un cadre photo \u00e0 partir de bocaux en verre, c&rsquo;est possible !"},"content":{"rendered":"\n\n\t<p>Vous aussi vous collectionnez tout un tas de bocaux en verre qui trainent dans le cellier ? On a une id\u00e9e ! S\u00e9lectionnez quelques-unes de vos derni\u00e8res photos pour changer la d\u00e9co dans votre bureau ! Rassemblez vos bocaux de verre, et cr\u00e9ez un cadre photo unique et original !<\/p>\n\t<p>Une <strong>d\u00e9coration 100% r\u00e9cup\u00e9ration<\/strong> dans l&rsquo;air du temps pour vous permettre d&rsquo;apporter un coup de neuf \u00e0 votre int\u00e9rieur avec trois fois rien. Un brin bricolo&rsquo; pour un max de souvenirs photos !<\/p>\n<p>Privil\u00e9giez les pots avec un grand diam\u00e8tre et une hauteur d&rsquo;environ 15 cm pour avoir un maximum d&rsquo;espace pour cr\u00e9er facilement votre cadre photo. Vous pouvez en choisir \u00e9galement des plus petits pour avoir un ensemble de cadre photo harmonieux. (Nous avons h\u00e2te de d\u00e9couvrir le r\u00e9sultat !)<\/p>\n<p>Imprimez vos photos sur <strong>des <a href=\"https:\/\/www.photoweb.fr\/tirage-photo\/classique\" target=\"_blank\" rel=\"noopener\">tirages classiques<\/a><\/strong> et d\u00e9coupez-les au gr\u00e9 de vos envies : en forme de c\u0153ur, carr\u00e9, losange&#8230; Vous avez l&#8217;embarras du choix ! On vous laisse l&rsquo;option d&rsquo;impression en <strong><a href=\"https:\/\/www.photoweb.fr\/produit\/developpement-photo\/tirage-photo-carre.asp\" target=\"_blank\" rel=\"noopener\">tirage Carr\u00e9<\/a><\/strong> ou <strong><a href=\"https:\/\/www.photoweb.fr\/box\/tirage-vintage\" target=\"_blank\" rel=\"noopener\">tirage Vintage<\/a><\/strong> si vous souhaitez mettre en avant vos photos diff\u00e9remment.<\/p>\n\t\t\t\t<img loading=\"lazy\" decoding=\"async\" src=\"https:\/\/www.photoweb.fr\/espaces\/magazine\/wp-content\/uploads\/2017\/06\/cadre-photo-deco-verre.jpg\" alt=\"Cadre photo : d\u00e9co en verre\" itemprop=\"image\" height=\"1440\" width=\"1920\" title=\"Cadre photo : d\u00e9co en verre\" onerror=\"this.style.display='none'\"  \/>\n\t<p>Votre nouveau cadre photo peut s&rsquo;adapter au fil des saisons : du sable pour l&rsquo;\u00e9t\u00e9, de l&rsquo;herbe pour le printemps, des feuilles pour l&rsquo;automne et des plumes pour l&rsquo;hiver&#8230; ou alors au gr\u00e9 des moments qui rythment votre vie : No\u00ebl, P\u00e2ques, week-end entre copains&#8230;<\/p>\n<h2>Conservez vos pr\u00e9cieux souvenirs<\/h2>\n<p>Une fois l&rsquo;impression de vos photos termin\u00e9e, passons \u00e0 la <strong>d\u00e9coration int\u00e9rieure<\/strong> du bocal. Faites un tour dans votre magasin de loisirs cr\u00e9atifs pr\u00e9f\u00e9r\u00e9 pour vous fournir en fil de nylon, de la ficelle, des feuilles de papier color\u00e9 et de la colle. Pensez \u00e0 ramener du sable et des coquillages lors d&rsquo;un s\u00e9jour \u00e0 la mer ! Une excuse de plus pour partir en vacances ?<\/p>\n\t\t\t\t<img loading=\"lazy\" decoding=\"async\" src=\"https:\/\/www.photoweb.fr\/espaces\/magazine\/wp-content\/uploads\/2017\/06\/decoration-photo-verre.jpg\" alt=\"D\u00e9coration avec bocaux en verre\" itemprop=\"image\" height=\"495\" width=\"379\" title=\"D\u00e9coration avec bocaux en verre\" onerror=\"this.style.display='none'\"  \/>\n\t\tSource : http:\/\/www.avecses10ptitsdoigts.com\/article-ils-sont-beaux-mes-bocaux-97318064.html\n\t<p>Commencez par disposer dans le fond de votre bocal ces \u00e9l\u00e9ments, pour r\u00e9aliser <strong>ce DIY<\/strong> cadre photo ! Nous avons choisi le th\u00e8me \u00ab marin \u00bb, un air de voyage qui tombe \u00e0 pic avec l&rsquo;arriv\u00e9e, des vacances d&rsquo;\u00e9t\u00e9 !<\/p>\n<ul>\n<li>Pour l&rsquo;int\u00e9rieur<br \/>\nFaites des bouts en fonction de la hauteur de votre bocal avec le fil de nylon et coller une extr\u00e9mit\u00e9 au couvercle de votre bocal et la seconde \u00e0 l&rsquo;arri\u00e8re de votre papier photo. V\u00e9rifiez que vos photos ne s&rsquo;entrem\u00ealent pas&#8230; Votre d\u00e9coration commence \u00e0 prendre forme !<\/li>\n<\/ul>\n<ul>\n<li>Le couvercle<br \/>\nPrenez l&rsquo;air marin pour vous inspirer : ancre de bateau, poisson, crabe, barque, coquillage&#8230; Place \u00e0 l&rsquo;atelier d\u00e9coupage avec vos feuilles de papier, une activit\u00e9 \u00e0 laquelle vous pouvez faire participer vos enfants ! Un petit trou suffira \u00e0 vos images pour y ins\u00e9rer la ficelle qui sera attach\u00e9e juste au-dessous et tout autour de votre couvercle.<\/li>\n<\/ul>\n<p>Tr\u00e8s facile \u00e0 faire, en quelques minutes seulement vous aurez votre <strong>nouveau cadre photo d\u00e9co<\/strong> ! Avec son esprit d\u00e9cal\u00e9 et personnalis\u00e9, il sera votre coup de c\u0153ur !<\/p>\n\t1.2.3.\nimprimez&#8239;!\n\t\t\t\t<a href=\"https:\/\/www.photoweb.fr\/tirage-photo\/premium\" target=\"_blank\" rel=\"noopener\" itemprop=\"url\">\n\t\t\t\t<img loading=\"lazy\" decoding=\"async\" src=\"https:\/\/www.photoweb.fr\/espaces\/magazine\/wp-content\/uploads\/2017\/06\/Tirages-classiques-photoweb.jpg\" alt=\"Tirages premium\" itemprop=\"image\" height=\"600\" width=\"600\" title=\"Tirages premium\" onerror=\"this.style.display='none'\"  \/>\n\t\t\t\t<\/a>\n\t<a target=\"_blank\" href=\"https:\/\/www.photoweb.fr\/tirage-photo\/premium\" rel=\"noopener\">\nCr\u00e9er vos tirages premium<\/a>\n\t\t\t\t<a href=\"https:\/\/www.photoweb.fr\/box\/tirage-vintage\" target=\"_blank\" rel=\"noopener\" itemprop=\"url\">\n\t\t\t\t<img loading=\"lazy\" decoding=\"async\" src=\"https:\/\/www.photoweb.fr\/espaces\/magazine\/wp-content\/uploads\/2017\/06\/tirages-vintage-photoweb.jpg\" alt=\"tirage retro\" itemprop=\"image\" height=\"600\" width=\"600\" title=\"tirages-vintage-photoweb\" onerror=\"this.style.display='none'\"  \/>\n\t\t\t\t<\/a>\n\t<a target=\"_blank\" href=\"https:\/\/www.photoweb.fr\/box\/tirage-vintage\" rel=\"noopener\">\nCr\u00e9er vos tirages Vintage<\/a>\n\t\t\t\t<a href=\"https:\/\/www.photoweb.fr\/tirage-photo\/carre\" target=\"_blank\" rel=\"noopener\" itemprop=\"url\">\n\t\t\t\t<img loading=\"lazy\" decoding=\"async\" src=\"https:\/\/www.photoweb.fr\/espaces\/magazine\/wp-content\/uploads\/2017\/06\/tirages-carre-photoweb.jpg\" alt=\"tirages carre photoweb\" itemprop=\"image\" height=\"600\" width=\"600\" title=\"tirages carre photoweb\" onerror=\"this.style.display='none'\"  \/>\n\t\t\t\t<\/a>\n\t<a target=\"_blank\" href=\"https:\/\/www.photoweb.fr\/tirage-photo\/carre\" rel=\"noopener\">\nCr\u00e9er vos tirages carr\u00e9s<\/a>\n\n","protected":false},"excerpt":{"rendered":"<p>Vous aussi vous collectionnez tout un tas de bocaux en verre qui trainent dans le cellier ? On a une id\u00e9e ! S\u00e9lectionnez quelques-unes de vos derni\u00e8res photos pour changer la d\u00e9co dans votre bureau ! Rassemblez vos bocaux de verre, et c\u2019est partie pour une customisation express !<\/p>\n","protected":false},"author":21,"featured_media":1032,"comment_status":"open","ping_status":"open","sticky":false,"template":"single-standard.php","format":"standard","meta":{"footnotes":""},"categories":[5],"tags":[7],"class_list":["post-27","post","type-post","status-publish","format-standard","has-post-thumbnail","hentry","category-carnet-de-tendances","tag-impression-photo"],"yoast_head":"<!-- This site is optimized with the Yoast SEO plugin v20.3 - https:\/\/yoast.com\/wordpress\/plugins\/seo\/ -->\n<title>Transformez vos vieux bocaux en verre en cadre photo original !<\/title>\n<meta name=\"description\" content=\"Envie de changer votre d\u00e9coration ? Soyez bricolo avec la cr\u00e9ation de cadres photos en pot de verre pour une d\u00e9co fait-main du plus bel effet !\" \/>\n<meta name=\"robots\" content=\"index, follow, max-snippet:-1, max-image-preview:large, max-video-preview:-1\" \/>\n<link rel=\"canonical\" href=\"https:\/\/www.photoweb.fr\/espaces\/magazine\/transformation-de-vos-bocaux-de-verre-cadrephoto\/\" \/>\n<meta property=\"og:locale\" content=\"fr_FR\" \/>\n<meta property=\"og:type\" content=\"article\" \/>\n<meta property=\"og:title\" content=\"Transformez vos vieux bocaux en verre en cadre photo original !\" \/>\n<meta property=\"og:description\" content=\"Envie de changer votre d\u00e9coration ? Soyez bricolo avec la cr\u00e9ation de cadres photos en pot de verre pour une d\u00e9co fait-main du plus bel effet !\" \/>\n<meta property=\"og:url\" content=\"https:\/\/www.photoweb.fr\/espaces\/magazine\/transformation-de-vos-bocaux-de-verre-cadrephoto\/\" \/>\n<meta property=\"og:site_name\" content=\"Photoweb, le mag\" \/>\n<meta property=\"article:publisher\" content=\"https:\/\/fr-fr.facebook.com\/Photoweb.fr\/\" \/>\n<meta property=\"article:published_time\" content=\"2017-06-21T22:17:46+00:00\" \/>\n<meta property=\"article:modified_time\" content=\"2022-10-21T08:28:21+00:00\" \/>\n<meta property=\"og:image\" content=\"https:\/\/www.photoweb.fr\/espaces\/magazine\/wp-content\/uploads\/2017\/06\/bocaux-verre-cadre-photo.jpg\" \/>\n\t<meta property=\"og:image:width\" content=\"1920\" \/>\n\t<meta property=\"og:image:height\" content=\"1440\" \/>\n\t<meta property=\"og:image:type\" content=\"image\/jpeg\" \/>\n<meta name=\"author\" content=\"melanie\" \/>\n<meta name=\"twitter:card\" content=\"summary_large_image\" \/>\n<meta name=\"twitter:creator\" content=\"@Photoweb_fr\" \/>\n<meta name=\"twitter:site\" content=\"@Photoweb_fr\" \/>\n<meta name=\"twitter:label1\" content=\"\u00c9crit par\" \/>\n\t<meta name=\"twitter:data1\" content=\"melanie\" \/>\n\t<meta name=\"twitter:label2\" content=\"Dur\u00e9e de lecture estim\u00e9e\" \/>\n\t<meta name=\"twitter:data2\" content=\"3 minutes\" \/>\n<script type=\"application\/ld+json\" class=\"yoast-schema-graph\">{\"@context\":\"https:\/\/schema.org\",\"@graph\":[{\"@type\":\"Article\",\"@id\":\"https:\/\/www.photoweb.fr\/espaces\/magazine\/transformation-de-vos-bocaux-de-verre-cadrephoto\/#article\",\"isPartOf\":{\"@id\":\"https:\/\/www.photoweb.fr\/espaces\/magazine\/transformation-de-vos-bocaux-de-verre-cadrephoto\/\"},\"author\":{\"name\":\"melanie\",\"@id\":\"https:\/\/www.photoweb.fr\/espaces\/magazine\/#\/schema\/person\/111451a615bb7cbe790bf8b1d6b24391\"},\"headline\":\"Cr\u00e9ez un cadre photo \u00e0 partir de bocaux en verre, c&rsquo;est possible !\",\"datePublished\":\"2017-06-21T22:17:46+00:00\",\"dateModified\":\"2022-10-21T08:28:21+00:00\",\"mainEntityOfPage\":{\"@id\":\"https:\/\/www.photoweb.fr\/espaces\/magazine\/transformation-de-vos-bocaux-de-verre-cadrephoto\/\"},\"wordCount\":522,\"commentCount\":0,\"publisher\":{\"@id\":\"https:\/\/www.photoweb.fr\/espaces\/magazine\/#organization\"},\"keywords\":[\"impression photo\"],\"articleSection\":[\"Carnet de tendance\"],\"inLanguage\":\"fr-FR\",\"potentialAction\":[{\"@type\":\"CommentAction\",\"name\":\"Comment\",\"target\":[\"https:\/\/www.photoweb.fr\/espaces\/magazine\/transformation-de-vos-bocaux-de-verre-cadrephoto\/#respond\"]}]},{\"@type\":\"WebPage\",\"@id\":\"https:\/\/www.photoweb.fr\/espaces\/magazine\/transformation-de-vos-bocaux-de-verre-cadrephoto\/\",\"url\":\"https:\/\/www.photoweb.fr\/espaces\/magazine\/transformation-de-vos-bocaux-de-verre-cadrephoto\/\",\"name\":\"Transformez vos vieux bocaux en verre en cadre photo original !\",\"isPartOf\":{\"@id\":\"https:\/\/www.photoweb.fr\/espaces\/magazine\/#website\"},\"datePublished\":\"2017-06-21T22:17:46+00:00\",\"dateModified\":\"2022-10-21T08:28:21+00:00\",\"description\":\"Envie de changer votre d\u00e9coration ? Soyez bricolo avec la cr\u00e9ation de cadres photos en pot de verre pour une d\u00e9co fait-main du plus bel effet !\",\"breadcrumb\":{\"@id\":\"https:\/\/www.photoweb.fr\/espaces\/magazine\/transformation-de-vos-bocaux-de-verre-cadrephoto\/#breadcrumb\"},\"inLanguage\":\"fr-FR\",\"potentialAction\":[{\"@type\":\"ReadAction\",\"target\":[\"https:\/\/www.photoweb.fr\/espaces\/magazine\/transformation-de-vos-bocaux-de-verre-cadrephoto\/\"]}]},{\"@type\":\"BreadcrumbList\",\"@id\":\"https:\/\/www.photoweb.fr\/espaces\/magazine\/transformation-de-vos-bocaux-de-verre-cadrephoto\/#breadcrumb\",\"itemListElement\":[{\"@type\":\"ListItem\",\"position\":1,\"name\":\"Accueil\",\"item\":\"https:\/\/www.photoweb.fr\/espaces\/magazine\/\"},{\"@type\":\"ListItem\",\"position\":2,\"name\":\"Carnet de tendance\",\"item\":\"https:\/\/www.photoweb.fr\/espaces\/magazine\/carnet-de-tendances\/\"},{\"@type\":\"ListItem\",\"position\":3,\"name\":\"Cr\u00e9ez un cadre photo \u00e0 partir de bocaux en verre, c&rsquo;est possible !\"}]},{\"@type\":\"WebSite\",\"@id\":\"https:\/\/www.photoweb.fr\/espaces\/magazine\/#website\",\"url\":\"https:\/\/www.photoweb.fr\/espaces\/magazine\/\",\"name\":\"Photoweb, le mag\",\"description\":\"Le magazine de Photoweb\",\"publisher\":{\"@id\":\"https:\/\/www.photoweb.fr\/espaces\/magazine\/#organization\"},\"potentialAction\":[{\"@type\":\"SearchAction\",\"target\":{\"@type\":\"EntryPoint\",\"urlTemplate\":\"https:\/\/www.photoweb.fr\/espaces\/magazine\/?s={search_term_string}\"},\"query-input\":\"required name=search_term_string\"}],\"inLanguage\":\"fr-FR\"},{\"@type\":\"Organization\",\"@id\":\"https:\/\/www.photoweb.fr\/espaces\/magazine\/#organization\",\"name\":\"Photoweb\",\"url\":\"https:\/\/www.photoweb.fr\/espaces\/magazine\/\",\"logo\":{\"@type\":\"ImageObject\",\"inLanguage\":\"fr-FR\",\"@id\":\"https:\/\/www.photoweb.fr\/espaces\/magazine\/#\/schema\/logo\/image\/\",\"url\":\"https:\/\/www.photoweb.fr\/espaces\/magazine\/wp-content\/uploads\/2021\/02\/Logo-Photoweb.jpg\",\"contentUrl\":\"https:\/\/www.photoweb.fr\/espaces\/magazine\/wp-content\/uploads\/2021\/02\/Logo-Photoweb.jpg\",\"width\":780,\"height\":456,\"caption\":\"Photoweb\"},\"image\":{\"@id\":\"https:\/\/www.photoweb.fr\/espaces\/magazine\/#\/schema\/logo\/image\/\"},\"sameAs\":[\"https:\/\/fr-fr.facebook.com\/Photoweb.fr\/\",\"https:\/\/twitter.com\/Photoweb_fr\",\"https:\/\/www.instagram.com\/photowebfr\/\",\"https:\/\/www.linkedin.com\/company\/347094\/\",\"https:\/\/www.pinterest.fr\/inspirationsphotoweb\/_created\/\",\"https:\/\/www.youtube.com\/channel\/UCtcVmTvkAzKQLVkiwfOm8sg\"]},{\"@type\":\"Person\",\"@id\":\"https:\/\/www.photoweb.fr\/espaces\/magazine\/#\/schema\/person\/111451a615bb7cbe790bf8b1d6b24391\",\"name\":\"melanie\"}]}<\/script>\n<!-- \/ Yoast SEO plugin. -->","yoast_head_json":{"title":"Transformez vos vieux bocaux en verre en cadre photo original !","description":"Envie de changer votre d\u00e9coration ? Soyez bricolo avec la cr\u00e9ation de cadres photos en pot de verre pour une d\u00e9co fait-main du plus bel effet !","robots":{"index":"index","follow":"follow","max-snippet":"max-snippet:-1","max-image-preview":"max-image-preview:large","max-video-preview":"max-video-preview:-1"},"canonical":"https:\/\/www.photoweb.fr\/espaces\/magazine\/transformation-de-vos-bocaux-de-verre-cadrephoto\/","og_locale":"fr_FR","og_type":"article","og_title":"Transformez vos vieux bocaux en verre en cadre photo original !","og_description":"Envie de changer votre d\u00e9coration ? Soyez bricolo avec la cr\u00e9ation de cadres photos en pot de verre pour une d\u00e9co fait-main du plus bel effet !","og_url":"https:\/\/www.photoweb.fr\/espaces\/magazine\/transformation-de-vos-bocaux-de-verre-cadrephoto\/","og_site_name":"Photoweb, le mag","article_publisher":"https:\/\/fr-fr.facebook.com\/Photoweb.fr\/","article_published_time":"2017-06-21T22:17:46+00:00","article_modified_time":"2022-10-21T08:28:21+00:00","og_image":[{"width":1920,"height":1440,"url":"https:\/\/www.photoweb.fr\/espaces\/magazine\/wp-content\/uploads\/2017\/06\/bocaux-verre-cadre-photo.jpg","type":"image\/jpeg"}],"author":"melanie","twitter_card":"summary_large_image","twitter_creator":"@Photoweb_fr","twitter_site":"@Photoweb_fr","twitter_misc":{"\u00c9crit par":"melanie","Dur\u00e9e de lecture estim\u00e9e":"3 minutes"},"schema":{"@context":"https:\/\/schema.org","@graph":[{"@type":"Article","@id":"https:\/\/www.photoweb.fr\/espaces\/magazine\/transformation-de-vos-bocaux-de-verre-cadrephoto\/#article","isPartOf":{"@id":"https:\/\/www.photoweb.fr\/espaces\/magazine\/transformation-de-vos-bocaux-de-verre-cadrephoto\/"},"author":{"name":"melanie","@id":"https:\/\/www.photoweb.fr\/espaces\/magazine\/#\/schema\/person\/111451a615bb7cbe790bf8b1d6b24391"},"headline":"Cr\u00e9ez un cadre photo \u00e0 partir de bocaux en verre, c&rsquo;est possible !","datePublished":"2017-06-21T22:17:46+00:00","dateModified":"2022-10-21T08:28:21+00:00","mainEntityOfPage":{"@id":"https:\/\/www.photoweb.fr\/espaces\/magazine\/transformation-de-vos-bocaux-de-verre-cadrephoto\/"},"wordCount":522,"commentCount":0,"publisher":{"@id":"https:\/\/www.photoweb.fr\/espaces\/magazine\/#organization"},"keywords":["impression photo"],"articleSection":["Carnet de tendance"],"inLanguage":"fr-FR","potentialAction":[{"@type":"CommentAction","name":"Comment","target":["https:\/\/www.photoweb.fr\/espaces\/magazine\/transformation-de-vos-bocaux-de-verre-cadrephoto\/#respond"]}]},{"@type":"WebPage","@id":"https:\/\/www.photoweb.fr\/espaces\/magazine\/transformation-de-vos-bocaux-de-verre-cadrephoto\/","url":"https:\/\/www.photoweb.fr\/espaces\/magazine\/transformation-de-vos-bocaux-de-verre-cadrephoto\/","name":"Transformez vos vieux bocaux en verre en cadre photo original !","isPartOf":{"@id":"https:\/\/www.photoweb.fr\/espaces\/magazine\/#website"},"datePublished":"2017-06-21T22:17:46+00:00","dateModified":"2022-10-21T08:28:21+00:00","description":"Envie de changer votre d\u00e9coration ? Soyez bricolo avec la cr\u00e9ation de cadres photos en pot de verre pour une d\u00e9co fait-main du plus bel effet !","breadcrumb":{"@id":"https:\/\/www.photoweb.fr\/espaces\/magazine\/transformation-de-vos-bocaux-de-verre-cadrephoto\/#breadcrumb"},"inLanguage":"fr-FR","potentialAction":[{"@type":"ReadAction","target":["https:\/\/www.photoweb.fr\/espaces\/magazine\/transformation-de-vos-bocaux-de-verre-cadrephoto\/"]}]},{"@type":"BreadcrumbList","@id":"https:\/\/www.photoweb.fr\/espaces\/magazine\/transformation-de-vos-bocaux-de-verre-cadrephoto\/#breadcrumb","itemListElement":[{"@type":"ListItem","position":1,"name":"Accueil","item":"https:\/\/www.photoweb.fr\/espaces\/magazine\/"},{"@type":"ListItem","position":2,"name":"Carnet de tendance","item":"https:\/\/www.photoweb.fr\/espaces\/magazine\/carnet-de-tendances\/"},{"@type":"ListItem","position":3,"name":"Cr\u00e9ez un cadre photo \u00e0 partir de bocaux en verre, c&rsquo;est possible !"}]},{"@type":"WebSite","@id":"https:\/\/www.photoweb.fr\/espaces\/magazine\/#website","url":"https:\/\/www.photoweb.fr\/espaces\/magazine\/","name":"Photoweb, le mag","description":"Le magazine de Photoweb","publisher":{"@id":"https:\/\/www.photoweb.fr\/espaces\/magazine\/#organization"},"potentialAction":[{"@type":"SearchAction","target":{"@type":"EntryPoint","urlTemplate":"https:\/\/www.photoweb.fr\/espaces\/magazine\/?s={search_term_string}"},"query-input":"required name=search_term_string"}],"inLanguage":"fr-FR"},{"@type":"Organization","@id":"https:\/\/www.photoweb.fr\/espaces\/magazine\/#organization","name":"Photoweb","url":"https:\/\/www.photoweb.fr\/espaces\/magazine\/","logo":{"@type":"ImageObject","inLanguage":"fr-FR","@id":"https:\/\/www.photoweb.fr\/espaces\/magazine\/#\/schema\/logo\/image\/","url":"https:\/\/www.photoweb.fr\/espaces\/magazine\/wp-content\/uploads\/2021\/02\/Logo-Photoweb.jpg","contentUrl":"https:\/\/www.photoweb.fr\/espaces\/magazine\/wp-content\/uploads\/2021\/02\/Logo-Photoweb.jpg","width":780,"height":456,"caption":"Photoweb"},"image":{"@id":"https:\/\/www.photoweb.fr\/espaces\/magazine\/#\/schema\/logo\/image\/"},"sameAs":["https:\/\/fr-fr.facebook.com\/Photoweb.fr\/","https:\/\/twitter.com\/Photoweb_fr","https:\/\/www.instagram.com\/photowebfr\/","https:\/\/www.linkedin.com\/company\/347094\/","https:\/\/www.pinterest.fr\/inspirationsphotoweb\/_created\/","https:\/\/www.youtube.com\/channel\/UCtcVmTvkAzKQLVkiwfOm8sg"]},{"@type":"Person","@id":"https:\/\/www.photoweb.fr\/espaces\/magazine\/#\/schema\/person\/111451a615bb7cbe790bf8b1d6b24391","name":"melanie"}]}},"acf":[],"_links":{"self":[{"href":"https:\/\/www.photoweb.fr\/espaces\/magazine\/wp-json\/wp\/v2\/posts\/27","targetHints":{"allow":["GET"]}}],"collection":[{"href":"https:\/\/www.photoweb.fr\/espaces\/magazine\/wp-json\/wp\/v2\/posts"}],"about":[{"href":"https:\/\/www.photoweb.fr\/espaces\/magazine\/wp-json\/wp\/v2\/types\/post"}],"author":[{"embeddable":true,"href":"https:\/\/www.photoweb.fr\/espaces\/magazine\/wp-json\/wp\/v2\/users\/21"}],"replies":[{"embeddable":true,"href":"https:\/\/www.photoweb.fr\/espaces\/magazine\/wp-json\/wp\/v2\/comments?post=27"}],"version-history":[{"count":6,"href":"https:\/\/www.photoweb.fr\/espaces\/magazine\/wp-json\/wp\/v2\/posts\/27\/revisions"}],"predecessor-version":[{"id":11796,"href":"https:\/\/www.photoweb.fr\/espaces\/magazine\/wp-json\/wp\/v2\/posts\/27\/revisions\/11796"}],"wp:featuredmedia":[{"embeddable":true,"href":"https:\/\/www.photoweb.fr\/espaces\/magazine\/wp-json\/wp\/v2\/media\/1032"}],"wp:attachment":[{"href":"https:\/\/www.photoweb.fr\/espaces\/magazine\/wp-json\/wp\/v2\/media?parent=27"}],"wp:term":[{"taxonomy":"category","embeddable":true,"href":"https:\/\/www.photoweb.fr\/espaces\/magazine\/wp-json\/wp\/v2\/categories?post=27"},{"taxonomy":"post_tag","embeddable":true,"href":"https:\/\/www.photoweb.fr\/espaces\/magazine\/wp-json\/wp\/v2\/tags?post=27"}],"curies":[{"name":"wp","href":"https:\/\/api.w.org\/{rel}","templated":true}]}}