{"id":2777,"date":"2017-05-07T11:34:50","date_gmt":"2017-05-07T11:34:50","guid":{"rendered":"https:\/\/www.photoweb.fr\/espaces\/magazine\/magazine\/?p=2777"},"modified":"2024-08-06T15:20:44","modified_gmt":"2024-08-06T13:20:44","slug":"recadrage-photo-personnalise","status":"publish","type":"post","link":"https:\/\/www.photoweb.fr\/espaces\/magazine\/recadrage-photo-personnalise\/","title":{"rendered":"Recadrage photo personnalis\u00e9"},"content":{"rendered":"\n<p>Photoweb vous propose un module de recadrage photo personnalis\u00e9 pour vos <strong><a href=\"https:\/\/www.photoweb.fr\/produits\/tirage-photo\">tirages photos<\/a> (except\u00e9 les tirages photo \u00e9conomiques) et livres photo<\/strong>. D\u00e9terminez vous-m\u00eame les zones qui vont \u00eatre rogn\u00e9es sur chacune de vos images en superposant sur votre photo un cadre au format souhait\u00e9.<\/p>\n<h2>Comment \u00e7a marche ?<\/h2>\n<p>Vous avez acc\u00e8s \u00e0 ce module dans l&rsquo;interface de cr\u00e9ation des produits :<\/p>\n<ul>\n<li><strong>En cliquant sur la touche \u00ab\u00a0Recadrage\u00a0\u00bb<\/strong> pour les tirages photos classiques, les tirages photos pas cher, les <a href=\"https:\/\/www.photoweb.fr\/decoration-murale\/poster\">posters photos<\/a> et panoramiques. Cr\u00e9ez ainsi des tirages photos au format personnalis\u00e9 !<\/li>\n<li><strong>En passant la souris sur l&rsquo;image<\/strong> pour les cr\u00e9ations (voir image ci-dessous).<\/li>\n<\/ul>\n<p>Il se pr\u00e9sente ainsi :<\/p>\n<p>\t\t\t\t<img loading=\"lazy\" decoding=\"async\" src=\"https:\/\/www.photoweb.fr\/espaces\/magazine\/wp-content\/uploads\/2017\/11\/recadrage-manuel.jpg\" alt=\"recadrage manuel\" itemprop=\"image\" height=\"260\" width=\"445\" title=\"recadrage manuel\"  \/><\/p>\n<h2>Marche \u00e0 suivre :<\/h2>\n<p>D\u00e9placez le cadre pour s\u00e9lectionner la partie de l&rsquo;image que vous souhaitez conserver. Vous pouvez \u00e9galement choisir un nouveau <a href=\"https:\/\/www.photoweb.fr\/espaces\/magazine\/magazine\/impression-photo-quel-format-choisir\/\">format photo<\/a> plus appropri\u00e9. En cliquant sur les coins de votre photo, vous pouvez \u00ab\u00a0zoomer\u00a0\u00bb sur une partie de l&rsquo;image pour mettre en valeur celle-ci. La zone gris\u00e9e repr\u00e9sente la partie rogn\u00e9e de l&rsquo;image. Cliquez sur \u00ab\u00a0appliquer le recadrage\u00a0\u00bb pour que celui-ci soit pris en compte.<\/p>\n<p><strong>A noter !<\/strong> L&rsquo;utilisation du dispositif de recadrage manuel, disponible dans l&rsquo;album temporaire, n&rsquo;est pas compatible avec la correction yeux-rouges.<\/p>\n<p>1.2.3.<br \/>\n<\/br>imprimez&#8239;!<\/p>\n<p>\t\t\t\t<a href=\"https:\/\/www.photoweb.fr\/produits\/tirage-photo\" target=\"_blank\" rel=\"noopener\" itemprop=\"url\"><br \/>\n\t\t\t\t<img loading=\"lazy\" decoding=\"async\" src=\"https:\/\/www.photoweb.fr\/espaces\/magazine\/wp-content\/uploads\/2017\/06\/Tirages-classiques-photoweb.jpg\" alt=\"Tirages classiques photoweb\" itemprop=\"image\" height=\"600\" width=\"600\" title=\"Tirages classiques photoweb\"  \/><br \/>\n\t\t\t\t<\/a><br \/>\n\t<a href=\"https:\/\/www.photoweb.fr\/produits\/tirage-photo\"><br \/>\nimprimer mes photos<\/a><\/p>\n","protected":false},"excerpt":{"rendered":"<p>Photoweb vous propose un module de recadrage photo personnalis\u00e9 pour vos tirages photos (except\u00e9 les tirages photo \u00e9conomiques) et livres photo. D\u00e9terminez vous-m\u00eame les zones qui vont \u00eatre rogn\u00e9es sur chacune de vos images en superposant sur votre photo un cadre au format souhait\u00e9. Comment \u00e7a marche ? Vous avez acc\u00e8s \u00e0 ce module dans&hellip;<\/p>\n","protected":false},"author":6,"featured_media":3674,"comment_status":"closed","ping_status":"open","sticky":false,"template":"single-standard.php","format":"standard","meta":{"footnotes":""},"categories":[91],"tags":[],"class_list":["post-2777","post","type-post","status-publish","format-standard","has-post-thumbnail","hentry","category-aide"],"yoast_head":"<!-- This site is optimized with the Yoast SEO plugin v20.3 - https:\/\/yoast.com\/wordpress\/plugins\/seo\/ -->\n<title>Recadrage photo : Vos photos au format personnalis\u00e9 !<\/title>\n<meta name=\"description\" content=\"Vous souhaitez recadrez vos photos avant de les commander ? Utilisez le recadrage photo personnalis\u00e9 pour un r\u00e9sultat optimal.\" \/>\n<meta name=\"robots\" content=\"index, follow, max-snippet:-1, max-image-preview:large, max-video-preview:-1\" \/>\n<link rel=\"canonical\" href=\"https:\/\/www.photoweb.fr\/espaces\/magazine\/recadrage-photo-personnalise\/\" \/>\n<meta property=\"og:locale\" content=\"fr_FR\" \/>\n<meta property=\"og:type\" content=\"article\" \/>\n<meta property=\"og:title\" content=\"Recadrage photo : Vos photos au format personnalis\u00e9 !\" \/>\n<meta property=\"og:description\" content=\"Vous souhaitez recadrez vos photos avant de les commander ? Utilisez le recadrage photo personnalis\u00e9 pour un r\u00e9sultat optimal.\" \/>\n<meta property=\"og:url\" content=\"https:\/\/www.photoweb.fr\/espaces\/magazine\/recadrage-photo-personnalise\/\" \/>\n<meta property=\"og:site_name\" content=\"Photoweb, le mag\" \/>\n<meta property=\"article:publisher\" content=\"https:\/\/fr-fr.facebook.com\/Photoweb.fr\/\" \/>\n<meta property=\"article:published_time\" content=\"2017-05-07T11:34:50+00:00\" \/>\n<meta property=\"article:modified_time\" content=\"2024-08-06T13:20:44+00:00\" \/>\n<meta property=\"og:image\" content=\"https:\/\/www.photoweb.fr\/espaces\/magazine\/wp-content\/uploads\/2017\/05\/recadrage-personnalise.jpg\" \/>\n\t<meta property=\"og:image:width\" content=\"800\" \/>\n\t<meta property=\"og:image:height\" content=\"600\" \/>\n\t<meta property=\"og:image:type\" content=\"image\/jpeg\" \/>\n<meta name=\"author\" content=\"Maud\" \/>\n<meta name=\"twitter:card\" content=\"summary_large_image\" \/>\n<meta name=\"twitter:creator\" content=\"@Photoweb_fr\" \/>\n<meta name=\"twitter:site\" content=\"@Photoweb_fr\" \/>\n<meta name=\"twitter:label1\" content=\"\u00c9crit par\" \/>\n\t<meta name=\"twitter:data1\" content=\"Maud\" \/>\n\t<meta name=\"twitter:label2\" content=\"Dur\u00e9e de lecture estim\u00e9e\" \/>\n\t<meta name=\"twitter:data2\" content=\"2 minutes\" \/>\n<script type=\"application\/ld+json\" class=\"yoast-schema-graph\">{\"@context\":\"https:\/\/schema.org\",\"@graph\":[{\"@type\":\"Article\",\"@id\":\"https:\/\/www.photoweb.fr\/espaces\/magazine\/recadrage-photo-personnalise\/#article\",\"isPartOf\":{\"@id\":\"https:\/\/www.photoweb.fr\/espaces\/magazine\/recadrage-photo-personnalise\/\"},\"author\":{\"name\":\"Maud\",\"@id\":\"https:\/\/www.photoweb.fr\/espaces\/magazine\/#\/schema\/person\/f354e6bd2302e567e1329fa54e90ff15\"},\"headline\":\"Recadrage photo personnalis\u00e9\",\"datePublished\":\"2017-05-07T11:34:50+00:00\",\"dateModified\":\"2024-08-06T13:20:44+00:00\",\"mainEntityOfPage\":{\"@id\":\"https:\/\/www.photoweb.fr\/espaces\/magazine\/recadrage-photo-personnalise\/\"},\"wordCount\":209,\"publisher\":{\"@id\":\"https:\/\/www.photoweb.fr\/espaces\/magazine\/#organization\"},\"articleSection\":[\"Aide\"],\"inLanguage\":\"fr-FR\"},{\"@type\":\"WebPage\",\"@id\":\"https:\/\/www.photoweb.fr\/espaces\/magazine\/recadrage-photo-personnalise\/\",\"url\":\"https:\/\/www.photoweb.fr\/espaces\/magazine\/recadrage-photo-personnalise\/\",\"name\":\"Recadrage photo : Vos photos au format personnalis\u00e9 !\",\"isPartOf\":{\"@id\":\"https:\/\/www.photoweb.fr\/espaces\/magazine\/#website\"},\"datePublished\":\"2017-05-07T11:34:50+00:00\",\"dateModified\":\"2024-08-06T13:20:44+00:00\",\"description\":\"Vous souhaitez recadrez vos photos avant de les commander ? Utilisez le recadrage photo personnalis\u00e9 pour un r\u00e9sultat optimal.\",\"breadcrumb\":{\"@id\":\"https:\/\/www.photoweb.fr\/espaces\/magazine\/recadrage-photo-personnalise\/#breadcrumb\"},\"inLanguage\":\"fr-FR\",\"potentialAction\":[{\"@type\":\"ReadAction\",\"target\":[\"https:\/\/www.photoweb.fr\/espaces\/magazine\/recadrage-photo-personnalise\/\"]}]},{\"@type\":\"BreadcrumbList\",\"@id\":\"https:\/\/www.photoweb.fr\/espaces\/magazine\/recadrage-photo-personnalise\/#breadcrumb\",\"itemListElement\":[{\"@type\":\"ListItem\",\"position\":1,\"name\":\"Accueil\",\"item\":\"https:\/\/www.photoweb.fr\/espaces\/magazine\/\"},{\"@type\":\"ListItem\",\"position\":2,\"name\":\"Aide\",\"item\":\"https:\/\/www.photoweb.fr\/espaces\/magazine\/aide\/\"},{\"@type\":\"ListItem\",\"position\":3,\"name\":\"Recadrage photo personnalis\u00e9\"}]},{\"@type\":\"WebSite\",\"@id\":\"https:\/\/www.photoweb.fr\/espaces\/magazine\/#website\",\"url\":\"https:\/\/www.photoweb.fr\/espaces\/magazine\/\",\"name\":\"Photoweb, le mag\",\"description\":\"Le magazine de Photoweb\",\"publisher\":{\"@id\":\"https:\/\/www.photoweb.fr\/espaces\/magazine\/#organization\"},\"potentialAction\":[{\"@type\":\"SearchAction\",\"target\":{\"@type\":\"EntryPoint\",\"urlTemplate\":\"https:\/\/www.photoweb.fr\/espaces\/magazine\/?s={search_term_string}\"},\"query-input\":\"required name=search_term_string\"}],\"inLanguage\":\"fr-FR\"},{\"@type\":\"Organization\",\"@id\":\"https:\/\/www.photoweb.fr\/espaces\/magazine\/#organization\",\"name\":\"Photoweb\",\"url\":\"https:\/\/www.photoweb.fr\/espaces\/magazine\/\",\"logo\":{\"@type\":\"ImageObject\",\"inLanguage\":\"fr-FR\",\"@id\":\"https:\/\/www.photoweb.fr\/espaces\/magazine\/#\/schema\/logo\/image\/\",\"url\":\"https:\/\/www.photoweb.fr\/espaces\/magazine\/wp-content\/uploads\/2021\/02\/Logo-Photoweb.jpg\",\"contentUrl\":\"https:\/\/www.photoweb.fr\/espaces\/magazine\/wp-content\/uploads\/2021\/02\/Logo-Photoweb.jpg\",\"width\":780,\"height\":456,\"caption\":\"Photoweb\"},\"image\":{\"@id\":\"https:\/\/www.photoweb.fr\/espaces\/magazine\/#\/schema\/logo\/image\/\"},\"sameAs\":[\"https:\/\/fr-fr.facebook.com\/Photoweb.fr\/\",\"https:\/\/twitter.com\/Photoweb_fr\",\"https:\/\/www.instagram.com\/photowebfr\/\",\"https:\/\/www.linkedin.com\/company\/347094\/\",\"https:\/\/www.pinterest.fr\/inspirationsphotoweb\/_created\/\",\"https:\/\/www.youtube.com\/channel\/UCtcVmTvkAzKQLVkiwfOm8sg\"]},{\"@type\":\"Person\",\"@id\":\"https:\/\/www.photoweb.fr\/espaces\/magazine\/#\/schema\/person\/f354e6bd2302e567e1329fa54e90ff15\",\"name\":\"Maud\"}]}<\/script>\n<!-- \/ Yoast SEO plugin. -->","yoast_head_json":{"title":"Recadrage photo : Vos photos au format personnalis\u00e9 !","description":"Vous souhaitez recadrez vos photos avant de les commander ? Utilisez le recadrage photo personnalis\u00e9 pour un r\u00e9sultat optimal.","robots":{"index":"index","follow":"follow","max-snippet":"max-snippet:-1","max-image-preview":"max-image-preview:large","max-video-preview":"max-video-preview:-1"},"canonical":"https:\/\/www.photoweb.fr\/espaces\/magazine\/recadrage-photo-personnalise\/","og_locale":"fr_FR","og_type":"article","og_title":"Recadrage photo : Vos photos au format personnalis\u00e9 !","og_description":"Vous souhaitez recadrez vos photos avant de les commander ? Utilisez le recadrage photo personnalis\u00e9 pour un r\u00e9sultat optimal.","og_url":"https:\/\/www.photoweb.fr\/espaces\/magazine\/recadrage-photo-personnalise\/","og_site_name":"Photoweb, le mag","article_publisher":"https:\/\/fr-fr.facebook.com\/Photoweb.fr\/","article_published_time":"2017-05-07T11:34:50+00:00","article_modified_time":"2024-08-06T13:20:44+00:00","og_image":[{"width":800,"height":600,"url":"https:\/\/www.photoweb.fr\/espaces\/magazine\/wp-content\/uploads\/2017\/05\/recadrage-personnalise.jpg","type":"image\/jpeg"}],"author":"Maud","twitter_card":"summary_large_image","twitter_creator":"@Photoweb_fr","twitter_site":"@Photoweb_fr","twitter_misc":{"\u00c9crit par":"Maud","Dur\u00e9e de lecture estim\u00e9e":"2 minutes"},"schema":{"@context":"https:\/\/schema.org","@graph":[{"@type":"Article","@id":"https:\/\/www.photoweb.fr\/espaces\/magazine\/recadrage-photo-personnalise\/#article","isPartOf":{"@id":"https:\/\/www.photoweb.fr\/espaces\/magazine\/recadrage-photo-personnalise\/"},"author":{"name":"Maud","@id":"https:\/\/www.photoweb.fr\/espaces\/magazine\/#\/schema\/person\/f354e6bd2302e567e1329fa54e90ff15"},"headline":"Recadrage photo personnalis\u00e9","datePublished":"2017-05-07T11:34:50+00:00","dateModified":"2024-08-06T13:20:44+00:00","mainEntityOfPage":{"@id":"https:\/\/www.photoweb.fr\/espaces\/magazine\/recadrage-photo-personnalise\/"},"wordCount":209,"publisher":{"@id":"https:\/\/www.photoweb.fr\/espaces\/magazine\/#organization"},"articleSection":["Aide"],"inLanguage":"fr-FR"},{"@type":"WebPage","@id":"https:\/\/www.photoweb.fr\/espaces\/magazine\/recadrage-photo-personnalise\/","url":"https:\/\/www.photoweb.fr\/espaces\/magazine\/recadrage-photo-personnalise\/","name":"Recadrage photo : Vos photos au format personnalis\u00e9 !","isPartOf":{"@id":"https:\/\/www.photoweb.fr\/espaces\/magazine\/#website"},"datePublished":"2017-05-07T11:34:50+00:00","dateModified":"2024-08-06T13:20:44+00:00","description":"Vous souhaitez recadrez vos photos avant de les commander ? Utilisez le recadrage photo personnalis\u00e9 pour un r\u00e9sultat optimal.","breadcrumb":{"@id":"https:\/\/www.photoweb.fr\/espaces\/magazine\/recadrage-photo-personnalise\/#breadcrumb"},"inLanguage":"fr-FR","potentialAction":[{"@type":"ReadAction","target":["https:\/\/www.photoweb.fr\/espaces\/magazine\/recadrage-photo-personnalise\/"]}]},{"@type":"BreadcrumbList","@id":"https:\/\/www.photoweb.fr\/espaces\/magazine\/recadrage-photo-personnalise\/#breadcrumb","itemListElement":[{"@type":"ListItem","position":1,"name":"Accueil","item":"https:\/\/www.photoweb.fr\/espaces\/magazine\/"},{"@type":"ListItem","position":2,"name":"Aide","item":"https:\/\/www.photoweb.fr\/espaces\/magazine\/aide\/"},{"@type":"ListItem","position":3,"name":"Recadrage photo personnalis\u00e9"}]},{"@type":"WebSite","@id":"https:\/\/www.photoweb.fr\/espaces\/magazine\/#website","url":"https:\/\/www.photoweb.fr\/espaces\/magazine\/","name":"Photoweb, le mag","description":"Le magazine de Photoweb","publisher":{"@id":"https:\/\/www.photoweb.fr\/espaces\/magazine\/#organization"},"potentialAction":[{"@type":"SearchAction","target":{"@type":"EntryPoint","urlTemplate":"https:\/\/www.photoweb.fr\/espaces\/magazine\/?s={search_term_string}"},"query-input":"required name=search_term_string"}],"inLanguage":"fr-FR"},{"@type":"Organization","@id":"https:\/\/www.photoweb.fr\/espaces\/magazine\/#organization","name":"Photoweb","url":"https:\/\/www.photoweb.fr\/espaces\/magazine\/","logo":{"@type":"ImageObject","inLanguage":"fr-FR","@id":"https:\/\/www.photoweb.fr\/espaces\/magazine\/#\/schema\/logo\/image\/","url":"https:\/\/www.photoweb.fr\/espaces\/magazine\/wp-content\/uploads\/2021\/02\/Logo-Photoweb.jpg","contentUrl":"https:\/\/www.photoweb.fr\/espaces\/magazine\/wp-content\/uploads\/2021\/02\/Logo-Photoweb.jpg","width":780,"height":456,"caption":"Photoweb"},"image":{"@id":"https:\/\/www.photoweb.fr\/espaces\/magazine\/#\/schema\/logo\/image\/"},"sameAs":["https:\/\/fr-fr.facebook.com\/Photoweb.fr\/","https:\/\/twitter.com\/Photoweb_fr","https:\/\/www.instagram.com\/photowebfr\/","https:\/\/www.linkedin.com\/company\/347094\/","https:\/\/www.pinterest.fr\/inspirationsphotoweb\/_created\/","https:\/\/www.youtube.com\/channel\/UCtcVmTvkAzKQLVkiwfOm8sg"]},{"@type":"Person","@id":"https:\/\/www.photoweb.fr\/espaces\/magazine\/#\/schema\/person\/f354e6bd2302e567e1329fa54e90ff15","name":"Maud"}]}},"acf":[],"_links":{"self":[{"href":"https:\/\/www.photoweb.fr\/espaces\/magazine\/wp-json\/wp\/v2\/posts\/2777","targetHints":{"allow":["GET"]}}],"collection":[{"href":"https:\/\/www.photoweb.fr\/espaces\/magazine\/wp-json\/wp\/v2\/posts"}],"about":[{"href":"https:\/\/www.photoweb.fr\/espaces\/magazine\/wp-json\/wp\/v2\/types\/post"}],"author":[{"embeddable":true,"href":"https:\/\/www.photoweb.fr\/espaces\/magazine\/wp-json\/wp\/v2\/users\/6"}],"replies":[{"embeddable":true,"href":"https:\/\/www.photoweb.fr\/espaces\/magazine\/wp-json\/wp\/v2\/comments?post=2777"}],"version-history":[{"count":1,"href":"https:\/\/www.photoweb.fr\/espaces\/magazine\/wp-json\/wp\/v2\/posts\/2777\/revisions"}],"predecessor-version":[{"id":11073,"href":"https:\/\/www.photoweb.fr\/espaces\/magazine\/wp-json\/wp\/v2\/posts\/2777\/revisions\/11073"}],"wp:featuredmedia":[{"embeddable":true,"href":"https:\/\/www.photoweb.fr\/espaces\/magazine\/wp-json\/wp\/v2\/media\/3674"}],"wp:attachment":[{"href":"https:\/\/www.photoweb.fr\/espaces\/magazine\/wp-json\/wp\/v2\/media?parent=2777"}],"wp:term":[{"taxonomy":"category","embeddable":true,"href":"https:\/\/www.photoweb.fr\/espaces\/magazine\/wp-json\/wp\/v2\/categories?post=2777"},{"taxonomy":"post_tag","embeddable":true,"href":"https:\/\/www.photoweb.fr\/espaces\/magazine\/wp-json\/wp\/v2\/tags?post=2777"}],"curies":[{"name":"wp","href":"https:\/\/api.w.org\/{rel}","templated":true}]}}