{"id":3027,"date":"2017-05-05T12:00:35","date_gmt":"2017-05-05T12:00:35","guid":{"rendered":"https:\/\/www.photoweb.fr\/espaces\/magazine\/magazine\/?p=3027"},"modified":"2024-10-31T12:49:50","modified_gmt":"2024-10-31T10:49:50","slug":"objets-photo-personnalises-et-boutique","status":"publish","type":"post","link":"https:\/\/www.photoweb.fr\/espaces\/magazine\/objets-photo-personnalises-et-boutique\/","title":{"rendered":"\u00ab\u00a0Les objets photo personnalis\u00e9s\u00a0\u00bb et \u00ab\u00a0La boutique\u00a0\u00bb"},"content":{"rendered":"\n\n\t<p>Confectionnez un tas d&rsquo;objets photo personnalis\u00e9s avec vos plus belles photos ! Originaux et uniques, tous ces objets photo sont des id\u00e9es parfaites \u00e0 offrir&#8230;<\/p>\n\t<h2>Les <a href=\"https:\/\/www.photoweb.fr\/deco-maison\/listing\">objets photo personnalis\u00e9s<\/a><\/h2>\n<p>Des objets \u00e0 votre image, pour des cadeaux inoubliables !<\/p>\n<p>Faites votre choix parmi de nombreux produits originaux \u00e0 personnaliser : tee-shirt, <a href=\"https:\/\/www.photoweb.fr\/deco-maison\/puzzle-personnalise\">puzzle personnalis\u00e9<\/a>, <a href=\"https:\/\/www.photoweb.fr\/deco-maison\/mug-personnalise\/listing\">mug personnalis\u00e9<\/a>, peluche&#8230;<\/p>\n\t\t\t\t<img loading=\"lazy\" decoding=\"async\" src=\"https:\/\/www.photoweb.fr\/espaces\/magazine\/wp-content\/uploads\/2018\/01\/objets-photo-1.jpg\" alt=\"objets photo\" itemprop=\"image\" height=\"352\" width=\"613\" title=\"objets photo\" onerror=\"this.style.display='none'\"  \/>\n\t<p>Les mati\u00e8res et le proc\u00e9d\u00e9 d&rsquo;impression ont \u00e9t\u00e9 s\u00e9lectionn\u00e9s pour vous garantir une qualit\u00e9 de fabrication irr\u00e9prochable.<\/p>\n<p>Des prix comp\u00e9titifs pour des cadeaux uniques.<\/p>\n<h2>La boutique<\/h2>\n<p>Une s\u00e9lection de produits de grande qualit\u00e9, adapt\u00e9s aux formats num\u00e9riques tels que des albums photo pochette, cadres, p\u00eale-m\u00eale magn\u00e9tiques, kits et accessoires cr\u00e9atifs !<\/p>\n\n","protected":false},"excerpt":{"rendered":"<p>Confectionnez un tas d&rsquo;objets photo personnalis\u00e9s avec vos plus belles photos ! Originaux et uniques, tous ces objets photo sont des id\u00e9es parfaites \u00e0 offrir&#8230; Les objets photo personnalis\u00e9s Des objets \u00e0 votre image, pour des cadeaux inoubliables ! Faites votre choix parmi de nombreux produits originaux \u00e0 personnaliser : tee-shirt, puzzle personnalis\u00e9, mug personnalis\u00e9,&hellip;<\/p>\n","protected":false},"author":6,"featured_media":3865,"comment_status":"closed","ping_status":"open","sticky":false,"template":"single-standard.php","format":"standard","meta":{"footnotes":""},"categories":[91],"tags":[],"class_list":["post-3027","post","type-post","status-publish","format-standard","has-post-thumbnail","hentry","category-aide"],"yoast_head":"<!-- This site is optimized with the Yoast SEO plugin v20.3 - https:\/\/yoast.com\/wordpress\/plugins\/seo\/ -->\n<title>&quot;Les objets photo personnalis\u00e9s&quot; et &quot;La boutique&quot; Photoweb<\/title>\n<meta name=\"description\" content=\"Vous \u00eates \u00e0 la recherche d&#039;un objet photo personnalis\u00e9 et original ? D\u00e9couvrez tous nos objets photo personnalis\u00e9s \u00e0 cr\u00e9er pour soi-m\u00eame ou \u00e0 offrir !\" \/>\n<meta name=\"robots\" content=\"index, follow, max-snippet:-1, max-image-preview:large, max-video-preview:-1\" \/>\n<link rel=\"canonical\" href=\"https:\/\/www.photoweb.fr\/espaces\/magazine\/objets-photo-personnalises-et-boutique\/\" \/>\n<meta property=\"og:locale\" content=\"fr_FR\" \/>\n<meta property=\"og:type\" content=\"article\" \/>\n<meta property=\"og:title\" content=\"&quot;Les objets photo personnalis\u00e9s&quot; et &quot;La boutique&quot; Photoweb\" \/>\n<meta property=\"og:description\" content=\"Vous \u00eates \u00e0 la recherche d&#039;un objet photo personnalis\u00e9 et original ? D\u00e9couvrez tous nos objets photo personnalis\u00e9s \u00e0 cr\u00e9er pour soi-m\u00eame ou \u00e0 offrir !\" \/>\n<meta property=\"og:url\" content=\"https:\/\/www.photoweb.fr\/espaces\/magazine\/objets-photo-personnalises-et-boutique\/\" \/>\n<meta property=\"og:site_name\" content=\"Photoweb, le mag\" \/>\n<meta property=\"article:publisher\" content=\"https:\/\/fr-fr.facebook.com\/Photoweb.fr\/\" \/>\n<meta property=\"article:published_time\" content=\"2017-05-05T12:00:35+00:00\" \/>\n<meta property=\"article:modified_time\" content=\"2024-10-31T10:49:50+00:00\" \/>\n<meta property=\"og:image\" content=\"https:\/\/www.photoweb.fr\/espaces\/magazine\/wp-content\/uploads\/2018\/01\/objets-photo1.jpg\" \/>\n\t<meta property=\"og:image:width\" content=\"800\" \/>\n\t<meta property=\"og:image:height\" content=\"600\" \/>\n\t<meta property=\"og:image:type\" content=\"image\/jpeg\" \/>\n<meta name=\"author\" content=\"Maud\" \/>\n<meta name=\"twitter:card\" content=\"summary_large_image\" \/>\n<meta name=\"twitter:creator\" content=\"@Photoweb_fr\" \/>\n<meta name=\"twitter:site\" content=\"@Photoweb_fr\" \/>\n<meta name=\"twitter:label1\" content=\"\u00c9crit par\" \/>\n\t<meta name=\"twitter:data1\" content=\"Maud\" \/>\n\t<meta name=\"twitter:label2\" content=\"Dur\u00e9e de lecture estim\u00e9e\" \/>\n\t<meta name=\"twitter:data2\" content=\"1 minute\" \/>\n<script type=\"application\/ld+json\" class=\"yoast-schema-graph\">{\"@context\":\"https:\/\/schema.org\",\"@graph\":[{\"@type\":\"Article\",\"@id\":\"https:\/\/www.photoweb.fr\/espaces\/magazine\/objets-photo-personnalises-et-boutique\/#article\",\"isPartOf\":{\"@id\":\"https:\/\/www.photoweb.fr\/espaces\/magazine\/objets-photo-personnalises-et-boutique\/\"},\"author\":{\"name\":\"Maud\",\"@id\":\"https:\/\/www.photoweb.fr\/espaces\/magazine\/#\/schema\/person\/f354e6bd2302e567e1329fa54e90ff15\"},\"headline\":\"\u00ab\u00a0Les objets photo personnalis\u00e9s\u00a0\u00bb et \u00ab\u00a0La boutique\u00a0\u00bb\",\"datePublished\":\"2017-05-05T12:00:35+00:00\",\"dateModified\":\"2024-10-31T10:49:50+00:00\",\"mainEntityOfPage\":{\"@id\":\"https:\/\/www.photoweb.fr\/espaces\/magazine\/objets-photo-personnalises-et-boutique\/\"},\"wordCount\":124,\"publisher\":{\"@id\":\"https:\/\/www.photoweb.fr\/espaces\/magazine\/#organization\"},\"articleSection\":[\"Aide\"],\"inLanguage\":\"fr-FR\"},{\"@type\":\"WebPage\",\"@id\":\"https:\/\/www.photoweb.fr\/espaces\/magazine\/objets-photo-personnalises-et-boutique\/\",\"url\":\"https:\/\/www.photoweb.fr\/espaces\/magazine\/objets-photo-personnalises-et-boutique\/\",\"name\":\"\\\"Les objets photo personnalis\u00e9s\\\" et \\\"La boutique\\\" Photoweb\",\"isPartOf\":{\"@id\":\"https:\/\/www.photoweb.fr\/espaces\/magazine\/#website\"},\"datePublished\":\"2017-05-05T12:00:35+00:00\",\"dateModified\":\"2024-10-31T10:49:50+00:00\",\"description\":\"Vous \u00eates \u00e0 la recherche d'un objet photo personnalis\u00e9 et original ? D\u00e9couvrez tous nos objets photo personnalis\u00e9s \u00e0 cr\u00e9er pour soi-m\u00eame ou \u00e0 offrir !\",\"breadcrumb\":{\"@id\":\"https:\/\/www.photoweb.fr\/espaces\/magazine\/objets-photo-personnalises-et-boutique\/#breadcrumb\"},\"inLanguage\":\"fr-FR\",\"potentialAction\":[{\"@type\":\"ReadAction\",\"target\":[\"https:\/\/www.photoweb.fr\/espaces\/magazine\/objets-photo-personnalises-et-boutique\/\"]}]},{\"@type\":\"BreadcrumbList\",\"@id\":\"https:\/\/www.photoweb.fr\/espaces\/magazine\/objets-photo-personnalises-et-boutique\/#breadcrumb\",\"itemListElement\":[{\"@type\":\"ListItem\",\"position\":1,\"name\":\"Accueil\",\"item\":\"https:\/\/www.photoweb.fr\/espaces\/magazine\/\"},{\"@type\":\"ListItem\",\"position\":2,\"name\":\"Aide\",\"item\":\"https:\/\/www.photoweb.fr\/espaces\/magazine\/aide\/\"},{\"@type\":\"ListItem\",\"position\":3,\"name\":\"\u00ab\u00a0Les objets photo personnalis\u00e9s\u00a0\u00bb et \u00ab\u00a0La boutique\u00a0\u00bb\"}]},{\"@type\":\"WebSite\",\"@id\":\"https:\/\/www.photoweb.fr\/espaces\/magazine\/#website\",\"url\":\"https:\/\/www.photoweb.fr\/espaces\/magazine\/\",\"name\":\"Photoweb, le mag\",\"description\":\"Le magazine de Photoweb\",\"publisher\":{\"@id\":\"https:\/\/www.photoweb.fr\/espaces\/magazine\/#organization\"},\"potentialAction\":[{\"@type\":\"SearchAction\",\"target\":{\"@type\":\"EntryPoint\",\"urlTemplate\":\"https:\/\/www.photoweb.fr\/espaces\/magazine\/?s={search_term_string}\"},\"query-input\":\"required name=search_term_string\"}],\"inLanguage\":\"fr-FR\"},{\"@type\":\"Organization\",\"@id\":\"https:\/\/www.photoweb.fr\/espaces\/magazine\/#organization\",\"name\":\"Photoweb\",\"url\":\"https:\/\/www.photoweb.fr\/espaces\/magazine\/\",\"logo\":{\"@type\":\"ImageObject\",\"inLanguage\":\"fr-FR\",\"@id\":\"https:\/\/www.photoweb.fr\/espaces\/magazine\/#\/schema\/logo\/image\/\",\"url\":\"https:\/\/www.photoweb.fr\/espaces\/magazine\/wp-content\/uploads\/2021\/02\/Logo-Photoweb.jpg\",\"contentUrl\":\"https:\/\/www.photoweb.fr\/espaces\/magazine\/wp-content\/uploads\/2021\/02\/Logo-Photoweb.jpg\",\"width\":780,\"height\":456,\"caption\":\"Photoweb\"},\"image\":{\"@id\":\"https:\/\/www.photoweb.fr\/espaces\/magazine\/#\/schema\/logo\/image\/\"},\"sameAs\":[\"https:\/\/fr-fr.facebook.com\/Photoweb.fr\/\",\"https:\/\/twitter.com\/Photoweb_fr\",\"https:\/\/www.instagram.com\/photowebfr\/\",\"https:\/\/www.linkedin.com\/company\/347094\/\",\"https:\/\/www.pinterest.fr\/inspirationsphotoweb\/_created\/\",\"https:\/\/www.youtube.com\/channel\/UCtcVmTvkAzKQLVkiwfOm8sg\"]},{\"@type\":\"Person\",\"@id\":\"https:\/\/www.photoweb.fr\/espaces\/magazine\/#\/schema\/person\/f354e6bd2302e567e1329fa54e90ff15\",\"name\":\"Maud\"}]}<\/script>\n<!-- \/ Yoast SEO plugin. -->","yoast_head_json":{"title":"\"Les objets photo personnalis\u00e9s\" et \"La boutique\" Photoweb","description":"Vous \u00eates \u00e0 la recherche d'un objet photo personnalis\u00e9 et original ? D\u00e9couvrez tous nos objets photo personnalis\u00e9s \u00e0 cr\u00e9er pour soi-m\u00eame ou \u00e0 offrir !","robots":{"index":"index","follow":"follow","max-snippet":"max-snippet:-1","max-image-preview":"max-image-preview:large","max-video-preview":"max-video-preview:-1"},"canonical":"https:\/\/www.photoweb.fr\/espaces\/magazine\/objets-photo-personnalises-et-boutique\/","og_locale":"fr_FR","og_type":"article","og_title":"\"Les objets photo personnalis\u00e9s\" et \"La boutique\" Photoweb","og_description":"Vous \u00eates \u00e0 la recherche d'un objet photo personnalis\u00e9 et original ? D\u00e9couvrez tous nos objets photo personnalis\u00e9s \u00e0 cr\u00e9er pour soi-m\u00eame ou \u00e0 offrir !","og_url":"https:\/\/www.photoweb.fr\/espaces\/magazine\/objets-photo-personnalises-et-boutique\/","og_site_name":"Photoweb, le mag","article_publisher":"https:\/\/fr-fr.facebook.com\/Photoweb.fr\/","article_published_time":"2017-05-05T12:00:35+00:00","article_modified_time":"2024-10-31T10:49:50+00:00","og_image":[{"width":800,"height":600,"url":"https:\/\/www.photoweb.fr\/espaces\/magazine\/wp-content\/uploads\/2018\/01\/objets-photo1.jpg","type":"image\/jpeg"}],"author":"Maud","twitter_card":"summary_large_image","twitter_creator":"@Photoweb_fr","twitter_site":"@Photoweb_fr","twitter_misc":{"\u00c9crit par":"Maud","Dur\u00e9e de lecture estim\u00e9e":"1 minute"},"schema":{"@context":"https:\/\/schema.org","@graph":[{"@type":"Article","@id":"https:\/\/www.photoweb.fr\/espaces\/magazine\/objets-photo-personnalises-et-boutique\/#article","isPartOf":{"@id":"https:\/\/www.photoweb.fr\/espaces\/magazine\/objets-photo-personnalises-et-boutique\/"},"author":{"name":"Maud","@id":"https:\/\/www.photoweb.fr\/espaces\/magazine\/#\/schema\/person\/f354e6bd2302e567e1329fa54e90ff15"},"headline":"\u00ab\u00a0Les objets photo personnalis\u00e9s\u00a0\u00bb et \u00ab\u00a0La boutique\u00a0\u00bb","datePublished":"2017-05-05T12:00:35+00:00","dateModified":"2024-10-31T10:49:50+00:00","mainEntityOfPage":{"@id":"https:\/\/www.photoweb.fr\/espaces\/magazine\/objets-photo-personnalises-et-boutique\/"},"wordCount":124,"publisher":{"@id":"https:\/\/www.photoweb.fr\/espaces\/magazine\/#organization"},"articleSection":["Aide"],"inLanguage":"fr-FR"},{"@type":"WebPage","@id":"https:\/\/www.photoweb.fr\/espaces\/magazine\/objets-photo-personnalises-et-boutique\/","url":"https:\/\/www.photoweb.fr\/espaces\/magazine\/objets-photo-personnalises-et-boutique\/","name":"\"Les objets photo personnalis\u00e9s\" et \"La boutique\" Photoweb","isPartOf":{"@id":"https:\/\/www.photoweb.fr\/espaces\/magazine\/#website"},"datePublished":"2017-05-05T12:00:35+00:00","dateModified":"2024-10-31T10:49:50+00:00","description":"Vous \u00eates \u00e0 la recherche d'un objet photo personnalis\u00e9 et original ? D\u00e9couvrez tous nos objets photo personnalis\u00e9s \u00e0 cr\u00e9er pour soi-m\u00eame ou \u00e0 offrir !","breadcrumb":{"@id":"https:\/\/www.photoweb.fr\/espaces\/magazine\/objets-photo-personnalises-et-boutique\/#breadcrumb"},"inLanguage":"fr-FR","potentialAction":[{"@type":"ReadAction","target":["https:\/\/www.photoweb.fr\/espaces\/magazine\/objets-photo-personnalises-et-boutique\/"]}]},{"@type":"BreadcrumbList","@id":"https:\/\/www.photoweb.fr\/espaces\/magazine\/objets-photo-personnalises-et-boutique\/#breadcrumb","itemListElement":[{"@type":"ListItem","position":1,"name":"Accueil","item":"https:\/\/www.photoweb.fr\/espaces\/magazine\/"},{"@type":"ListItem","position":2,"name":"Aide","item":"https:\/\/www.photoweb.fr\/espaces\/magazine\/aide\/"},{"@type":"ListItem","position":3,"name":"\u00ab\u00a0Les objets photo personnalis\u00e9s\u00a0\u00bb et \u00ab\u00a0La boutique\u00a0\u00bb"}]},{"@type":"WebSite","@id":"https:\/\/www.photoweb.fr\/espaces\/magazine\/#website","url":"https:\/\/www.photoweb.fr\/espaces\/magazine\/","name":"Photoweb, le mag","description":"Le magazine de Photoweb","publisher":{"@id":"https:\/\/www.photoweb.fr\/espaces\/magazine\/#organization"},"potentialAction":[{"@type":"SearchAction","target":{"@type":"EntryPoint","urlTemplate":"https:\/\/www.photoweb.fr\/espaces\/magazine\/?s={search_term_string}"},"query-input":"required name=search_term_string"}],"inLanguage":"fr-FR"},{"@type":"Organization","@id":"https:\/\/www.photoweb.fr\/espaces\/magazine\/#organization","name":"Photoweb","url":"https:\/\/www.photoweb.fr\/espaces\/magazine\/","logo":{"@type":"ImageObject","inLanguage":"fr-FR","@id":"https:\/\/www.photoweb.fr\/espaces\/magazine\/#\/schema\/logo\/image\/","url":"https:\/\/www.photoweb.fr\/espaces\/magazine\/wp-content\/uploads\/2021\/02\/Logo-Photoweb.jpg","contentUrl":"https:\/\/www.photoweb.fr\/espaces\/magazine\/wp-content\/uploads\/2021\/02\/Logo-Photoweb.jpg","width":780,"height":456,"caption":"Photoweb"},"image":{"@id":"https:\/\/www.photoweb.fr\/espaces\/magazine\/#\/schema\/logo\/image\/"},"sameAs":["https:\/\/fr-fr.facebook.com\/Photoweb.fr\/","https:\/\/twitter.com\/Photoweb_fr","https:\/\/www.instagram.com\/photowebfr\/","https:\/\/www.linkedin.com\/company\/347094\/","https:\/\/www.pinterest.fr\/inspirationsphotoweb\/_created\/","https:\/\/www.youtube.com\/channel\/UCtcVmTvkAzKQLVkiwfOm8sg"]},{"@type":"Person","@id":"https:\/\/www.photoweb.fr\/espaces\/magazine\/#\/schema\/person\/f354e6bd2302e567e1329fa54e90ff15","name":"Maud"}]}},"acf":[],"_links":{"self":[{"href":"https:\/\/www.photoweb.fr\/espaces\/magazine\/wp-json\/wp\/v2\/posts\/3027","targetHints":{"allow":["GET"]}}],"collection":[{"href":"https:\/\/www.photoweb.fr\/espaces\/magazine\/wp-json\/wp\/v2\/posts"}],"about":[{"href":"https:\/\/www.photoweb.fr\/espaces\/magazine\/wp-json\/wp\/v2\/types\/post"}],"author":[{"embeddable":true,"href":"https:\/\/www.photoweb.fr\/espaces\/magazine\/wp-json\/wp\/v2\/users\/6"}],"replies":[{"embeddable":true,"href":"https:\/\/www.photoweb.fr\/espaces\/magazine\/wp-json\/wp\/v2\/comments?post=3027"}],"version-history":[{"count":1,"href":"https:\/\/www.photoweb.fr\/espaces\/magazine\/wp-json\/wp\/v2\/posts\/3027\/revisions"}],"predecessor-version":[{"id":13547,"href":"https:\/\/www.photoweb.fr\/espaces\/magazine\/wp-json\/wp\/v2\/posts\/3027\/revisions\/13547"}],"wp:featuredmedia":[{"embeddable":true,"href":"https:\/\/www.photoweb.fr\/espaces\/magazine\/wp-json\/wp\/v2\/media\/3865"}],"wp:attachment":[{"href":"https:\/\/www.photoweb.fr\/espaces\/magazine\/wp-json\/wp\/v2\/media?parent=3027"}],"wp:term":[{"taxonomy":"category","embeddable":true,"href":"https:\/\/www.photoweb.fr\/espaces\/magazine\/wp-json\/wp\/v2\/categories?post=3027"},{"taxonomy":"post_tag","embeddable":true,"href":"https:\/\/www.photoweb.fr\/espaces\/magazine\/wp-json\/wp\/v2\/tags?post=3027"}],"curies":[{"name":"wp","href":"https:\/\/api.w.org\/{rel}","templated":true}]}}