{"id":3192,"date":"2017-05-12T09:05:51","date_gmt":"2017-05-12T09:05:51","guid":{"rendered":"https:\/\/www.photoweb.fr\/espaces\/magazine\/magazine\/?p=3192"},"modified":"2024-08-28T10:48:01","modified_gmt":"2024-08-28T08:48:01","slug":"photo-horizontal-ou-photo-vertical","status":"publish","type":"post","link":"https:\/\/www.photoweb.fr\/espaces\/magazine\/photo-horizontal-ou-photo-vertical\/","title":{"rendered":"Cadrage photo : Photo horizontal ou photo vertical ?"},"content":{"rendered":"\n\n\t<h2>Photo horizontal et photo vertical, quel cadrage photo choisir ?<\/h2>\n<p>Choisir entre une prise de photo horizontal et une prise de photo vertical est essentiel en photographie ! Plus g\u00e9n\u00e9ralement, <b>une <a href=\"https:\/\/www.photoweb.fr\/catalogue\/listing\">photo<\/a> a tendance \u00e0 para\u00eetre plus \u00e9quilibr\u00e9e et plus stable si elle est en largeur. <\/b>Cette impression vient du fait que ce cadrage photo correspond \u00e0 une vision plus \u00ab\u00a0humaine\u00a0\u00bb. En effet, nos yeux sont habitu\u00e9s \u00e0 balayer notre champ de vision de gauche \u00e0 droite.<\/p>\n<h3>Photo horizontal : Quand l&rsquo;utiliser ?<\/h3>\n<p>Le cadrage horizontal fait r\u00e9f\u00e9rence au format \u00ab paysage \u00bb. Ce type de prise de vue est id\u00e9al pour photographier <strong>une sc\u00e8ne g\u00e9n\u00e9rale <\/strong>(paysage, groupe de personne&#8230;)<strong>,<\/strong> ainsi que toutes <strong>les actions qui se d\u00e9roulent sur la largeur<\/strong> (course de voiture par exemple)<strong>.<\/strong><\/p>\n\t\t\t\t<img loading=\"lazy\" decoding=\"async\" src=\"https:\/\/www.photoweb.fr\/espaces\/magazine\/wp-content\/uploads\/2017\/05\/cadrage-horizontal.jpg\" alt=\"photo horizontal\" itemprop=\"image\" height=\"281\" width=\"500\" title=\"photo horizontal\" onerror=\"this.style.display='none'\"  \/>\n\t<h3>Photo vertical : Quand l&rsquo;utiliser ?<\/h3>\n<p>A l&rsquo;inverse d&rsquo;une photo horizontal, une photo vertical est plus difficile \u00e0 appr\u00e9hender par nos yeux, car ils doivent balayer la photo de haut en bas.<\/p>\n<p>L&rsquo;impression d&rsquo;optique caract\u00e9ris\u00e9e par les prises de vue verticales nous poussent \u00e0 penser qu&rsquo;une photo prise verticalement est plus grande qu&rsquo;une photo horizontale.<\/p>\n<p>De part cette impression, notre <strong>\u0153il accorde moins d&rsquo;importance aux d\u00e9tails situ\u00e9s en haut ou en bas de la photo<\/strong>.<\/p>\nLe cadrage vertical (qui fait r\u00e9f\u00e9rence au format \u00ab portrait \u00bb).<br \/>\nse r\u00e9v\u00e8le alors id\u00e9al pour les<strong> photos portraits ou de sujets ou d&rsquo;actions se d\u00e9roulant dans la hauteur (escalade par exemple)<\/strong>.\n\t\t\t\t<img loading=\"lazy\" decoding=\"async\" src=\"https:\/\/www.photoweb.fr\/espaces\/magazine\/wp-content\/uploads\/2017\/05\/cadrage-vertical.jpg\" alt=\"photo vertical\" itemprop=\"image\" height=\"450\" width=\"300\" title=\"photo vertical\" onerror=\"this.style.display='none'\"  \/>\n\t<h2>R\u00e9sum\u00e9 des cadrages et <a href=\"https:\/\/www.photoweb.fr\/espaces\/magazine\/magazine\/impression-photo-quel-format-choisir\/\">formats photo<\/a> possibles<\/h2>\n<h3><strong>Le format \u00ab\u00a0Carr\u00e9\u00a0\u00bb :<\/strong><\/h3>\n<p>Il est possible de prendre ses photos en moyen format. Cependant, le format carr\u00e9 peut rapidement para\u00eetre monotone et inadapt\u00e9 \u00e0 certains sujets&#8230;<\/p>\n<h3><strong>Le format \u00ab\u00a0Rectangulaire\u00a0\u00bb :<\/strong><\/h3>\n<p>Le format classique rectangulaire comporte des lignes fortes qui dynamisent la photo.<\/p>\n<h3><strong>Le format \u00ab\u00a0Horizontal\u00a0\u00bb :<\/strong><\/h3>\n<p>Un prise de photo horizontal renvoi une impression de calme, de profondeur, mais \u00e9galement de distance.<\/p>\n<h3><strong>le format \u00ab\u00a0Vertical\u00a0\u00bb :<\/strong><\/h3>\n<p>Une prise de photo vertical renvoi une impression d&rsquo;action et de proximit\u00e9. Ce type de prise de vue est \u00e9galement plus chaleureux qu&rsquo;une prise de photo horizontal.<\/p>\n<p>&nbsp;<\/p>\n\t1.2.3.\nimprimez&#8239;!\n\t\t\t\t<a href=\"https:\/\/www.photoweb.fr\/produits\/tirage-photo\" target=\"_blank\" rel=\"noopener\" itemprop=\"url\">\n\t\t\t\t<img loading=\"lazy\" decoding=\"async\" src=\"https:\/\/www.photoweb.fr\/espaces\/magazine\/wp-content\/uploads\/2017\/06\/Tirages-classiques-photoweb.jpg\" alt=\"Tirages premium\" itemprop=\"image\" height=\"600\" width=\"600\" title=\"Tirages premium\" onerror=\"this.style.display='none'\"  \/>\n\t\t\t\t<\/a>\n\t<a href=\"https:\/\/www.photoweb.fr\/produits\/tirage-photo\">\nphotos \u00e0 imprimer<\/a>\n\n","protected":false},"excerpt":{"rendered":"<p>Photo horizontal et photo vertical, quel cadrage photo choisir ? Choisir entre une prise de photo horizontal et une prise de photo vertical est essentiel en photographie ! Plus g\u00e9n\u00e9ralement, une photo a tendance \u00e0 para\u00eetre plus \u00e9quilibr\u00e9e et plus stable si elle est en largeur. Cette impression vient du fait que ce cadrage photo&hellip;<\/p>\n","protected":false},"author":6,"featured_media":4003,"comment_status":"closed","ping_status":"open","sticky":false,"template":"single-standard.php","format":"standard","meta":{"footnotes":""},"categories":[91],"tags":[],"class_list":["post-3192","post","type-post","status-publish","format-standard","has-post-thumbnail","hentry","category-aide"],"yoast_head":"<!-- This site is optimized with the Yoast SEO plugin v20.3 - https:\/\/yoast.com\/wordpress\/plugins\/seo\/ -->\n<title>Photo horizontal ou vertical... que choisir ?<\/title>\n<meta name=\"description\" content=\"En photo, certains param\u00e8tres sont complexes... except\u00e9 le cadrage photo. Mais comment choisir entre photo horizontal ou vertical ?\" \/>\n<meta name=\"robots\" content=\"index, follow, max-snippet:-1, max-image-preview:large, max-video-preview:-1\" \/>\n<link rel=\"canonical\" href=\"https:\/\/www.photoweb.fr\/espaces\/magazine\/photo-horizontal-ou-photo-vertical\/\" \/>\n<meta property=\"og:locale\" content=\"fr_FR\" \/>\n<meta property=\"og:type\" content=\"article\" \/>\n<meta property=\"og:title\" content=\"Photo horizontal ou vertical... que choisir ?\" \/>\n<meta property=\"og:description\" content=\"En photo, certains param\u00e8tres sont complexes... except\u00e9 le cadrage photo. Mais comment choisir entre photo horizontal ou vertical ?\" \/>\n<meta property=\"og:url\" content=\"https:\/\/www.photoweb.fr\/espaces\/magazine\/photo-horizontal-ou-photo-vertical\/\" \/>\n<meta property=\"og:site_name\" content=\"Photoweb, le mag\" \/>\n<meta property=\"article:publisher\" content=\"https:\/\/fr-fr.facebook.com\/Photoweb.fr\/\" \/>\n<meta property=\"article:published_time\" content=\"2017-05-12T09:05:51+00:00\" \/>\n<meta property=\"article:modified_time\" content=\"2024-08-28T08:48:01+00:00\" \/>\n<meta property=\"og:image\" content=\"https:\/\/www.photoweb.fr\/espaces\/magazine\/wp-content\/uploads\/2018\/01\/cadrage-photo.jpg\" \/>\n\t<meta property=\"og:image:width\" content=\"800\" \/>\n\t<meta property=\"og:image:height\" content=\"600\" \/>\n\t<meta property=\"og:image:type\" content=\"image\/jpeg\" \/>\n<meta name=\"author\" content=\"Maud\" \/>\n<meta name=\"twitter:card\" content=\"summary_large_image\" \/>\n<meta name=\"twitter:creator\" content=\"@Photoweb_fr\" \/>\n<meta name=\"twitter:site\" content=\"@Photoweb_fr\" \/>\n<meta name=\"twitter:label1\" content=\"\u00c9crit par\" \/>\n\t<meta name=\"twitter:data1\" content=\"Maud\" \/>\n\t<meta name=\"twitter:label2\" content=\"Dur\u00e9e de lecture estim\u00e9e\" \/>\n\t<meta name=\"twitter:data2\" content=\"3 minutes\" \/>\n<script type=\"application\/ld+json\" class=\"yoast-schema-graph\">{\"@context\":\"https:\/\/schema.org\",\"@graph\":[{\"@type\":\"Article\",\"@id\":\"https:\/\/www.photoweb.fr\/espaces\/magazine\/photo-horizontal-ou-photo-vertical\/#article\",\"isPartOf\":{\"@id\":\"https:\/\/www.photoweb.fr\/espaces\/magazine\/photo-horizontal-ou-photo-vertical\/\"},\"author\":{\"name\":\"Maud\",\"@id\":\"https:\/\/www.photoweb.fr\/espaces\/magazine\/#\/schema\/person\/f354e6bd2302e567e1329fa54e90ff15\"},\"headline\":\"Cadrage photo : Photo horizontal ou photo vertical ?\",\"datePublished\":\"2017-05-12T09:05:51+00:00\",\"dateModified\":\"2024-08-28T08:48:01+00:00\",\"mainEntityOfPage\":{\"@id\":\"https:\/\/www.photoweb.fr\/espaces\/magazine\/photo-horizontal-ou-photo-vertical\/\"},\"wordCount\":349,\"publisher\":{\"@id\":\"https:\/\/www.photoweb.fr\/espaces\/magazine\/#organization\"},\"articleSection\":[\"Aide\"],\"inLanguage\":\"fr-FR\"},{\"@type\":\"WebPage\",\"@id\":\"https:\/\/www.photoweb.fr\/espaces\/magazine\/photo-horizontal-ou-photo-vertical\/\",\"url\":\"https:\/\/www.photoweb.fr\/espaces\/magazine\/photo-horizontal-ou-photo-vertical\/\",\"name\":\"Photo horizontal ou vertical... que choisir ?\",\"isPartOf\":{\"@id\":\"https:\/\/www.photoweb.fr\/espaces\/magazine\/#website\"},\"datePublished\":\"2017-05-12T09:05:51+00:00\",\"dateModified\":\"2024-08-28T08:48:01+00:00\",\"description\":\"En photo, certains param\u00e8tres sont complexes... except\u00e9 le cadrage photo. Mais comment choisir entre photo horizontal ou vertical ?\",\"breadcrumb\":{\"@id\":\"https:\/\/www.photoweb.fr\/espaces\/magazine\/photo-horizontal-ou-photo-vertical\/#breadcrumb\"},\"inLanguage\":\"fr-FR\",\"potentialAction\":[{\"@type\":\"ReadAction\",\"target\":[\"https:\/\/www.photoweb.fr\/espaces\/magazine\/photo-horizontal-ou-photo-vertical\/\"]}]},{\"@type\":\"BreadcrumbList\",\"@id\":\"https:\/\/www.photoweb.fr\/espaces\/magazine\/photo-horizontal-ou-photo-vertical\/#breadcrumb\",\"itemListElement\":[{\"@type\":\"ListItem\",\"position\":1,\"name\":\"Accueil\",\"item\":\"https:\/\/www.photoweb.fr\/espaces\/magazine\/\"},{\"@type\":\"ListItem\",\"position\":2,\"name\":\"Aide\",\"item\":\"https:\/\/www.photoweb.fr\/espaces\/magazine\/aide\/\"},{\"@type\":\"ListItem\",\"position\":3,\"name\":\"Cadrage photo : Photo horizontal ou photo vertical ?\"}]},{\"@type\":\"WebSite\",\"@id\":\"https:\/\/www.photoweb.fr\/espaces\/magazine\/#website\",\"url\":\"https:\/\/www.photoweb.fr\/espaces\/magazine\/\",\"name\":\"Photoweb, le mag\",\"description\":\"Le magazine de Photoweb\",\"publisher\":{\"@id\":\"https:\/\/www.photoweb.fr\/espaces\/magazine\/#organization\"},\"potentialAction\":[{\"@type\":\"SearchAction\",\"target\":{\"@type\":\"EntryPoint\",\"urlTemplate\":\"https:\/\/www.photoweb.fr\/espaces\/magazine\/?s={search_term_string}\"},\"query-input\":\"required name=search_term_string\"}],\"inLanguage\":\"fr-FR\"},{\"@type\":\"Organization\",\"@id\":\"https:\/\/www.photoweb.fr\/espaces\/magazine\/#organization\",\"name\":\"Photoweb\",\"url\":\"https:\/\/www.photoweb.fr\/espaces\/magazine\/\",\"logo\":{\"@type\":\"ImageObject\",\"inLanguage\":\"fr-FR\",\"@id\":\"https:\/\/www.photoweb.fr\/espaces\/magazine\/#\/schema\/logo\/image\/\",\"url\":\"https:\/\/www.photoweb.fr\/espaces\/magazine\/wp-content\/uploads\/2021\/02\/Logo-Photoweb.jpg\",\"contentUrl\":\"https:\/\/www.photoweb.fr\/espaces\/magazine\/wp-content\/uploads\/2021\/02\/Logo-Photoweb.jpg\",\"width\":780,\"height\":456,\"caption\":\"Photoweb\"},\"image\":{\"@id\":\"https:\/\/www.photoweb.fr\/espaces\/magazine\/#\/schema\/logo\/image\/\"},\"sameAs\":[\"https:\/\/fr-fr.facebook.com\/Photoweb.fr\/\",\"https:\/\/twitter.com\/Photoweb_fr\",\"https:\/\/www.instagram.com\/photowebfr\/\",\"https:\/\/www.linkedin.com\/company\/347094\/\",\"https:\/\/www.pinterest.fr\/inspirationsphotoweb\/_created\/\",\"https:\/\/www.youtube.com\/channel\/UCtcVmTvkAzKQLVkiwfOm8sg\"]},{\"@type\":\"Person\",\"@id\":\"https:\/\/www.photoweb.fr\/espaces\/magazine\/#\/schema\/person\/f354e6bd2302e567e1329fa54e90ff15\",\"name\":\"Maud\"}]}<\/script>\n<!-- \/ Yoast SEO plugin. -->","yoast_head_json":{"title":"Photo horizontal ou vertical... que choisir ?","description":"En photo, certains param\u00e8tres sont complexes... except\u00e9 le cadrage photo. Mais comment choisir entre photo horizontal ou vertical ?","robots":{"index":"index","follow":"follow","max-snippet":"max-snippet:-1","max-image-preview":"max-image-preview:large","max-video-preview":"max-video-preview:-1"},"canonical":"https:\/\/www.photoweb.fr\/espaces\/magazine\/photo-horizontal-ou-photo-vertical\/","og_locale":"fr_FR","og_type":"article","og_title":"Photo horizontal ou vertical... que choisir ?","og_description":"En photo, certains param\u00e8tres sont complexes... except\u00e9 le cadrage photo. Mais comment choisir entre photo horizontal ou vertical ?","og_url":"https:\/\/www.photoweb.fr\/espaces\/magazine\/photo-horizontal-ou-photo-vertical\/","og_site_name":"Photoweb, le mag","article_publisher":"https:\/\/fr-fr.facebook.com\/Photoweb.fr\/","article_published_time":"2017-05-12T09:05:51+00:00","article_modified_time":"2024-08-28T08:48:01+00:00","og_image":[{"width":800,"height":600,"url":"https:\/\/www.photoweb.fr\/espaces\/magazine\/wp-content\/uploads\/2018\/01\/cadrage-photo.jpg","type":"image\/jpeg"}],"author":"Maud","twitter_card":"summary_large_image","twitter_creator":"@Photoweb_fr","twitter_site":"@Photoweb_fr","twitter_misc":{"\u00c9crit par":"Maud","Dur\u00e9e de lecture estim\u00e9e":"3 minutes"},"schema":{"@context":"https:\/\/schema.org","@graph":[{"@type":"Article","@id":"https:\/\/www.photoweb.fr\/espaces\/magazine\/photo-horizontal-ou-photo-vertical\/#article","isPartOf":{"@id":"https:\/\/www.photoweb.fr\/espaces\/magazine\/photo-horizontal-ou-photo-vertical\/"},"author":{"name":"Maud","@id":"https:\/\/www.photoweb.fr\/espaces\/magazine\/#\/schema\/person\/f354e6bd2302e567e1329fa54e90ff15"},"headline":"Cadrage photo : Photo horizontal ou photo vertical ?","datePublished":"2017-05-12T09:05:51+00:00","dateModified":"2024-08-28T08:48:01+00:00","mainEntityOfPage":{"@id":"https:\/\/www.photoweb.fr\/espaces\/magazine\/photo-horizontal-ou-photo-vertical\/"},"wordCount":349,"publisher":{"@id":"https:\/\/www.photoweb.fr\/espaces\/magazine\/#organization"},"articleSection":["Aide"],"inLanguage":"fr-FR"},{"@type":"WebPage","@id":"https:\/\/www.photoweb.fr\/espaces\/magazine\/photo-horizontal-ou-photo-vertical\/","url":"https:\/\/www.photoweb.fr\/espaces\/magazine\/photo-horizontal-ou-photo-vertical\/","name":"Photo horizontal ou vertical... que choisir ?","isPartOf":{"@id":"https:\/\/www.photoweb.fr\/espaces\/magazine\/#website"},"datePublished":"2017-05-12T09:05:51+00:00","dateModified":"2024-08-28T08:48:01+00:00","description":"En photo, certains param\u00e8tres sont complexes... except\u00e9 le cadrage photo. Mais comment choisir entre photo horizontal ou vertical ?","breadcrumb":{"@id":"https:\/\/www.photoweb.fr\/espaces\/magazine\/photo-horizontal-ou-photo-vertical\/#breadcrumb"},"inLanguage":"fr-FR","potentialAction":[{"@type":"ReadAction","target":["https:\/\/www.photoweb.fr\/espaces\/magazine\/photo-horizontal-ou-photo-vertical\/"]}]},{"@type":"BreadcrumbList","@id":"https:\/\/www.photoweb.fr\/espaces\/magazine\/photo-horizontal-ou-photo-vertical\/#breadcrumb","itemListElement":[{"@type":"ListItem","position":1,"name":"Accueil","item":"https:\/\/www.photoweb.fr\/espaces\/magazine\/"},{"@type":"ListItem","position":2,"name":"Aide","item":"https:\/\/www.photoweb.fr\/espaces\/magazine\/aide\/"},{"@type":"ListItem","position":3,"name":"Cadrage photo : Photo horizontal ou photo vertical ?"}]},{"@type":"WebSite","@id":"https:\/\/www.photoweb.fr\/espaces\/magazine\/#website","url":"https:\/\/www.photoweb.fr\/espaces\/magazine\/","name":"Photoweb, le mag","description":"Le magazine de Photoweb","publisher":{"@id":"https:\/\/www.photoweb.fr\/espaces\/magazine\/#organization"},"potentialAction":[{"@type":"SearchAction","target":{"@type":"EntryPoint","urlTemplate":"https:\/\/www.photoweb.fr\/espaces\/magazine\/?s={search_term_string}"},"query-input":"required name=search_term_string"}],"inLanguage":"fr-FR"},{"@type":"Organization","@id":"https:\/\/www.photoweb.fr\/espaces\/magazine\/#organization","name":"Photoweb","url":"https:\/\/www.photoweb.fr\/espaces\/magazine\/","logo":{"@type":"ImageObject","inLanguage":"fr-FR","@id":"https:\/\/www.photoweb.fr\/espaces\/magazine\/#\/schema\/logo\/image\/","url":"https:\/\/www.photoweb.fr\/espaces\/magazine\/wp-content\/uploads\/2021\/02\/Logo-Photoweb.jpg","contentUrl":"https:\/\/www.photoweb.fr\/espaces\/magazine\/wp-content\/uploads\/2021\/02\/Logo-Photoweb.jpg","width":780,"height":456,"caption":"Photoweb"},"image":{"@id":"https:\/\/www.photoweb.fr\/espaces\/magazine\/#\/schema\/logo\/image\/"},"sameAs":["https:\/\/fr-fr.facebook.com\/Photoweb.fr\/","https:\/\/twitter.com\/Photoweb_fr","https:\/\/www.instagram.com\/photowebfr\/","https:\/\/www.linkedin.com\/company\/347094\/","https:\/\/www.pinterest.fr\/inspirationsphotoweb\/_created\/","https:\/\/www.youtube.com\/channel\/UCtcVmTvkAzKQLVkiwfOm8sg"]},{"@type":"Person","@id":"https:\/\/www.photoweb.fr\/espaces\/magazine\/#\/schema\/person\/f354e6bd2302e567e1329fa54e90ff15","name":"Maud"}]}},"acf":[],"_links":{"self":[{"href":"https:\/\/www.photoweb.fr\/espaces\/magazine\/wp-json\/wp\/v2\/posts\/3192","targetHints":{"allow":["GET"]}}],"collection":[{"href":"https:\/\/www.photoweb.fr\/espaces\/magazine\/wp-json\/wp\/v2\/posts"}],"about":[{"href":"https:\/\/www.photoweb.fr\/espaces\/magazine\/wp-json\/wp\/v2\/types\/post"}],"author":[{"embeddable":true,"href":"https:\/\/www.photoweb.fr\/espaces\/magazine\/wp-json\/wp\/v2\/users\/6"}],"replies":[{"embeddable":true,"href":"https:\/\/www.photoweb.fr\/espaces\/magazine\/wp-json\/wp\/v2\/comments?post=3192"}],"version-history":[{"count":2,"href":"https:\/\/www.photoweb.fr\/espaces\/magazine\/wp-json\/wp\/v2\/posts\/3192\/revisions"}],"predecessor-version":[{"id":13371,"href":"https:\/\/www.photoweb.fr\/espaces\/magazine\/wp-json\/wp\/v2\/posts\/3192\/revisions\/13371"}],"wp:featuredmedia":[{"embeddable":true,"href":"https:\/\/www.photoweb.fr\/espaces\/magazine\/wp-json\/wp\/v2\/media\/4003"}],"wp:attachment":[{"href":"https:\/\/www.photoweb.fr\/espaces\/magazine\/wp-json\/wp\/v2\/media?parent=3192"}],"wp:term":[{"taxonomy":"category","embeddable":true,"href":"https:\/\/www.photoweb.fr\/espaces\/magazine\/wp-json\/wp\/v2\/categories?post=3192"},{"taxonomy":"post_tag","embeddable":true,"href":"https:\/\/www.photoweb.fr\/espaces\/magazine\/wp-json\/wp\/v2\/tags?post=3192"}],"curies":[{"name":"wp","href":"https:\/\/api.w.org\/{rel}","templated":true}]}}