{"id":3444,"date":"2017-12-01T09:44:28","date_gmt":"2017-12-01T09:44:28","guid":{"rendered":"https:\/\/www.photoweb.fr\/espaces\/magazine\/magazine\/?p=3444"},"modified":"2024-11-07T13:06:02","modified_gmt":"2024-11-07T11:06:02","slug":"diy-sapin-en-photo","status":"publish","type":"post","link":"https:\/\/www.photoweb.fr\/espaces\/magazine\/diy-sapin-en-photo\/","title":{"rendered":"DIY &#8211; Sapin en photo"},"content":{"rendered":"\n\n\t<p>Cette ann\u00e9e c&rsquo;est d\u00e9cid\u00e9 ! Photoweb enfile <strong>son pull de No\u00ebl<\/strong> et vous am\u00e8ne f\u00eater les f\u00eates de fin d&rsquo;ann\u00e9e avec des \u00e9toiles plein les yeux ! Envie de changer du traditionnel \u00ab sapin de No\u00ebl \u00bb ? On a <strong>THE id\u00e9e<\/strong> pour d\u00e9corer votre int\u00e9rieur avec un <strong>sapin unique et 100% photo<\/strong> !<\/p>\n\t<h2><strong>Pour la r\u00e9alisation de votre \u00ab sapin photo \u00bb il vous faut :<\/strong><\/h2>\n<ul>\n<li>43 photos<\/li>\n<li>Carton kraft (papier \u00e9pais)<\/li>\n<li>Du masking tape de couleur diff\u00e9rente\/motif<\/li>\n<li>Patafix<\/li>\n<\/ul>\n<h3><strong>Le choix de vos photos<\/strong><\/h3>\n<p>C&rsquo;est le moment de r\u00e9unir votre smartphone, appareil photo, ordinateur&#8230; pour faire une s\u00e9lection de vos photos pr\u00e9f\u00e9r\u00e9es et les imprimer ! 43 photos, c&rsquo;est le nombre de photos qu&rsquo;il vous faut pour faire ce sapin fa\u00e7on \u00ab grandeur nature \u00bb. Vous pouvez toujours l&rsquo;adapter en r\u00e9duisant les photos par deux si vous le souhaitez.<\/p>\n<p>En attendant 2025, revivez pendant un court instant chaque bon moment de 2024 \u00e0 travers vos photos ! Et en plus, termin\u00e9 les \u00e9pines qui tombent du sapin \ud83d\ude42<\/p>\n<p>&nbsp;<\/p>\n\t\t\t\t<img loading=\"lazy\" decoding=\"async\" src=\"https:\/\/www.photoweb.fr\/espaces\/magazine\/wp-content\/uploads\/2017\/11\/patron-sapin-photo-300x225.jpg\" alt=\"patron sapin photo\" itemprop=\"image\" height=\"225\" width=\"300\" title=\"patron sapin photo\" onerror=\"this.style.display='none'\"  \/>\n\t<h3><strong>L&rsquo;impression de vos souvenirs<\/strong><\/h3>\n<p>T\u00e9l\u00e9chargez notre patron <strong>\u00ab sapin photo \u00bb<\/strong> pour d\u00e9couvrir comment vos photos devront \u00eatre dispos\u00e9es et tous les formats dont vous allez utiliser pour avoir cet effet r\u00e9tro !<\/p>\n<a href=\"..\/wp-content\/uploads\/sites\/3\/2017\/11\/patron-sapin-photo-photoweb.jpg\" target=\"_blank\" rel=\"noopener\"><br \/>\n<strong>PATRON SAPIN A <\/strong><b>T\u00c9L\u00c9CHARGER<\/b><br \/>\n<\/a>\n<p>&nbsp;<\/p>\n<p><u>Petite checklist de photo \u00e0 commander sur <a href=\"https:\/\/www.photoweb.fr\/espaces\/magazine\/..\/\" target=\"_blank\" rel=\"noopener\">Photoweb.fr<\/a> : <\/u><\/p>\n<ul>\n<li><a href=\"https:\/\/www.photoweb.fr\/tirage-photo\/premium\" target=\"_blank\" rel=\"noopener\">Tirages Premium : 14 tirages<\/a><\/li>\n<li><a href=\"https:\/\/www.photoweb.fr\/tirage-photo\/premium\" target=\"_blank\" rel=\"noopener\">Tirages Premium format 9&#215;13 : 4 tirages (marron fonc\u00e9)<\/a><\/li>\n<li><a href=\"https:\/\/www.photoweb.fr\/tirage-photo\/premium\" target=\"_blank\" rel=\"noopener\">Tirages Premium format 11&#215;15 : 3 tirages (marron fonc\u00e9)<\/a><\/li>\n<li><a href=\"https:\/\/www.photoweb.fr\/tirage-photo\/carre\" target=\"_blank\" rel=\"noopener\">Tirages Carr\u00e9 format 13&#215;13 : 8 tirages (gris clair)<\/a><\/li>\n<li><a href=\"https:\/\/www.photoweb.fr\/tirage-photo\/carre\" target=\"_blank\" rel=\"noopener\">Tirages Carr\u00e9 format 20&#215;20 : 1 tirage (rouge)<\/a><\/li>\n<li><a href=\"https:\/\/www.photoweb.fr\/box\/tirage-vintage\" target=\"_blank\" rel=\"noopener\">1 bo\u00eete de 12 tirages Vintage<\/a><\/li>\n<\/ul>\n<p>Cela vous fait un total de 43 photos.<\/p>\n<p>&nbsp;<\/p>\n<h3><strong>Notre moment pr\u00e9f\u00e9r\u00e9 : faites votre sapin&#8230;<\/strong><\/h3>\n<p>A l&rsquo;aide de notre patron, reprenez ligne par ligne l&rsquo;ordre des photos pour les d\u00e9poser sur l&rsquo;un de vos murs. Nous avons un faible pour accrocher le sapin au-dessus de la chemin\u00e9e, ou dans le salon pour cr\u00e9er une ambiance f\u00e9erique \u00e0 la maison !<\/p>\n<p>Ce moment est \u00e0 partager en famille, vos enfants seront les premiers int\u00e9ress\u00e9s \u00e0 participer \u00e0 cette activit\u00e9 !<\/p>\n<p>Ps : partagez vos cr\u00e9ations sur <a href=\"https:\/\/www.instagram.com\/photowebfr\/\" target=\"_blank\" rel=\"noopener\">Instagram<\/a> avec le <strong>#Photoweb <\/strong>ou en mentionnant @Photowebfr dans votre story !<\/p>\n\t\t\t\t<img loading=\"lazy\" decoding=\"async\" src=\"https:\/\/www.photoweb.fr\/espaces\/magazine\/wp-content\/uploads\/2017\/11\/sapin-photoweb.jpg\" alt=\"sapin photoweb\" itemprop=\"image\" height=\"800\" width=\"563\" title=\"sapin photoweb\" onerror=\"this.style.display='none'\"  \/>\n\tOn adore cette p\u00e9riode chez Photoweb. On aime vous faire plaisir en vous proposant plein d&rsquo;opportunit\u00e9s pour qu&rsquo;aujourd&rsquo;hui compte pour toujours&#8230; Vous donnez l&rsquo;occasion de partager avec vos proches de beaux moments pass\u00e9s ensemble&#8230;<br \/>\nVous pouvez nous recopier, nous ne dirons rien \u00e0 notre \u00e9quipe d\u00e9co&#8230; ! Ou laissez simplement parler votre cr\u00e9ativit\u00e9 \ud83d\ude42\n\t1.2.3.\nimprimez&#8239;!\n\t\t\t\t<a href=\"https:\/\/www.photoweb.fr\/tirage-photo\/premium\" target=\"_blank\" rel=\"noopener\" itemprop=\"url\">\n\t\t\t\t<img loading=\"lazy\" decoding=\"async\" src=\"https:\/\/www.photoweb.fr\/espaces\/magazine\/wp-content\/uploads\/2017\/06\/Tirages-classiques-photoweb.jpg\" alt=\"Tirages premium\" itemprop=\"image\" height=\"600\" width=\"600\" title=\"Tirages premium\" onerror=\"this.style.display='none'\"  \/>\n\t\t\t\t<\/a>\n\t<a target=\"_blank\" href=\"https:\/\/www.photoweb.fr\/tirage-photo\/premium\" rel=\"noopener\">\nCr\u00e9er mes tirages premium<\/a>\n\t\t\t\t<a href=\"https:\/\/www.photoweb.fr\/box\/tirage-vintage\" target=\"_blank\" rel=\"noopener\" itemprop=\"url\">\n\t\t\t\t<img loading=\"lazy\" decoding=\"async\" src=\"https:\/\/www.photoweb.fr\/espaces\/magazine\/wp-content\/uploads\/2017\/06\/tirages-vintage-photoweb.jpg\" alt=\"tirage retro\" itemprop=\"image\" height=\"600\" width=\"600\" title=\"tirages-vintage-photoweb\" onerror=\"this.style.display='none'\"  \/>\n\t\t\t\t<\/a>\n\t<a target=\"_blank\" href=\"https:\/\/www.photoweb.fr\/box\/tirage-vintage\" rel=\"noopener\">\nCr\u00e9er ma bo\u00eete \u00e0 tirages Vintage<\/a>\n\t\t\t\t<a href=\"https:\/\/www.photoweb.fr\/tirage-photo\/carre\" target=\"_blank\" rel=\"noopener\" itemprop=\"url\">\n\t\t\t\t<img loading=\"lazy\" decoding=\"async\" src=\"https:\/\/www.photoweb.fr\/espaces\/magazine\/wp-content\/uploads\/2017\/06\/tirages-carre-photoweb.jpg\" alt=\"tirages carre photoweb\" itemprop=\"image\" height=\"600\" width=\"600\" title=\"tirages carre photoweb\" onerror=\"this.style.display='none'\"  \/>\n\t\t\t\t<\/a>\n\t<a target=\"_blank\" href=\"https:\/\/www.photoweb.fr\/tirage-photo\/carre\" rel=\"noopener\">\nCr\u00e9er mes tirages carr\u00e9 <\/a>\n\n","protected":false},"excerpt":{"rendered":"<p>Cette ann\u00e9e c\u2019est d\u00e9cid\u00e9 ! Photoweb enfile son pull de No\u00ebl et vous am\u00e8ne f\u00eater les f\u00eates de fin d\u2019ann\u00e9e avec des \u00e9toiles plein les yeux ! Envie de changer du traditionnel \u00ab sapin de No\u00ebl \u00bb ? On a THE id\u00e9e pour d\u00e9corer votre int\u00e9rieur avec un sapin unique et 100% photo !<\/p>\n","protected":false},"author":21,"featured_media":3469,"comment_status":"open","ping_status":"open","sticky":false,"template":"single-standard.php","format":"standard","meta":{"footnotes":""},"categories":[5],"tags":[],"class_list":["post-3444","post","type-post","status-publish","format-standard","has-post-thumbnail","hentry","category-carnet-de-tendances"],"yoast_head":"<!-- This site is optimized with the Yoast SEO plugin v20.3 - https:\/\/yoast.com\/wordpress\/plugins\/seo\/ -->\n<title>DIY - Sapin en photo<\/title>\n<meta name=\"description\" content=\"Vous avez envie de changer du traditionnel \u00ab sapin de No\u00ebl \u00bb ? On a l&#039;id\u00e9e pour d\u00e9corer votre int\u00e9rieur avec un sapin unique et 100% photo !\" \/>\n<meta name=\"robots\" content=\"index, follow, max-snippet:-1, max-image-preview:large, max-video-preview:-1\" \/>\n<link rel=\"canonical\" href=\"https:\/\/www.photoweb.fr\/espaces\/magazine\/diy-sapin-en-photo\/\" \/>\n<meta property=\"og:locale\" content=\"fr_FR\" \/>\n<meta property=\"og:type\" content=\"article\" \/>\n<meta property=\"og:title\" content=\"DIY - Sapin en photo\" \/>\n<meta property=\"og:description\" content=\"Vous avez envie de changer du traditionnel \u00ab sapin de No\u00ebl \u00bb ? On a l&#039;id\u00e9e pour d\u00e9corer votre int\u00e9rieur avec un sapin unique et 100% photo !\" \/>\n<meta property=\"og:url\" content=\"https:\/\/www.photoweb.fr\/espaces\/magazine\/diy-sapin-en-photo\/\" \/>\n<meta property=\"og:site_name\" content=\"Photoweb, le mag\" \/>\n<meta property=\"article:publisher\" content=\"https:\/\/fr-fr.facebook.com\/Photoweb.fr\/\" \/>\n<meta property=\"article:published_time\" content=\"2017-12-01T09:44:28+00:00\" \/>\n<meta property=\"article:modified_time\" content=\"2024-11-07T11:06:02+00:00\" \/>\n<meta property=\"og:image\" content=\"https:\/\/www.photoweb.fr\/espaces\/magazine\/wp-content\/uploads\/2017\/11\/sapin-photo.jpg\" \/>\n\t<meta property=\"og:image:width\" content=\"800\" \/>\n\t<meta property=\"og:image:height\" content=\"600\" \/>\n\t<meta property=\"og:image:type\" content=\"image\/jpeg\" \/>\n<meta name=\"author\" content=\"melanie\" \/>\n<meta name=\"twitter:card\" content=\"summary_large_image\" \/>\n<meta name=\"twitter:creator\" content=\"@Photoweb_fr\" \/>\n<meta name=\"twitter:site\" content=\"@Photoweb_fr\" \/>\n<meta name=\"twitter:label1\" content=\"\u00c9crit par\" \/>\n\t<meta name=\"twitter:data1\" content=\"melanie\" \/>\n\t<meta name=\"twitter:label2\" content=\"Dur\u00e9e de lecture estim\u00e9e\" \/>\n\t<meta name=\"twitter:data2\" content=\"2 minutes\" \/>\n<script type=\"application\/ld+json\" class=\"yoast-schema-graph\">{\"@context\":\"https:\/\/schema.org\",\"@graph\":[{\"@type\":\"Article\",\"@id\":\"https:\/\/www.photoweb.fr\/espaces\/magazine\/diy-sapin-en-photo\/#article\",\"isPartOf\":{\"@id\":\"https:\/\/www.photoweb.fr\/espaces\/magazine\/diy-sapin-en-photo\/\"},\"author\":{\"name\":\"melanie\",\"@id\":\"https:\/\/www.photoweb.fr\/espaces\/magazine\/#\/schema\/person\/111451a615bb7cbe790bf8b1d6b24391\"},\"headline\":\"DIY &#8211; Sapin en photo\",\"datePublished\":\"2017-12-01T09:44:28+00:00\",\"dateModified\":\"2024-11-07T11:06:02+00:00\",\"mainEntityOfPage\":{\"@id\":\"https:\/\/www.photoweb.fr\/espaces\/magazine\/diy-sapin-en-photo\/\"},\"wordCount\":432,\"commentCount\":0,\"publisher\":{\"@id\":\"https:\/\/www.photoweb.fr\/espaces\/magazine\/#organization\"},\"articleSection\":[\"Carnet de tendance\"],\"inLanguage\":\"fr-FR\",\"potentialAction\":[{\"@type\":\"CommentAction\",\"name\":\"Comment\",\"target\":[\"https:\/\/www.photoweb.fr\/espaces\/magazine\/diy-sapin-en-photo\/#respond\"]}]},{\"@type\":\"WebPage\",\"@id\":\"https:\/\/www.photoweb.fr\/espaces\/magazine\/diy-sapin-en-photo\/\",\"url\":\"https:\/\/www.photoweb.fr\/espaces\/magazine\/diy-sapin-en-photo\/\",\"name\":\"DIY - Sapin en photo\",\"isPartOf\":{\"@id\":\"https:\/\/www.photoweb.fr\/espaces\/magazine\/#website\"},\"datePublished\":\"2017-12-01T09:44:28+00:00\",\"dateModified\":\"2024-11-07T11:06:02+00:00\",\"description\":\"Vous avez envie de changer du traditionnel \u00ab sapin de No\u00ebl \u00bb ? On a l'id\u00e9e pour d\u00e9corer votre int\u00e9rieur avec un sapin unique et 100% photo !\",\"breadcrumb\":{\"@id\":\"https:\/\/www.photoweb.fr\/espaces\/magazine\/diy-sapin-en-photo\/#breadcrumb\"},\"inLanguage\":\"fr-FR\",\"potentialAction\":[{\"@type\":\"ReadAction\",\"target\":[\"https:\/\/www.photoweb.fr\/espaces\/magazine\/diy-sapin-en-photo\/\"]}]},{\"@type\":\"BreadcrumbList\",\"@id\":\"https:\/\/www.photoweb.fr\/espaces\/magazine\/diy-sapin-en-photo\/#breadcrumb\",\"itemListElement\":[{\"@type\":\"ListItem\",\"position\":1,\"name\":\"Accueil\",\"item\":\"https:\/\/www.photoweb.fr\/espaces\/magazine\/\"},{\"@type\":\"ListItem\",\"position\":2,\"name\":\"Carnet de tendance\",\"item\":\"https:\/\/www.photoweb.fr\/espaces\/magazine\/carnet-de-tendances\/\"},{\"@type\":\"ListItem\",\"position\":3,\"name\":\"DIY &#8211; Sapin en photo\"}]},{\"@type\":\"WebSite\",\"@id\":\"https:\/\/www.photoweb.fr\/espaces\/magazine\/#website\",\"url\":\"https:\/\/www.photoweb.fr\/espaces\/magazine\/\",\"name\":\"Photoweb, le mag\",\"description\":\"Le magazine de Photoweb\",\"publisher\":{\"@id\":\"https:\/\/www.photoweb.fr\/espaces\/magazine\/#organization\"},\"potentialAction\":[{\"@type\":\"SearchAction\",\"target\":{\"@type\":\"EntryPoint\",\"urlTemplate\":\"https:\/\/www.photoweb.fr\/espaces\/magazine\/?s={search_term_string}\"},\"query-input\":\"required name=search_term_string\"}],\"inLanguage\":\"fr-FR\"},{\"@type\":\"Organization\",\"@id\":\"https:\/\/www.photoweb.fr\/espaces\/magazine\/#organization\",\"name\":\"Photoweb\",\"url\":\"https:\/\/www.photoweb.fr\/espaces\/magazine\/\",\"logo\":{\"@type\":\"ImageObject\",\"inLanguage\":\"fr-FR\",\"@id\":\"https:\/\/www.photoweb.fr\/espaces\/magazine\/#\/schema\/logo\/image\/\",\"url\":\"https:\/\/www.photoweb.fr\/espaces\/magazine\/wp-content\/uploads\/2021\/02\/Logo-Photoweb.jpg\",\"contentUrl\":\"https:\/\/www.photoweb.fr\/espaces\/magazine\/wp-content\/uploads\/2021\/02\/Logo-Photoweb.jpg\",\"width\":780,\"height\":456,\"caption\":\"Photoweb\"},\"image\":{\"@id\":\"https:\/\/www.photoweb.fr\/espaces\/magazine\/#\/schema\/logo\/image\/\"},\"sameAs\":[\"https:\/\/fr-fr.facebook.com\/Photoweb.fr\/\",\"https:\/\/twitter.com\/Photoweb_fr\",\"https:\/\/www.instagram.com\/photowebfr\/\",\"https:\/\/www.linkedin.com\/company\/347094\/\",\"https:\/\/www.pinterest.fr\/inspirationsphotoweb\/_created\/\",\"https:\/\/www.youtube.com\/channel\/UCtcVmTvkAzKQLVkiwfOm8sg\"]},{\"@type\":\"Person\",\"@id\":\"https:\/\/www.photoweb.fr\/espaces\/magazine\/#\/schema\/person\/111451a615bb7cbe790bf8b1d6b24391\",\"name\":\"melanie\"}]}<\/script>\n<!-- \/ Yoast SEO plugin. -->","yoast_head_json":{"title":"DIY - Sapin en photo","description":"Vous avez envie de changer du traditionnel \u00ab sapin de No\u00ebl \u00bb ? On a l'id\u00e9e pour d\u00e9corer votre int\u00e9rieur avec un sapin unique et 100% photo !","robots":{"index":"index","follow":"follow","max-snippet":"max-snippet:-1","max-image-preview":"max-image-preview:large","max-video-preview":"max-video-preview:-1"},"canonical":"https:\/\/www.photoweb.fr\/espaces\/magazine\/diy-sapin-en-photo\/","og_locale":"fr_FR","og_type":"article","og_title":"DIY - Sapin en photo","og_description":"Vous avez envie de changer du traditionnel \u00ab sapin de No\u00ebl \u00bb ? On a l'id\u00e9e pour d\u00e9corer votre int\u00e9rieur avec un sapin unique et 100% photo !","og_url":"https:\/\/www.photoweb.fr\/espaces\/magazine\/diy-sapin-en-photo\/","og_site_name":"Photoweb, le mag","article_publisher":"https:\/\/fr-fr.facebook.com\/Photoweb.fr\/","article_published_time":"2017-12-01T09:44:28+00:00","article_modified_time":"2024-11-07T11:06:02+00:00","og_image":[{"width":800,"height":600,"url":"https:\/\/www.photoweb.fr\/espaces\/magazine\/wp-content\/uploads\/2017\/11\/sapin-photo.jpg","type":"image\/jpeg"}],"author":"melanie","twitter_card":"summary_large_image","twitter_creator":"@Photoweb_fr","twitter_site":"@Photoweb_fr","twitter_misc":{"\u00c9crit par":"melanie","Dur\u00e9e de lecture estim\u00e9e":"2 minutes"},"schema":{"@context":"https:\/\/schema.org","@graph":[{"@type":"Article","@id":"https:\/\/www.photoweb.fr\/espaces\/magazine\/diy-sapin-en-photo\/#article","isPartOf":{"@id":"https:\/\/www.photoweb.fr\/espaces\/magazine\/diy-sapin-en-photo\/"},"author":{"name":"melanie","@id":"https:\/\/www.photoweb.fr\/espaces\/magazine\/#\/schema\/person\/111451a615bb7cbe790bf8b1d6b24391"},"headline":"DIY &#8211; Sapin en photo","datePublished":"2017-12-01T09:44:28+00:00","dateModified":"2024-11-07T11:06:02+00:00","mainEntityOfPage":{"@id":"https:\/\/www.photoweb.fr\/espaces\/magazine\/diy-sapin-en-photo\/"},"wordCount":432,"commentCount":0,"publisher":{"@id":"https:\/\/www.photoweb.fr\/espaces\/magazine\/#organization"},"articleSection":["Carnet de tendance"],"inLanguage":"fr-FR","potentialAction":[{"@type":"CommentAction","name":"Comment","target":["https:\/\/www.photoweb.fr\/espaces\/magazine\/diy-sapin-en-photo\/#respond"]}]},{"@type":"WebPage","@id":"https:\/\/www.photoweb.fr\/espaces\/magazine\/diy-sapin-en-photo\/","url":"https:\/\/www.photoweb.fr\/espaces\/magazine\/diy-sapin-en-photo\/","name":"DIY - Sapin en photo","isPartOf":{"@id":"https:\/\/www.photoweb.fr\/espaces\/magazine\/#website"},"datePublished":"2017-12-01T09:44:28+00:00","dateModified":"2024-11-07T11:06:02+00:00","description":"Vous avez envie de changer du traditionnel \u00ab sapin de No\u00ebl \u00bb ? On a l'id\u00e9e pour d\u00e9corer votre int\u00e9rieur avec un sapin unique et 100% photo !","breadcrumb":{"@id":"https:\/\/www.photoweb.fr\/espaces\/magazine\/diy-sapin-en-photo\/#breadcrumb"},"inLanguage":"fr-FR","potentialAction":[{"@type":"ReadAction","target":["https:\/\/www.photoweb.fr\/espaces\/magazine\/diy-sapin-en-photo\/"]}]},{"@type":"BreadcrumbList","@id":"https:\/\/www.photoweb.fr\/espaces\/magazine\/diy-sapin-en-photo\/#breadcrumb","itemListElement":[{"@type":"ListItem","position":1,"name":"Accueil","item":"https:\/\/www.photoweb.fr\/espaces\/magazine\/"},{"@type":"ListItem","position":2,"name":"Carnet de tendance","item":"https:\/\/www.photoweb.fr\/espaces\/magazine\/carnet-de-tendances\/"},{"@type":"ListItem","position":3,"name":"DIY &#8211; Sapin en photo"}]},{"@type":"WebSite","@id":"https:\/\/www.photoweb.fr\/espaces\/magazine\/#website","url":"https:\/\/www.photoweb.fr\/espaces\/magazine\/","name":"Photoweb, le mag","description":"Le magazine de Photoweb","publisher":{"@id":"https:\/\/www.photoweb.fr\/espaces\/magazine\/#organization"},"potentialAction":[{"@type":"SearchAction","target":{"@type":"EntryPoint","urlTemplate":"https:\/\/www.photoweb.fr\/espaces\/magazine\/?s={search_term_string}"},"query-input":"required name=search_term_string"}],"inLanguage":"fr-FR"},{"@type":"Organization","@id":"https:\/\/www.photoweb.fr\/espaces\/magazine\/#organization","name":"Photoweb","url":"https:\/\/www.photoweb.fr\/espaces\/magazine\/","logo":{"@type":"ImageObject","inLanguage":"fr-FR","@id":"https:\/\/www.photoweb.fr\/espaces\/magazine\/#\/schema\/logo\/image\/","url":"https:\/\/www.photoweb.fr\/espaces\/magazine\/wp-content\/uploads\/2021\/02\/Logo-Photoweb.jpg","contentUrl":"https:\/\/www.photoweb.fr\/espaces\/magazine\/wp-content\/uploads\/2021\/02\/Logo-Photoweb.jpg","width":780,"height":456,"caption":"Photoweb"},"image":{"@id":"https:\/\/www.photoweb.fr\/espaces\/magazine\/#\/schema\/logo\/image\/"},"sameAs":["https:\/\/fr-fr.facebook.com\/Photoweb.fr\/","https:\/\/twitter.com\/Photoweb_fr","https:\/\/www.instagram.com\/photowebfr\/","https:\/\/www.linkedin.com\/company\/347094\/","https:\/\/www.pinterest.fr\/inspirationsphotoweb\/_created\/","https:\/\/www.youtube.com\/channel\/UCtcVmTvkAzKQLVkiwfOm8sg"]},{"@type":"Person","@id":"https:\/\/www.photoweb.fr\/espaces\/magazine\/#\/schema\/person\/111451a615bb7cbe790bf8b1d6b24391","name":"melanie"}]}},"acf":[],"_links":{"self":[{"href":"https:\/\/www.photoweb.fr\/espaces\/magazine\/wp-json\/wp\/v2\/posts\/3444","targetHints":{"allow":["GET"]}}],"collection":[{"href":"https:\/\/www.photoweb.fr\/espaces\/magazine\/wp-json\/wp\/v2\/posts"}],"about":[{"href":"https:\/\/www.photoweb.fr\/espaces\/magazine\/wp-json\/wp\/v2\/types\/post"}],"author":[{"embeddable":true,"href":"https:\/\/www.photoweb.fr\/espaces\/magazine\/wp-json\/wp\/v2\/users\/21"}],"replies":[{"embeddable":true,"href":"https:\/\/www.photoweb.fr\/espaces\/magazine\/wp-json\/wp\/v2\/comments?post=3444"}],"version-history":[{"count":10,"href":"https:\/\/www.photoweb.fr\/espaces\/magazine\/wp-json\/wp\/v2\/posts\/3444\/revisions"}],"predecessor-version":[{"id":13690,"href":"https:\/\/www.photoweb.fr\/espaces\/magazine\/wp-json\/wp\/v2\/posts\/3444\/revisions\/13690"}],"wp:featuredmedia":[{"embeddable":true,"href":"https:\/\/www.photoweb.fr\/espaces\/magazine\/wp-json\/wp\/v2\/media\/3469"}],"wp:attachment":[{"href":"https:\/\/www.photoweb.fr\/espaces\/magazine\/wp-json\/wp\/v2\/media?parent=3444"}],"wp:term":[{"taxonomy":"category","embeddable":true,"href":"https:\/\/www.photoweb.fr\/espaces\/magazine\/wp-json\/wp\/v2\/categories?post=3444"},{"taxonomy":"post_tag","embeddable":true,"href":"https:\/\/www.photoweb.fr\/espaces\/magazine\/wp-json\/wp\/v2\/tags?post=3444"}],"curies":[{"name":"wp","href":"https:\/\/api.w.org\/{rel}","templated":true}]}}