{"id":3591,"date":"2017-12-05T16:08:55","date_gmt":"2017-12-05T16:08:55","guid":{"rendered":"https:\/\/www.photoweb.fr\/espaces\/magazine\/magazine\/?p=3591"},"modified":"2022-10-28T13:40:16","modified_gmt":"2022-10-28T13:40:16","slug":"atelier-pere-noel","status":"publish","type":"post","link":"https:\/\/www.photoweb.fr\/espaces\/magazine\/atelier-pere-noel\/","title":{"rendered":"Atelier p\u00e8re-noel Photoweb !"},"content":{"rendered":"\n\n\t<p>Vous avez d\u00e9j\u00e0 commenc\u00e9 \u00e0 ouvrir vos cases de notre calendrier de l&rsquo;avent, vous passez votre temps \u00e0 passer commande au <strong>P\u00e8re-No\u00ebl Photoweb<\/strong>&#8230; Il n&rsquo;y a pas de doute, nous sommes en D\u00e9cembre !<\/p>\n\t<p>Vous entendez ce doux chant de No\u00ebl &#8230; ? Faites comme nous ! Passez en mode \u00ab <strong>Christmas <\/strong>\u00bb avec des chansons de No\u00ebl pour vous mettre dans l&rsquo;ambiance, notre pr\u00e9f\u00e9r\u00e9 : <em>All I Want For Christmas Is You de Mariah Carrey<\/em> ! Allez&#8230; On veut vous entendre chanter ?<\/p>\n<p>Du haut de nos montagnes Grenobloises, les flocons ne cessent de tomber, l&rsquo;air frais du petit matin nous transporte dans les ateliers du P\u00e8re-No\u00ebl Photoweb. Nos petits lutins s&rsquo;activent du matin au soir pour vous livrer \u00e0 temps vos cadeaux !<\/p>\n<p>Toute l&rsquo;\u00e9quipe s&rsquo;est r\u00e9unie pour vous faire <strong>une petite surprise<\/strong>&#8230; Partez \u00e0 la d\u00e9couverte de notre atelier top secret, l\u00e0 o\u00f9 tout se cr\u00e9e&#8230; L&rsquo;endroit o\u00f9 chacun de vos livres photos prennent vie, le lieu o\u00f9 vos souvenirs resurgissent du pass\u00e9 \u00e0 travers les toiles et tableaux, le temps o\u00f9 reste fig\u00e9 le bonheur gr\u00e2ce \u00e0 vos calendriers photos !<\/p>\n<p>&nbsp;<\/p>\n<p><strong>L&rsquo;ambiance \u00e9tait au rendez-vous !<\/strong><\/p>\n<p>Un grand merci \u00e0 toute l&rsquo;\u00e9quipe qui a particip\u00e9 au tournage : <strong>Attia, Vinciane, Thomas, L\u00e9a.B, Jessica, Anne-Sophie, Magalie, C\u00e9line, Marine, Khadija, Patricja, Jonathan, Myriam, Yannick, Salom\u00e9, Ivan, Nicolas, L\u00e9a.T, Severine, Marli, Gregory, Anthony et sans oublier notre Super P\u00e8re-No\u00ebl, Julien !<\/strong><\/p>\n<p>Laissez des petits commentaires d&rsquo;encouragement, nous ne manquerons pas de les transmettre \u00e0 toute notre \u00e9quipe Production qui s&rsquo;att\u00e8le chaque jour \u00e0 vous offrir le plus beaux des cadeaux \u2764.<\/p>\n\n","protected":false},"excerpt":{"rendered":"<p>Du haut de nos montagnes Grenobloises, les flocons ne cessent de tomber, l\u2019air frais du petit matin nous transporte dans les ateliers du P\u00e8re-No\u00ebl Photoweb. Nos petits lutins s\u2019activent du matin au soir pour vous livrer \u00e0 temps vos cadeaux !<\/p>\n","protected":false},"author":21,"featured_media":3594,"comment_status":"open","ping_status":"open","sticky":false,"template":"single-standard.php","format":"standard","meta":{"footnotes":""},"categories":[30],"tags":[52],"class_list":["post-3591","post","type-post","status-publish","format-standard","has-post-thumbnail","hentry","category-coulisses","tag-cadeau-photo"],"yoast_head":"<!-- This site is optimized with the Yoast SEO plugin v20.3 - https:\/\/yoast.com\/wordpress\/plugins\/seo\/ -->\n<title>Atelier p\u00e8re-noel Photoweb !<\/title>\n<meta name=\"description\" content=\"Nos petits lutins s\u2019activent du matin au soir pour vous livrer \u00e0 temps vos cadeaux ! Entrez dans les ateliers du P\u00e8re-No\u00ebl Photoweb &gt;&gt;&gt;\" \/>\n<meta name=\"robots\" content=\"index, follow, max-snippet:-1, max-image-preview:large, max-video-preview:-1\" \/>\n<link rel=\"canonical\" href=\"https:\/\/www.photoweb.fr\/espaces\/magazine\/atelier-pere-noel\/\" \/>\n<meta property=\"og:locale\" content=\"fr_FR\" \/>\n<meta property=\"og:type\" content=\"article\" \/>\n<meta property=\"og:title\" content=\"Atelier p\u00e8re-noel Photoweb !\" \/>\n<meta property=\"og:description\" content=\"Nos petits lutins s\u2019activent du matin au soir pour vous livrer \u00e0 temps vos cadeaux ! Entrez dans les ateliers du P\u00e8re-No\u00ebl Photoweb &gt;&gt;&gt;\" \/>\n<meta property=\"og:url\" content=\"https:\/\/www.photoweb.fr\/espaces\/magazine\/atelier-pere-noel\/\" \/>\n<meta property=\"og:site_name\" content=\"Photoweb, le mag\" \/>\n<meta property=\"article:publisher\" content=\"https:\/\/fr-fr.facebook.com\/Photoweb.fr\/\" \/>\n<meta property=\"article:published_time\" content=\"2017-12-05T16:08:55+00:00\" \/>\n<meta property=\"article:modified_time\" content=\"2022-10-28T13:40:16+00:00\" \/>\n<meta property=\"og:image\" content=\"https:\/\/www.photoweb.fr\/espaces\/magazine\/wp-content\/uploads\/2017\/12\/atelier-pere-noel.jpg\" \/>\n\t<meta property=\"og:image:width\" content=\"800\" \/>\n\t<meta property=\"og:image:height\" content=\"600\" \/>\n\t<meta property=\"og:image:type\" content=\"image\/jpeg\" \/>\n<meta name=\"author\" content=\"melanie\" \/>\n<meta name=\"twitter:card\" content=\"summary_large_image\" \/>\n<meta name=\"twitter:creator\" content=\"@Photoweb_fr\" \/>\n<meta name=\"twitter:site\" content=\"@Photoweb_fr\" \/>\n<meta name=\"twitter:label1\" content=\"\u00c9crit par\" \/>\n\t<meta name=\"twitter:data1\" content=\"melanie\" \/>\n\t<meta name=\"twitter:label2\" content=\"Dur\u00e9e de lecture estim\u00e9e\" \/>\n\t<meta name=\"twitter:data2\" content=\"1 minute\" \/>\n<script type=\"application\/ld+json\" class=\"yoast-schema-graph\">{\"@context\":\"https:\/\/schema.org\",\"@graph\":[{\"@type\":\"Article\",\"@id\":\"https:\/\/www.photoweb.fr\/espaces\/magazine\/atelier-pere-noel\/#article\",\"isPartOf\":{\"@id\":\"https:\/\/www.photoweb.fr\/espaces\/magazine\/atelier-pere-noel\/\"},\"author\":{\"name\":\"melanie\",\"@id\":\"https:\/\/www.photoweb.fr\/espaces\/magazine\/#\/schema\/person\/111451a615bb7cbe790bf8b1d6b24391\"},\"headline\":\"Atelier p\u00e8re-noel Photoweb !\",\"datePublished\":\"2017-12-05T16:08:55+00:00\",\"dateModified\":\"2022-10-28T13:40:16+00:00\",\"mainEntityOfPage\":{\"@id\":\"https:\/\/www.photoweb.fr\/espaces\/magazine\/atelier-pere-noel\/\"},\"wordCount\":267,\"commentCount\":1,\"publisher\":{\"@id\":\"https:\/\/www.photoweb.fr\/espaces\/magazine\/#organization\"},\"keywords\":[\"cadeau photo\"],\"articleSection\":[\"Coulisses\"],\"inLanguage\":\"fr-FR\",\"potentialAction\":[{\"@type\":\"CommentAction\",\"name\":\"Comment\",\"target\":[\"https:\/\/www.photoweb.fr\/espaces\/magazine\/atelier-pere-noel\/#respond\"]}]},{\"@type\":\"WebPage\",\"@id\":\"https:\/\/www.photoweb.fr\/espaces\/magazine\/atelier-pere-noel\/\",\"url\":\"https:\/\/www.photoweb.fr\/espaces\/magazine\/atelier-pere-noel\/\",\"name\":\"Atelier p\u00e8re-noel Photoweb !\",\"isPartOf\":{\"@id\":\"https:\/\/www.photoweb.fr\/espaces\/magazine\/#website\"},\"datePublished\":\"2017-12-05T16:08:55+00:00\",\"dateModified\":\"2022-10-28T13:40:16+00:00\",\"description\":\"Nos petits lutins s\u2019activent du matin au soir pour vous livrer \u00e0 temps vos cadeaux ! Entrez dans les ateliers du P\u00e8re-No\u00ebl Photoweb >>>\",\"breadcrumb\":{\"@id\":\"https:\/\/www.photoweb.fr\/espaces\/magazine\/atelier-pere-noel\/#breadcrumb\"},\"inLanguage\":\"fr-FR\",\"potentialAction\":[{\"@type\":\"ReadAction\",\"target\":[\"https:\/\/www.photoweb.fr\/espaces\/magazine\/atelier-pere-noel\/\"]}]},{\"@type\":\"BreadcrumbList\",\"@id\":\"https:\/\/www.photoweb.fr\/espaces\/magazine\/atelier-pere-noel\/#breadcrumb\",\"itemListElement\":[{\"@type\":\"ListItem\",\"position\":1,\"name\":\"Accueil\",\"item\":\"https:\/\/www.photoweb.fr\/espaces\/magazine\/\"},{\"@type\":\"ListItem\",\"position\":2,\"name\":\"Coulisses\",\"item\":\"https:\/\/www.photoweb.fr\/espaces\/magazine\/coulisses\/\"},{\"@type\":\"ListItem\",\"position\":3,\"name\":\"Atelier p\u00e8re-noel Photoweb !\"}]},{\"@type\":\"WebSite\",\"@id\":\"https:\/\/www.photoweb.fr\/espaces\/magazine\/#website\",\"url\":\"https:\/\/www.photoweb.fr\/espaces\/magazine\/\",\"name\":\"Photoweb, le mag\",\"description\":\"Le magazine de Photoweb\",\"publisher\":{\"@id\":\"https:\/\/www.photoweb.fr\/espaces\/magazine\/#organization\"},\"potentialAction\":[{\"@type\":\"SearchAction\",\"target\":{\"@type\":\"EntryPoint\",\"urlTemplate\":\"https:\/\/www.photoweb.fr\/espaces\/magazine\/?s={search_term_string}\"},\"query-input\":\"required name=search_term_string\"}],\"inLanguage\":\"fr-FR\"},{\"@type\":\"Organization\",\"@id\":\"https:\/\/www.photoweb.fr\/espaces\/magazine\/#organization\",\"name\":\"Photoweb\",\"url\":\"https:\/\/www.photoweb.fr\/espaces\/magazine\/\",\"logo\":{\"@type\":\"ImageObject\",\"inLanguage\":\"fr-FR\",\"@id\":\"https:\/\/www.photoweb.fr\/espaces\/magazine\/#\/schema\/logo\/image\/\",\"url\":\"https:\/\/www.photoweb.fr\/espaces\/magazine\/wp-content\/uploads\/2021\/02\/Logo-Photoweb.jpg\",\"contentUrl\":\"https:\/\/www.photoweb.fr\/espaces\/magazine\/wp-content\/uploads\/2021\/02\/Logo-Photoweb.jpg\",\"width\":780,\"height\":456,\"caption\":\"Photoweb\"},\"image\":{\"@id\":\"https:\/\/www.photoweb.fr\/espaces\/magazine\/#\/schema\/logo\/image\/\"},\"sameAs\":[\"https:\/\/fr-fr.facebook.com\/Photoweb.fr\/\",\"https:\/\/twitter.com\/Photoweb_fr\",\"https:\/\/www.instagram.com\/photowebfr\/\",\"https:\/\/www.linkedin.com\/company\/347094\/\",\"https:\/\/www.pinterest.fr\/inspirationsphotoweb\/_created\/\",\"https:\/\/www.youtube.com\/channel\/UCtcVmTvkAzKQLVkiwfOm8sg\"]},{\"@type\":\"Person\",\"@id\":\"https:\/\/www.photoweb.fr\/espaces\/magazine\/#\/schema\/person\/111451a615bb7cbe790bf8b1d6b24391\",\"name\":\"melanie\"}]}<\/script>\n<!-- \/ Yoast SEO plugin. -->","yoast_head_json":{"title":"Atelier p\u00e8re-noel Photoweb !","description":"Nos petits lutins s\u2019activent du matin au soir pour vous livrer \u00e0 temps vos cadeaux ! Entrez dans les ateliers du P\u00e8re-No\u00ebl Photoweb >>>","robots":{"index":"index","follow":"follow","max-snippet":"max-snippet:-1","max-image-preview":"max-image-preview:large","max-video-preview":"max-video-preview:-1"},"canonical":"https:\/\/www.photoweb.fr\/espaces\/magazine\/atelier-pere-noel\/","og_locale":"fr_FR","og_type":"article","og_title":"Atelier p\u00e8re-noel Photoweb !","og_description":"Nos petits lutins s\u2019activent du matin au soir pour vous livrer \u00e0 temps vos cadeaux ! Entrez dans les ateliers du P\u00e8re-No\u00ebl Photoweb >>>","og_url":"https:\/\/www.photoweb.fr\/espaces\/magazine\/atelier-pere-noel\/","og_site_name":"Photoweb, le mag","article_publisher":"https:\/\/fr-fr.facebook.com\/Photoweb.fr\/","article_published_time":"2017-12-05T16:08:55+00:00","article_modified_time":"2022-10-28T13:40:16+00:00","og_image":[{"width":800,"height":600,"url":"https:\/\/www.photoweb.fr\/espaces\/magazine\/wp-content\/uploads\/2017\/12\/atelier-pere-noel.jpg","type":"image\/jpeg"}],"author":"melanie","twitter_card":"summary_large_image","twitter_creator":"@Photoweb_fr","twitter_site":"@Photoweb_fr","twitter_misc":{"\u00c9crit par":"melanie","Dur\u00e9e de lecture estim\u00e9e":"1 minute"},"schema":{"@context":"https:\/\/schema.org","@graph":[{"@type":"Article","@id":"https:\/\/www.photoweb.fr\/espaces\/magazine\/atelier-pere-noel\/#article","isPartOf":{"@id":"https:\/\/www.photoweb.fr\/espaces\/magazine\/atelier-pere-noel\/"},"author":{"name":"melanie","@id":"https:\/\/www.photoweb.fr\/espaces\/magazine\/#\/schema\/person\/111451a615bb7cbe790bf8b1d6b24391"},"headline":"Atelier p\u00e8re-noel Photoweb !","datePublished":"2017-12-05T16:08:55+00:00","dateModified":"2022-10-28T13:40:16+00:00","mainEntityOfPage":{"@id":"https:\/\/www.photoweb.fr\/espaces\/magazine\/atelier-pere-noel\/"},"wordCount":267,"commentCount":1,"publisher":{"@id":"https:\/\/www.photoweb.fr\/espaces\/magazine\/#organization"},"keywords":["cadeau photo"],"articleSection":["Coulisses"],"inLanguage":"fr-FR","potentialAction":[{"@type":"CommentAction","name":"Comment","target":["https:\/\/www.photoweb.fr\/espaces\/magazine\/atelier-pere-noel\/#respond"]}]},{"@type":"WebPage","@id":"https:\/\/www.photoweb.fr\/espaces\/magazine\/atelier-pere-noel\/","url":"https:\/\/www.photoweb.fr\/espaces\/magazine\/atelier-pere-noel\/","name":"Atelier p\u00e8re-noel Photoweb !","isPartOf":{"@id":"https:\/\/www.photoweb.fr\/espaces\/magazine\/#website"},"datePublished":"2017-12-05T16:08:55+00:00","dateModified":"2022-10-28T13:40:16+00:00","description":"Nos petits lutins s\u2019activent du matin au soir pour vous livrer \u00e0 temps vos cadeaux ! Entrez dans les ateliers du P\u00e8re-No\u00ebl Photoweb >>>","breadcrumb":{"@id":"https:\/\/www.photoweb.fr\/espaces\/magazine\/atelier-pere-noel\/#breadcrumb"},"inLanguage":"fr-FR","potentialAction":[{"@type":"ReadAction","target":["https:\/\/www.photoweb.fr\/espaces\/magazine\/atelier-pere-noel\/"]}]},{"@type":"BreadcrumbList","@id":"https:\/\/www.photoweb.fr\/espaces\/magazine\/atelier-pere-noel\/#breadcrumb","itemListElement":[{"@type":"ListItem","position":1,"name":"Accueil","item":"https:\/\/www.photoweb.fr\/espaces\/magazine\/"},{"@type":"ListItem","position":2,"name":"Coulisses","item":"https:\/\/www.photoweb.fr\/espaces\/magazine\/coulisses\/"},{"@type":"ListItem","position":3,"name":"Atelier p\u00e8re-noel Photoweb !"}]},{"@type":"WebSite","@id":"https:\/\/www.photoweb.fr\/espaces\/magazine\/#website","url":"https:\/\/www.photoweb.fr\/espaces\/magazine\/","name":"Photoweb, le mag","description":"Le magazine de Photoweb","publisher":{"@id":"https:\/\/www.photoweb.fr\/espaces\/magazine\/#organization"},"potentialAction":[{"@type":"SearchAction","target":{"@type":"EntryPoint","urlTemplate":"https:\/\/www.photoweb.fr\/espaces\/magazine\/?s={search_term_string}"},"query-input":"required name=search_term_string"}],"inLanguage":"fr-FR"},{"@type":"Organization","@id":"https:\/\/www.photoweb.fr\/espaces\/magazine\/#organization","name":"Photoweb","url":"https:\/\/www.photoweb.fr\/espaces\/magazine\/","logo":{"@type":"ImageObject","inLanguage":"fr-FR","@id":"https:\/\/www.photoweb.fr\/espaces\/magazine\/#\/schema\/logo\/image\/","url":"https:\/\/www.photoweb.fr\/espaces\/magazine\/wp-content\/uploads\/2021\/02\/Logo-Photoweb.jpg","contentUrl":"https:\/\/www.photoweb.fr\/espaces\/magazine\/wp-content\/uploads\/2021\/02\/Logo-Photoweb.jpg","width":780,"height":456,"caption":"Photoweb"},"image":{"@id":"https:\/\/www.photoweb.fr\/espaces\/magazine\/#\/schema\/logo\/image\/"},"sameAs":["https:\/\/fr-fr.facebook.com\/Photoweb.fr\/","https:\/\/twitter.com\/Photoweb_fr","https:\/\/www.instagram.com\/photowebfr\/","https:\/\/www.linkedin.com\/company\/347094\/","https:\/\/www.pinterest.fr\/inspirationsphotoweb\/_created\/","https:\/\/www.youtube.com\/channel\/UCtcVmTvkAzKQLVkiwfOm8sg"]},{"@type":"Person","@id":"https:\/\/www.photoweb.fr\/espaces\/magazine\/#\/schema\/person\/111451a615bb7cbe790bf8b1d6b24391","name":"melanie"}]}},"acf":[],"_links":{"self":[{"href":"https:\/\/www.photoweb.fr\/espaces\/magazine\/wp-json\/wp\/v2\/posts\/3591","targetHints":{"allow":["GET"]}}],"collection":[{"href":"https:\/\/www.photoweb.fr\/espaces\/magazine\/wp-json\/wp\/v2\/posts"}],"about":[{"href":"https:\/\/www.photoweb.fr\/espaces\/magazine\/wp-json\/wp\/v2\/types\/post"}],"author":[{"embeddable":true,"href":"https:\/\/www.photoweb.fr\/espaces\/magazine\/wp-json\/wp\/v2\/users\/21"}],"replies":[{"embeddable":true,"href":"https:\/\/www.photoweb.fr\/espaces\/magazine\/wp-json\/wp\/v2\/comments?post=3591"}],"version-history":[{"count":2,"href":"https:\/\/www.photoweb.fr\/espaces\/magazine\/wp-json\/wp\/v2\/posts\/3591\/revisions"}],"predecessor-version":[{"id":11853,"href":"https:\/\/www.photoweb.fr\/espaces\/magazine\/wp-json\/wp\/v2\/posts\/3591\/revisions\/11853"}],"wp:featuredmedia":[{"embeddable":true,"href":"https:\/\/www.photoweb.fr\/espaces\/magazine\/wp-json\/wp\/v2\/media\/3594"}],"wp:attachment":[{"href":"https:\/\/www.photoweb.fr\/espaces\/magazine\/wp-json\/wp\/v2\/media?parent=3591"}],"wp:term":[{"taxonomy":"category","embeddable":true,"href":"https:\/\/www.photoweb.fr\/espaces\/magazine\/wp-json\/wp\/v2\/categories?post=3591"},{"taxonomy":"post_tag","embeddable":true,"href":"https:\/\/www.photoweb.fr\/espaces\/magazine\/wp-json\/wp\/v2\/tags?post=3591"}],"curies":[{"name":"wp","href":"https:\/\/api.w.org\/{rel}","templated":true}]}}