{"id":3682,"date":"2017-12-08T11:27:57","date_gmt":"2017-12-08T11:27:57","guid":{"rendered":"https:\/\/www.photoweb.fr\/espaces\/magazine\/magazine\/?p=3682"},"modified":"2022-08-03T09:36:29","modified_gmt":"2022-08-03T09:36:29","slug":"nouvel-outil-creation-calendrier-photo","status":"publish","type":"post","link":"https:\/\/www.photoweb.fr\/espaces\/magazine\/nouvel-outil-creation-calendrier-photo\/","title":{"rendered":"Nouvel outil de cr\u00e9ation : calendriers photos"},"content":{"rendered":"\n\n\t<p>Un nouvel outil de cr\u00e9ation est arriv\u00e9 pour vos <a href=\"https:\/\/www.photoweb.fr\/produits\/calendrier-agenda-photo\">calendriers photos<\/a>*, il vous attend sans plus tarder sur notre site Internet <strong>Photoweb.fr<\/strong> ! Serez-vous l&rsquo;un des premiers \u00e0 craquer pour son interface plus rapide, fonctionnelle et personnalis\u00e9e ? D\u00e9couvrez les nouveaut\u00e9s !<\/p>\n\t<p>Avant de vous d\u00e9voiler nos derni\u00e8res nouveaut\u00e9s, avez-vous aper\u00e7u nos nouvelles pages produits sur toute <strong>notre gamme de calendriers photo<\/strong> ? D\u00e9couvrez de belles images pour tout de suite vous projeter sur <strong>votre propre <a href=\"https:\/\/www.photoweb.fr\/produits\/calendrier-agenda-photo\">calendrier personnalis\u00e9<\/a><\/strong>. Elles vous apportent \u00e9galement toutes les informations indispensables pour faire votre choix !<\/p>\n<h2><strong>1. Plus rapide que jamais !<\/strong><\/h2>\n<p>L&rsquo;am\u00e9lioration de votre exp\u00e9rience sur notre site est l&rsquo;une de nos priorit\u00e9s ! Apr\u00e8s plusieurs mois de recherche et de d\u00e9veloppement, notre \u00e9quipe vous propose aujourd&rsquo;hui de vous laisser tenter par notre interface de cr\u00e9ation plus rapide et d&rsquo;une facilit\u00e9 in\u00e9galable ? <em>(Et oui Photoweb grandit et c&rsquo;est gr\u00e2ce \u00e0 vous&#8230;)<\/em> Vos retours clients nous sont d&rsquo;une grande aide pour am\u00e9liorer la qualit\u00e9 de nos services.<\/p>\n<ul>\n<li>Ev\u00e9nement : l&rsquo;acc\u00e8s \u00e0 la liste de vos dates personnalis\u00e9es est plus visible et facilement modifiable : ajouter ou supprimer un \u00e9v\u00e9nement comme bon vous semble ! Ps : vous \u00eates t\u00eate en l&rsquo;air ? <strong>On a tout pr\u00e9vu<\/strong>! <em>[Vos \u00e9v\u00e9nements sont enregistr\u00e9s d&rsquo;un calendrier \u00e0 l&rsquo;autre, pas besoin de tout recommencer !]<\/em><\/li>\n<\/ul>\n\t\t\t\t<img loading=\"lazy\" decoding=\"async\" src=\"https:\/\/www.photoweb.fr\/espaces\/magazine\/wp-content\/uploads\/2017\/12\/calendrier-A4-papier-photo.jpg\" alt=\"calendrier A4 papier photo\" itemprop=\"image\" height=\"600\" width=\"800\" title=\"calendrier-A4-papier-photo\" onerror=\"this.style.display='none'\"  \/>\n\t<h2><strong>2. Plus fonctionnel (qu&rsquo;une cuisine IKEA)<\/strong><\/h2>\n<ul>\n<li>Oups ! Vous vous \u00eates rendu compte que vous avez modifi\u00e9 toute la mise en page de votre calendrier ou tout simplement supprim\u00e9 une photo ? L&rsquo;option \u00ab retour en arri\u00e8re \u00bb est d\u00e9sormais disponible ! Termin\u00e9 les prises de t\u00eate&#8230; Dites bonjour \u00e0 votre calendrier cr\u00e9\u00e9 en 10 minutes !<\/li>\n<li>Envie de zoomer sur votre calendrier ou sur les photos de votre album ? C&rsquo;est maintenant possible avec notre option \u00ab zoom \u00bb. N&rsquo;ayez plus aucun doute avant de passer commande, votre calendrier sera P.A.R.F.A.I.T !<\/li>\n<\/ul>\n<p>&nbsp;<\/p>\n<p><strong><u>Astuce :<\/u><\/strong> pensez \u00e0 l&rsquo;option gratuite : \u00ab quadrillage \u00bb pour voir la vie en parall\u00e8le et perpendiculaire ! Vous aimez faire votre mise en page vous-m\u00eame ? Aidez-vous de ces grilles pour parfaire votre mise en page.<\/p>\n<p>&nbsp;<\/p>\n<h2><strong>3. Voyez 2018 sous le signe de la cr\u00e9ativit\u00e9 !<\/strong><\/h2>\n<p><strong>1<\/strong><\/p>\n<p>Vous \u00eates comme nous, vous passez toujours par l&rsquo;\u00e9tape \u00ab ind\u00e9cis sur le choix du th\u00e8me \u00bb ? On a trouv\u00e9 la solution ! D\u00e8s la premi\u00e8re \u00e9tape de cr\u00e9ation, vous pouvez d\u00e9couvrir <strong>une vue d&rsquo;ensemble de tous nos fonds graphiques<\/strong>, faites parler votre coup de c\u0153ur ! D\u00e9couvrir en avant-premi\u00e8re le rendu de son calendrier, ce n&rsquo;est pas g\u00e9nial&#8230; ?<\/p>\n<p>&nbsp;<\/p>\n<p><strong>2<\/strong><\/p>\n<p>Nous avons encore mieux pour 2018 : confectionnez votre calendrier aussi vite que Speedy Gonzales ! <strong>La vue globale sur tout votre calendrier photo<\/strong> vous sera d&rsquo;une grande aide ! Termin\u00e9 de faire son calendrier page par page&#8230; En 2\/3 clics vous pourrez appliquer \u00e0 tout le calendrier le fond graphique de votre choix ! Allez, on vous chronom\u00e8tre en 10 minutes top chrono ? ?<\/p>\n<p>&nbsp;<\/p>\n<p><strong>3<\/strong><\/p>\n<p>Laissez-vous s\u00e9duire par notre toute nouvelle nouveaut\u00e9 \u00ab 100% cr\u00e9ative \u00bb : <strong>l&rsquo;ajout de nos illustrations<\/strong> sur votre calendrier. Un mois de f\u00e9vrier sous le signe de l&rsquo;amour avec la St Valentin, un \u00ab save the date \u00bb pour vous rappeler le mariage de votre fr\u00e8re au mois de mai, un avion qui annonce l&rsquo;arriv\u00e9e des vacances en Juillet, des petits cadeaux et boules de No\u00ebl pour d\u00e9cembre&#8230; Autant vous pr\u00e9venir ! Votre ann\u00e9e sera riche en \u00e9motions avec tous vos \u00e9v\u00e9nements qui vous attendent pour 2018 ! Cette petite touche de personnalisation fera son plus bel effet \u00e0 chaque mois de l&rsquo;ann\u00e9e&#8230;<\/p>\n<p>&nbsp;<\/p>\n<p><em>(*hors calendrier monopage)<\/em><\/p>\n\t\t\t\t<img loading=\"lazy\" decoding=\"async\" src=\"https:\/\/www.photoweb.fr\/espaces\/magazine\/wp-content\/uploads\/2017\/12\/vue-ensemble-calendrier.jpg\" alt=\"vue ensemble calendrier\" itemprop=\"image\" height=\"600\" width=\"800\" title=\"vue ensemble calendrier\" onerror=\"this.style.display='none'\"  \/>\n\t1.2.3.\nimprimez&#8239;!\n\t\t\t\t<a href=\"https:\/\/www.photoweb.fr\/calendrier-photo\/bureau-mensuel\" target=\"_blank\" rel=\"noopener\" itemprop=\"url\">\n\t\t\t\t<img loading=\"lazy\" decoding=\"async\" src=\"https:\/\/www.photoweb.fr\/espaces\/magazine\/wp-content\/uploads\/2017\/10\/bureau-mensuel.jpg\" alt=\"calendrier bureau mensuel\" itemprop=\"image\" height=\"600\" width=\"600\" title=\"calendrier bureau mensuel\" onerror=\"this.style.display='none'\"  \/>\n\t\t\t\t<\/a>\n\t<a target=\"_blank\" href=\"https:\/\/www.photoweb.fr\/calendrier-photo\/bureau-mensuel\" rel=\"noopener\">\nCr\u00e9er votre calendrier de bureau mensuel<\/a>\n\t\t\t\t<a href=\"https:\/\/www.photoweb.fr\/calendrier-photo\/A3-planning\" target=\"_blank\" rel=\"noopener\" itemprop=\"url\">\n\t\t\t\t<img loading=\"lazy\" decoding=\"async\" src=\"https:\/\/www.photoweb.fr\/espaces\/magazine\/wp-content\/uploads\/2017\/10\/calendrier-A4-papier-photo-photoweb.jpg\" alt=\"calendrier photo\" itemprop=\"image\" height=\"600\" width=\"600\" title=\"calendrier photo\" onerror=\"this.style.display='none'\"  \/>\n\t\t\t\t<\/a>\n\t<a target=\"_blank\" href=\"https:\/\/www.photoweb.fr\/calendrier-photo\/A3-planning\" rel=\"noopener\">\nCr\u00e9er votre calendrier A3 planning<\/a>\n\n","protected":false},"excerpt":{"rendered":"<p>Avant de vous d\u00e9voiler nos derni\u00e8res nouveaut\u00e9s, avez-vous aper\u00e7u nos nouvelles pages produits sur toute notre gamme de calendriers photo ? D\u00e9couvrez de belles images pour tout de suite vous projeter sur votre propre calendrier personnalis\u00e9. Elles vous apportent \u00e9galement toutes les informations indispensables pour faire votre choix ! <\/p>\n","protected":false},"author":21,"featured_media":3684,"comment_status":"open","ping_status":"open","sticky":false,"template":"single-standard.php","format":"standard","meta":{"footnotes":""},"categories":[5],"tags":[],"class_list":["post-3682","post","type-post","status-publish","format-standard","has-post-thumbnail","hentry","category-carnet-de-tendances"],"yoast_head":"<!-- This site is optimized with the Yoast SEO plugin v20.3 - https:\/\/yoast.com\/wordpress\/plugins\/seo\/ -->\n<title>Nouvel outil de cr\u00e9ation : calendriers photos<\/title>\n<meta name=\"description\" content=\"Un nouvel outil de cr\u00e9ation est arriv\u00e9 pour vos calendriers photos Photoweb, il vous attend sans plus tarder sur notre site Internet &gt;&gt;&gt;\" \/>\n<meta name=\"robots\" content=\"index, follow, max-snippet:-1, max-image-preview:large, max-video-preview:-1\" \/>\n<link rel=\"canonical\" href=\"https:\/\/www.photoweb.fr\/espaces\/magazine\/nouvel-outil-creation-calendrier-photo\/\" \/>\n<meta property=\"og:locale\" content=\"fr_FR\" \/>\n<meta property=\"og:type\" content=\"article\" \/>\n<meta property=\"og:title\" content=\"Nouvel outil de cr\u00e9ation : calendriers photos\" \/>\n<meta property=\"og:description\" content=\"Un nouvel outil de cr\u00e9ation est arriv\u00e9 pour vos calendriers photos Photoweb, il vous attend sans plus tarder sur notre site Internet &gt;&gt;&gt;\" \/>\n<meta property=\"og:url\" content=\"https:\/\/www.photoweb.fr\/espaces\/magazine\/nouvel-outil-creation-calendrier-photo\/\" \/>\n<meta property=\"og:site_name\" content=\"Photoweb, le mag\" \/>\n<meta property=\"article:publisher\" content=\"https:\/\/fr-fr.facebook.com\/Photoweb.fr\/\" \/>\n<meta property=\"article:published_time\" content=\"2017-12-08T11:27:57+00:00\" \/>\n<meta property=\"article:modified_time\" content=\"2022-08-03T09:36:29+00:00\" \/>\n<meta property=\"og:image\" content=\"https:\/\/www.photoweb.fr\/espaces\/magazine\/wp-content\/uploads\/2017\/12\/nouvelle-interface-calendrier-photoweb.jpg\" \/>\n\t<meta property=\"og:image:width\" content=\"800\" \/>\n\t<meta property=\"og:image:height\" content=\"600\" \/>\n\t<meta property=\"og:image:type\" content=\"image\/jpeg\" \/>\n<meta name=\"author\" content=\"melanie\" \/>\n<meta name=\"twitter:card\" content=\"summary_large_image\" \/>\n<meta name=\"twitter:creator\" content=\"@Photoweb_fr\" \/>\n<meta name=\"twitter:site\" content=\"@Photoweb_fr\" \/>\n<meta name=\"twitter:label1\" content=\"\u00c9crit par\" \/>\n\t<meta name=\"twitter:data1\" content=\"melanie\" \/>\n\t<meta name=\"twitter:label2\" content=\"Dur\u00e9e de lecture estim\u00e9e\" \/>\n\t<meta name=\"twitter:data2\" content=\"3 minutes\" \/>\n<script type=\"application\/ld+json\" class=\"yoast-schema-graph\">{\"@context\":\"https:\/\/schema.org\",\"@graph\":[{\"@type\":\"Article\",\"@id\":\"https:\/\/www.photoweb.fr\/espaces\/magazine\/nouvel-outil-creation-calendrier-photo\/#article\",\"isPartOf\":{\"@id\":\"https:\/\/www.photoweb.fr\/espaces\/magazine\/nouvel-outil-creation-calendrier-photo\/\"},\"author\":{\"name\":\"melanie\",\"@id\":\"https:\/\/www.photoweb.fr\/espaces\/magazine\/#\/schema\/person\/111451a615bb7cbe790bf8b1d6b24391\"},\"headline\":\"Nouvel outil de cr\u00e9ation : calendriers photos\",\"datePublished\":\"2017-12-08T11:27:57+00:00\",\"dateModified\":\"2022-08-03T09:36:29+00:00\",\"mainEntityOfPage\":{\"@id\":\"https:\/\/www.photoweb.fr\/espaces\/magazine\/nouvel-outil-creation-calendrier-photo\/\"},\"wordCount\":610,\"commentCount\":13,\"publisher\":{\"@id\":\"https:\/\/www.photoweb.fr\/espaces\/magazine\/#organization\"},\"articleSection\":[\"Carnet de tendance\"],\"inLanguage\":\"fr-FR\",\"potentialAction\":[{\"@type\":\"CommentAction\",\"name\":\"Comment\",\"target\":[\"https:\/\/www.photoweb.fr\/espaces\/magazine\/nouvel-outil-creation-calendrier-photo\/#respond\"]}]},{\"@type\":\"WebPage\",\"@id\":\"https:\/\/www.photoweb.fr\/espaces\/magazine\/nouvel-outil-creation-calendrier-photo\/\",\"url\":\"https:\/\/www.photoweb.fr\/espaces\/magazine\/nouvel-outil-creation-calendrier-photo\/\",\"name\":\"Nouvel outil de cr\u00e9ation : calendriers photos\",\"isPartOf\":{\"@id\":\"https:\/\/www.photoweb.fr\/espaces\/magazine\/#website\"},\"datePublished\":\"2017-12-08T11:27:57+00:00\",\"dateModified\":\"2022-08-03T09:36:29+00:00\",\"description\":\"Un nouvel outil de cr\u00e9ation est arriv\u00e9 pour vos calendriers photos Photoweb, il vous attend sans plus tarder sur notre site Internet >>>\",\"breadcrumb\":{\"@id\":\"https:\/\/www.photoweb.fr\/espaces\/magazine\/nouvel-outil-creation-calendrier-photo\/#breadcrumb\"},\"inLanguage\":\"fr-FR\",\"potentialAction\":[{\"@type\":\"ReadAction\",\"target\":[\"https:\/\/www.photoweb.fr\/espaces\/magazine\/nouvel-outil-creation-calendrier-photo\/\"]}]},{\"@type\":\"BreadcrumbList\",\"@id\":\"https:\/\/www.photoweb.fr\/espaces\/magazine\/nouvel-outil-creation-calendrier-photo\/#breadcrumb\",\"itemListElement\":[{\"@type\":\"ListItem\",\"position\":1,\"name\":\"Accueil\",\"item\":\"https:\/\/www.photoweb.fr\/espaces\/magazine\/\"},{\"@type\":\"ListItem\",\"position\":2,\"name\":\"Carnet de tendance\",\"item\":\"https:\/\/www.photoweb.fr\/espaces\/magazine\/carnet-de-tendances\/\"},{\"@type\":\"ListItem\",\"position\":3,\"name\":\"Nouvel outil de cr\u00e9ation : calendriers photos\"}]},{\"@type\":\"WebSite\",\"@id\":\"https:\/\/www.photoweb.fr\/espaces\/magazine\/#website\",\"url\":\"https:\/\/www.photoweb.fr\/espaces\/magazine\/\",\"name\":\"Photoweb, le mag\",\"description\":\"Le magazine de Photoweb\",\"publisher\":{\"@id\":\"https:\/\/www.photoweb.fr\/espaces\/magazine\/#organization\"},\"potentialAction\":[{\"@type\":\"SearchAction\",\"target\":{\"@type\":\"EntryPoint\",\"urlTemplate\":\"https:\/\/www.photoweb.fr\/espaces\/magazine\/?s={search_term_string}\"},\"query-input\":\"required name=search_term_string\"}],\"inLanguage\":\"fr-FR\"},{\"@type\":\"Organization\",\"@id\":\"https:\/\/www.photoweb.fr\/espaces\/magazine\/#organization\",\"name\":\"Photoweb\",\"url\":\"https:\/\/www.photoweb.fr\/espaces\/magazine\/\",\"logo\":{\"@type\":\"ImageObject\",\"inLanguage\":\"fr-FR\",\"@id\":\"https:\/\/www.photoweb.fr\/espaces\/magazine\/#\/schema\/logo\/image\/\",\"url\":\"https:\/\/www.photoweb.fr\/espaces\/magazine\/wp-content\/uploads\/2021\/02\/Logo-Photoweb.jpg\",\"contentUrl\":\"https:\/\/www.photoweb.fr\/espaces\/magazine\/wp-content\/uploads\/2021\/02\/Logo-Photoweb.jpg\",\"width\":780,\"height\":456,\"caption\":\"Photoweb\"},\"image\":{\"@id\":\"https:\/\/www.photoweb.fr\/espaces\/magazine\/#\/schema\/logo\/image\/\"},\"sameAs\":[\"https:\/\/fr-fr.facebook.com\/Photoweb.fr\/\",\"https:\/\/twitter.com\/Photoweb_fr\",\"https:\/\/www.instagram.com\/photowebfr\/\",\"https:\/\/www.linkedin.com\/company\/347094\/\",\"https:\/\/www.pinterest.fr\/inspirationsphotoweb\/_created\/\",\"https:\/\/www.youtube.com\/channel\/UCtcVmTvkAzKQLVkiwfOm8sg\"]},{\"@type\":\"Person\",\"@id\":\"https:\/\/www.photoweb.fr\/espaces\/magazine\/#\/schema\/person\/111451a615bb7cbe790bf8b1d6b24391\",\"name\":\"melanie\"}]}<\/script>\n<!-- \/ Yoast SEO plugin. -->","yoast_head_json":{"title":"Nouvel outil de cr\u00e9ation : calendriers photos","description":"Un nouvel outil de cr\u00e9ation est arriv\u00e9 pour vos calendriers photos Photoweb, il vous attend sans plus tarder sur notre site Internet >>>","robots":{"index":"index","follow":"follow","max-snippet":"max-snippet:-1","max-image-preview":"max-image-preview:large","max-video-preview":"max-video-preview:-1"},"canonical":"https:\/\/www.photoweb.fr\/espaces\/magazine\/nouvel-outil-creation-calendrier-photo\/","og_locale":"fr_FR","og_type":"article","og_title":"Nouvel outil de cr\u00e9ation : calendriers photos","og_description":"Un nouvel outil de cr\u00e9ation est arriv\u00e9 pour vos calendriers photos Photoweb, il vous attend sans plus tarder sur notre site Internet >>>","og_url":"https:\/\/www.photoweb.fr\/espaces\/magazine\/nouvel-outil-creation-calendrier-photo\/","og_site_name":"Photoweb, le mag","article_publisher":"https:\/\/fr-fr.facebook.com\/Photoweb.fr\/","article_published_time":"2017-12-08T11:27:57+00:00","article_modified_time":"2022-08-03T09:36:29+00:00","og_image":[{"width":800,"height":600,"url":"https:\/\/www.photoweb.fr\/espaces\/magazine\/wp-content\/uploads\/2017\/12\/nouvelle-interface-calendrier-photoweb.jpg","type":"image\/jpeg"}],"author":"melanie","twitter_card":"summary_large_image","twitter_creator":"@Photoweb_fr","twitter_site":"@Photoweb_fr","twitter_misc":{"\u00c9crit par":"melanie","Dur\u00e9e de lecture estim\u00e9e":"3 minutes"},"schema":{"@context":"https:\/\/schema.org","@graph":[{"@type":"Article","@id":"https:\/\/www.photoweb.fr\/espaces\/magazine\/nouvel-outil-creation-calendrier-photo\/#article","isPartOf":{"@id":"https:\/\/www.photoweb.fr\/espaces\/magazine\/nouvel-outil-creation-calendrier-photo\/"},"author":{"name":"melanie","@id":"https:\/\/www.photoweb.fr\/espaces\/magazine\/#\/schema\/person\/111451a615bb7cbe790bf8b1d6b24391"},"headline":"Nouvel outil de cr\u00e9ation : calendriers photos","datePublished":"2017-12-08T11:27:57+00:00","dateModified":"2022-08-03T09:36:29+00:00","mainEntityOfPage":{"@id":"https:\/\/www.photoweb.fr\/espaces\/magazine\/nouvel-outil-creation-calendrier-photo\/"},"wordCount":610,"commentCount":13,"publisher":{"@id":"https:\/\/www.photoweb.fr\/espaces\/magazine\/#organization"},"articleSection":["Carnet de tendance"],"inLanguage":"fr-FR","potentialAction":[{"@type":"CommentAction","name":"Comment","target":["https:\/\/www.photoweb.fr\/espaces\/magazine\/nouvel-outil-creation-calendrier-photo\/#respond"]}]},{"@type":"WebPage","@id":"https:\/\/www.photoweb.fr\/espaces\/magazine\/nouvel-outil-creation-calendrier-photo\/","url":"https:\/\/www.photoweb.fr\/espaces\/magazine\/nouvel-outil-creation-calendrier-photo\/","name":"Nouvel outil de cr\u00e9ation : calendriers photos","isPartOf":{"@id":"https:\/\/www.photoweb.fr\/espaces\/magazine\/#website"},"datePublished":"2017-12-08T11:27:57+00:00","dateModified":"2022-08-03T09:36:29+00:00","description":"Un nouvel outil de cr\u00e9ation est arriv\u00e9 pour vos calendriers photos Photoweb, il vous attend sans plus tarder sur notre site Internet >>>","breadcrumb":{"@id":"https:\/\/www.photoweb.fr\/espaces\/magazine\/nouvel-outil-creation-calendrier-photo\/#breadcrumb"},"inLanguage":"fr-FR","potentialAction":[{"@type":"ReadAction","target":["https:\/\/www.photoweb.fr\/espaces\/magazine\/nouvel-outil-creation-calendrier-photo\/"]}]},{"@type":"BreadcrumbList","@id":"https:\/\/www.photoweb.fr\/espaces\/magazine\/nouvel-outil-creation-calendrier-photo\/#breadcrumb","itemListElement":[{"@type":"ListItem","position":1,"name":"Accueil","item":"https:\/\/www.photoweb.fr\/espaces\/magazine\/"},{"@type":"ListItem","position":2,"name":"Carnet de tendance","item":"https:\/\/www.photoweb.fr\/espaces\/magazine\/carnet-de-tendances\/"},{"@type":"ListItem","position":3,"name":"Nouvel outil de cr\u00e9ation : calendriers photos"}]},{"@type":"WebSite","@id":"https:\/\/www.photoweb.fr\/espaces\/magazine\/#website","url":"https:\/\/www.photoweb.fr\/espaces\/magazine\/","name":"Photoweb, le mag","description":"Le magazine de Photoweb","publisher":{"@id":"https:\/\/www.photoweb.fr\/espaces\/magazine\/#organization"},"potentialAction":[{"@type":"SearchAction","target":{"@type":"EntryPoint","urlTemplate":"https:\/\/www.photoweb.fr\/espaces\/magazine\/?s={search_term_string}"},"query-input":"required name=search_term_string"}],"inLanguage":"fr-FR"},{"@type":"Organization","@id":"https:\/\/www.photoweb.fr\/espaces\/magazine\/#organization","name":"Photoweb","url":"https:\/\/www.photoweb.fr\/espaces\/magazine\/","logo":{"@type":"ImageObject","inLanguage":"fr-FR","@id":"https:\/\/www.photoweb.fr\/espaces\/magazine\/#\/schema\/logo\/image\/","url":"https:\/\/www.photoweb.fr\/espaces\/magazine\/wp-content\/uploads\/2021\/02\/Logo-Photoweb.jpg","contentUrl":"https:\/\/www.photoweb.fr\/espaces\/magazine\/wp-content\/uploads\/2021\/02\/Logo-Photoweb.jpg","width":780,"height":456,"caption":"Photoweb"},"image":{"@id":"https:\/\/www.photoweb.fr\/espaces\/magazine\/#\/schema\/logo\/image\/"},"sameAs":["https:\/\/fr-fr.facebook.com\/Photoweb.fr\/","https:\/\/twitter.com\/Photoweb_fr","https:\/\/www.instagram.com\/photowebfr\/","https:\/\/www.linkedin.com\/company\/347094\/","https:\/\/www.pinterest.fr\/inspirationsphotoweb\/_created\/","https:\/\/www.youtube.com\/channel\/UCtcVmTvkAzKQLVkiwfOm8sg"]},{"@type":"Person","@id":"https:\/\/www.photoweb.fr\/espaces\/magazine\/#\/schema\/person\/111451a615bb7cbe790bf8b1d6b24391","name":"melanie"}]}},"acf":[],"_links":{"self":[{"href":"https:\/\/www.photoweb.fr\/espaces\/magazine\/wp-json\/wp\/v2\/posts\/3682","targetHints":{"allow":["GET"]}}],"collection":[{"href":"https:\/\/www.photoweb.fr\/espaces\/magazine\/wp-json\/wp\/v2\/posts"}],"about":[{"href":"https:\/\/www.photoweb.fr\/espaces\/magazine\/wp-json\/wp\/v2\/types\/post"}],"author":[{"embeddable":true,"href":"https:\/\/www.photoweb.fr\/espaces\/magazine\/wp-json\/wp\/v2\/users\/21"}],"replies":[{"embeddable":true,"href":"https:\/\/www.photoweb.fr\/espaces\/magazine\/wp-json\/wp\/v2\/comments?post=3682"}],"version-history":[{"count":1,"href":"https:\/\/www.photoweb.fr\/espaces\/magazine\/wp-json\/wp\/v2\/posts\/3682\/revisions"}],"predecessor-version":[{"id":11708,"href":"https:\/\/www.photoweb.fr\/espaces\/magazine\/wp-json\/wp\/v2\/posts\/3682\/revisions\/11708"}],"wp:featuredmedia":[{"embeddable":true,"href":"https:\/\/www.photoweb.fr\/espaces\/magazine\/wp-json\/wp\/v2\/media\/3684"}],"wp:attachment":[{"href":"https:\/\/www.photoweb.fr\/espaces\/magazine\/wp-json\/wp\/v2\/media?parent=3682"}],"wp:term":[{"taxonomy":"category","embeddable":true,"href":"https:\/\/www.photoweb.fr\/espaces\/magazine\/wp-json\/wp\/v2\/categories?post=3682"},{"taxonomy":"post_tag","embeddable":true,"href":"https:\/\/www.photoweb.fr\/espaces\/magazine\/wp-json\/wp\/v2\/tags?post=3682"}],"curies":[{"name":"wp","href":"https:\/\/api.w.org\/{rel}","templated":true}]}}