{"id":3723,"date":"2017-12-14T14:58:40","date_gmt":"2017-12-14T14:58:40","guid":{"rendered":"https:\/\/www.photoweb.fr\/espaces\/magazine\/magazine\/?p=3723"},"modified":"2022-08-03T09:15:18","modified_gmt":"2022-08-03T09:15:18","slug":"diy-noel-etiquette-cadeaux","status":"publish","type":"post","link":"https:\/\/www.photoweb.fr\/espaces\/magazine\/diy-noel-etiquette-cadeaux\/","title":{"rendered":"DIY No\u00ebl : \u00e9tiquette cadeaux"},"content":{"rendered":"\n\n\t<p>\u00c7a y est&#8230; Vous avez enfin termin\u00e9 votre liste de cadeaux de No\u00ebl ? Pour maman, le ch\u00e9ri, les enfants, les tontons, vous \u00eates pr\u00eat \u00e0 disposer vos cadeaux sous le sapin ! Avant \u00e7a, nous avons une petite id\u00e9e \u00e0 vous proposer pour <strong>customiser vos paquets <\/strong>!<\/p>\n\t<h2><strong>Les \u00e9tiquettes \u00ab Vintage \u00bb <\/strong><\/h2>\n<p>Vous commencez \u00e0 bien les conna\u00eetre, ils font partie de nos chouchous, nos bo\u00eetes \u00e0 tirages Vintage !<\/p>\n<p>Son tirage au format r\u00e9tro est <strong>LA tendance<\/strong> qui donne un nouveau souffle \u00e0 votre d\u00e9co photo, cette fois-ci, il va apporter sa petite touche personnelle \u00e0 vos cadeaux de No\u00ebl \u00e0 qui vous comptiez l&rsquo;offrir cette ann\u00e9e !<\/p>\n<p>Tout d&rsquo;abord, cr\u00e9ez la bo\u00eete \u00e0 tirages Vintage de votre choix en imprimant des photos de chaque personne \u00e0 qui vous avez pr\u00e9vu de faire un cadeau. Vous avez trouv\u00e9 notre id\u00e9e ? Toujours pas&#8230; D\u00e9couvrez cela en images !<\/p>\n\t\t\t\t<img loading=\"lazy\" decoding=\"async\" src=\"https:\/\/www.photoweb.fr\/espaces\/magazine\/wp-content\/uploads\/2017\/12\/etiquette-blog.jpg\" alt=\"\u00e9tiquette blog\" itemprop=\"image\" height=\"600\" width=\"800\" title=\"\u00e9tiquette blog\" onerror=\"this.style.display='none'\"  \/>\n\t<p>Si vous souhaitez faire quelque chose de plus fun, d\u00e9dicacez vos cadeaux avec des photos de vous en faisant des c\u0153urs avec les mains que vous offrirez \u00e0 votre tendre amoureux, des bisous pour votre papa, des grimaces pour votre tonton blagueur&#8230;<\/p>\n<p>Vous n&rsquo;avez pas le temps ? On a une solution de secours pour vous !<\/p>\n<h2><strong>L&rsquo;\u00e9tiquette toute pr\u00eate !<\/strong><\/h2>\n<p>Chez Photoweb, on veut que chaque No\u00ebl soit une r\u00e9ussite ! Nous sommes l\u00e0 pour vous donner un coup de pouce pour g\u00e2ter vos proches avec des cadeaux photos personnalis\u00e9s jusqu&rsquo;au bout ! Pour embellir vos paquets, nous vous avons d\u00e9got\u00e9 quelques \u00e9tiquettes qui n&rsquo;attendent que vous. Restez bien au chaud, elles sont pr\u00eates \u00e0 \u00eatre t\u00e9l\u00e9charg\u00e9es MAINTENANT, customisez-les \u00e0 votre guise avec de jolis petits mots adress\u00e9s \u00e0 votre entourage.<\/p>\n<p>&nbsp;<\/p>\n<p><strong>A T\u00c9L\u00c9CHARGER :<\/strong><\/p>\n<p><a href=\"https:\/\/www.photoweb.fr\/espaces\/magazine\/wp-content\/uploads\/sites\/3\/2017\/12\/Etiquette-noel-1.jpg\" target=\"_blank\" rel=\"noopener\"><strong>Mod\u00e8le 1<\/strong><\/a><\/p>\n<p><a href=\"https:\/\/www.photoweb.fr\/espaces\/magazine\/wp-content\/uploads\/sites\/3\/2017\/12\/etiquette-noel-2.jpg\" target=\"_blank\" rel=\"noopener\"><strong>Mod\u00e8le 2<\/strong><\/a><\/p>\n<p>&nbsp;<\/p>\n<strong>Joyeux No\u00ebl !<br \/>\n<\/strong>\n<p>&nbsp;<\/p>\n\t1.2.3.\nimprimez&#8239;!\n\t\t\t\t<a href=\"https:\/\/www.photoweb.fr\/box\/tirage-vintage\" target=\"_blank\" rel=\"noopener\" itemprop=\"url\">\n\t\t\t\t<img loading=\"lazy\" decoding=\"async\" src=\"https:\/\/www.photoweb.fr\/espaces\/magazine\/wp-content\/uploads\/2017\/06\/tirages-vintage-photoweb.jpg\" alt=\"tirage retro\" itemprop=\"image\" height=\"600\" width=\"600\" title=\"tirages-vintage-photoweb\" onerror=\"this.style.display='none'\"  \/>\n\t\t\t\t<\/a>\n\t<a href=\"https:\/\/www.photoweb.fr\/box\/tirage-vintage\">\ncr\u00e9er mes tirages Vintage<\/a>\n\n","protected":false},"excerpt":{"rendered":"<p>\u00c7a y est\u2026 Vous avez enfin termin\u00e9 votre liste de cadeaux de No\u00ebl \uf04a Pour maman, le ch\u00e9ri, les enfants, les tontons, vous \u00eates pr\u00eat \u00e0 disposer vos cadeaux sous le sapin ! Avant \u00e7a, nous avons une petite id\u00e9e \u00e0 vous proposer pour customiser vos paquets ! <\/p>\n","protected":false},"author":21,"featured_media":3754,"comment_status":"open","ping_status":"open","sticky":false,"template":"single-standard.php","format":"standard","meta":{"footnotes":""},"categories":[5],"tags":[52],"class_list":["post-3723","post","type-post","status-publish","format-standard","has-post-thumbnail","hentry","category-carnet-de-tendances","tag-cadeau-photo"],"yoast_head":"<!-- This site is optimized with the Yoast SEO plugin v20.3 - https:\/\/yoast.com\/wordpress\/plugins\/seo\/ -->\n<title>DIY No\u00ebl : \u00e9tiquette cadeaux<\/title>\n<meta name=\"description\" content=\"Vous avez enfin termin\u00e9 votre liste de cadeaux de No\u00ebl ! Passez \u00e0 la personnalisation de vos paquets cadeaux avec notre DIY sp\u00e9cial &quot;\u00e9tiquette No\u00ebl&quot; &gt;\" \/>\n<meta name=\"robots\" content=\"index, follow, max-snippet:-1, max-image-preview:large, max-video-preview:-1\" \/>\n<link rel=\"canonical\" href=\"https:\/\/www.photoweb.fr\/espaces\/magazine\/diy-noel-etiquette-cadeaux\/\" \/>\n<meta property=\"og:locale\" content=\"fr_FR\" \/>\n<meta property=\"og:type\" content=\"article\" \/>\n<meta property=\"og:title\" content=\"DIY No\u00ebl : \u00e9tiquette cadeaux\" \/>\n<meta property=\"og:description\" content=\"Vous avez enfin termin\u00e9 votre liste de cadeaux de No\u00ebl ! Passez \u00e0 la personnalisation de vos paquets cadeaux avec notre DIY sp\u00e9cial &quot;\u00e9tiquette No\u00ebl&quot; &gt;\" \/>\n<meta property=\"og:url\" content=\"https:\/\/www.photoweb.fr\/espaces\/magazine\/diy-noel-etiquette-cadeaux\/\" \/>\n<meta property=\"og:site_name\" content=\"Photoweb, le mag\" \/>\n<meta property=\"article:publisher\" content=\"https:\/\/fr-fr.facebook.com\/Photoweb.fr\/\" \/>\n<meta property=\"article:published_time\" content=\"2017-12-14T14:58:40+00:00\" \/>\n<meta property=\"article:modified_time\" content=\"2022-08-03T09:15:18+00:00\" \/>\n<meta property=\"og:image\" content=\"https:\/\/www.photoweb.fr\/espaces\/magazine\/wp-content\/uploads\/2017\/12\/diy-etiquette-noel.jpg\" \/>\n\t<meta property=\"og:image:width\" content=\"800\" \/>\n\t<meta property=\"og:image:height\" content=\"600\" \/>\n\t<meta property=\"og:image:type\" content=\"image\/jpeg\" \/>\n<meta name=\"author\" content=\"melanie\" \/>\n<meta name=\"twitter:card\" content=\"summary_large_image\" \/>\n<meta name=\"twitter:creator\" content=\"@Photoweb_fr\" \/>\n<meta name=\"twitter:site\" content=\"@Photoweb_fr\" \/>\n<meta name=\"twitter:label1\" content=\"\u00c9crit par\" \/>\n\t<meta name=\"twitter:data1\" content=\"melanie\" \/>\n\t<meta name=\"twitter:label2\" content=\"Dur\u00e9e de lecture estim\u00e9e\" \/>\n\t<meta name=\"twitter:data2\" content=\"2 minutes\" \/>\n<script type=\"application\/ld+json\" class=\"yoast-schema-graph\">{\"@context\":\"https:\/\/schema.org\",\"@graph\":[{\"@type\":\"Article\",\"@id\":\"https:\/\/www.photoweb.fr\/espaces\/magazine\/diy-noel-etiquette-cadeaux\/#article\",\"isPartOf\":{\"@id\":\"https:\/\/www.photoweb.fr\/espaces\/magazine\/diy-noel-etiquette-cadeaux\/\"},\"author\":{\"name\":\"melanie\",\"@id\":\"https:\/\/www.photoweb.fr\/espaces\/magazine\/#\/schema\/person\/111451a615bb7cbe790bf8b1d6b24391\"},\"headline\":\"DIY No\u00ebl : \u00e9tiquette cadeaux\",\"datePublished\":\"2017-12-14T14:58:40+00:00\",\"dateModified\":\"2022-08-03T09:15:18+00:00\",\"mainEntityOfPage\":{\"@id\":\"https:\/\/www.photoweb.fr\/espaces\/magazine\/diy-noel-etiquette-cadeaux\/\"},\"wordCount\":309,\"commentCount\":0,\"publisher\":{\"@id\":\"https:\/\/www.photoweb.fr\/espaces\/magazine\/#organization\"},\"keywords\":[\"cadeau photo\"],\"articleSection\":[\"Carnet de tendance\"],\"inLanguage\":\"fr-FR\",\"potentialAction\":[{\"@type\":\"CommentAction\",\"name\":\"Comment\",\"target\":[\"https:\/\/www.photoweb.fr\/espaces\/magazine\/diy-noel-etiquette-cadeaux\/#respond\"]}]},{\"@type\":\"WebPage\",\"@id\":\"https:\/\/www.photoweb.fr\/espaces\/magazine\/diy-noel-etiquette-cadeaux\/\",\"url\":\"https:\/\/www.photoweb.fr\/espaces\/magazine\/diy-noel-etiquette-cadeaux\/\",\"name\":\"DIY No\u00ebl : \u00e9tiquette cadeaux\",\"isPartOf\":{\"@id\":\"https:\/\/www.photoweb.fr\/espaces\/magazine\/#website\"},\"datePublished\":\"2017-12-14T14:58:40+00:00\",\"dateModified\":\"2022-08-03T09:15:18+00:00\",\"description\":\"Vous avez enfin termin\u00e9 votre liste de cadeaux de No\u00ebl ! Passez \u00e0 la personnalisation de vos paquets cadeaux avec notre DIY sp\u00e9cial \\\"\u00e9tiquette No\u00ebl\\\" >\",\"breadcrumb\":{\"@id\":\"https:\/\/www.photoweb.fr\/espaces\/magazine\/diy-noel-etiquette-cadeaux\/#breadcrumb\"},\"inLanguage\":\"fr-FR\",\"potentialAction\":[{\"@type\":\"ReadAction\",\"target\":[\"https:\/\/www.photoweb.fr\/espaces\/magazine\/diy-noel-etiquette-cadeaux\/\"]}]},{\"@type\":\"BreadcrumbList\",\"@id\":\"https:\/\/www.photoweb.fr\/espaces\/magazine\/diy-noel-etiquette-cadeaux\/#breadcrumb\",\"itemListElement\":[{\"@type\":\"ListItem\",\"position\":1,\"name\":\"Accueil\",\"item\":\"https:\/\/www.photoweb.fr\/espaces\/magazine\/\"},{\"@type\":\"ListItem\",\"position\":2,\"name\":\"Carnet de tendance\",\"item\":\"https:\/\/www.photoweb.fr\/espaces\/magazine\/carnet-de-tendances\/\"},{\"@type\":\"ListItem\",\"position\":3,\"name\":\"DIY No\u00ebl : \u00e9tiquette cadeaux\"}]},{\"@type\":\"WebSite\",\"@id\":\"https:\/\/www.photoweb.fr\/espaces\/magazine\/#website\",\"url\":\"https:\/\/www.photoweb.fr\/espaces\/magazine\/\",\"name\":\"Photoweb, le mag\",\"description\":\"Le magazine de Photoweb\",\"publisher\":{\"@id\":\"https:\/\/www.photoweb.fr\/espaces\/magazine\/#organization\"},\"potentialAction\":[{\"@type\":\"SearchAction\",\"target\":{\"@type\":\"EntryPoint\",\"urlTemplate\":\"https:\/\/www.photoweb.fr\/espaces\/magazine\/?s={search_term_string}\"},\"query-input\":\"required name=search_term_string\"}],\"inLanguage\":\"fr-FR\"},{\"@type\":\"Organization\",\"@id\":\"https:\/\/www.photoweb.fr\/espaces\/magazine\/#organization\",\"name\":\"Photoweb\",\"url\":\"https:\/\/www.photoweb.fr\/espaces\/magazine\/\",\"logo\":{\"@type\":\"ImageObject\",\"inLanguage\":\"fr-FR\",\"@id\":\"https:\/\/www.photoweb.fr\/espaces\/magazine\/#\/schema\/logo\/image\/\",\"url\":\"https:\/\/www.photoweb.fr\/espaces\/magazine\/wp-content\/uploads\/2021\/02\/Logo-Photoweb.jpg\",\"contentUrl\":\"https:\/\/www.photoweb.fr\/espaces\/magazine\/wp-content\/uploads\/2021\/02\/Logo-Photoweb.jpg\",\"width\":780,\"height\":456,\"caption\":\"Photoweb\"},\"image\":{\"@id\":\"https:\/\/www.photoweb.fr\/espaces\/magazine\/#\/schema\/logo\/image\/\"},\"sameAs\":[\"https:\/\/fr-fr.facebook.com\/Photoweb.fr\/\",\"https:\/\/twitter.com\/Photoweb_fr\",\"https:\/\/www.instagram.com\/photowebfr\/\",\"https:\/\/www.linkedin.com\/company\/347094\/\",\"https:\/\/www.pinterest.fr\/inspirationsphotoweb\/_created\/\",\"https:\/\/www.youtube.com\/channel\/UCtcVmTvkAzKQLVkiwfOm8sg\"]},{\"@type\":\"Person\",\"@id\":\"https:\/\/www.photoweb.fr\/espaces\/magazine\/#\/schema\/person\/111451a615bb7cbe790bf8b1d6b24391\",\"name\":\"melanie\"}]}<\/script>\n<!-- \/ Yoast SEO plugin. -->","yoast_head_json":{"title":"DIY No\u00ebl : \u00e9tiquette cadeaux","description":"Vous avez enfin termin\u00e9 votre liste de cadeaux de No\u00ebl ! Passez \u00e0 la personnalisation de vos paquets cadeaux avec notre DIY sp\u00e9cial \"\u00e9tiquette No\u00ebl\" >","robots":{"index":"index","follow":"follow","max-snippet":"max-snippet:-1","max-image-preview":"max-image-preview:large","max-video-preview":"max-video-preview:-1"},"canonical":"https:\/\/www.photoweb.fr\/espaces\/magazine\/diy-noel-etiquette-cadeaux\/","og_locale":"fr_FR","og_type":"article","og_title":"DIY No\u00ebl : \u00e9tiquette cadeaux","og_description":"Vous avez enfin termin\u00e9 votre liste de cadeaux de No\u00ebl ! Passez \u00e0 la personnalisation de vos paquets cadeaux avec notre DIY sp\u00e9cial \"\u00e9tiquette No\u00ebl\" >","og_url":"https:\/\/www.photoweb.fr\/espaces\/magazine\/diy-noel-etiquette-cadeaux\/","og_site_name":"Photoweb, le mag","article_publisher":"https:\/\/fr-fr.facebook.com\/Photoweb.fr\/","article_published_time":"2017-12-14T14:58:40+00:00","article_modified_time":"2022-08-03T09:15:18+00:00","og_image":[{"width":800,"height":600,"url":"https:\/\/www.photoweb.fr\/espaces\/magazine\/wp-content\/uploads\/2017\/12\/diy-etiquette-noel.jpg","type":"image\/jpeg"}],"author":"melanie","twitter_card":"summary_large_image","twitter_creator":"@Photoweb_fr","twitter_site":"@Photoweb_fr","twitter_misc":{"\u00c9crit par":"melanie","Dur\u00e9e de lecture estim\u00e9e":"2 minutes"},"schema":{"@context":"https:\/\/schema.org","@graph":[{"@type":"Article","@id":"https:\/\/www.photoweb.fr\/espaces\/magazine\/diy-noel-etiquette-cadeaux\/#article","isPartOf":{"@id":"https:\/\/www.photoweb.fr\/espaces\/magazine\/diy-noel-etiquette-cadeaux\/"},"author":{"name":"melanie","@id":"https:\/\/www.photoweb.fr\/espaces\/magazine\/#\/schema\/person\/111451a615bb7cbe790bf8b1d6b24391"},"headline":"DIY No\u00ebl : \u00e9tiquette cadeaux","datePublished":"2017-12-14T14:58:40+00:00","dateModified":"2022-08-03T09:15:18+00:00","mainEntityOfPage":{"@id":"https:\/\/www.photoweb.fr\/espaces\/magazine\/diy-noel-etiquette-cadeaux\/"},"wordCount":309,"commentCount":0,"publisher":{"@id":"https:\/\/www.photoweb.fr\/espaces\/magazine\/#organization"},"keywords":["cadeau photo"],"articleSection":["Carnet de tendance"],"inLanguage":"fr-FR","potentialAction":[{"@type":"CommentAction","name":"Comment","target":["https:\/\/www.photoweb.fr\/espaces\/magazine\/diy-noel-etiquette-cadeaux\/#respond"]}]},{"@type":"WebPage","@id":"https:\/\/www.photoweb.fr\/espaces\/magazine\/diy-noel-etiquette-cadeaux\/","url":"https:\/\/www.photoweb.fr\/espaces\/magazine\/diy-noel-etiquette-cadeaux\/","name":"DIY No\u00ebl : \u00e9tiquette cadeaux","isPartOf":{"@id":"https:\/\/www.photoweb.fr\/espaces\/magazine\/#website"},"datePublished":"2017-12-14T14:58:40+00:00","dateModified":"2022-08-03T09:15:18+00:00","description":"Vous avez enfin termin\u00e9 votre liste de cadeaux de No\u00ebl ! Passez \u00e0 la personnalisation de vos paquets cadeaux avec notre DIY sp\u00e9cial \"\u00e9tiquette No\u00ebl\" >","breadcrumb":{"@id":"https:\/\/www.photoweb.fr\/espaces\/magazine\/diy-noel-etiquette-cadeaux\/#breadcrumb"},"inLanguage":"fr-FR","potentialAction":[{"@type":"ReadAction","target":["https:\/\/www.photoweb.fr\/espaces\/magazine\/diy-noel-etiquette-cadeaux\/"]}]},{"@type":"BreadcrumbList","@id":"https:\/\/www.photoweb.fr\/espaces\/magazine\/diy-noel-etiquette-cadeaux\/#breadcrumb","itemListElement":[{"@type":"ListItem","position":1,"name":"Accueil","item":"https:\/\/www.photoweb.fr\/espaces\/magazine\/"},{"@type":"ListItem","position":2,"name":"Carnet de tendance","item":"https:\/\/www.photoweb.fr\/espaces\/magazine\/carnet-de-tendances\/"},{"@type":"ListItem","position":3,"name":"DIY No\u00ebl : \u00e9tiquette cadeaux"}]},{"@type":"WebSite","@id":"https:\/\/www.photoweb.fr\/espaces\/magazine\/#website","url":"https:\/\/www.photoweb.fr\/espaces\/magazine\/","name":"Photoweb, le mag","description":"Le magazine de Photoweb","publisher":{"@id":"https:\/\/www.photoweb.fr\/espaces\/magazine\/#organization"},"potentialAction":[{"@type":"SearchAction","target":{"@type":"EntryPoint","urlTemplate":"https:\/\/www.photoweb.fr\/espaces\/magazine\/?s={search_term_string}"},"query-input":"required name=search_term_string"}],"inLanguage":"fr-FR"},{"@type":"Organization","@id":"https:\/\/www.photoweb.fr\/espaces\/magazine\/#organization","name":"Photoweb","url":"https:\/\/www.photoweb.fr\/espaces\/magazine\/","logo":{"@type":"ImageObject","inLanguage":"fr-FR","@id":"https:\/\/www.photoweb.fr\/espaces\/magazine\/#\/schema\/logo\/image\/","url":"https:\/\/www.photoweb.fr\/espaces\/magazine\/wp-content\/uploads\/2021\/02\/Logo-Photoweb.jpg","contentUrl":"https:\/\/www.photoweb.fr\/espaces\/magazine\/wp-content\/uploads\/2021\/02\/Logo-Photoweb.jpg","width":780,"height":456,"caption":"Photoweb"},"image":{"@id":"https:\/\/www.photoweb.fr\/espaces\/magazine\/#\/schema\/logo\/image\/"},"sameAs":["https:\/\/fr-fr.facebook.com\/Photoweb.fr\/","https:\/\/twitter.com\/Photoweb_fr","https:\/\/www.instagram.com\/photowebfr\/","https:\/\/www.linkedin.com\/company\/347094\/","https:\/\/www.pinterest.fr\/inspirationsphotoweb\/_created\/","https:\/\/www.youtube.com\/channel\/UCtcVmTvkAzKQLVkiwfOm8sg"]},{"@type":"Person","@id":"https:\/\/www.photoweb.fr\/espaces\/magazine\/#\/schema\/person\/111451a615bb7cbe790bf8b1d6b24391","name":"melanie"}]}},"acf":[],"_links":{"self":[{"href":"https:\/\/www.photoweb.fr\/espaces\/magazine\/wp-json\/wp\/v2\/posts\/3723","targetHints":{"allow":["GET"]}}],"collection":[{"href":"https:\/\/www.photoweb.fr\/espaces\/magazine\/wp-json\/wp\/v2\/posts"}],"about":[{"href":"https:\/\/www.photoweb.fr\/espaces\/magazine\/wp-json\/wp\/v2\/types\/post"}],"author":[{"embeddable":true,"href":"https:\/\/www.photoweb.fr\/espaces\/magazine\/wp-json\/wp\/v2\/users\/21"}],"replies":[{"embeddable":true,"href":"https:\/\/www.photoweb.fr\/espaces\/magazine\/wp-json\/wp\/v2\/comments?post=3723"}],"version-history":[{"count":2,"href":"https:\/\/www.photoweb.fr\/espaces\/magazine\/wp-json\/wp\/v2\/posts\/3723\/revisions"}],"predecessor-version":[{"id":11704,"href":"https:\/\/www.photoweb.fr\/espaces\/magazine\/wp-json\/wp\/v2\/posts\/3723\/revisions\/11704"}],"wp:featuredmedia":[{"embeddable":true,"href":"https:\/\/www.photoweb.fr\/espaces\/magazine\/wp-json\/wp\/v2\/media\/3754"}],"wp:attachment":[{"href":"https:\/\/www.photoweb.fr\/espaces\/magazine\/wp-json\/wp\/v2\/media?parent=3723"}],"wp:term":[{"taxonomy":"category","embeddable":true,"href":"https:\/\/www.photoweb.fr\/espaces\/magazine\/wp-json\/wp\/v2\/categories?post=3723"},{"taxonomy":"post_tag","embeddable":true,"href":"https:\/\/www.photoweb.fr\/espaces\/magazine\/wp-json\/wp\/v2\/tags?post=3723"}],"curies":[{"name":"wp","href":"https:\/\/api.w.org\/{rel}","templated":true}]}}