{"id":4260,"date":"2017-05-22T13:30:47","date_gmt":"2017-05-22T13:30:47","guid":{"rendered":"https:\/\/www.photoweb.fr\/espaces\/magazine\/magazine\/?p=4260"},"modified":"2022-06-08T14:44:28","modified_gmt":"2022-06-08T14:44:28","slug":"mise-en-page-album-photo","status":"publish","type":"post","link":"https:\/\/www.photoweb.fr\/espaces\/magazine\/mise-en-page-album-photo\/","title":{"rendered":"Mise en page album photo : une mise en page de vos photos \u00e0 votre image"},"content":{"rendered":"<p>1<\/p>\n<h2>La mise en page de votre<br \/>\n<a href=\"https:\/\/www.photoweb.fr\/livre-photo\/album-photo-prestige\/listing\">album photo<\/a><\/h2>\n<p>Pour obtenir un <a href=\"https:\/\/www.photoweb.fr\/livre-photo\/listing\">livre photo<\/a> \u00e0 la mise en page photo digne d&rsquo;un professionnel, l&rsquo;interface vous propose de nombreux gabarits de mise en page photo. Que vous souhaitiez int\u00e9grer 1, 2, 3 photos ou plus encore, des mod\u00e8les de mise en page photo sont disponibles pour vous guider.<\/p>\n<p>Cliquez sur l&rsquo;onglet \u00ab\u00a0<strong>Mises en page\u00a0\u00bb<\/strong> dans le menu de navigation qui se trouve en bas de votre \u00e9cran, et s\u00e9lectionnez la mise en page de votre choix.<\/p>\n<p><strong>Bon \u00e0 savoir :<\/strong> Rien n&rsquo;est fig\u00e9, vous pouvez modifier les mises en page de votre album photo en ligne. Si la disposition de vos photos ne vous convient plus, un clic sur un gabarit et une nouvelle mise page photo est appliqu\u00e9e. Les photos pr\u00e9c\u00e9demment ajout\u00e9es sont conserv\u00e9es !<\/p>\n<p><img loading=\"lazy\" decoding=\"async\" title=\"mises en page album photo\" src=\"https:\/\/www.photoweb.fr\/espaces\/magazine\/wp-content\/uploads\/2018\/01\/mises-en-page-livre-photo-1.jpg\" alt=\"mises en page album photo\" width=\"1335\" height=\"833\" \/><br \/>\n2<\/p>\n<h2><strong>Organiser les \u00e9l\u00e9ments<\/strong><\/h2>\n<p>Vous pouvez d\u00e9sormais organiser l&rsquo;ordre des \u00e9l\u00e9ments qui composent votre page. En cliquant sur un \u00e9l\u00e9ment (texte, photo ou illustration) vous pourrez choisir d&rsquo;avancer au premier plan cet \u00e9l\u00e9ment, de le reculer \u00e0 l&rsquo;arri\u00e8re-plan ou de faire une rotation ! Cr\u00e9er ainsi une mise en page photo unique&#8230; qui vous ressemble !<\/p>\n<p>Astuce<\/p>\n<p>Le texte sera toujours au premier plan pour \u00e9viter de voir dispara\u00eetre un mot !<\/p>\n<p>\u201c<br \/>\n3<\/p>\n<h2><strong>Comment supprimer<br \/>\nune page ?<\/strong><\/h2>\n<p>Votre mise en page photo ne vous convient pas ou vous souhaitez recommencer une page ? Une fonction est disponible pour cela. S\u00e9lectionnez la page qui ne vous convient pas et cliquez sur <strong>\u00ab\u00a0Supprimer la page en cours\u00a0\u00bb <\/strong>dans le menu de navigation en bas de votre \u00e9cran, rubrique <strong>\u00ab\u00a0Gestion des pages\u00a0\u00bb<\/strong>.<\/p>\n<p>&nbsp;<\/p>\n","protected":false},"excerpt":{"rendered":"<p>1 La mise en page de votre album photo Pour obtenir un livre photo \u00e0 la mise en page photo digne d&rsquo;un professionnel, l&rsquo;interface vous propose de nombreux gabarits de mise en page photo. Que vous souhaitiez int\u00e9grer 1, 2, 3 photos ou plus encore, des mod\u00e8les de mise en page photo sont disponibles pour&hellip;<\/p>\n","protected":false},"author":6,"featured_media":4268,"comment_status":"closed","ping_status":"open","sticky":false,"template":"single-standard.php","format":"standard","meta":{"footnotes":""},"categories":[91],"tags":[],"class_list":["post-4260","post","type-post","status-publish","format-standard","has-post-thumbnail","hentry","category-aide"],"yoast_head":"<!-- This site is optimized with the Yoast SEO plugin v20.3 - https:\/\/yoast.com\/wordpress\/plugins\/seo\/ -->\n<title>Mise en page photo : Cr\u00e9er une mise en page photo unique !<\/title>\n<meta name=\"description\" content=\"Vous souhaitez cr\u00e9er un album photo personnalis\u00e9 unique ? D\u00e9couvrez toutes les possibilit\u00e9s de mise en page photo qu&#039;offre notre logiciel de cr\u00e9ation !\" \/>\n<meta name=\"robots\" content=\"index, follow, max-snippet:-1, max-image-preview:large, max-video-preview:-1\" \/>\n<link rel=\"canonical\" href=\"https:\/\/www.photoweb.fr\/espaces\/magazine\/mise-en-page-album-photo\/\" \/>\n<meta property=\"og:locale\" content=\"fr_FR\" \/>\n<meta property=\"og:type\" content=\"article\" \/>\n<meta property=\"og:title\" content=\"Mise en page photo : Cr\u00e9er une mise en page photo unique !\" \/>\n<meta property=\"og:description\" content=\"Vous souhaitez cr\u00e9er un album photo personnalis\u00e9 unique ? D\u00e9couvrez toutes les possibilit\u00e9s de mise en page photo qu&#039;offre notre logiciel de cr\u00e9ation !\" \/>\n<meta property=\"og:url\" content=\"https:\/\/www.photoweb.fr\/espaces\/magazine\/mise-en-page-album-photo\/\" \/>\n<meta property=\"og:site_name\" content=\"Photoweb, le mag\" \/>\n<meta property=\"article:publisher\" content=\"https:\/\/fr-fr.facebook.com\/Photoweb.fr\/\" \/>\n<meta property=\"article:published_time\" content=\"2017-05-22T13:30:47+00:00\" \/>\n<meta property=\"article:modified_time\" content=\"2022-06-08T14:44:28+00:00\" \/>\n<meta property=\"og:image\" content=\"https:\/\/www.photoweb.fr\/espaces\/magazine\/wp-content\/uploads\/2018\/01\/mise-en-page-livre-photo.jpg\" \/>\n\t<meta property=\"og:image:width\" content=\"800\" \/>\n\t<meta property=\"og:image:height\" content=\"600\" \/>\n\t<meta property=\"og:image:type\" content=\"image\/jpeg\" \/>\n<meta name=\"author\" content=\"Maud\" \/>\n<meta name=\"twitter:card\" content=\"summary_large_image\" \/>\n<meta name=\"twitter:creator\" content=\"@Photoweb_fr\" \/>\n<meta name=\"twitter:site\" content=\"@Photoweb_fr\" \/>\n<meta name=\"twitter:label1\" content=\"\u00c9crit par\" \/>\n\t<meta name=\"twitter:data1\" content=\"Maud\" \/>\n\t<meta name=\"twitter:label2\" content=\"Dur\u00e9e de lecture estim\u00e9e\" \/>\n\t<meta name=\"twitter:data2\" content=\"1 minute\" \/>\n<script type=\"application\/ld+json\" class=\"yoast-schema-graph\">{\"@context\":\"https:\/\/schema.org\",\"@graph\":[{\"@type\":\"Article\",\"@id\":\"https:\/\/www.photoweb.fr\/espaces\/magazine\/mise-en-page-album-photo\/#article\",\"isPartOf\":{\"@id\":\"https:\/\/www.photoweb.fr\/espaces\/magazine\/mise-en-page-album-photo\/\"},\"author\":{\"name\":\"Maud\",\"@id\":\"https:\/\/www.photoweb.fr\/espaces\/magazine\/#\/schema\/person\/f354e6bd2302e567e1329fa54e90ff15\"},\"headline\":\"Mise en page album photo : une mise en page de vos photos \u00e0 votre image\",\"datePublished\":\"2017-05-22T13:30:47+00:00\",\"dateModified\":\"2022-06-08T14:44:28+00:00\",\"mainEntityOfPage\":{\"@id\":\"https:\/\/www.photoweb.fr\/espaces\/magazine\/mise-en-page-album-photo\/\"},\"wordCount\":281,\"publisher\":{\"@id\":\"https:\/\/www.photoweb.fr\/espaces\/magazine\/#organization\"},\"articleSection\":[\"Aide\"],\"inLanguage\":\"fr-FR\"},{\"@type\":\"WebPage\",\"@id\":\"https:\/\/www.photoweb.fr\/espaces\/magazine\/mise-en-page-album-photo\/\",\"url\":\"https:\/\/www.photoweb.fr\/espaces\/magazine\/mise-en-page-album-photo\/\",\"name\":\"Mise en page photo : Cr\u00e9er une mise en page photo unique !\",\"isPartOf\":{\"@id\":\"https:\/\/www.photoweb.fr\/espaces\/magazine\/#website\"},\"datePublished\":\"2017-05-22T13:30:47+00:00\",\"dateModified\":\"2022-06-08T14:44:28+00:00\",\"description\":\"Vous souhaitez cr\u00e9er un album photo personnalis\u00e9 unique ? D\u00e9couvrez toutes les possibilit\u00e9s de mise en page photo qu'offre notre logiciel de cr\u00e9ation !\",\"breadcrumb\":{\"@id\":\"https:\/\/www.photoweb.fr\/espaces\/magazine\/mise-en-page-album-photo\/#breadcrumb\"},\"inLanguage\":\"fr-FR\",\"potentialAction\":[{\"@type\":\"ReadAction\",\"target\":[\"https:\/\/www.photoweb.fr\/espaces\/magazine\/mise-en-page-album-photo\/\"]}]},{\"@type\":\"BreadcrumbList\",\"@id\":\"https:\/\/www.photoweb.fr\/espaces\/magazine\/mise-en-page-album-photo\/#breadcrumb\",\"itemListElement\":[{\"@type\":\"ListItem\",\"position\":1,\"name\":\"Accueil\",\"item\":\"https:\/\/www.photoweb.fr\/espaces\/magazine\/\"},{\"@type\":\"ListItem\",\"position\":2,\"name\":\"Aide\",\"item\":\"https:\/\/www.photoweb.fr\/espaces\/magazine\/aide\/\"},{\"@type\":\"ListItem\",\"position\":3,\"name\":\"Mise en page album photo : une mise en page de vos photos \u00e0 votre image\"}]},{\"@type\":\"WebSite\",\"@id\":\"https:\/\/www.photoweb.fr\/espaces\/magazine\/#website\",\"url\":\"https:\/\/www.photoweb.fr\/espaces\/magazine\/\",\"name\":\"Photoweb, le mag\",\"description\":\"Le magazine de Photoweb\",\"publisher\":{\"@id\":\"https:\/\/www.photoweb.fr\/espaces\/magazine\/#organization\"},\"potentialAction\":[{\"@type\":\"SearchAction\",\"target\":{\"@type\":\"EntryPoint\",\"urlTemplate\":\"https:\/\/www.photoweb.fr\/espaces\/magazine\/?s={search_term_string}\"},\"query-input\":\"required name=search_term_string\"}],\"inLanguage\":\"fr-FR\"},{\"@type\":\"Organization\",\"@id\":\"https:\/\/www.photoweb.fr\/espaces\/magazine\/#organization\",\"name\":\"Photoweb\",\"url\":\"https:\/\/www.photoweb.fr\/espaces\/magazine\/\",\"logo\":{\"@type\":\"ImageObject\",\"inLanguage\":\"fr-FR\",\"@id\":\"https:\/\/www.photoweb.fr\/espaces\/magazine\/#\/schema\/logo\/image\/\",\"url\":\"https:\/\/www.photoweb.fr\/espaces\/magazine\/wp-content\/uploads\/2021\/02\/Logo-Photoweb.jpg\",\"contentUrl\":\"https:\/\/www.photoweb.fr\/espaces\/magazine\/wp-content\/uploads\/2021\/02\/Logo-Photoweb.jpg\",\"width\":780,\"height\":456,\"caption\":\"Photoweb\"},\"image\":{\"@id\":\"https:\/\/www.photoweb.fr\/espaces\/magazine\/#\/schema\/logo\/image\/\"},\"sameAs\":[\"https:\/\/fr-fr.facebook.com\/Photoweb.fr\/\",\"https:\/\/twitter.com\/Photoweb_fr\",\"https:\/\/www.instagram.com\/photowebfr\/\",\"https:\/\/www.linkedin.com\/company\/347094\/\",\"https:\/\/www.pinterest.fr\/inspirationsphotoweb\/_created\/\",\"https:\/\/www.youtube.com\/channel\/UCtcVmTvkAzKQLVkiwfOm8sg\"]},{\"@type\":\"Person\",\"@id\":\"https:\/\/www.photoweb.fr\/espaces\/magazine\/#\/schema\/person\/f354e6bd2302e567e1329fa54e90ff15\",\"name\":\"Maud\"}]}<\/script>\n<!-- \/ Yoast SEO plugin. -->","yoast_head_json":{"title":"Mise en page photo : Cr\u00e9er une mise en page photo unique !","description":"Vous souhaitez cr\u00e9er un album photo personnalis\u00e9 unique ? D\u00e9couvrez toutes les possibilit\u00e9s de mise en page photo qu'offre notre logiciel de cr\u00e9ation !","robots":{"index":"index","follow":"follow","max-snippet":"max-snippet:-1","max-image-preview":"max-image-preview:large","max-video-preview":"max-video-preview:-1"},"canonical":"https:\/\/www.photoweb.fr\/espaces\/magazine\/mise-en-page-album-photo\/","og_locale":"fr_FR","og_type":"article","og_title":"Mise en page photo : Cr\u00e9er une mise en page photo unique !","og_description":"Vous souhaitez cr\u00e9er un album photo personnalis\u00e9 unique ? D\u00e9couvrez toutes les possibilit\u00e9s de mise en page photo qu'offre notre logiciel de cr\u00e9ation !","og_url":"https:\/\/www.photoweb.fr\/espaces\/magazine\/mise-en-page-album-photo\/","og_site_name":"Photoweb, le mag","article_publisher":"https:\/\/fr-fr.facebook.com\/Photoweb.fr\/","article_published_time":"2017-05-22T13:30:47+00:00","article_modified_time":"2022-06-08T14:44:28+00:00","og_image":[{"width":800,"height":600,"url":"https:\/\/www.photoweb.fr\/espaces\/magazine\/wp-content\/uploads\/2018\/01\/mise-en-page-livre-photo.jpg","type":"image\/jpeg"}],"author":"Maud","twitter_card":"summary_large_image","twitter_creator":"@Photoweb_fr","twitter_site":"@Photoweb_fr","twitter_misc":{"\u00c9crit par":"Maud","Dur\u00e9e de lecture estim\u00e9e":"1 minute"},"schema":{"@context":"https:\/\/schema.org","@graph":[{"@type":"Article","@id":"https:\/\/www.photoweb.fr\/espaces\/magazine\/mise-en-page-album-photo\/#article","isPartOf":{"@id":"https:\/\/www.photoweb.fr\/espaces\/magazine\/mise-en-page-album-photo\/"},"author":{"name":"Maud","@id":"https:\/\/www.photoweb.fr\/espaces\/magazine\/#\/schema\/person\/f354e6bd2302e567e1329fa54e90ff15"},"headline":"Mise en page album photo : une mise en page de vos photos \u00e0 votre image","datePublished":"2017-05-22T13:30:47+00:00","dateModified":"2022-06-08T14:44:28+00:00","mainEntityOfPage":{"@id":"https:\/\/www.photoweb.fr\/espaces\/magazine\/mise-en-page-album-photo\/"},"wordCount":281,"publisher":{"@id":"https:\/\/www.photoweb.fr\/espaces\/magazine\/#organization"},"articleSection":["Aide"],"inLanguage":"fr-FR"},{"@type":"WebPage","@id":"https:\/\/www.photoweb.fr\/espaces\/magazine\/mise-en-page-album-photo\/","url":"https:\/\/www.photoweb.fr\/espaces\/magazine\/mise-en-page-album-photo\/","name":"Mise en page photo : Cr\u00e9er une mise en page photo unique !","isPartOf":{"@id":"https:\/\/www.photoweb.fr\/espaces\/magazine\/#website"},"datePublished":"2017-05-22T13:30:47+00:00","dateModified":"2022-06-08T14:44:28+00:00","description":"Vous souhaitez cr\u00e9er un album photo personnalis\u00e9 unique ? D\u00e9couvrez toutes les possibilit\u00e9s de mise en page photo qu'offre notre logiciel de cr\u00e9ation !","breadcrumb":{"@id":"https:\/\/www.photoweb.fr\/espaces\/magazine\/mise-en-page-album-photo\/#breadcrumb"},"inLanguage":"fr-FR","potentialAction":[{"@type":"ReadAction","target":["https:\/\/www.photoweb.fr\/espaces\/magazine\/mise-en-page-album-photo\/"]}]},{"@type":"BreadcrumbList","@id":"https:\/\/www.photoweb.fr\/espaces\/magazine\/mise-en-page-album-photo\/#breadcrumb","itemListElement":[{"@type":"ListItem","position":1,"name":"Accueil","item":"https:\/\/www.photoweb.fr\/espaces\/magazine\/"},{"@type":"ListItem","position":2,"name":"Aide","item":"https:\/\/www.photoweb.fr\/espaces\/magazine\/aide\/"},{"@type":"ListItem","position":3,"name":"Mise en page album photo : une mise en page de vos photos \u00e0 votre image"}]},{"@type":"WebSite","@id":"https:\/\/www.photoweb.fr\/espaces\/magazine\/#website","url":"https:\/\/www.photoweb.fr\/espaces\/magazine\/","name":"Photoweb, le mag","description":"Le magazine de Photoweb","publisher":{"@id":"https:\/\/www.photoweb.fr\/espaces\/magazine\/#organization"},"potentialAction":[{"@type":"SearchAction","target":{"@type":"EntryPoint","urlTemplate":"https:\/\/www.photoweb.fr\/espaces\/magazine\/?s={search_term_string}"},"query-input":"required name=search_term_string"}],"inLanguage":"fr-FR"},{"@type":"Organization","@id":"https:\/\/www.photoweb.fr\/espaces\/magazine\/#organization","name":"Photoweb","url":"https:\/\/www.photoweb.fr\/espaces\/magazine\/","logo":{"@type":"ImageObject","inLanguage":"fr-FR","@id":"https:\/\/www.photoweb.fr\/espaces\/magazine\/#\/schema\/logo\/image\/","url":"https:\/\/www.photoweb.fr\/espaces\/magazine\/wp-content\/uploads\/2021\/02\/Logo-Photoweb.jpg","contentUrl":"https:\/\/www.photoweb.fr\/espaces\/magazine\/wp-content\/uploads\/2021\/02\/Logo-Photoweb.jpg","width":780,"height":456,"caption":"Photoweb"},"image":{"@id":"https:\/\/www.photoweb.fr\/espaces\/magazine\/#\/schema\/logo\/image\/"},"sameAs":["https:\/\/fr-fr.facebook.com\/Photoweb.fr\/","https:\/\/twitter.com\/Photoweb_fr","https:\/\/www.instagram.com\/photowebfr\/","https:\/\/www.linkedin.com\/company\/347094\/","https:\/\/www.pinterest.fr\/inspirationsphotoweb\/_created\/","https:\/\/www.youtube.com\/channel\/UCtcVmTvkAzKQLVkiwfOm8sg"]},{"@type":"Person","@id":"https:\/\/www.photoweb.fr\/espaces\/magazine\/#\/schema\/person\/f354e6bd2302e567e1329fa54e90ff15","name":"Maud"}]}},"acf":[],"_links":{"self":[{"href":"https:\/\/www.photoweb.fr\/espaces\/magazine\/wp-json\/wp\/v2\/posts\/4260","targetHints":{"allow":["GET"]}}],"collection":[{"href":"https:\/\/www.photoweb.fr\/espaces\/magazine\/wp-json\/wp\/v2\/posts"}],"about":[{"href":"https:\/\/www.photoweb.fr\/espaces\/magazine\/wp-json\/wp\/v2\/types\/post"}],"author":[{"embeddable":true,"href":"https:\/\/www.photoweb.fr\/espaces\/magazine\/wp-json\/wp\/v2\/users\/6"}],"replies":[{"embeddable":true,"href":"https:\/\/www.photoweb.fr\/espaces\/magazine\/wp-json\/wp\/v2\/comments?post=4260"}],"version-history":[{"count":1,"href":"https:\/\/www.photoweb.fr\/espaces\/magazine\/wp-json\/wp\/v2\/posts\/4260\/revisions"}],"predecessor-version":[{"id":11358,"href":"https:\/\/www.photoweb.fr\/espaces\/magazine\/wp-json\/wp\/v2\/posts\/4260\/revisions\/11358"}],"wp:featuredmedia":[{"embeddable":true,"href":"https:\/\/www.photoweb.fr\/espaces\/magazine\/wp-json\/wp\/v2\/media\/4268"}],"wp:attachment":[{"href":"https:\/\/www.photoweb.fr\/espaces\/magazine\/wp-json\/wp\/v2\/media?parent=4260"}],"wp:term":[{"taxonomy":"category","embeddable":true,"href":"https:\/\/www.photoweb.fr\/espaces\/magazine\/wp-json\/wp\/v2\/categories?post=4260"},{"taxonomy":"post_tag","embeddable":true,"href":"https:\/\/www.photoweb.fr\/espaces\/magazine\/wp-json\/wp\/v2\/tags?post=4260"}],"curies":[{"name":"wp","href":"https:\/\/api.w.org\/{rel}","templated":true}]}}