{"id":4485,"date":"2018-01-28T11:00:41","date_gmt":"2018-01-28T11:00:41","guid":{"rendered":"https:\/\/www.photoweb.fr\/espaces\/magazine\/magazine\/?p=4485"},"modified":"2024-08-28T12:10:22","modified_gmt":"2024-08-28T10:10:22","slug":"livre-d-or-mariage-personnalise","status":"publish","type":"post","link":"https:\/\/www.photoweb.fr\/espaces\/magazine\/livre-d-or-mariage-personnalise\/","title":{"rendered":"Livre d&rsquo;or mariage : cr\u00e9er son livre d&rsquo;or mariage personnalis\u00e9"},"content":{"rendered":"\n\n\t<p>Le mariage est un \u00e9v\u00e9nement unique, \u00e0 l&rsquo;image des mari\u00e9(e)s ; un moment exceptionnel qui m\u00e9rite que chaque d\u00e9tail soit pens\u00e9 avec le plus grand soin. C&rsquo;est pourquoi il est important de ne pas laisser de c\u00f4t\u00e9 le <strong>livre d&rsquo;or mariage<\/strong>, ce fameux book o\u00f9 les invit\u00e9s pourront t\u00e9moigner, \u00e0 l&rsquo;aide d&rsquo;un stylo, leurs remerciement, joies et v\u0153ux tout au long de la c\u00e9r\u00e9monie. Et si vous laissiez le c\u00f4t\u00e9 traditionnel pour cr\u00e9er votre livre d&rsquo;or mariage original, car 100% personnalis\u00e9 ?<\/p>\n\t<h2>Votre livre d&rsquo;or mariage au style Vintage<\/h2>\n<p>Si vous \u00eates amoureux du style r\u00e9tro, vous serez surpris par l&rsquo;aspect \u00ab ancien \u00bb du livre photo R\u00e9tro. Disponible en 4 formats : portrait, paysage, carr\u00e9 et carr\u00e9 XL, il vous offre la possibilit\u00e9 d&rsquo;obtenir un bel effet \u00ab old school \u00bb gr\u00e2ce \u00e0 ses pages en papier dessin, id\u00e9al pour les photos du pass\u00e9.<\/p>\n<p>Par \u00ab photos du pass\u00e9 \u00bb, il est question des clich\u00e9s pris il y a plusieurs ann\u00e9es, comme par exemple celles de votre enfance. On les retrouve g\u00e9n\u00e9ralement au fond d&rsquo;un tiroir chez Papa et Maman. Nous vous proposons donc de les scanner pour les int\u00e9grer \u00e0 votre livre d&rsquo;or mariage : un effet plus classique mais aussi plus original que de simples pages blanches.<\/p>\n<p>En plus d&rsquo;ins\u00e9rer de belles photos souvenir, que d\u00eetes-vous d&rsquo;ajouter des illustrations de type \u00ab d\u00e9coration de mariage \u00bb (forme de c\u0153ur, ruban, fleur, etc.), qui donneront du cachet \u00e0 votre livre d&rsquo;or kraft. N&rsquo;oubliez cependant pas de faire suffisamment de place pour que vos invit\u00e9s puissent laisser libre court \u00e0 leur imagination !<\/p>\n<p>Notez que la texture des pages de ce livre permet l&rsquo;utilisation de tout type de feutres et stylos.<\/p>\n<p><a href=\"https:\/\/www.photoweb.fr\/livre-photo\/retro\/listing\">D\u00e9couvrez la gamme des Livres photos r\u00e9tro<\/a>.<\/p>\n\t\t\t\t<img loading=\"lazy\" decoding=\"async\" src=\"https:\/\/www.photoweb.fr\/espaces\/magazine\/wp-content\/uploads\/2018\/01\/livre-d-or-mariage-2.jpg\" alt=\"livre d'or mariage\" itemprop=\"image\" height=\"476\" width=\"1280\" title=\"livre d'or mariage\" onerror=\"this.style.display='none'\"  \/>\n\t<h2>Pour un livre d&rsquo;or mariage d&rsquo;exception<\/h2>\n<p>Pour un livre d&rsquo;or mariage au rendu plus moderne, n&rsquo;h\u00e9sitez pas \u00e0 tester le rendu du livre photo Prestige, des formats diversifi\u00e9s qui s&rsquo;adapteront \u00e0 vos besoins. M\u00eame principe ensuite, vous pourrez les personnaliser \u00e0 votre guise de vos photos de famille ou de couple, et d&rsquo;\u00e9l\u00e9ments d\u00e9coratifs sur la th\u00e9matique du mariage.<\/p>\n<p>C\u00f4t\u00e9 prix, vous trouverez votre <a href=\"https:\/\/www.photoweb.fr\/livre-photo\/listing\">livre photo<\/a> \u00e0 votre image parmi nos offres en livre d&rsquo;or mariage pas cher. \u00c7a ne co\u00fbte pas plus de faire du sur-mesure !<\/p>\n<p>Pour r\u00e9aliser un <a href=\"https:\/\/www.photoweb.fr\/livre-photo\/mariage\/listing\">album photo de mariage<\/a>, c&rsquo;est par ici. Et pour avoir <a href=\"https:\/\/www.photoweb.fr\/espaces\/magazine\/comment-faire-un-album-photo-en-ligne\/\">tous nos conseils pour faire un album personnalis\u00e9 en ligne<\/a> c&rsquo;est par ici.<\/p>\n<p>&nbsp;<\/p>\n\t1.2.3.\nimprimez&#8239;!\n\t\t\t\t<a href=\"https:\/\/www.photoweb.fr\/livre-photo\/listing\" target=\"_blank\" rel=\"noopener\" itemprop=\"url\">\n\t\t\t\t<img loading=\"lazy\" decoding=\"async\" src=\"https:\/\/www.photoweb.fr\/espaces\/magazine\/wp-content\/uploads\/2017\/06\/Livre-photo-prestige-paysage-photoweb.jpg\" alt=\"Livre photo format prestige paysage photoweb\" itemprop=\"image\" height=\"600\" width=\"600\" title=\"Livre photo format prestige paysage photoweb\" onerror=\"this.style.display='none'\"  \/>\n\t\t\t\t<\/a>\n\t<a href=\"https:\/\/www.photoweb.fr\/livre-photo\/listing\">\ncr\u00e9er mon livre photo<\/a>\n\n","protected":false},"excerpt":{"rendered":"<p>Chaque mariage est unique. C\u2019est pourquoi il est important de personnaliser cet \u00e9v\u00e9nement d\u2019une vie \u00e0 l\u2019image des mari\u00e9s, et \u00e7a passe aussi par le livre d\u2019or mariage. Vous savez ce book sur lequel les invit\u00e9s pourront partager leurs t\u00e9moignages, joies et v\u0153ux\u2026 \u00ab Toutes nos f\u00e9licitations ! \u00bb, \u00ab Nous vous souhaitons tout le bonheur du monde \u00bb, \u00ab Vous faites un couple merveilleux \u00bb, etc. Pour changer des traditionnels livres d\u2019or unis, vides et tout blancs\u2026 Que diriez-vous de cr\u00e9er un livre d\u2019or de mariage personnalis\u00e9 (arbre \u00e0 empreinte, etc.) ? C\u2019est un livre d\u2019or mariage original, avec des th\u00e8mes de mariage, c\u2019est-\u00e0-dire que les pages seront d\u00e9cor\u00e9es de vos clich\u00e9s pr\u00e9f\u00e9r\u00e9s. Choisissez alors vos photos de famille, ou photos de couple\u2026 Tout est permis ! Et en plus, vous pourrez agr\u00e9menter de petites touches d\u00e9co, \u00e0 l\u2019aide des illustrations propos\u00e9es sur notre logiciel d\u2019aide \u00e0 la cr\u00e9ation. Tous nos livres photo Design peuvent faire office de livre d\u2019or mariage personnalisable, de la premi\u00e8re du livre d\u2019or de mariage \u00e0 la derni\u00e8re\u2026 Saisissez l\u2019occasion et lancez-vous !<\/p>\n","protected":false},"author":21,"featured_media":4486,"comment_status":"open","ping_status":"open","sticky":false,"template":"single-standard.php","format":"standard","meta":{"footnotes":""},"categories":[18],"tags":[70],"class_list":["post-4485","post","type-post","status-publish","format-standard","has-post-thumbnail","hentry","category-conseils-expets","tag-livre-photo-personnalise"],"yoast_head":"<!-- This site is optimized with the Yoast SEO plugin v20.3 - https:\/\/yoast.com\/wordpress\/plugins\/seo\/ -->\n<title>Livre d&#039;or mariage : cr\u00e9er son livre d&#039;or mariage personnalis\u00e9<\/title>\n<meta name=\"description\" content=\"Pour un mariage \u00e0 votre image de A \u00e0 Z, optez pour un livre d&#039;or mariage original et personnalis\u00e9 ! Cr\u00e9ez-le en un clin d\u2019\u0153il sur Photoweb.fr.\" \/>\n<meta name=\"robots\" content=\"index, follow, max-snippet:-1, max-image-preview:large, max-video-preview:-1\" \/>\n<link rel=\"canonical\" href=\"https:\/\/www.photoweb.fr\/espaces\/magazine\/livre-d-or-mariage-personnalise\/\" \/>\n<meta property=\"og:locale\" content=\"fr_FR\" \/>\n<meta property=\"og:type\" content=\"article\" \/>\n<meta property=\"og:title\" content=\"Livre d&#039;or mariage : cr\u00e9er son livre d&#039;or mariage personnalis\u00e9\" \/>\n<meta property=\"og:description\" content=\"Pour un mariage \u00e0 votre image de A \u00e0 Z, optez pour un livre d&#039;or mariage original et personnalis\u00e9 ! Cr\u00e9ez-le en un clin d\u2019\u0153il sur Photoweb.fr.\" \/>\n<meta property=\"og:url\" content=\"https:\/\/www.photoweb.fr\/espaces\/magazine\/livre-d-or-mariage-personnalise\/\" \/>\n<meta property=\"og:site_name\" content=\"Photoweb, le mag\" \/>\n<meta property=\"article:publisher\" content=\"https:\/\/fr-fr.facebook.com\/Photoweb.fr\/\" \/>\n<meta property=\"article:published_time\" content=\"2018-01-28T11:00:41+00:00\" \/>\n<meta property=\"article:modified_time\" content=\"2024-08-28T10:10:22+00:00\" \/>\n<meta property=\"og:image\" content=\"https:\/\/www.photoweb.fr\/espaces\/magazine\/wp-content\/uploads\/2018\/02\/livre-d-or-mariage.jpg\" \/>\n\t<meta property=\"og:image:width\" content=\"1280\" \/>\n\t<meta property=\"og:image:height\" content=\"960\" \/>\n\t<meta property=\"og:image:type\" content=\"image\/jpeg\" \/>\n<meta name=\"author\" content=\"melanie\" \/>\n<meta name=\"twitter:card\" content=\"summary_large_image\" \/>\n<meta name=\"twitter:creator\" content=\"@Photoweb_fr\" \/>\n<meta name=\"twitter:site\" content=\"@Photoweb_fr\" \/>\n<meta name=\"twitter:label1\" content=\"\u00c9crit par\" \/>\n\t<meta name=\"twitter:data1\" content=\"melanie\" \/>\n\t<meta name=\"twitter:label2\" content=\"Dur\u00e9e de lecture estim\u00e9e\" \/>\n\t<meta name=\"twitter:data2\" content=\"3 minutes\" \/>\n<script type=\"application\/ld+json\" class=\"yoast-schema-graph\">{\"@context\":\"https:\/\/schema.org\",\"@graph\":[{\"@type\":\"Article\",\"@id\":\"https:\/\/www.photoweb.fr\/espaces\/magazine\/livre-d-or-mariage-personnalise\/#article\",\"isPartOf\":{\"@id\":\"https:\/\/www.photoweb.fr\/espaces\/magazine\/livre-d-or-mariage-personnalise\/\"},\"author\":{\"name\":\"melanie\",\"@id\":\"https:\/\/www.photoweb.fr\/espaces\/magazine\/#\/schema\/person\/111451a615bb7cbe790bf8b1d6b24391\"},\"headline\":\"Livre d&rsquo;or mariage : cr\u00e9er son livre d&rsquo;or mariage personnalis\u00e9\",\"datePublished\":\"2018-01-28T11:00:41+00:00\",\"dateModified\":\"2024-08-28T10:10:22+00:00\",\"mainEntityOfPage\":{\"@id\":\"https:\/\/www.photoweb.fr\/espaces\/magazine\/livre-d-or-mariage-personnalise\/\"},\"wordCount\":433,\"commentCount\":0,\"publisher\":{\"@id\":\"https:\/\/www.photoweb.fr\/espaces\/magazine\/#organization\"},\"keywords\":[\"livre photo personnalis\u00e9\"],\"articleSection\":[\"Conseils experts\"],\"inLanguage\":\"fr-FR\",\"potentialAction\":[{\"@type\":\"CommentAction\",\"name\":\"Comment\",\"target\":[\"https:\/\/www.photoweb.fr\/espaces\/magazine\/livre-d-or-mariage-personnalise\/#respond\"]}]},{\"@type\":\"WebPage\",\"@id\":\"https:\/\/www.photoweb.fr\/espaces\/magazine\/livre-d-or-mariage-personnalise\/\",\"url\":\"https:\/\/www.photoweb.fr\/espaces\/magazine\/livre-d-or-mariage-personnalise\/\",\"name\":\"Livre d'or mariage : cr\u00e9er son livre d'or mariage personnalis\u00e9\",\"isPartOf\":{\"@id\":\"https:\/\/www.photoweb.fr\/espaces\/magazine\/#website\"},\"datePublished\":\"2018-01-28T11:00:41+00:00\",\"dateModified\":\"2024-08-28T10:10:22+00:00\",\"description\":\"Pour un mariage \u00e0 votre image de A \u00e0 Z, optez pour un livre d'or mariage original et personnalis\u00e9 ! Cr\u00e9ez-le en un clin d\u2019\u0153il sur Photoweb.fr.\",\"breadcrumb\":{\"@id\":\"https:\/\/www.photoweb.fr\/espaces\/magazine\/livre-d-or-mariage-personnalise\/#breadcrumb\"},\"inLanguage\":\"fr-FR\",\"potentialAction\":[{\"@type\":\"ReadAction\",\"target\":[\"https:\/\/www.photoweb.fr\/espaces\/magazine\/livre-d-or-mariage-personnalise\/\"]}]},{\"@type\":\"BreadcrumbList\",\"@id\":\"https:\/\/www.photoweb.fr\/espaces\/magazine\/livre-d-or-mariage-personnalise\/#breadcrumb\",\"itemListElement\":[{\"@type\":\"ListItem\",\"position\":1,\"name\":\"Accueil\",\"item\":\"https:\/\/www.photoweb.fr\/espaces\/magazine\/\"},{\"@type\":\"ListItem\",\"position\":2,\"name\":\"Conseils experts\",\"item\":\"https:\/\/www.photoweb.fr\/espaces\/magazine\/conseils-expets\/\"},{\"@type\":\"ListItem\",\"position\":3,\"name\":\"Livre d&rsquo;or mariage : cr\u00e9er son livre d&rsquo;or mariage personnalis\u00e9\"}]},{\"@type\":\"WebSite\",\"@id\":\"https:\/\/www.photoweb.fr\/espaces\/magazine\/#website\",\"url\":\"https:\/\/www.photoweb.fr\/espaces\/magazine\/\",\"name\":\"Photoweb, le mag\",\"description\":\"Le magazine de Photoweb\",\"publisher\":{\"@id\":\"https:\/\/www.photoweb.fr\/espaces\/magazine\/#organization\"},\"potentialAction\":[{\"@type\":\"SearchAction\",\"target\":{\"@type\":\"EntryPoint\",\"urlTemplate\":\"https:\/\/www.photoweb.fr\/espaces\/magazine\/?s={search_term_string}\"},\"query-input\":\"required name=search_term_string\"}],\"inLanguage\":\"fr-FR\"},{\"@type\":\"Organization\",\"@id\":\"https:\/\/www.photoweb.fr\/espaces\/magazine\/#organization\",\"name\":\"Photoweb\",\"url\":\"https:\/\/www.photoweb.fr\/espaces\/magazine\/\",\"logo\":{\"@type\":\"ImageObject\",\"inLanguage\":\"fr-FR\",\"@id\":\"https:\/\/www.photoweb.fr\/espaces\/magazine\/#\/schema\/logo\/image\/\",\"url\":\"https:\/\/www.photoweb.fr\/espaces\/magazine\/wp-content\/uploads\/2021\/02\/Logo-Photoweb.jpg\",\"contentUrl\":\"https:\/\/www.photoweb.fr\/espaces\/magazine\/wp-content\/uploads\/2021\/02\/Logo-Photoweb.jpg\",\"width\":780,\"height\":456,\"caption\":\"Photoweb\"},\"image\":{\"@id\":\"https:\/\/www.photoweb.fr\/espaces\/magazine\/#\/schema\/logo\/image\/\"},\"sameAs\":[\"https:\/\/fr-fr.facebook.com\/Photoweb.fr\/\",\"https:\/\/twitter.com\/Photoweb_fr\",\"https:\/\/www.instagram.com\/photowebfr\/\",\"https:\/\/www.linkedin.com\/company\/347094\/\",\"https:\/\/www.pinterest.fr\/inspirationsphotoweb\/_created\/\",\"https:\/\/www.youtube.com\/channel\/UCtcVmTvkAzKQLVkiwfOm8sg\"]},{\"@type\":\"Person\",\"@id\":\"https:\/\/www.photoweb.fr\/espaces\/magazine\/#\/schema\/person\/111451a615bb7cbe790bf8b1d6b24391\",\"name\":\"melanie\"}]}<\/script>\n<!-- \/ Yoast SEO plugin. -->","yoast_head_json":{"title":"Livre d'or mariage : cr\u00e9er son livre d'or mariage personnalis\u00e9","description":"Pour un mariage \u00e0 votre image de A \u00e0 Z, optez pour un livre d'or mariage original et personnalis\u00e9 ! Cr\u00e9ez-le en un clin d\u2019\u0153il sur Photoweb.fr.","robots":{"index":"index","follow":"follow","max-snippet":"max-snippet:-1","max-image-preview":"max-image-preview:large","max-video-preview":"max-video-preview:-1"},"canonical":"https:\/\/www.photoweb.fr\/espaces\/magazine\/livre-d-or-mariage-personnalise\/","og_locale":"fr_FR","og_type":"article","og_title":"Livre d'or mariage : cr\u00e9er son livre d'or mariage personnalis\u00e9","og_description":"Pour un mariage \u00e0 votre image de A \u00e0 Z, optez pour un livre d'or mariage original et personnalis\u00e9 ! Cr\u00e9ez-le en un clin d\u2019\u0153il sur Photoweb.fr.","og_url":"https:\/\/www.photoweb.fr\/espaces\/magazine\/livre-d-or-mariage-personnalise\/","og_site_name":"Photoweb, le mag","article_publisher":"https:\/\/fr-fr.facebook.com\/Photoweb.fr\/","article_published_time":"2018-01-28T11:00:41+00:00","article_modified_time":"2024-08-28T10:10:22+00:00","og_image":[{"width":1280,"height":960,"url":"https:\/\/www.photoweb.fr\/espaces\/magazine\/wp-content\/uploads\/2018\/02\/livre-d-or-mariage.jpg","type":"image\/jpeg"}],"author":"melanie","twitter_card":"summary_large_image","twitter_creator":"@Photoweb_fr","twitter_site":"@Photoweb_fr","twitter_misc":{"\u00c9crit par":"melanie","Dur\u00e9e de lecture estim\u00e9e":"3 minutes"},"schema":{"@context":"https:\/\/schema.org","@graph":[{"@type":"Article","@id":"https:\/\/www.photoweb.fr\/espaces\/magazine\/livre-d-or-mariage-personnalise\/#article","isPartOf":{"@id":"https:\/\/www.photoweb.fr\/espaces\/magazine\/livre-d-or-mariage-personnalise\/"},"author":{"name":"melanie","@id":"https:\/\/www.photoweb.fr\/espaces\/magazine\/#\/schema\/person\/111451a615bb7cbe790bf8b1d6b24391"},"headline":"Livre d&rsquo;or mariage : cr\u00e9er son livre d&rsquo;or mariage personnalis\u00e9","datePublished":"2018-01-28T11:00:41+00:00","dateModified":"2024-08-28T10:10:22+00:00","mainEntityOfPage":{"@id":"https:\/\/www.photoweb.fr\/espaces\/magazine\/livre-d-or-mariage-personnalise\/"},"wordCount":433,"commentCount":0,"publisher":{"@id":"https:\/\/www.photoweb.fr\/espaces\/magazine\/#organization"},"keywords":["livre photo personnalis\u00e9"],"articleSection":["Conseils experts"],"inLanguage":"fr-FR","potentialAction":[{"@type":"CommentAction","name":"Comment","target":["https:\/\/www.photoweb.fr\/espaces\/magazine\/livre-d-or-mariage-personnalise\/#respond"]}]},{"@type":"WebPage","@id":"https:\/\/www.photoweb.fr\/espaces\/magazine\/livre-d-or-mariage-personnalise\/","url":"https:\/\/www.photoweb.fr\/espaces\/magazine\/livre-d-or-mariage-personnalise\/","name":"Livre d'or mariage : cr\u00e9er son livre d'or mariage personnalis\u00e9","isPartOf":{"@id":"https:\/\/www.photoweb.fr\/espaces\/magazine\/#website"},"datePublished":"2018-01-28T11:00:41+00:00","dateModified":"2024-08-28T10:10:22+00:00","description":"Pour un mariage \u00e0 votre image de A \u00e0 Z, optez pour un livre d'or mariage original et personnalis\u00e9 ! Cr\u00e9ez-le en un clin d\u2019\u0153il sur Photoweb.fr.","breadcrumb":{"@id":"https:\/\/www.photoweb.fr\/espaces\/magazine\/livre-d-or-mariage-personnalise\/#breadcrumb"},"inLanguage":"fr-FR","potentialAction":[{"@type":"ReadAction","target":["https:\/\/www.photoweb.fr\/espaces\/magazine\/livre-d-or-mariage-personnalise\/"]}]},{"@type":"BreadcrumbList","@id":"https:\/\/www.photoweb.fr\/espaces\/magazine\/livre-d-or-mariage-personnalise\/#breadcrumb","itemListElement":[{"@type":"ListItem","position":1,"name":"Accueil","item":"https:\/\/www.photoweb.fr\/espaces\/magazine\/"},{"@type":"ListItem","position":2,"name":"Conseils experts","item":"https:\/\/www.photoweb.fr\/espaces\/magazine\/conseils-expets\/"},{"@type":"ListItem","position":3,"name":"Livre d&rsquo;or mariage : cr\u00e9er son livre d&rsquo;or mariage personnalis\u00e9"}]},{"@type":"WebSite","@id":"https:\/\/www.photoweb.fr\/espaces\/magazine\/#website","url":"https:\/\/www.photoweb.fr\/espaces\/magazine\/","name":"Photoweb, le mag","description":"Le magazine de Photoweb","publisher":{"@id":"https:\/\/www.photoweb.fr\/espaces\/magazine\/#organization"},"potentialAction":[{"@type":"SearchAction","target":{"@type":"EntryPoint","urlTemplate":"https:\/\/www.photoweb.fr\/espaces\/magazine\/?s={search_term_string}"},"query-input":"required name=search_term_string"}],"inLanguage":"fr-FR"},{"@type":"Organization","@id":"https:\/\/www.photoweb.fr\/espaces\/magazine\/#organization","name":"Photoweb","url":"https:\/\/www.photoweb.fr\/espaces\/magazine\/","logo":{"@type":"ImageObject","inLanguage":"fr-FR","@id":"https:\/\/www.photoweb.fr\/espaces\/magazine\/#\/schema\/logo\/image\/","url":"https:\/\/www.photoweb.fr\/espaces\/magazine\/wp-content\/uploads\/2021\/02\/Logo-Photoweb.jpg","contentUrl":"https:\/\/www.photoweb.fr\/espaces\/magazine\/wp-content\/uploads\/2021\/02\/Logo-Photoweb.jpg","width":780,"height":456,"caption":"Photoweb"},"image":{"@id":"https:\/\/www.photoweb.fr\/espaces\/magazine\/#\/schema\/logo\/image\/"},"sameAs":["https:\/\/fr-fr.facebook.com\/Photoweb.fr\/","https:\/\/twitter.com\/Photoweb_fr","https:\/\/www.instagram.com\/photowebfr\/","https:\/\/www.linkedin.com\/company\/347094\/","https:\/\/www.pinterest.fr\/inspirationsphotoweb\/_created\/","https:\/\/www.youtube.com\/channel\/UCtcVmTvkAzKQLVkiwfOm8sg"]},{"@type":"Person","@id":"https:\/\/www.photoweb.fr\/espaces\/magazine\/#\/schema\/person\/111451a615bb7cbe790bf8b1d6b24391","name":"melanie"}]}},"acf":[],"_links":{"self":[{"href":"https:\/\/www.photoweb.fr\/espaces\/magazine\/wp-json\/wp\/v2\/posts\/4485","targetHints":{"allow":["GET"]}}],"collection":[{"href":"https:\/\/www.photoweb.fr\/espaces\/magazine\/wp-json\/wp\/v2\/posts"}],"about":[{"href":"https:\/\/www.photoweb.fr\/espaces\/magazine\/wp-json\/wp\/v2\/types\/post"}],"author":[{"embeddable":true,"href":"https:\/\/www.photoweb.fr\/espaces\/magazine\/wp-json\/wp\/v2\/users\/21"}],"replies":[{"embeddable":true,"href":"https:\/\/www.photoweb.fr\/espaces\/magazine\/wp-json\/wp\/v2\/comments?post=4485"}],"version-history":[{"count":4,"href":"https:\/\/www.photoweb.fr\/espaces\/magazine\/wp-json\/wp\/v2\/posts\/4485\/revisions"}],"predecessor-version":[{"id":12806,"href":"https:\/\/www.photoweb.fr\/espaces\/magazine\/wp-json\/wp\/v2\/posts\/4485\/revisions\/12806"}],"wp:featuredmedia":[{"embeddable":true,"href":"https:\/\/www.photoweb.fr\/espaces\/magazine\/wp-json\/wp\/v2\/media\/4486"}],"wp:attachment":[{"href":"https:\/\/www.photoweb.fr\/espaces\/magazine\/wp-json\/wp\/v2\/media?parent=4485"}],"wp:term":[{"taxonomy":"category","embeddable":true,"href":"https:\/\/www.photoweb.fr\/espaces\/magazine\/wp-json\/wp\/v2\/categories?post=4485"},{"taxonomy":"post_tag","embeddable":true,"href":"https:\/\/www.photoweb.fr\/espaces\/magazine\/wp-json\/wp\/v2\/tags?post=4485"}],"curies":[{"name":"wp","href":"https:\/\/api.w.org\/{rel}","templated":true}]}}